{"id":50270,"date":"2022-02-05T16:49:41","date_gmt":"2022-02-05T22:49:41","guid":{"rendered":"https:\/\/canal7slp.tv\/2022\/?p=50270"},"modified":"2022-02-05T16:49:41","modified_gmt":"2022-02-05T22:49:41","slug":"inm-intercepta-cerca-de-400-migrantes-en-veracruz","status":"publish","type":"post","link":"https:\/\/canal7slp.tv\/2022\/inm-intercepta-cerca-de-400-migrantes-en-veracruz\/","title":{"rendered":"INM intercepta cerca de 400 migrantes en Veracruz"},"content":{"rendered":"<p style=\"text-align: justify;\">Veracruz.- El Instituto Nacional de Migraci\u00f3n (INM) inform\u00f3 que 374 migrantes fueron interceptados en distintos operativos en el estado de Veracruz.<\/p>\n<p style=\"text-align: justify;\">El organismo detall\u00f3 que en el municipio de C\u00f3rdoba fueron encontradas 312 personas -originarias de Centro y Sudam\u00e9rica- al interior de la caja de un tr\u00e1iler, en condici\u00f3n de hacinamiento, sin ventilaci\u00f3n, agua o alimento alguno.<\/p>\n<p style=\"text-align: justify;\">Asimismo, en el municipio de San Andr\u00e9s Tuxtla, el personal del Instituto localiz\u00f3 un autob\u00fas tur\u00edstico con\u00a047 personas extranjeras -23 de Bangladesh, 10 de Uzbekist\u00e1n, 7 de Nepal, 6 hondure\u00f1os y 1 nicarag\u00fcense-.<\/p>\n<p style=\"text-align: justify;\">Aunado a estos operativos, el INM logr\u00f3 rescatar a 15 migrantes m\u00e1s, los cuales su estancia en el pa\u00eds es de manera irregular.<\/p>\n<p style=\"text-align: justify;\">Cabe se\u00f1alar que todos los extranjeros fueron trasladados a oficinas migratorias para el inicio del procedimiento administrativo respectivo.<\/p>\n<p style=\"text-align: justify;\">A su vez, el INM puntualiz\u00f3 que en los operativos participaron personal de la Secretar\u00eda de la Defensa Nacional\u00a0(Sedena)\u00a0y la Guardia Nacional\u00a0(GN).<\/p>\n<p style=\"text-align: justify;\">Tambi\u00e9n se\u00f1al\u00f3 que los conductores, sus acompa\u00f1antes y las unidades de transporte relacionadas con estos hechos quedaron a disposici\u00f3n de la Fiscal\u00eda General de la Rep\u00fablica (FGR).<\/p>\n","protected":false},"excerpt":{"rendered":"<p>Veracruz.- El Instituto Nacional de Migraci\u00f3n (INM) inform\u00f3 que 374 migrantes fueron interceptados en distintos operativos en el estado de Veracruz. El organismo detall\u00f3 que en el municipio de C\u00f3rdoba fueron encontradas 312 personas -originarias de Centro y Sudam\u00e9rica- al interior de la caja de un tr\u00e1iler, en condici\u00f3n de hacinamiento, sin ventilaci\u00f3n, agua o alimento alguno. Asimismo, en el municipio de San Andr\u00e9s Tuxtla, el personal del Instituto localiz\u00f3 un autob\u00fas tur\u00edstico con\u00a047 personas extranjeras -23 de Bangladesh, 10 de Uzbekist\u00e1n, 7 de Nepal, 6 hondure\u00f1os y 1 nicarag\u00fcense-. Aunado a estos operativos, el INM logr\u00f3 rescatar a 15 [&hellip;]<\/p>\n","protected":false},"author":2,"featured_media":50280,"comment_status":"closed","ping_status":"closed","sticky":false,"template":"","format":"standard","meta":{"footnotes":""},"categories":[46],"tags":[],"class_list":["post-50270","post","type-post","status-publish","format-standard","has-post-thumbnail","hentry","category-nacional","post--single"],"yoast_head":"<!-- This site is optimized with the Yoast SEO plugin v27.5 - https:\/\/yoast.com\/product\/yoast-seo-wordpress\/ -->\n<title>INM intercepta cerca de 400 migrantes en Veracruz - Canal 7 SLP - 2022<\/title>\n<meta name=\"robots\" content=\"index, follow, max-snippet:-1, max-image-preview:large, max-video-preview:-1\" \/>\n<link rel=\"canonical\" href=\"https:\/\/canal7slp.tv\/2022\/inm-intercepta-cerca-de-400-migrantes-en-veracruz\/\" \/>\n<meta property=\"og:locale\" content=\"es_ES\" \/>\n<meta property=\"og:type\" content=\"article\" \/>\n<meta property=\"og:title\" content=\"INM intercepta cerca de 400 migrantes en Veracruz - Canal 7 SLP - 2022\" \/>\n<meta property=\"og:description\" content=\"Veracruz.- El Instituto Nacional de Migraci\u00f3n (INM) inform\u00f3 que 374 migrantes fueron interceptados en distintos operativos en el estado de Veracruz. El organismo detall\u00f3 que en el municipio de C\u00f3rdoba fueron encontradas 312 personas -originarias de Centro y Sudam\u00e9rica- al interior de la caja de un tr\u00e1iler, en condici\u00f3n de hacinamiento, sin ventilaci\u00f3n, agua o alimento alguno. Asimismo, en el municipio de San Andr\u00e9s Tuxtla, el personal del Instituto localiz\u00f3 un autob\u00fas tur\u00edstico con\u00a047 personas extranjeras -23 de Bangladesh, 10 de Uzbekist\u00e1n, 7 de Nepal, 6 hondure\u00f1os y 1 nicarag\u00fcense-. Aunado a estos operativos, el INM logr\u00f3 rescatar a 15 [&hellip;]\" \/>\n<meta property=\"og:url\" content=\"https:\/\/canal7slp.tv\/2022\/inm-intercepta-cerca-de-400-migrantes-en-veracruz\/\" \/>\n<meta property=\"og:site_name\" content=\"Canal 7 SLP - 2022\" \/>\n<meta property=\"article:publisher\" content=\"https:\/\/www.facebook.com\/noticieroscanalsiete\" \/>\n<meta property=\"article:published_time\" content=\"2022-02-05T22:49:41+00:00\" \/>\n<meta property=\"og:image\" content=\"https:\/\/canal7slp.tv\/2022\/wp-content\/uploads\/2022\/02\/01-1.jpeg\" \/>\n\t<meta property=\"og:image:width\" content=\"1100\" \/>\n\t<meta property=\"og:image:height\" content=\"580\" \/>\n\t<meta property=\"og:image:type\" content=\"image\/jpeg\" \/>\n<meta name=\"author\" content=\"Edici\u00f3n Web\" \/>\n<meta name=\"twitter:card\" content=\"summary_large_image\" \/>\n<meta name=\"twitter:creator\" content=\"@NOTICIEROS7\" \/>\n<meta name=\"twitter:site\" content=\"@NOTICIEROS7\" \/>\n<meta name=\"twitter:label1\" content=\"Escrito por\" \/>\n\t<meta name=\"twitter:data1\" content=\"Edici\u00f3n Web\" \/>\n\t<meta name=\"twitter:label2\" content=\"Tiempo de lectura\" \/>\n\t<meta name=\"twitter:data2\" content=\"1 minuto\" \/>\n<script type=\"application\/ld+json\" class=\"yoast-schema-graph\">{\"@context\":\"https:\\\/\\\/schema.org\",\"@graph\":[{\"@type\":\"Article\",\"@id\":\"https:\\\/\\\/canal7slp.tv\\\/2022\\\/inm-intercepta-cerca-de-400-migrantes-en-veracruz\\\/#article\",\"isPartOf\":{\"@id\":\"https:\\\/\\\/canal7slp.tv\\\/2022\\\/inm-intercepta-cerca-de-400-migrantes-en-veracruz\\\/\"},\"author\":{\"name\":\"Edici\u00f3n Web\",\"@id\":\"https:\\\/\\\/canal7slp.tv\\\/2022\\\/#\\\/schema\\\/person\\\/429704152a21f5f856ce29aa69a238da\"},\"headline\":\"INM intercepta cerca de 400 migrantes en Veracruz\",\"datePublished\":\"2022-02-05T22:49:41+00:00\",\"mainEntityOfPage\":{\"@id\":\"https:\\\/\\\/canal7slp.tv\\\/2022\\\/inm-intercepta-cerca-de-400-migrantes-en-veracruz\\\/\"},\"wordCount\":206,\"publisher\":{\"@id\":\"https:\\\/\\\/canal7slp.tv\\\/2022\\\/#organization\"},\"image\":{\"@id\":\"https:\\\/\\\/canal7slp.tv\\\/2022\\\/inm-intercepta-cerca-de-400-migrantes-en-veracruz\\\/#primaryimage\"},\"thumbnailUrl\":\"https:\\\/\\\/canal7slp.tv\\\/2022\\\/wp-content\\\/uploads\\\/2022\\\/02\\\/01-1.jpeg\",\"articleSection\":[\"NACIONALES\"],\"inLanguage\":\"es\"},{\"@type\":\"WebPage\",\"@id\":\"https:\\\/\\\/canal7slp.tv\\\/2022\\\/inm-intercepta-cerca-de-400-migrantes-en-veracruz\\\/\",\"url\":\"https:\\\/\\\/canal7slp.tv\\\/2022\\\/inm-intercepta-cerca-de-400-migrantes-en-veracruz\\\/\",\"name\":\"INM intercepta cerca de 400 migrantes en Veracruz - Canal 7 SLP - 2022\",\"isPartOf\":{\"@id\":\"https:\\\/\\\/canal7slp.tv\\\/2022\\\/#website\"},\"primaryImageOfPage\":{\"@id\":\"https:\\\/\\\/canal7slp.tv\\\/2022\\\/inm-intercepta-cerca-de-400-migrantes-en-veracruz\\\/#primaryimage\"},\"image\":{\"@id\":\"https:\\\/\\\/canal7slp.tv\\\/2022\\\/inm-intercepta-cerca-de-400-migrantes-en-veracruz\\\/#primaryimage\"},\"thumbnailUrl\":\"https:\\\/\\\/canal7slp.tv\\\/2022\\\/wp-content\\\/uploads\\\/2022\\\/02\\\/01-1.jpeg\",\"datePublished\":\"2022-02-05T22:49:41+00:00\",\"breadcrumb\":{\"@id\":\"https:\\\/\\\/canal7slp.tv\\\/2022\\\/inm-intercepta-cerca-de-400-migrantes-en-veracruz\\\/#breadcrumb\"},\"inLanguage\":\"es\",\"potentialAction\":[{\"@type\":\"ReadAction\",\"target\":[\"https:\\\/\\\/canal7slp.tv\\\/2022\\\/inm-intercepta-cerca-de-400-migrantes-en-veracruz\\\/\"]}]},{\"@type\":\"ImageObject\",\"inLanguage\":\"es\",\"@id\":\"https:\\\/\\\/canal7slp.tv\\\/2022\\\/inm-intercepta-cerca-de-400-migrantes-en-veracruz\\\/#primaryimage\",\"url\":\"https:\\\/\\\/canal7slp.tv\\\/2022\\\/wp-content\\\/uploads\\\/2022\\\/02\\\/01-1.jpeg\",\"contentUrl\":\"https:\\\/\\\/canal7slp.tv\\\/2022\\\/wp-content\\\/uploads\\\/2022\\\/02\\\/01-1.jpeg\",\"width\":1100,\"height\":580},{\"@type\":\"BreadcrumbList\",\"@id\":\"https:\\\/\\\/canal7slp.tv\\\/2022\\\/inm-intercepta-cerca-de-400-migrantes-en-veracruz\\\/#breadcrumb\",\"itemListElement\":[{\"@type\":\"ListItem\",\"position\":1,\"name\":\"Portada\",\"item\":\"https:\\\/\\\/canal7slp.tv\\\/2022\\\/\"},{\"@type\":\"ListItem\",\"position\":2,\"name\":\"INM intercepta cerca de 400 migrantes en Veracruz\"}]},{\"@type\":\"WebSite\",\"@id\":\"https:\\\/\\\/canal7slp.tv\\\/2022\\\/#website\",\"url\":\"https:\\\/\\\/canal7slp.tv\\\/2022\\\/\",\"name\":\"N7 - Noticieros Canal 7\",\"description\":\"Somos Televisi\u00f3n\",\"publisher\":{\"@id\":\"https:\\\/\\\/canal7slp.tv\\\/2022\\\/#organization\"},\"potentialAction\":[{\"@type\":\"SearchAction\",\"target\":{\"@type\":\"EntryPoint\",\"urlTemplate\":\"https:\\\/\\\/canal7slp.tv\\\/2022\\\/?s={search_term_string}\"},\"query-input\":{\"@type\":\"PropertyValueSpecification\",\"valueRequired\":true,\"valueName\":\"search_term_string\"}}],\"inLanguage\":\"es\"},{\"@type\":\"Organization\",\"@id\":\"https:\\\/\\\/canal7slp.tv\\\/2022\\\/#organization\",\"name\":\"Noticieros Canal 7\",\"url\":\"https:\\\/\\\/canal7slp.tv\\\/2022\\\/\",\"logo\":{\"@type\":\"ImageObject\",\"inLanguage\":\"es\",\"@id\":\"https:\\\/\\\/canal7slp.tv\\\/2022\\\/#\\\/schema\\\/logo\\\/image\\\/\",\"url\":\"https:\\\/\\\/canal7slp.tv\\\/2022\\\/wp-content\\\/uploads\\\/2021\\\/01\\\/logo-noticieros@2x.png\",\"contentUrl\":\"https:\\\/\\\/canal7slp.tv\\\/2022\\\/wp-content\\\/uploads\\\/2021\\\/01\\\/logo-noticieros@2x.png\",\"width\":1017,\"height\":268,\"caption\":\"Noticieros Canal 7\"},\"image\":{\"@id\":\"https:\\\/\\\/canal7slp.tv\\\/2022\\\/#\\\/schema\\\/logo\\\/image\\\/\"},\"sameAs\":[\"https:\\\/\\\/www.facebook.com\\\/noticieroscanalsiete\",\"https:\\\/\\\/x.com\\\/NOTICIEROS7\",\"https:\\\/\\\/www.instagram.com\\\/canal7_slp\",\"https:\\\/\\\/www.youtube.com\\\/channel\\\/UCliiYs-gP3JfJeqdPrNdd5A\"]},{\"@type\":\"Person\",\"@id\":\"https:\\\/\\\/canal7slp.tv\\\/2022\\\/#\\\/schema\\\/person\\\/429704152a21f5f856ce29aa69a238da\",\"name\":\"Edici\u00f3n Web\",\"image\":{\"@type\":\"ImageObject\",\"inLanguage\":\"es\",\"@id\":\"https:\\\/\\\/secure.gravatar.com\\\/avatar\\\/eee448fc3f7164808013b816ba91ac7e43bbe82a70bebac296f8bc6f0addaa1a?s=96&d=mm&r=g\",\"url\":\"https:\\\/\\\/secure.gravatar.com\\\/avatar\\\/eee448fc3f7164808013b816ba91ac7e43bbe82a70bebac296f8bc6f0addaa1a?s=96&d=mm&r=g\",\"contentUrl\":\"https:\\\/\\\/secure.gravatar.com\\\/avatar\\\/eee448fc3f7164808013b816ba91ac7e43bbe82a70bebac296f8bc6f0addaa1a?s=96&d=mm&r=g\",\"caption\":\"Edici\u00f3n Web\"},\"url\":\"https:\\\/\\\/canal7slp.tv\\\/2022\\\/author\\\/edicionweb\\\/\"}]}<\/script>\n<!-- \/ Yoast SEO plugin. -->","yoast_head_json":{"title":"INM intercepta cerca de 400 migrantes en Veracruz - Canal 7 SLP - 2022","robots":{"index":"index","follow":"follow","max-snippet":"max-snippet:-1","max-image-preview":"max-image-preview:large","max-video-preview":"max-video-preview:-1"},"canonical":"https:\/\/canal7slp.tv\/2022\/inm-intercepta-cerca-de-400-migrantes-en-veracruz\/","og_locale":"es_ES","og_type":"article","og_title":"INM intercepta cerca de 400 migrantes en Veracruz - Canal 7 SLP - 2022","og_description":"Veracruz.- El Instituto Nacional de Migraci\u00f3n (INM) inform\u00f3 que 374 migrantes fueron interceptados en distintos operativos en el estado de Veracruz. El organismo detall\u00f3 que en el municipio de C\u00f3rdoba fueron encontradas 312 personas -originarias de Centro y Sudam\u00e9rica- al interior de la caja de un tr\u00e1iler, en condici\u00f3n de hacinamiento, sin ventilaci\u00f3n, agua o alimento alguno. Asimismo, en el municipio de San Andr\u00e9s Tuxtla, el personal del Instituto localiz\u00f3 un autob\u00fas tur\u00edstico con\u00a047 personas extranjeras -23 de Bangladesh, 10 de Uzbekist\u00e1n, 7 de Nepal, 6 hondure\u00f1os y 1 nicarag\u00fcense-. Aunado a estos operativos, el INM logr\u00f3 rescatar a 15 [&hellip;]","og_url":"https:\/\/canal7slp.tv\/2022\/inm-intercepta-cerca-de-400-migrantes-en-veracruz\/","og_site_name":"Canal 7 SLP - 2022","article_publisher":"https:\/\/www.facebook.com\/noticieroscanalsiete","article_published_time":"2022-02-05T22:49:41+00:00","og_image":[{"width":1100,"height":580,"url":"https:\/\/canal7slp.tv\/2022\/wp-content\/uploads\/2022\/02\/01-1.jpeg","type":"image\/jpeg"}],"author":"Edici\u00f3n Web","twitter_card":"summary_large_image","twitter_creator":"@NOTICIEROS7","twitter_site":"@NOTICIEROS7","twitter_misc":{"Escrito por":"Edici\u00f3n Web","Tiempo de lectura":"1 minuto"},"schema":{"@context":"https:\/\/schema.org","@graph":[{"@type":"Article","@id":"https:\/\/canal7slp.tv\/2022\/inm-intercepta-cerca-de-400-migrantes-en-veracruz\/#article","isPartOf":{"@id":"https:\/\/canal7slp.tv\/2022\/inm-intercepta-cerca-de-400-migrantes-en-veracruz\/"},"author":{"name":"Edici\u00f3n Web","@id":"https:\/\/canal7slp.tv\/2022\/#\/schema\/person\/429704152a21f5f856ce29aa69a238da"},"headline":"INM intercepta cerca de 400 migrantes en Veracruz","datePublished":"2022-02-05T22:49:41+00:00","mainEntityOfPage":{"@id":"https:\/\/canal7slp.tv\/2022\/inm-intercepta-cerca-de-400-migrantes-en-veracruz\/"},"wordCount":206,"publisher":{"@id":"https:\/\/canal7slp.tv\/2022\/#organization"},"image":{"@id":"https:\/\/canal7slp.tv\/2022\/inm-intercepta-cerca-de-400-migrantes-en-veracruz\/#primaryimage"},"thumbnailUrl":"https:\/\/canal7slp.tv\/2022\/wp-content\/uploads\/2022\/02\/01-1.jpeg","articleSection":["NACIONALES"],"inLanguage":"es"},{"@type":"WebPage","@id":"https:\/\/canal7slp.tv\/2022\/inm-intercepta-cerca-de-400-migrantes-en-veracruz\/","url":"https:\/\/canal7slp.tv\/2022\/inm-intercepta-cerca-de-400-migrantes-en-veracruz\/","name":"INM intercepta cerca de 400 migrantes en Veracruz - Canal 7 SLP - 2022","isPartOf":{"@id":"https:\/\/canal7slp.tv\/2022\/#website"},"primaryImageOfPage":{"@id":"https:\/\/canal7slp.tv\/2022\/inm-intercepta-cerca-de-400-migrantes-en-veracruz\/#primaryimage"},"image":{"@id":"https:\/\/canal7slp.tv\/2022\/inm-intercepta-cerca-de-400-migrantes-en-veracruz\/#primaryimage"},"thumbnailUrl":"https:\/\/canal7slp.tv\/2022\/wp-content\/uploads\/2022\/02\/01-1.jpeg","datePublished":"2022-02-05T22:49:41+00:00","breadcrumb":{"@id":"https:\/\/canal7slp.tv\/2022\/inm-intercepta-cerca-de-400-migrantes-en-veracruz\/#breadcrumb"},"inLanguage":"es","potentialAction":[{"@type":"ReadAction","target":["https:\/\/canal7slp.tv\/2022\/inm-intercepta-cerca-de-400-migrantes-en-veracruz\/"]}]},{"@type":"ImageObject","inLanguage":"es","@id":"https:\/\/canal7slp.tv\/2022\/inm-intercepta-cerca-de-400-migrantes-en-veracruz\/#primaryimage","url":"https:\/\/canal7slp.tv\/2022\/wp-content\/uploads\/2022\/02\/01-1.jpeg","contentUrl":"https:\/\/canal7slp.tv\/2022\/wp-content\/uploads\/2022\/02\/01-1.jpeg","width":1100,"height":580},{"@type":"BreadcrumbList","@id":"https:\/\/canal7slp.tv\/2022\/inm-intercepta-cerca-de-400-migrantes-en-veracruz\/#breadcrumb","itemListElement":[{"@type":"ListItem","position":1,"name":"Portada","item":"https:\/\/canal7slp.tv\/2022\/"},{"@type":"ListItem","position":2,"name":"INM intercepta cerca de 400 migrantes en Veracruz"}]},{"@type":"WebSite","@id":"https:\/\/canal7slp.tv\/2022\/#website","url":"https:\/\/canal7slp.tv\/2022\/","name":"N7 - Noticieros Canal 7","description":"Somos Televisi\u00f3n","publisher":{"@id":"https:\/\/canal7slp.tv\/2022\/#organization"},"potentialAction":[{"@type":"SearchAction","target":{"@type":"EntryPoint","urlTemplate":"https:\/\/canal7slp.tv\/2022\/?s={search_term_string}"},"query-input":{"@type":"PropertyValueSpecification","valueRequired":true,"valueName":"search_term_string"}}],"inLanguage":"es"},{"@type":"Organization","@id":"https:\/\/canal7slp.tv\/2022\/#organization","name":"Noticieros Canal 7","url":"https:\/\/canal7slp.tv\/2022\/","logo":{"@type":"ImageObject","inLanguage":"es","@id":"https:\/\/canal7slp.tv\/2022\/#\/schema\/logo\/image\/","url":"https:\/\/canal7slp.tv\/2022\/wp-content\/uploads\/2021\/01\/logo-noticieros@2x.png","contentUrl":"https:\/\/canal7slp.tv\/2022\/wp-content\/uploads\/2021\/01\/logo-noticieros@2x.png","width":1017,"height":268,"caption":"Noticieros Canal 7"},"image":{"@id":"https:\/\/canal7slp.tv\/2022\/#\/schema\/logo\/image\/"},"sameAs":["https:\/\/www.facebook.com\/noticieroscanalsiete","https:\/\/x.com\/NOTICIEROS7","https:\/\/www.instagram.com\/canal7_slp","https:\/\/www.youtube.com\/channel\/UCliiYs-gP3JfJeqdPrNdd5A"]},{"@type":"Person","@id":"https:\/\/canal7slp.tv\/2022\/#\/schema\/person\/429704152a21f5f856ce29aa69a238da","name":"Edici\u00f3n Web","image":{"@type":"ImageObject","inLanguage":"es","@id":"https:\/\/secure.gravatar.com\/avatar\/eee448fc3f7164808013b816ba91ac7e43bbe82a70bebac296f8bc6f0addaa1a?s=96&d=mm&r=g","url":"https:\/\/secure.gravatar.com\/avatar\/eee448fc3f7164808013b816ba91ac7e43bbe82a70bebac296f8bc6f0addaa1a?s=96&d=mm&r=g","contentUrl":"https:\/\/secure.gravatar.com\/avatar\/eee448fc3f7164808013b816ba91ac7e43bbe82a70bebac296f8bc6f0addaa1a?s=96&d=mm&r=g","caption":"Edici\u00f3n Web"},"url":"https:\/\/canal7slp.tv\/2022\/author\/edicionweb\/"}]}},"amp_enabled":true,"_links":{"self":[{"href":"https:\/\/canal7slp.tv\/2022\/wp-json\/wp\/v2\/posts\/50270","targetHints":{"allow":["GET"]}}],"collection":[{"href":"https:\/\/canal7slp.tv\/2022\/wp-json\/wp\/v2\/posts"}],"about":[{"href":"https:\/\/canal7slp.tv\/2022\/wp-json\/wp\/v2\/types\/post"}],"author":[{"embeddable":true,"href":"https:\/\/canal7slp.tv\/2022\/wp-json\/wp\/v2\/users\/2"}],"replies":[{"embeddable":true,"href":"https:\/\/canal7slp.tv\/2022\/wp-json\/wp\/v2\/comments?post=50270"}],"version-history":[{"count":2,"href":"https:\/\/canal7slp.tv\/2022\/wp-json\/wp\/v2\/posts\/50270\/revisions"}],"predecessor-version":[{"id":50289,"href":"https:\/\/canal7slp.tv\/2022\/wp-json\/wp\/v2\/posts\/50270\/revisions\/50289"}],"wp:featuredmedia":[{"embeddable":true,"href":"https:\/\/canal7slp.tv\/2022\/wp-json\/wp\/v2\/media\/50280"}],"wp:attachment":[{"href":"https:\/\/canal7slp.tv\/2022\/wp-json\/wp\/v2\/media?parent=50270"}],"wp:term":[{"taxonomy":"category","embeddable":true,"href":"https:\/\/canal7slp.tv\/2022\/wp-json\/wp\/v2\/categories?post=50270"},{"taxonomy":"post_tag","embeddable":true,"href":"https:\/\/canal7slp.tv\/2022\/wp-json\/wp\/v2\/tags?post=50270"}],"curies":[{"name":"wp","href":"https:\/\/api.w.org\/{rel}","templated":true}]}}