{"id":48563,"date":"2022-01-20T21:27:56","date_gmt":"2022-01-21T03:27:56","guid":{"rendered":"https:\/\/canal7slp.tv\/2022\/?p=48563"},"modified":"2022-01-20T21:27:56","modified_gmt":"2022-01-21T03:27:56","slug":"diputado-impulsa-iniciativa-para-que-migrantes-puedan-ser-postulados-como-candidatos-a-diputados-locales","status":"publish","type":"post","link":"https:\/\/canal7slp.tv\/2022\/diputado-impulsa-iniciativa-para-que-migrantes-puedan-ser-postulados-como-candidatos-a-diputados-locales\/","title":{"rendered":"Diputado impulsa iniciativa para que migrantes puedan ser postulados como candidatos a diputados locales."},"content":{"rendered":"<p style=\"text-align: justify;\">SLP.- En reuni\u00f3n de la Comisi\u00f3n de Asuntos Migratorios su presidente el diputado Ram\u00f3n Torres Garc\u00eda, sostuvo una reuni\u00f3n con la Organizaci\u00f3n Binacional de Fuerza Migrante, con el prop\u00f3sito de coordinarse en acciones legislativas en beneficio de los migrantes potosinos.<\/p>\n<p style=\"text-align: justify;\">El legislador destac\u00f3 la importancia de generar pol\u00edticas p\u00fablicas para que las personas migrantes sean parte de la vida democr\u00e1tica por lo que en el marco de esta reuni\u00f3n, se hizo una propuesta para que sean inclu\u00eddos y que tambi\u00e9n participen como candidatos a una diputaci\u00f3n local.<\/p>\n<p style=\"text-align: justify;\">En este sentido, el diputado panista se\u00f1al\u00f3 que esta propuesta permitir\u00e1 destacar la importancia de este sector de la poblaci\u00f3n en la entidad, al decir que su aporte a la econom\u00eda por el env\u00edo de remesas es significativa.<\/p>\n<p style=\"text-align: justify;\">Asimismo, el diputado presidente de la comisi\u00f3n de Asuntos Migratorios dijo que otro objetivo que se busca es que se validen los estudios para los hijos de las personas migrantes, ya sea que vivan en M\u00e9xico \u00f3 en los Estados Unidos.<\/p>\n<p style=\"text-align: justify;\">En esta reuni\u00f3n de la Comisi\u00f3n de Asuntos Migratorios participaron el Secretario General de Fuerza Migrante con sede Nueva York, Avelino Maza Rodr\u00edguez, Candelaria L\u00e1zaro, Gobernadora Nacional de los Pueblos Ind\u00edgenas y Jos\u00e9 Luis Mart\u00ednez Capistr\u00e1n, enlace Institucional de Fuerza Migrante para el estado de San Luis Potos\u00ed.<\/p>\n<p style=\"text-align: justify;\">Por: Claudio Ibarra<\/p>\n","protected":false},"excerpt":{"rendered":"<p>SLP.- En reuni\u00f3n de la Comisi\u00f3n de Asuntos Migratorios su presidente el diputado Ram\u00f3n Torres Garc\u00eda, sostuvo una reuni\u00f3n con la Organizaci\u00f3n Binacional de Fuerza Migrante, con el prop\u00f3sito de coordinarse en acciones legislativas en beneficio de los migrantes potosinos. El legislador destac\u00f3 la importancia de generar pol\u00edticas p\u00fablicas para que las personas migrantes sean parte de la vida democr\u00e1tica por lo que en el marco de esta reuni\u00f3n, se hizo una propuesta para que sean inclu\u00eddos y que tambi\u00e9n participen como candidatos a una diputaci\u00f3n local. En este sentido, el diputado panista se\u00f1al\u00f3 que esta propuesta permitir\u00e1 destacar la [&hellip;]<\/p>\n","protected":false},"author":2,"featured_media":48601,"comment_status":"closed","ping_status":"closed","sticky":false,"template":"","format":"video","meta":{"footnotes":""},"categories":[3,5,45],"tags":[],"class_list":["post-48563","post","type-post","status-publish","format-video","has-post-thumbnail","hentry","category-congreso","category-destacadas","category-localesyregionales","post_format-post-format-video","post--single"],"yoast_head":"<!-- This site is optimized with the Yoast SEO plugin v27.5 - https:\/\/yoast.com\/product\/yoast-seo-wordpress\/ -->\n<title>Diputado impulsa iniciativa para que migrantes puedan ser postulados como candidatos a diputados locales. - Canal 7 SLP - 2022<\/title>\n<meta name=\"robots\" content=\"index, follow, max-snippet:-1, max-image-preview:large, max-video-preview:-1\" \/>\n<link rel=\"canonical\" href=\"https:\/\/canal7slp.tv\/2022\/diputado-impulsa-iniciativa-para-que-migrantes-puedan-ser-postulados-como-candidatos-a-diputados-locales\/\" \/>\n<meta property=\"og:locale\" content=\"es_ES\" \/>\n<meta property=\"og:type\" content=\"article\" \/>\n<meta property=\"og:title\" content=\"Diputado impulsa iniciativa para que migrantes puedan ser postulados como candidatos a diputados locales. - Canal 7 SLP - 2022\" \/>\n<meta property=\"og:description\" content=\"SLP.- En reuni\u00f3n de la Comisi\u00f3n de Asuntos Migratorios su presidente el diputado Ram\u00f3n Torres Garc\u00eda, sostuvo una reuni\u00f3n con la Organizaci\u00f3n Binacional de Fuerza Migrante, con el prop\u00f3sito de coordinarse en acciones legislativas en beneficio de los migrantes potosinos. El legislador destac\u00f3 la importancia de generar pol\u00edticas p\u00fablicas para que las personas migrantes sean parte de la vida democr\u00e1tica por lo que en el marco de esta reuni\u00f3n, se hizo una propuesta para que sean inclu\u00eddos y que tambi\u00e9n participen como candidatos a una diputaci\u00f3n local. En este sentido, el diputado panista se\u00f1al\u00f3 que esta propuesta permitir\u00e1 destacar la [&hellip;]\" \/>\n<meta property=\"og:url\" content=\"https:\/\/canal7slp.tv\/2022\/diputado-impulsa-iniciativa-para-que-migrantes-puedan-ser-postulados-como-candidatos-a-diputados-locales\/\" \/>\n<meta property=\"og:site_name\" content=\"Canal 7 SLP - 2022\" \/>\n<meta property=\"article:publisher\" content=\"https:\/\/www.facebook.com\/noticieroscanalsiete\" \/>\n<meta property=\"article:published_time\" content=\"2022-01-21T03:27:56+00:00\" \/>\n<meta property=\"og:image\" content=\"https:\/\/canal7slp.tv\/2022\/wp-content\/uploads\/2022\/01\/Claudio04Propuesta.jpg\" \/>\n\t<meta property=\"og:image:width\" content=\"888\" \/>\n\t<meta property=\"og:image:height\" content=\"500\" \/>\n\t<meta property=\"og:image:type\" content=\"image\/jpeg\" \/>\n<meta name=\"author\" content=\"Edici\u00f3n Web\" \/>\n<meta name=\"twitter:card\" content=\"summary_large_image\" \/>\n<meta name=\"twitter:creator\" content=\"@NOTICIEROS7\" \/>\n<meta name=\"twitter:site\" content=\"@NOTICIEROS7\" \/>\n<meta name=\"twitter:label1\" content=\"Escrito por\" \/>\n\t<meta name=\"twitter:data1\" content=\"Edici\u00f3n Web\" \/>\n\t<meta name=\"twitter:label2\" content=\"Tiempo de lectura\" \/>\n\t<meta name=\"twitter:data2\" content=\"1 minuto\" \/>\n<script type=\"application\/ld+json\" class=\"yoast-schema-graph\">{\"@context\":\"https:\\\/\\\/schema.org\",\"@graph\":[{\"@type\":\"Article\",\"@id\":\"https:\\\/\\\/canal7slp.tv\\\/2022\\\/diputado-impulsa-iniciativa-para-que-migrantes-puedan-ser-postulados-como-candidatos-a-diputados-locales\\\/#article\",\"isPartOf\":{\"@id\":\"https:\\\/\\\/canal7slp.tv\\\/2022\\\/diputado-impulsa-iniciativa-para-que-migrantes-puedan-ser-postulados-como-candidatos-a-diputados-locales\\\/\"},\"author\":{\"name\":\"Edici\u00f3n Web\",\"@id\":\"https:\\\/\\\/canal7slp.tv\\\/2022\\\/#\\\/schema\\\/person\\\/429704152a21f5f856ce29aa69a238da\"},\"headline\":\"Diputado impulsa iniciativa para que migrantes puedan ser postulados como candidatos a diputados locales.\",\"datePublished\":\"2022-01-21T03:27:56+00:00\",\"mainEntityOfPage\":{\"@id\":\"https:\\\/\\\/canal7slp.tv\\\/2022\\\/diputado-impulsa-iniciativa-para-que-migrantes-puedan-ser-postulados-como-candidatos-a-diputados-locales\\\/\"},\"wordCount\":258,\"publisher\":{\"@id\":\"https:\\\/\\\/canal7slp.tv\\\/2022\\\/#organization\"},\"image\":{\"@id\":\"https:\\\/\\\/canal7slp.tv\\\/2022\\\/diputado-impulsa-iniciativa-para-que-migrantes-puedan-ser-postulados-como-candidatos-a-diputados-locales\\\/#primaryimage\"},\"thumbnailUrl\":\"https:\\\/\\\/canal7slp.tv\\\/2022\\\/wp-content\\\/uploads\\\/2022\\\/01\\\/Claudio04Propuesta.jpg\",\"articleSection\":[\"CONGRESO\",\"DESTACADAS\",\"LOCALES Y REGIONALES\"],\"inLanguage\":\"es\"},{\"@type\":\"WebPage\",\"@id\":\"https:\\\/\\\/canal7slp.tv\\\/2022\\\/diputado-impulsa-iniciativa-para-que-migrantes-puedan-ser-postulados-como-candidatos-a-diputados-locales\\\/\",\"url\":\"https:\\\/\\\/canal7slp.tv\\\/2022\\\/diputado-impulsa-iniciativa-para-que-migrantes-puedan-ser-postulados-como-candidatos-a-diputados-locales\\\/\",\"name\":\"Diputado impulsa iniciativa para que migrantes puedan ser postulados como candidatos a diputados locales. - Canal 7 SLP - 2022\",\"isPartOf\":{\"@id\":\"https:\\\/\\\/canal7slp.tv\\\/2022\\\/#website\"},\"primaryImageOfPage\":{\"@id\":\"https:\\\/\\\/canal7slp.tv\\\/2022\\\/diputado-impulsa-iniciativa-para-que-migrantes-puedan-ser-postulados-como-candidatos-a-diputados-locales\\\/#primaryimage\"},\"image\":{\"@id\":\"https:\\\/\\\/canal7slp.tv\\\/2022\\\/diputado-impulsa-iniciativa-para-que-migrantes-puedan-ser-postulados-como-candidatos-a-diputados-locales\\\/#primaryimage\"},\"thumbnailUrl\":\"https:\\\/\\\/canal7slp.tv\\\/2022\\\/wp-content\\\/uploads\\\/2022\\\/01\\\/Claudio04Propuesta.jpg\",\"datePublished\":\"2022-01-21T03:27:56+00:00\",\"breadcrumb\":{\"@id\":\"https:\\\/\\\/canal7slp.tv\\\/2022\\\/diputado-impulsa-iniciativa-para-que-migrantes-puedan-ser-postulados-como-candidatos-a-diputados-locales\\\/#breadcrumb\"},\"inLanguage\":\"es\",\"potentialAction\":[{\"@type\":\"ReadAction\",\"target\":[\"https:\\\/\\\/canal7slp.tv\\\/2022\\\/diputado-impulsa-iniciativa-para-que-migrantes-puedan-ser-postulados-como-candidatos-a-diputados-locales\\\/\"]}]},{\"@type\":\"ImageObject\",\"inLanguage\":\"es\",\"@id\":\"https:\\\/\\\/canal7slp.tv\\\/2022\\\/diputado-impulsa-iniciativa-para-que-migrantes-puedan-ser-postulados-como-candidatos-a-diputados-locales\\\/#primaryimage\",\"url\":\"https:\\\/\\\/canal7slp.tv\\\/2022\\\/wp-content\\\/uploads\\\/2022\\\/01\\\/Claudio04Propuesta.jpg\",\"contentUrl\":\"https:\\\/\\\/canal7slp.tv\\\/2022\\\/wp-content\\\/uploads\\\/2022\\\/01\\\/Claudio04Propuesta.jpg\",\"width\":888,\"height\":500},{\"@type\":\"BreadcrumbList\",\"@id\":\"https:\\\/\\\/canal7slp.tv\\\/2022\\\/diputado-impulsa-iniciativa-para-que-migrantes-puedan-ser-postulados-como-candidatos-a-diputados-locales\\\/#breadcrumb\",\"itemListElement\":[{\"@type\":\"ListItem\",\"position\":1,\"name\":\"Portada\",\"item\":\"https:\\\/\\\/canal7slp.tv\\\/2022\\\/\"},{\"@type\":\"ListItem\",\"position\":2,\"name\":\"Diputado impulsa iniciativa para que migrantes puedan ser postulados como candidatos a diputados locales.\"}]},{\"@type\":\"WebSite\",\"@id\":\"https:\\\/\\\/canal7slp.tv\\\/2022\\\/#website\",\"url\":\"https:\\\/\\\/canal7slp.tv\\\/2022\\\/\",\"name\":\"N7 - Noticieros Canal 7\",\"description\":\"Somos Televisi\u00f3n\",\"publisher\":{\"@id\":\"https:\\\/\\\/canal7slp.tv\\\/2022\\\/#organization\"},\"potentialAction\":[{\"@type\":\"SearchAction\",\"target\":{\"@type\":\"EntryPoint\",\"urlTemplate\":\"https:\\\/\\\/canal7slp.tv\\\/2022\\\/?s={search_term_string}\"},\"query-input\":{\"@type\":\"PropertyValueSpecification\",\"valueRequired\":true,\"valueName\":\"search_term_string\"}}],\"inLanguage\":\"es\"},{\"@type\":\"Organization\",\"@id\":\"https:\\\/\\\/canal7slp.tv\\\/2022\\\/#organization\",\"name\":\"Noticieros Canal 7\",\"url\":\"https:\\\/\\\/canal7slp.tv\\\/2022\\\/\",\"logo\":{\"@type\":\"ImageObject\",\"inLanguage\":\"es\",\"@id\":\"https:\\\/\\\/canal7slp.tv\\\/2022\\\/#\\\/schema\\\/logo\\\/image\\\/\",\"url\":\"https:\\\/\\\/canal7slp.tv\\\/2022\\\/wp-content\\\/uploads\\\/2021\\\/01\\\/logo-noticieros@2x.png\",\"contentUrl\":\"https:\\\/\\\/canal7slp.tv\\\/2022\\\/wp-content\\\/uploads\\\/2021\\\/01\\\/logo-noticieros@2x.png\",\"width\":1017,\"height\":268,\"caption\":\"Noticieros Canal 7\"},\"image\":{\"@id\":\"https:\\\/\\\/canal7slp.tv\\\/2022\\\/#\\\/schema\\\/logo\\\/image\\\/\"},\"sameAs\":[\"https:\\\/\\\/www.facebook.com\\\/noticieroscanalsiete\",\"https:\\\/\\\/x.com\\\/NOTICIEROS7\",\"https:\\\/\\\/www.instagram.com\\\/canal7_slp\",\"https:\\\/\\\/www.youtube.com\\\/channel\\\/UCliiYs-gP3JfJeqdPrNdd5A\"]},{\"@type\":\"Person\",\"@id\":\"https:\\\/\\\/canal7slp.tv\\\/2022\\\/#\\\/schema\\\/person\\\/429704152a21f5f856ce29aa69a238da\",\"name\":\"Edici\u00f3n Web\",\"image\":{\"@type\":\"ImageObject\",\"inLanguage\":\"es\",\"@id\":\"https:\\\/\\\/secure.gravatar.com\\\/avatar\\\/eee448fc3f7164808013b816ba91ac7e43bbe82a70bebac296f8bc6f0addaa1a?s=96&d=mm&r=g\",\"url\":\"https:\\\/\\\/secure.gravatar.com\\\/avatar\\\/eee448fc3f7164808013b816ba91ac7e43bbe82a70bebac296f8bc6f0addaa1a?s=96&d=mm&r=g\",\"contentUrl\":\"https:\\\/\\\/secure.gravatar.com\\\/avatar\\\/eee448fc3f7164808013b816ba91ac7e43bbe82a70bebac296f8bc6f0addaa1a?s=96&d=mm&r=g\",\"caption\":\"Edici\u00f3n Web\"},\"url\":\"https:\\\/\\\/canal7slp.tv\\\/2022\\\/author\\\/edicionweb\\\/\"}]}<\/script>\n<!-- \/ Yoast SEO plugin. -->","yoast_head_json":{"title":"Diputado impulsa iniciativa para que migrantes puedan ser postulados como candidatos a diputados locales. - Canal 7 SLP - 2022","robots":{"index":"index","follow":"follow","max-snippet":"max-snippet:-1","max-image-preview":"max-image-preview:large","max-video-preview":"max-video-preview:-1"},"canonical":"https:\/\/canal7slp.tv\/2022\/diputado-impulsa-iniciativa-para-que-migrantes-puedan-ser-postulados-como-candidatos-a-diputados-locales\/","og_locale":"es_ES","og_type":"article","og_title":"Diputado impulsa iniciativa para que migrantes puedan ser postulados como candidatos a diputados locales. - Canal 7 SLP - 2022","og_description":"SLP.- En reuni\u00f3n de la Comisi\u00f3n de Asuntos Migratorios su presidente el diputado Ram\u00f3n Torres Garc\u00eda, sostuvo una reuni\u00f3n con la Organizaci\u00f3n Binacional de Fuerza Migrante, con el prop\u00f3sito de coordinarse en acciones legislativas en beneficio de los migrantes potosinos. El legislador destac\u00f3 la importancia de generar pol\u00edticas p\u00fablicas para que las personas migrantes sean parte de la vida democr\u00e1tica por lo que en el marco de esta reuni\u00f3n, se hizo una propuesta para que sean inclu\u00eddos y que tambi\u00e9n participen como candidatos a una diputaci\u00f3n local. En este sentido, el diputado panista se\u00f1al\u00f3 que esta propuesta permitir\u00e1 destacar la [&hellip;]","og_url":"https:\/\/canal7slp.tv\/2022\/diputado-impulsa-iniciativa-para-que-migrantes-puedan-ser-postulados-como-candidatos-a-diputados-locales\/","og_site_name":"Canal 7 SLP - 2022","article_publisher":"https:\/\/www.facebook.com\/noticieroscanalsiete","article_published_time":"2022-01-21T03:27:56+00:00","og_image":[{"width":888,"height":500,"url":"https:\/\/canal7slp.tv\/2022\/wp-content\/uploads\/2022\/01\/Claudio04Propuesta.jpg","type":"image\/jpeg"}],"author":"Edici\u00f3n Web","twitter_card":"summary_large_image","twitter_creator":"@NOTICIEROS7","twitter_site":"@NOTICIEROS7","twitter_misc":{"Escrito por":"Edici\u00f3n Web","Tiempo de lectura":"1 minuto"},"schema":{"@context":"https:\/\/schema.org","@graph":[{"@type":"Article","@id":"https:\/\/canal7slp.tv\/2022\/diputado-impulsa-iniciativa-para-que-migrantes-puedan-ser-postulados-como-candidatos-a-diputados-locales\/#article","isPartOf":{"@id":"https:\/\/canal7slp.tv\/2022\/diputado-impulsa-iniciativa-para-que-migrantes-puedan-ser-postulados-como-candidatos-a-diputados-locales\/"},"author":{"name":"Edici\u00f3n Web","@id":"https:\/\/canal7slp.tv\/2022\/#\/schema\/person\/429704152a21f5f856ce29aa69a238da"},"headline":"Diputado impulsa iniciativa para que migrantes puedan ser postulados como candidatos a diputados locales.","datePublished":"2022-01-21T03:27:56+00:00","mainEntityOfPage":{"@id":"https:\/\/canal7slp.tv\/2022\/diputado-impulsa-iniciativa-para-que-migrantes-puedan-ser-postulados-como-candidatos-a-diputados-locales\/"},"wordCount":258,"publisher":{"@id":"https:\/\/canal7slp.tv\/2022\/#organization"},"image":{"@id":"https:\/\/canal7slp.tv\/2022\/diputado-impulsa-iniciativa-para-que-migrantes-puedan-ser-postulados-como-candidatos-a-diputados-locales\/#primaryimage"},"thumbnailUrl":"https:\/\/canal7slp.tv\/2022\/wp-content\/uploads\/2022\/01\/Claudio04Propuesta.jpg","articleSection":["CONGRESO","DESTACADAS","LOCALES Y REGIONALES"],"inLanguage":"es"},{"@type":"WebPage","@id":"https:\/\/canal7slp.tv\/2022\/diputado-impulsa-iniciativa-para-que-migrantes-puedan-ser-postulados-como-candidatos-a-diputados-locales\/","url":"https:\/\/canal7slp.tv\/2022\/diputado-impulsa-iniciativa-para-que-migrantes-puedan-ser-postulados-como-candidatos-a-diputados-locales\/","name":"Diputado impulsa iniciativa para que migrantes puedan ser postulados como candidatos a diputados locales. - Canal 7 SLP - 2022","isPartOf":{"@id":"https:\/\/canal7slp.tv\/2022\/#website"},"primaryImageOfPage":{"@id":"https:\/\/canal7slp.tv\/2022\/diputado-impulsa-iniciativa-para-que-migrantes-puedan-ser-postulados-como-candidatos-a-diputados-locales\/#primaryimage"},"image":{"@id":"https:\/\/canal7slp.tv\/2022\/diputado-impulsa-iniciativa-para-que-migrantes-puedan-ser-postulados-como-candidatos-a-diputados-locales\/#primaryimage"},"thumbnailUrl":"https:\/\/canal7slp.tv\/2022\/wp-content\/uploads\/2022\/01\/Claudio04Propuesta.jpg","datePublished":"2022-01-21T03:27:56+00:00","breadcrumb":{"@id":"https:\/\/canal7slp.tv\/2022\/diputado-impulsa-iniciativa-para-que-migrantes-puedan-ser-postulados-como-candidatos-a-diputados-locales\/#breadcrumb"},"inLanguage":"es","potentialAction":[{"@type":"ReadAction","target":["https:\/\/canal7slp.tv\/2022\/diputado-impulsa-iniciativa-para-que-migrantes-puedan-ser-postulados-como-candidatos-a-diputados-locales\/"]}]},{"@type":"ImageObject","inLanguage":"es","@id":"https:\/\/canal7slp.tv\/2022\/diputado-impulsa-iniciativa-para-que-migrantes-puedan-ser-postulados-como-candidatos-a-diputados-locales\/#primaryimage","url":"https:\/\/canal7slp.tv\/2022\/wp-content\/uploads\/2022\/01\/Claudio04Propuesta.jpg","contentUrl":"https:\/\/canal7slp.tv\/2022\/wp-content\/uploads\/2022\/01\/Claudio04Propuesta.jpg","width":888,"height":500},{"@type":"BreadcrumbList","@id":"https:\/\/canal7slp.tv\/2022\/diputado-impulsa-iniciativa-para-que-migrantes-puedan-ser-postulados-como-candidatos-a-diputados-locales\/#breadcrumb","itemListElement":[{"@type":"ListItem","position":1,"name":"Portada","item":"https:\/\/canal7slp.tv\/2022\/"},{"@type":"ListItem","position":2,"name":"Diputado impulsa iniciativa para que migrantes puedan ser postulados como candidatos a diputados locales."}]},{"@type":"WebSite","@id":"https:\/\/canal7slp.tv\/2022\/#website","url":"https:\/\/canal7slp.tv\/2022\/","name":"N7 - Noticieros Canal 7","description":"Somos Televisi\u00f3n","publisher":{"@id":"https:\/\/canal7slp.tv\/2022\/#organization"},"potentialAction":[{"@type":"SearchAction","target":{"@type":"EntryPoint","urlTemplate":"https:\/\/canal7slp.tv\/2022\/?s={search_term_string}"},"query-input":{"@type":"PropertyValueSpecification","valueRequired":true,"valueName":"search_term_string"}}],"inLanguage":"es"},{"@type":"Organization","@id":"https:\/\/canal7slp.tv\/2022\/#organization","name":"Noticieros Canal 7","url":"https:\/\/canal7slp.tv\/2022\/","logo":{"@type":"ImageObject","inLanguage":"es","@id":"https:\/\/canal7slp.tv\/2022\/#\/schema\/logo\/image\/","url":"https:\/\/canal7slp.tv\/2022\/wp-content\/uploads\/2021\/01\/logo-noticieros@2x.png","contentUrl":"https:\/\/canal7slp.tv\/2022\/wp-content\/uploads\/2021\/01\/logo-noticieros@2x.png","width":1017,"height":268,"caption":"Noticieros Canal 7"},"image":{"@id":"https:\/\/canal7slp.tv\/2022\/#\/schema\/logo\/image\/"},"sameAs":["https:\/\/www.facebook.com\/noticieroscanalsiete","https:\/\/x.com\/NOTICIEROS7","https:\/\/www.instagram.com\/canal7_slp","https:\/\/www.youtube.com\/channel\/UCliiYs-gP3JfJeqdPrNdd5A"]},{"@type":"Person","@id":"https:\/\/canal7slp.tv\/2022\/#\/schema\/person\/429704152a21f5f856ce29aa69a238da","name":"Edici\u00f3n Web","image":{"@type":"ImageObject","inLanguage":"es","@id":"https:\/\/secure.gravatar.com\/avatar\/eee448fc3f7164808013b816ba91ac7e43bbe82a70bebac296f8bc6f0addaa1a?s=96&d=mm&r=g","url":"https:\/\/secure.gravatar.com\/avatar\/eee448fc3f7164808013b816ba91ac7e43bbe82a70bebac296f8bc6f0addaa1a?s=96&d=mm&r=g","contentUrl":"https:\/\/secure.gravatar.com\/avatar\/eee448fc3f7164808013b816ba91ac7e43bbe82a70bebac296f8bc6f0addaa1a?s=96&d=mm&r=g","caption":"Edici\u00f3n Web"},"url":"https:\/\/canal7slp.tv\/2022\/author\/edicionweb\/"}]}},"amp_enabled":true,"_links":{"self":[{"href":"https:\/\/canal7slp.tv\/2022\/wp-json\/wp\/v2\/posts\/48563","targetHints":{"allow":["GET"]}}],"collection":[{"href":"https:\/\/canal7slp.tv\/2022\/wp-json\/wp\/v2\/posts"}],"about":[{"href":"https:\/\/canal7slp.tv\/2022\/wp-json\/wp\/v2\/types\/post"}],"author":[{"embeddable":true,"href":"https:\/\/canal7slp.tv\/2022\/wp-json\/wp\/v2\/users\/2"}],"replies":[{"embeddable":true,"href":"https:\/\/canal7slp.tv\/2022\/wp-json\/wp\/v2\/comments?post=48563"}],"version-history":[{"count":3,"href":"https:\/\/canal7slp.tv\/2022\/wp-json\/wp\/v2\/posts\/48563\/revisions"}],"predecessor-version":[{"id":48602,"href":"https:\/\/canal7slp.tv\/2022\/wp-json\/wp\/v2\/posts\/48563\/revisions\/48602"}],"wp:featuredmedia":[{"embeddable":true,"href":"https:\/\/canal7slp.tv\/2022\/wp-json\/wp\/v2\/media\/48601"}],"wp:attachment":[{"href":"https:\/\/canal7slp.tv\/2022\/wp-json\/wp\/v2\/media?parent=48563"}],"wp:term":[{"taxonomy":"category","embeddable":true,"href":"https:\/\/canal7slp.tv\/2022\/wp-json\/wp\/v2\/categories?post=48563"},{"taxonomy":"post_tag","embeddable":true,"href":"https:\/\/canal7slp.tv\/2022\/wp-json\/wp\/v2\/tags?post=48563"}],"curies":[{"name":"wp","href":"https:\/\/api.w.org\/{rel}","templated":true}]}}