{"id":48562,"date":"2022-01-20T21:37:44","date_gmt":"2022-01-21T03:37:44","guid":{"rendered":"https:\/\/canal7slp.tv\/2022\/?p=48562"},"modified":"2022-01-20T21:37:44","modified_gmt":"2022-01-21T03:37:44","slug":"ceepac-pide-ampliacion-de-presupuesto","status":"publish","type":"post","link":"https:\/\/canal7slp.tv\/2022\/ceepac-pide-ampliacion-de-presupuesto\/","title":{"rendered":"CEEPAC pide ampliaci\u00f3n de presupuesto."},"content":{"rendered":"<p style=\"text-align: justify;\">SLP.- Debido a la reducci\u00f3n presupuestal para el ejercicio fiscal de este a\u00f1o el Consejo Estatal Electoral y de Participaci\u00f3n Ciudadana, solicitar\u00e1 una ampliaci\u00f3n de recursos que permitan solventar sus necesidades m\u00e1s inmediatas.<\/p>\n<p style=\"text-align: justify;\">As\u00ed lo dio a conocer la consejera presidenta de este \u00f3rgano electoral Paloma Blanco L\u00f3pez al decir que ya se hizo formalmente esta petici\u00f3n ante la Secretar\u00eda de Finanzas del gobierno del estado.<\/p>\n<p style=\"text-align: justify;\">Explic\u00f3 que su propuesta se basa en que originalmente se hab\u00edan solicitado recursos por un monto de 80 millones de pesos pero como solo obtuvieron 50 millones, ahora es que est\u00e1n solicitando 30 millones de pesos m\u00e1s.<\/p>\n<p style=\"text-align: justify;\">La funcionaria electoral extern\u00f3 su confianza en que esta petici\u00f3n de ampliaci\u00f3n presupuestal sea atendida al decir que se cuidar\u00e1 de no caer en situaciones extremas que lleven incluso, a obligar a un ajuste de personal de este \u00f3rgano electoral.<\/p>\n<p style=\"text-align: justify;\">Por: Claudio Ibarra<\/p>\n","protected":false},"excerpt":{"rendered":"<p>SLP.- Debido a la reducci\u00f3n presupuestal para el ejercicio fiscal de este a\u00f1o el Consejo Estatal Electoral y de Participaci\u00f3n Ciudadana, solicitar\u00e1 una ampliaci\u00f3n de recursos que permitan solventar sus necesidades m\u00e1s inmediatas. As\u00ed lo dio a conocer la consejera presidenta de este \u00f3rgano electoral Paloma Blanco L\u00f3pez al decir que ya se hizo formalmente esta petici\u00f3n ante la Secretar\u00eda de Finanzas del gobierno del estado. Explic\u00f3 que su propuesta se basa en que originalmente se hab\u00edan solicitado recursos por un monto de 80 millones de pesos pero como solo obtuvieron 50 millones, ahora es que est\u00e1n solicitando 30 millones [&hellip;]<\/p>\n","protected":false},"author":2,"featured_media":48604,"comment_status":"closed","ping_status":"closed","sticky":false,"template":"","format":"video","meta":{"footnotes":""},"categories":[5,45],"tags":[54],"class_list":["post-48562","post","type-post","status-publish","format-video","has-post-thumbnail","hentry","category-destacadas","category-localesyregionales","tag-ceepac","post_format-post-format-video","post--single"],"yoast_head":"<!-- This site is optimized with the Yoast SEO plugin v27.5 - https:\/\/yoast.com\/product\/yoast-seo-wordpress\/ -->\n<title>CEEPAC pide ampliaci\u00f3n de presupuesto. - Canal 7 SLP - 2022<\/title>\n<meta name=\"robots\" content=\"index, follow, max-snippet:-1, max-image-preview:large, max-video-preview:-1\" \/>\n<link rel=\"canonical\" href=\"https:\/\/canal7slp.tv\/2022\/ceepac-pide-ampliacion-de-presupuesto\/\" \/>\n<meta property=\"og:locale\" content=\"es_ES\" \/>\n<meta property=\"og:type\" content=\"article\" \/>\n<meta property=\"og:title\" content=\"CEEPAC pide ampliaci\u00f3n de presupuesto. - Canal 7 SLP - 2022\" \/>\n<meta property=\"og:description\" content=\"SLP.- Debido a la reducci\u00f3n presupuestal para el ejercicio fiscal de este a\u00f1o el Consejo Estatal Electoral y de Participaci\u00f3n Ciudadana, solicitar\u00e1 una ampliaci\u00f3n de recursos que permitan solventar sus necesidades m\u00e1s inmediatas. As\u00ed lo dio a conocer la consejera presidenta de este \u00f3rgano electoral Paloma Blanco L\u00f3pez al decir que ya se hizo formalmente esta petici\u00f3n ante la Secretar\u00eda de Finanzas del gobierno del estado. Explic\u00f3 que su propuesta se basa en que originalmente se hab\u00edan solicitado recursos por un monto de 80 millones de pesos pero como solo obtuvieron 50 millones, ahora es que est\u00e1n solicitando 30 millones [&hellip;]\" \/>\n<meta property=\"og:url\" content=\"https:\/\/canal7slp.tv\/2022\/ceepac-pide-ampliacion-de-presupuesto\/\" \/>\n<meta property=\"og:site_name\" content=\"Canal 7 SLP - 2022\" \/>\n<meta property=\"article:publisher\" content=\"https:\/\/www.facebook.com\/noticieroscanalsiete\" \/>\n<meta property=\"article:published_time\" content=\"2022-01-21T03:37:44+00:00\" \/>\n<meta property=\"og:image\" content=\"https:\/\/canal7slp.tv\/2022\/wp-content\/uploads\/2022\/01\/Claudio03CEEPAC.jpg\" \/>\n\t<meta property=\"og:image:width\" content=\"888\" \/>\n\t<meta property=\"og:image:height\" content=\"500\" \/>\n\t<meta property=\"og:image:type\" content=\"image\/jpeg\" \/>\n<meta name=\"author\" content=\"Edici\u00f3n Web\" \/>\n<meta name=\"twitter:card\" content=\"summary_large_image\" \/>\n<meta name=\"twitter:creator\" content=\"@NOTICIEROS7\" \/>\n<meta name=\"twitter:site\" content=\"@NOTICIEROS7\" \/>\n<meta name=\"twitter:label1\" content=\"Escrito por\" \/>\n\t<meta name=\"twitter:data1\" content=\"Edici\u00f3n Web\" \/>\n\t<meta name=\"twitter:label2\" content=\"Tiempo de lectura\" \/>\n\t<meta name=\"twitter:data2\" content=\"1 minuto\" \/>\n<script type=\"application\/ld+json\" class=\"yoast-schema-graph\">{\"@context\":\"https:\\\/\\\/schema.org\",\"@graph\":[{\"@type\":\"Article\",\"@id\":\"https:\\\/\\\/canal7slp.tv\\\/2022\\\/ceepac-pide-ampliacion-de-presupuesto\\\/#article\",\"isPartOf\":{\"@id\":\"https:\\\/\\\/canal7slp.tv\\\/2022\\\/ceepac-pide-ampliacion-de-presupuesto\\\/\"},\"author\":{\"name\":\"Edici\u00f3n Web\",\"@id\":\"https:\\\/\\\/canal7slp.tv\\\/2022\\\/#\\\/schema\\\/person\\\/429704152a21f5f856ce29aa69a238da\"},\"headline\":\"CEEPAC pide ampliaci\u00f3n de presupuesto.\",\"datePublished\":\"2022-01-21T03:37:44+00:00\",\"mainEntityOfPage\":{\"@id\":\"https:\\\/\\\/canal7slp.tv\\\/2022\\\/ceepac-pide-ampliacion-de-presupuesto\\\/\"},\"wordCount\":163,\"publisher\":{\"@id\":\"https:\\\/\\\/canal7slp.tv\\\/2022\\\/#organization\"},\"image\":{\"@id\":\"https:\\\/\\\/canal7slp.tv\\\/2022\\\/ceepac-pide-ampliacion-de-presupuesto\\\/#primaryimage\"},\"thumbnailUrl\":\"https:\\\/\\\/canal7slp.tv\\\/2022\\\/wp-content\\\/uploads\\\/2022\\\/01\\\/Claudio03CEEPAC.jpg\",\"keywords\":[\"CEEPAC\"],\"articleSection\":[\"DESTACADAS\",\"LOCALES Y REGIONALES\"],\"inLanguage\":\"es\"},{\"@type\":\"WebPage\",\"@id\":\"https:\\\/\\\/canal7slp.tv\\\/2022\\\/ceepac-pide-ampliacion-de-presupuesto\\\/\",\"url\":\"https:\\\/\\\/canal7slp.tv\\\/2022\\\/ceepac-pide-ampliacion-de-presupuesto\\\/\",\"name\":\"CEEPAC pide ampliaci\u00f3n de presupuesto. - Canal 7 SLP - 2022\",\"isPartOf\":{\"@id\":\"https:\\\/\\\/canal7slp.tv\\\/2022\\\/#website\"},\"primaryImageOfPage\":{\"@id\":\"https:\\\/\\\/canal7slp.tv\\\/2022\\\/ceepac-pide-ampliacion-de-presupuesto\\\/#primaryimage\"},\"image\":{\"@id\":\"https:\\\/\\\/canal7slp.tv\\\/2022\\\/ceepac-pide-ampliacion-de-presupuesto\\\/#primaryimage\"},\"thumbnailUrl\":\"https:\\\/\\\/canal7slp.tv\\\/2022\\\/wp-content\\\/uploads\\\/2022\\\/01\\\/Claudio03CEEPAC.jpg\",\"datePublished\":\"2022-01-21T03:37:44+00:00\",\"breadcrumb\":{\"@id\":\"https:\\\/\\\/canal7slp.tv\\\/2022\\\/ceepac-pide-ampliacion-de-presupuesto\\\/#breadcrumb\"},\"inLanguage\":\"es\",\"potentialAction\":[{\"@type\":\"ReadAction\",\"target\":[\"https:\\\/\\\/canal7slp.tv\\\/2022\\\/ceepac-pide-ampliacion-de-presupuesto\\\/\"]}]},{\"@type\":\"ImageObject\",\"inLanguage\":\"es\",\"@id\":\"https:\\\/\\\/canal7slp.tv\\\/2022\\\/ceepac-pide-ampliacion-de-presupuesto\\\/#primaryimage\",\"url\":\"https:\\\/\\\/canal7slp.tv\\\/2022\\\/wp-content\\\/uploads\\\/2022\\\/01\\\/Claudio03CEEPAC.jpg\",\"contentUrl\":\"https:\\\/\\\/canal7slp.tv\\\/2022\\\/wp-content\\\/uploads\\\/2022\\\/01\\\/Claudio03CEEPAC.jpg\",\"width\":888,\"height\":500},{\"@type\":\"BreadcrumbList\",\"@id\":\"https:\\\/\\\/canal7slp.tv\\\/2022\\\/ceepac-pide-ampliacion-de-presupuesto\\\/#breadcrumb\",\"itemListElement\":[{\"@type\":\"ListItem\",\"position\":1,\"name\":\"Portada\",\"item\":\"https:\\\/\\\/canal7slp.tv\\\/2022\\\/\"},{\"@type\":\"ListItem\",\"position\":2,\"name\":\"CEEPAC pide ampliaci\u00f3n de presupuesto.\"}]},{\"@type\":\"WebSite\",\"@id\":\"https:\\\/\\\/canal7slp.tv\\\/2022\\\/#website\",\"url\":\"https:\\\/\\\/canal7slp.tv\\\/2022\\\/\",\"name\":\"N7 - Noticieros Canal 7\",\"description\":\"Somos Televisi\u00f3n\",\"publisher\":{\"@id\":\"https:\\\/\\\/canal7slp.tv\\\/2022\\\/#organization\"},\"potentialAction\":[{\"@type\":\"SearchAction\",\"target\":{\"@type\":\"EntryPoint\",\"urlTemplate\":\"https:\\\/\\\/canal7slp.tv\\\/2022\\\/?s={search_term_string}\"},\"query-input\":{\"@type\":\"PropertyValueSpecification\",\"valueRequired\":true,\"valueName\":\"search_term_string\"}}],\"inLanguage\":\"es\"},{\"@type\":\"Organization\",\"@id\":\"https:\\\/\\\/canal7slp.tv\\\/2022\\\/#organization\",\"name\":\"Noticieros Canal 7\",\"url\":\"https:\\\/\\\/canal7slp.tv\\\/2022\\\/\",\"logo\":{\"@type\":\"ImageObject\",\"inLanguage\":\"es\",\"@id\":\"https:\\\/\\\/canal7slp.tv\\\/2022\\\/#\\\/schema\\\/logo\\\/image\\\/\",\"url\":\"https:\\\/\\\/canal7slp.tv\\\/2022\\\/wp-content\\\/uploads\\\/2021\\\/01\\\/logo-noticieros@2x.png\",\"contentUrl\":\"https:\\\/\\\/canal7slp.tv\\\/2022\\\/wp-content\\\/uploads\\\/2021\\\/01\\\/logo-noticieros@2x.png\",\"width\":1017,\"height\":268,\"caption\":\"Noticieros Canal 7\"},\"image\":{\"@id\":\"https:\\\/\\\/canal7slp.tv\\\/2022\\\/#\\\/schema\\\/logo\\\/image\\\/\"},\"sameAs\":[\"https:\\\/\\\/www.facebook.com\\\/noticieroscanalsiete\",\"https:\\\/\\\/x.com\\\/NOTICIEROS7\",\"https:\\\/\\\/www.instagram.com\\\/canal7_slp\",\"https:\\\/\\\/www.youtube.com\\\/channel\\\/UCliiYs-gP3JfJeqdPrNdd5A\"]},{\"@type\":\"Person\",\"@id\":\"https:\\\/\\\/canal7slp.tv\\\/2022\\\/#\\\/schema\\\/person\\\/429704152a21f5f856ce29aa69a238da\",\"name\":\"Edici\u00f3n Web\",\"image\":{\"@type\":\"ImageObject\",\"inLanguage\":\"es\",\"@id\":\"https:\\\/\\\/secure.gravatar.com\\\/avatar\\\/eee448fc3f7164808013b816ba91ac7e43bbe82a70bebac296f8bc6f0addaa1a?s=96&d=mm&r=g\",\"url\":\"https:\\\/\\\/secure.gravatar.com\\\/avatar\\\/eee448fc3f7164808013b816ba91ac7e43bbe82a70bebac296f8bc6f0addaa1a?s=96&d=mm&r=g\",\"contentUrl\":\"https:\\\/\\\/secure.gravatar.com\\\/avatar\\\/eee448fc3f7164808013b816ba91ac7e43bbe82a70bebac296f8bc6f0addaa1a?s=96&d=mm&r=g\",\"caption\":\"Edici\u00f3n Web\"},\"url\":\"https:\\\/\\\/canal7slp.tv\\\/2022\\\/author\\\/edicionweb\\\/\"}]}<\/script>\n<!-- \/ Yoast SEO plugin. -->","yoast_head_json":{"title":"CEEPAC pide ampliaci\u00f3n de presupuesto. - Canal 7 SLP - 2022","robots":{"index":"index","follow":"follow","max-snippet":"max-snippet:-1","max-image-preview":"max-image-preview:large","max-video-preview":"max-video-preview:-1"},"canonical":"https:\/\/canal7slp.tv\/2022\/ceepac-pide-ampliacion-de-presupuesto\/","og_locale":"es_ES","og_type":"article","og_title":"CEEPAC pide ampliaci\u00f3n de presupuesto. - Canal 7 SLP - 2022","og_description":"SLP.- Debido a la reducci\u00f3n presupuestal para el ejercicio fiscal de este a\u00f1o el Consejo Estatal Electoral y de Participaci\u00f3n Ciudadana, solicitar\u00e1 una ampliaci\u00f3n de recursos que permitan solventar sus necesidades m\u00e1s inmediatas. As\u00ed lo dio a conocer la consejera presidenta de este \u00f3rgano electoral Paloma Blanco L\u00f3pez al decir que ya se hizo formalmente esta petici\u00f3n ante la Secretar\u00eda de Finanzas del gobierno del estado. Explic\u00f3 que su propuesta se basa en que originalmente se hab\u00edan solicitado recursos por un monto de 80 millones de pesos pero como solo obtuvieron 50 millones, ahora es que est\u00e1n solicitando 30 millones [&hellip;]","og_url":"https:\/\/canal7slp.tv\/2022\/ceepac-pide-ampliacion-de-presupuesto\/","og_site_name":"Canal 7 SLP - 2022","article_publisher":"https:\/\/www.facebook.com\/noticieroscanalsiete","article_published_time":"2022-01-21T03:37:44+00:00","og_image":[{"width":888,"height":500,"url":"https:\/\/canal7slp.tv\/2022\/wp-content\/uploads\/2022\/01\/Claudio03CEEPAC.jpg","type":"image\/jpeg"}],"author":"Edici\u00f3n Web","twitter_card":"summary_large_image","twitter_creator":"@NOTICIEROS7","twitter_site":"@NOTICIEROS7","twitter_misc":{"Escrito por":"Edici\u00f3n Web","Tiempo de lectura":"1 minuto"},"schema":{"@context":"https:\/\/schema.org","@graph":[{"@type":"Article","@id":"https:\/\/canal7slp.tv\/2022\/ceepac-pide-ampliacion-de-presupuesto\/#article","isPartOf":{"@id":"https:\/\/canal7slp.tv\/2022\/ceepac-pide-ampliacion-de-presupuesto\/"},"author":{"name":"Edici\u00f3n Web","@id":"https:\/\/canal7slp.tv\/2022\/#\/schema\/person\/429704152a21f5f856ce29aa69a238da"},"headline":"CEEPAC pide ampliaci\u00f3n de presupuesto.","datePublished":"2022-01-21T03:37:44+00:00","mainEntityOfPage":{"@id":"https:\/\/canal7slp.tv\/2022\/ceepac-pide-ampliacion-de-presupuesto\/"},"wordCount":163,"publisher":{"@id":"https:\/\/canal7slp.tv\/2022\/#organization"},"image":{"@id":"https:\/\/canal7slp.tv\/2022\/ceepac-pide-ampliacion-de-presupuesto\/#primaryimage"},"thumbnailUrl":"https:\/\/canal7slp.tv\/2022\/wp-content\/uploads\/2022\/01\/Claudio03CEEPAC.jpg","keywords":["CEEPAC"],"articleSection":["DESTACADAS","LOCALES Y REGIONALES"],"inLanguage":"es"},{"@type":"WebPage","@id":"https:\/\/canal7slp.tv\/2022\/ceepac-pide-ampliacion-de-presupuesto\/","url":"https:\/\/canal7slp.tv\/2022\/ceepac-pide-ampliacion-de-presupuesto\/","name":"CEEPAC pide ampliaci\u00f3n de presupuesto. - Canal 7 SLP - 2022","isPartOf":{"@id":"https:\/\/canal7slp.tv\/2022\/#website"},"primaryImageOfPage":{"@id":"https:\/\/canal7slp.tv\/2022\/ceepac-pide-ampliacion-de-presupuesto\/#primaryimage"},"image":{"@id":"https:\/\/canal7slp.tv\/2022\/ceepac-pide-ampliacion-de-presupuesto\/#primaryimage"},"thumbnailUrl":"https:\/\/canal7slp.tv\/2022\/wp-content\/uploads\/2022\/01\/Claudio03CEEPAC.jpg","datePublished":"2022-01-21T03:37:44+00:00","breadcrumb":{"@id":"https:\/\/canal7slp.tv\/2022\/ceepac-pide-ampliacion-de-presupuesto\/#breadcrumb"},"inLanguage":"es","potentialAction":[{"@type":"ReadAction","target":["https:\/\/canal7slp.tv\/2022\/ceepac-pide-ampliacion-de-presupuesto\/"]}]},{"@type":"ImageObject","inLanguage":"es","@id":"https:\/\/canal7slp.tv\/2022\/ceepac-pide-ampliacion-de-presupuesto\/#primaryimage","url":"https:\/\/canal7slp.tv\/2022\/wp-content\/uploads\/2022\/01\/Claudio03CEEPAC.jpg","contentUrl":"https:\/\/canal7slp.tv\/2022\/wp-content\/uploads\/2022\/01\/Claudio03CEEPAC.jpg","width":888,"height":500},{"@type":"BreadcrumbList","@id":"https:\/\/canal7slp.tv\/2022\/ceepac-pide-ampliacion-de-presupuesto\/#breadcrumb","itemListElement":[{"@type":"ListItem","position":1,"name":"Portada","item":"https:\/\/canal7slp.tv\/2022\/"},{"@type":"ListItem","position":2,"name":"CEEPAC pide ampliaci\u00f3n de presupuesto."}]},{"@type":"WebSite","@id":"https:\/\/canal7slp.tv\/2022\/#website","url":"https:\/\/canal7slp.tv\/2022\/","name":"N7 - Noticieros Canal 7","description":"Somos Televisi\u00f3n","publisher":{"@id":"https:\/\/canal7slp.tv\/2022\/#organization"},"potentialAction":[{"@type":"SearchAction","target":{"@type":"EntryPoint","urlTemplate":"https:\/\/canal7slp.tv\/2022\/?s={search_term_string}"},"query-input":{"@type":"PropertyValueSpecification","valueRequired":true,"valueName":"search_term_string"}}],"inLanguage":"es"},{"@type":"Organization","@id":"https:\/\/canal7slp.tv\/2022\/#organization","name":"Noticieros Canal 7","url":"https:\/\/canal7slp.tv\/2022\/","logo":{"@type":"ImageObject","inLanguage":"es","@id":"https:\/\/canal7slp.tv\/2022\/#\/schema\/logo\/image\/","url":"https:\/\/canal7slp.tv\/2022\/wp-content\/uploads\/2021\/01\/logo-noticieros@2x.png","contentUrl":"https:\/\/canal7slp.tv\/2022\/wp-content\/uploads\/2021\/01\/logo-noticieros@2x.png","width":1017,"height":268,"caption":"Noticieros Canal 7"},"image":{"@id":"https:\/\/canal7slp.tv\/2022\/#\/schema\/logo\/image\/"},"sameAs":["https:\/\/www.facebook.com\/noticieroscanalsiete","https:\/\/x.com\/NOTICIEROS7","https:\/\/www.instagram.com\/canal7_slp","https:\/\/www.youtube.com\/channel\/UCliiYs-gP3JfJeqdPrNdd5A"]},{"@type":"Person","@id":"https:\/\/canal7slp.tv\/2022\/#\/schema\/person\/429704152a21f5f856ce29aa69a238da","name":"Edici\u00f3n Web","image":{"@type":"ImageObject","inLanguage":"es","@id":"https:\/\/secure.gravatar.com\/avatar\/eee448fc3f7164808013b816ba91ac7e43bbe82a70bebac296f8bc6f0addaa1a?s=96&d=mm&r=g","url":"https:\/\/secure.gravatar.com\/avatar\/eee448fc3f7164808013b816ba91ac7e43bbe82a70bebac296f8bc6f0addaa1a?s=96&d=mm&r=g","contentUrl":"https:\/\/secure.gravatar.com\/avatar\/eee448fc3f7164808013b816ba91ac7e43bbe82a70bebac296f8bc6f0addaa1a?s=96&d=mm&r=g","caption":"Edici\u00f3n Web"},"url":"https:\/\/canal7slp.tv\/2022\/author\/edicionweb\/"}]}},"amp_enabled":true,"_links":{"self":[{"href":"https:\/\/canal7slp.tv\/2022\/wp-json\/wp\/v2\/posts\/48562","targetHints":{"allow":["GET"]}}],"collection":[{"href":"https:\/\/canal7slp.tv\/2022\/wp-json\/wp\/v2\/posts"}],"about":[{"href":"https:\/\/canal7slp.tv\/2022\/wp-json\/wp\/v2\/types\/post"}],"author":[{"embeddable":true,"href":"https:\/\/canal7slp.tv\/2022\/wp-json\/wp\/v2\/users\/2"}],"replies":[{"embeddable":true,"href":"https:\/\/canal7slp.tv\/2022\/wp-json\/wp\/v2\/comments?post=48562"}],"version-history":[{"count":3,"href":"https:\/\/canal7slp.tv\/2022\/wp-json\/wp\/v2\/posts\/48562\/revisions"}],"predecessor-version":[{"id":48605,"href":"https:\/\/canal7slp.tv\/2022\/wp-json\/wp\/v2\/posts\/48562\/revisions\/48605"}],"wp:featuredmedia":[{"embeddable":true,"href":"https:\/\/canal7slp.tv\/2022\/wp-json\/wp\/v2\/media\/48604"}],"wp:attachment":[{"href":"https:\/\/canal7slp.tv\/2022\/wp-json\/wp\/v2\/media?parent=48562"}],"wp:term":[{"taxonomy":"category","embeddable":true,"href":"https:\/\/canal7slp.tv\/2022\/wp-json\/wp\/v2\/categories?post=48562"},{"taxonomy":"post_tag","embeddable":true,"href":"https:\/\/canal7slp.tv\/2022\/wp-json\/wp\/v2\/tags?post=48562"}],"curies":[{"name":"wp","href":"https:\/\/api.w.org\/{rel}","templated":true}]}}