{"id":48560,"date":"2022-01-20T22:10:00","date_gmt":"2022-01-21T04:10:00","guid":{"rendered":"https:\/\/canal7slp.tv\/2022\/?p=48560"},"modified":"2022-01-20T22:10:00","modified_gmt":"2022-01-21T04:10:00","slug":"comisiones-analizaran-a-fondo-iniciativa-para-crear-una-guardia-civil-estatal","status":"publish","type":"post","link":"https:\/\/canal7slp.tv\/2022\/comisiones-analizaran-a-fondo-iniciativa-para-crear-una-guardia-civil-estatal\/","title":{"rendered":"Comisiones analizar\u00e1n a fondo iniciativa para crear una Guardia Civil Estatal."},"content":{"rendered":"<p style=\"text-align: justify;\">SLP.- La diputada del Partido Movimiento Ciudadano y Vocal de la Comisi\u00f3n de Seguridad P\u00fablica Emma Idalia Salda\u00f1a le pareci\u00f3 sorprendente que durante la presentaci\u00f3n y entrega de la iniciativa de crear una Guardia Civil Estatal, el gobernador del estado haya dicho que se dotar\u00e1 de armas de grueso calibre a este cuerpo polic\u00edaco.<\/p>\n<p style=\"text-align: justify;\">Coment\u00f3 que esta iniciativa se analizar\u00e1 en comisiones en los pr\u00f3ximos d\u00edas pero dej\u00f3 en claro que en cuanto al tema del tipo de armas que utilizar\u00e1, ser\u00e1n cuidadosos con esta petici\u00f3n.<\/p>\n<p style=\"text-align: justify;\">Asimismo, la diputada se\u00f1al\u00f3 que otro aspecto que tomar\u00e1n en cuenta los diputados para la aprobaci\u00f3n de esta iniciativa es que en el desempe\u00f1o de sus funciones, garantice la seguridad de los ciudadanos y que no vulnere sus derechos humanos.<\/p>\n<p style=\"text-align: justify;\">Finalmente, la diputada integrante de la comisi\u00f3n de Seguridad P\u00fablica afirm\u00f3 que estar\u00e1n vigilantes para que los elementos integrantes de esta Guardia Civil, sean debidamente capacitados seg\u00fan el compromiso hecho por el propio gobernador del estado.<\/p>\n<p style=\"text-align: justify;\">Por: Claudio Ibarra<\/p>\n","protected":false},"excerpt":{"rendered":"<p>SLP.- La diputada del Partido Movimiento Ciudadano y Vocal de la Comisi\u00f3n de Seguridad P\u00fablica Emma Idalia Salda\u00f1a le pareci\u00f3 sorprendente que durante la presentaci\u00f3n y entrega de la iniciativa de crear una Guardia Civil Estatal, el gobernador del estado haya dicho que se dotar\u00e1 de armas de grueso calibre a este cuerpo polic\u00edaco. Coment\u00f3 que esta iniciativa se analizar\u00e1 en comisiones en los pr\u00f3ximos d\u00edas pero dej\u00f3 en claro que en cuanto al tema del tipo de armas que utilizar\u00e1, ser\u00e1n cuidadosos con esta petici\u00f3n. Asimismo, la diputada se\u00f1al\u00f3 que otro aspecto que tomar\u00e1n en cuenta los diputados para [&hellip;]<\/p>\n","protected":false},"author":2,"featured_media":48609,"comment_status":"closed","ping_status":"closed","sticky":false,"template":"","format":"video","meta":{"footnotes":""},"categories":[3,5,45],"tags":[],"class_list":["post-48560","post","type-post","status-publish","format-video","has-post-thumbnail","hentry","category-congreso","category-destacadas","category-localesyregionales","post_format-post-format-video","post--single"],"yoast_head":"<!-- This site is optimized with the Yoast SEO plugin v27.5 - https:\/\/yoast.com\/product\/yoast-seo-wordpress\/ -->\n<title>Comisiones analizar\u00e1n a fondo iniciativa para crear una Guardia Civil Estatal. - Canal 7 SLP - 2022<\/title>\n<meta name=\"robots\" content=\"index, follow, max-snippet:-1, max-image-preview:large, max-video-preview:-1\" \/>\n<link rel=\"canonical\" href=\"https:\/\/canal7slp.tv\/2022\/comisiones-analizaran-a-fondo-iniciativa-para-crear-una-guardia-civil-estatal\/\" \/>\n<meta property=\"og:locale\" content=\"es_ES\" \/>\n<meta property=\"og:type\" content=\"article\" \/>\n<meta property=\"og:title\" content=\"Comisiones analizar\u00e1n a fondo iniciativa para crear una Guardia Civil Estatal. - Canal 7 SLP - 2022\" \/>\n<meta property=\"og:description\" content=\"SLP.- La diputada del Partido Movimiento Ciudadano y Vocal de la Comisi\u00f3n de Seguridad P\u00fablica Emma Idalia Salda\u00f1a le pareci\u00f3 sorprendente que durante la presentaci\u00f3n y entrega de la iniciativa de crear una Guardia Civil Estatal, el gobernador del estado haya dicho que se dotar\u00e1 de armas de grueso calibre a este cuerpo polic\u00edaco. Coment\u00f3 que esta iniciativa se analizar\u00e1 en comisiones en los pr\u00f3ximos d\u00edas pero dej\u00f3 en claro que en cuanto al tema del tipo de armas que utilizar\u00e1, ser\u00e1n cuidadosos con esta petici\u00f3n. Asimismo, la diputada se\u00f1al\u00f3 que otro aspecto que tomar\u00e1n en cuenta los diputados para [&hellip;]\" \/>\n<meta property=\"og:url\" content=\"https:\/\/canal7slp.tv\/2022\/comisiones-analizaran-a-fondo-iniciativa-para-crear-una-guardia-civil-estatal\/\" \/>\n<meta property=\"og:site_name\" content=\"Canal 7 SLP - 2022\" \/>\n<meta property=\"article:publisher\" content=\"https:\/\/www.facebook.com\/noticieroscanalsiete\" \/>\n<meta property=\"article:published_time\" content=\"2022-01-21T04:10:00+00:00\" \/>\n<meta property=\"og:image\" content=\"https:\/\/canal7slp.tv\/2022\/wp-content\/uploads\/2022\/01\/Claudio01Revision.jpg\" \/>\n\t<meta property=\"og:image:width\" content=\"888\" \/>\n\t<meta property=\"og:image:height\" content=\"500\" \/>\n\t<meta property=\"og:image:type\" content=\"image\/jpeg\" \/>\n<meta name=\"author\" content=\"Edici\u00f3n Web\" \/>\n<meta name=\"twitter:card\" content=\"summary_large_image\" \/>\n<meta name=\"twitter:creator\" content=\"@NOTICIEROS7\" \/>\n<meta name=\"twitter:site\" content=\"@NOTICIEROS7\" \/>\n<meta name=\"twitter:label1\" content=\"Escrito por\" \/>\n\t<meta name=\"twitter:data1\" content=\"Edici\u00f3n Web\" \/>\n\t<meta name=\"twitter:label2\" content=\"Tiempo de lectura\" \/>\n\t<meta name=\"twitter:data2\" content=\"1 minuto\" \/>\n<script type=\"application\/ld+json\" class=\"yoast-schema-graph\">{\"@context\":\"https:\\\/\\\/schema.org\",\"@graph\":[{\"@type\":\"Article\",\"@id\":\"https:\\\/\\\/canal7slp.tv\\\/2022\\\/comisiones-analizaran-a-fondo-iniciativa-para-crear-una-guardia-civil-estatal\\\/#article\",\"isPartOf\":{\"@id\":\"https:\\\/\\\/canal7slp.tv\\\/2022\\\/comisiones-analizaran-a-fondo-iniciativa-para-crear-una-guardia-civil-estatal\\\/\"},\"author\":{\"name\":\"Edici\u00f3n Web\",\"@id\":\"https:\\\/\\\/canal7slp.tv\\\/2022\\\/#\\\/schema\\\/person\\\/429704152a21f5f856ce29aa69a238da\"},\"headline\":\"Comisiones analizar\u00e1n a fondo iniciativa para crear una Guardia Civil Estatal.\",\"datePublished\":\"2022-01-21T04:10:00+00:00\",\"mainEntityOfPage\":{\"@id\":\"https:\\\/\\\/canal7slp.tv\\\/2022\\\/comisiones-analizaran-a-fondo-iniciativa-para-crear-una-guardia-civil-estatal\\\/\"},\"wordCount\":195,\"publisher\":{\"@id\":\"https:\\\/\\\/canal7slp.tv\\\/2022\\\/#organization\"},\"image\":{\"@id\":\"https:\\\/\\\/canal7slp.tv\\\/2022\\\/comisiones-analizaran-a-fondo-iniciativa-para-crear-una-guardia-civil-estatal\\\/#primaryimage\"},\"thumbnailUrl\":\"https:\\\/\\\/canal7slp.tv\\\/2022\\\/wp-content\\\/uploads\\\/2022\\\/01\\\/Claudio01Revision.jpg\",\"articleSection\":[\"CONGRESO\",\"DESTACADAS\",\"LOCALES Y REGIONALES\"],\"inLanguage\":\"es\"},{\"@type\":\"WebPage\",\"@id\":\"https:\\\/\\\/canal7slp.tv\\\/2022\\\/comisiones-analizaran-a-fondo-iniciativa-para-crear-una-guardia-civil-estatal\\\/\",\"url\":\"https:\\\/\\\/canal7slp.tv\\\/2022\\\/comisiones-analizaran-a-fondo-iniciativa-para-crear-una-guardia-civil-estatal\\\/\",\"name\":\"Comisiones analizar\u00e1n a fondo iniciativa para crear una Guardia Civil Estatal. - Canal 7 SLP - 2022\",\"isPartOf\":{\"@id\":\"https:\\\/\\\/canal7slp.tv\\\/2022\\\/#website\"},\"primaryImageOfPage\":{\"@id\":\"https:\\\/\\\/canal7slp.tv\\\/2022\\\/comisiones-analizaran-a-fondo-iniciativa-para-crear-una-guardia-civil-estatal\\\/#primaryimage\"},\"image\":{\"@id\":\"https:\\\/\\\/canal7slp.tv\\\/2022\\\/comisiones-analizaran-a-fondo-iniciativa-para-crear-una-guardia-civil-estatal\\\/#primaryimage\"},\"thumbnailUrl\":\"https:\\\/\\\/canal7slp.tv\\\/2022\\\/wp-content\\\/uploads\\\/2022\\\/01\\\/Claudio01Revision.jpg\",\"datePublished\":\"2022-01-21T04:10:00+00:00\",\"breadcrumb\":{\"@id\":\"https:\\\/\\\/canal7slp.tv\\\/2022\\\/comisiones-analizaran-a-fondo-iniciativa-para-crear-una-guardia-civil-estatal\\\/#breadcrumb\"},\"inLanguage\":\"es\",\"potentialAction\":[{\"@type\":\"ReadAction\",\"target\":[\"https:\\\/\\\/canal7slp.tv\\\/2022\\\/comisiones-analizaran-a-fondo-iniciativa-para-crear-una-guardia-civil-estatal\\\/\"]}]},{\"@type\":\"ImageObject\",\"inLanguage\":\"es\",\"@id\":\"https:\\\/\\\/canal7slp.tv\\\/2022\\\/comisiones-analizaran-a-fondo-iniciativa-para-crear-una-guardia-civil-estatal\\\/#primaryimage\",\"url\":\"https:\\\/\\\/canal7slp.tv\\\/2022\\\/wp-content\\\/uploads\\\/2022\\\/01\\\/Claudio01Revision.jpg\",\"contentUrl\":\"https:\\\/\\\/canal7slp.tv\\\/2022\\\/wp-content\\\/uploads\\\/2022\\\/01\\\/Claudio01Revision.jpg\",\"width\":888,\"height\":500},{\"@type\":\"BreadcrumbList\",\"@id\":\"https:\\\/\\\/canal7slp.tv\\\/2022\\\/comisiones-analizaran-a-fondo-iniciativa-para-crear-una-guardia-civil-estatal\\\/#breadcrumb\",\"itemListElement\":[{\"@type\":\"ListItem\",\"position\":1,\"name\":\"Portada\",\"item\":\"https:\\\/\\\/canal7slp.tv\\\/2022\\\/\"},{\"@type\":\"ListItem\",\"position\":2,\"name\":\"Comisiones analizar\u00e1n a fondo iniciativa para crear una Guardia Civil Estatal.\"}]},{\"@type\":\"WebSite\",\"@id\":\"https:\\\/\\\/canal7slp.tv\\\/2022\\\/#website\",\"url\":\"https:\\\/\\\/canal7slp.tv\\\/2022\\\/\",\"name\":\"N7 - Noticieros Canal 7\",\"description\":\"Somos Televisi\u00f3n\",\"publisher\":{\"@id\":\"https:\\\/\\\/canal7slp.tv\\\/2022\\\/#organization\"},\"potentialAction\":[{\"@type\":\"SearchAction\",\"target\":{\"@type\":\"EntryPoint\",\"urlTemplate\":\"https:\\\/\\\/canal7slp.tv\\\/2022\\\/?s={search_term_string}\"},\"query-input\":{\"@type\":\"PropertyValueSpecification\",\"valueRequired\":true,\"valueName\":\"search_term_string\"}}],\"inLanguage\":\"es\"},{\"@type\":\"Organization\",\"@id\":\"https:\\\/\\\/canal7slp.tv\\\/2022\\\/#organization\",\"name\":\"Noticieros Canal 7\",\"url\":\"https:\\\/\\\/canal7slp.tv\\\/2022\\\/\",\"logo\":{\"@type\":\"ImageObject\",\"inLanguage\":\"es\",\"@id\":\"https:\\\/\\\/canal7slp.tv\\\/2022\\\/#\\\/schema\\\/logo\\\/image\\\/\",\"url\":\"https:\\\/\\\/canal7slp.tv\\\/2022\\\/wp-content\\\/uploads\\\/2021\\\/01\\\/logo-noticieros@2x.png\",\"contentUrl\":\"https:\\\/\\\/canal7slp.tv\\\/2022\\\/wp-content\\\/uploads\\\/2021\\\/01\\\/logo-noticieros@2x.png\",\"width\":1017,\"height\":268,\"caption\":\"Noticieros Canal 7\"},\"image\":{\"@id\":\"https:\\\/\\\/canal7slp.tv\\\/2022\\\/#\\\/schema\\\/logo\\\/image\\\/\"},\"sameAs\":[\"https:\\\/\\\/www.facebook.com\\\/noticieroscanalsiete\",\"https:\\\/\\\/x.com\\\/NOTICIEROS7\",\"https:\\\/\\\/www.instagram.com\\\/canal7_slp\",\"https:\\\/\\\/www.youtube.com\\\/channel\\\/UCliiYs-gP3JfJeqdPrNdd5A\"]},{\"@type\":\"Person\",\"@id\":\"https:\\\/\\\/canal7slp.tv\\\/2022\\\/#\\\/schema\\\/person\\\/429704152a21f5f856ce29aa69a238da\",\"name\":\"Edici\u00f3n Web\",\"image\":{\"@type\":\"ImageObject\",\"inLanguage\":\"es\",\"@id\":\"https:\\\/\\\/secure.gravatar.com\\\/avatar\\\/eee448fc3f7164808013b816ba91ac7e43bbe82a70bebac296f8bc6f0addaa1a?s=96&d=mm&r=g\",\"url\":\"https:\\\/\\\/secure.gravatar.com\\\/avatar\\\/eee448fc3f7164808013b816ba91ac7e43bbe82a70bebac296f8bc6f0addaa1a?s=96&d=mm&r=g\",\"contentUrl\":\"https:\\\/\\\/secure.gravatar.com\\\/avatar\\\/eee448fc3f7164808013b816ba91ac7e43bbe82a70bebac296f8bc6f0addaa1a?s=96&d=mm&r=g\",\"caption\":\"Edici\u00f3n Web\"},\"url\":\"https:\\\/\\\/canal7slp.tv\\\/2022\\\/author\\\/edicionweb\\\/\"}]}<\/script>\n<!-- \/ Yoast SEO plugin. -->","yoast_head_json":{"title":"Comisiones analizar\u00e1n a fondo iniciativa para crear una Guardia Civil Estatal. - Canal 7 SLP - 2022","robots":{"index":"index","follow":"follow","max-snippet":"max-snippet:-1","max-image-preview":"max-image-preview:large","max-video-preview":"max-video-preview:-1"},"canonical":"https:\/\/canal7slp.tv\/2022\/comisiones-analizaran-a-fondo-iniciativa-para-crear-una-guardia-civil-estatal\/","og_locale":"es_ES","og_type":"article","og_title":"Comisiones analizar\u00e1n a fondo iniciativa para crear una Guardia Civil Estatal. - Canal 7 SLP - 2022","og_description":"SLP.- La diputada del Partido Movimiento Ciudadano y Vocal de la Comisi\u00f3n de Seguridad P\u00fablica Emma Idalia Salda\u00f1a le pareci\u00f3 sorprendente que durante la presentaci\u00f3n y entrega de la iniciativa de crear una Guardia Civil Estatal, el gobernador del estado haya dicho que se dotar\u00e1 de armas de grueso calibre a este cuerpo polic\u00edaco. Coment\u00f3 que esta iniciativa se analizar\u00e1 en comisiones en los pr\u00f3ximos d\u00edas pero dej\u00f3 en claro que en cuanto al tema del tipo de armas que utilizar\u00e1, ser\u00e1n cuidadosos con esta petici\u00f3n. Asimismo, la diputada se\u00f1al\u00f3 que otro aspecto que tomar\u00e1n en cuenta los diputados para [&hellip;]","og_url":"https:\/\/canal7slp.tv\/2022\/comisiones-analizaran-a-fondo-iniciativa-para-crear-una-guardia-civil-estatal\/","og_site_name":"Canal 7 SLP - 2022","article_publisher":"https:\/\/www.facebook.com\/noticieroscanalsiete","article_published_time":"2022-01-21T04:10:00+00:00","og_image":[{"width":888,"height":500,"url":"https:\/\/canal7slp.tv\/2022\/wp-content\/uploads\/2022\/01\/Claudio01Revision.jpg","type":"image\/jpeg"}],"author":"Edici\u00f3n Web","twitter_card":"summary_large_image","twitter_creator":"@NOTICIEROS7","twitter_site":"@NOTICIEROS7","twitter_misc":{"Escrito por":"Edici\u00f3n Web","Tiempo de lectura":"1 minuto"},"schema":{"@context":"https:\/\/schema.org","@graph":[{"@type":"Article","@id":"https:\/\/canal7slp.tv\/2022\/comisiones-analizaran-a-fondo-iniciativa-para-crear-una-guardia-civil-estatal\/#article","isPartOf":{"@id":"https:\/\/canal7slp.tv\/2022\/comisiones-analizaran-a-fondo-iniciativa-para-crear-una-guardia-civil-estatal\/"},"author":{"name":"Edici\u00f3n Web","@id":"https:\/\/canal7slp.tv\/2022\/#\/schema\/person\/429704152a21f5f856ce29aa69a238da"},"headline":"Comisiones analizar\u00e1n a fondo iniciativa para crear una Guardia Civil Estatal.","datePublished":"2022-01-21T04:10:00+00:00","mainEntityOfPage":{"@id":"https:\/\/canal7slp.tv\/2022\/comisiones-analizaran-a-fondo-iniciativa-para-crear-una-guardia-civil-estatal\/"},"wordCount":195,"publisher":{"@id":"https:\/\/canal7slp.tv\/2022\/#organization"},"image":{"@id":"https:\/\/canal7slp.tv\/2022\/comisiones-analizaran-a-fondo-iniciativa-para-crear-una-guardia-civil-estatal\/#primaryimage"},"thumbnailUrl":"https:\/\/canal7slp.tv\/2022\/wp-content\/uploads\/2022\/01\/Claudio01Revision.jpg","articleSection":["CONGRESO","DESTACADAS","LOCALES Y REGIONALES"],"inLanguage":"es"},{"@type":"WebPage","@id":"https:\/\/canal7slp.tv\/2022\/comisiones-analizaran-a-fondo-iniciativa-para-crear-una-guardia-civil-estatal\/","url":"https:\/\/canal7slp.tv\/2022\/comisiones-analizaran-a-fondo-iniciativa-para-crear-una-guardia-civil-estatal\/","name":"Comisiones analizar\u00e1n a fondo iniciativa para crear una Guardia Civil Estatal. - Canal 7 SLP - 2022","isPartOf":{"@id":"https:\/\/canal7slp.tv\/2022\/#website"},"primaryImageOfPage":{"@id":"https:\/\/canal7slp.tv\/2022\/comisiones-analizaran-a-fondo-iniciativa-para-crear-una-guardia-civil-estatal\/#primaryimage"},"image":{"@id":"https:\/\/canal7slp.tv\/2022\/comisiones-analizaran-a-fondo-iniciativa-para-crear-una-guardia-civil-estatal\/#primaryimage"},"thumbnailUrl":"https:\/\/canal7slp.tv\/2022\/wp-content\/uploads\/2022\/01\/Claudio01Revision.jpg","datePublished":"2022-01-21T04:10:00+00:00","breadcrumb":{"@id":"https:\/\/canal7slp.tv\/2022\/comisiones-analizaran-a-fondo-iniciativa-para-crear-una-guardia-civil-estatal\/#breadcrumb"},"inLanguage":"es","potentialAction":[{"@type":"ReadAction","target":["https:\/\/canal7slp.tv\/2022\/comisiones-analizaran-a-fondo-iniciativa-para-crear-una-guardia-civil-estatal\/"]}]},{"@type":"ImageObject","inLanguage":"es","@id":"https:\/\/canal7slp.tv\/2022\/comisiones-analizaran-a-fondo-iniciativa-para-crear-una-guardia-civil-estatal\/#primaryimage","url":"https:\/\/canal7slp.tv\/2022\/wp-content\/uploads\/2022\/01\/Claudio01Revision.jpg","contentUrl":"https:\/\/canal7slp.tv\/2022\/wp-content\/uploads\/2022\/01\/Claudio01Revision.jpg","width":888,"height":500},{"@type":"BreadcrumbList","@id":"https:\/\/canal7slp.tv\/2022\/comisiones-analizaran-a-fondo-iniciativa-para-crear-una-guardia-civil-estatal\/#breadcrumb","itemListElement":[{"@type":"ListItem","position":1,"name":"Portada","item":"https:\/\/canal7slp.tv\/2022\/"},{"@type":"ListItem","position":2,"name":"Comisiones analizar\u00e1n a fondo iniciativa para crear una Guardia Civil Estatal."}]},{"@type":"WebSite","@id":"https:\/\/canal7slp.tv\/2022\/#website","url":"https:\/\/canal7slp.tv\/2022\/","name":"N7 - Noticieros Canal 7","description":"Somos Televisi\u00f3n","publisher":{"@id":"https:\/\/canal7slp.tv\/2022\/#organization"},"potentialAction":[{"@type":"SearchAction","target":{"@type":"EntryPoint","urlTemplate":"https:\/\/canal7slp.tv\/2022\/?s={search_term_string}"},"query-input":{"@type":"PropertyValueSpecification","valueRequired":true,"valueName":"search_term_string"}}],"inLanguage":"es"},{"@type":"Organization","@id":"https:\/\/canal7slp.tv\/2022\/#organization","name":"Noticieros Canal 7","url":"https:\/\/canal7slp.tv\/2022\/","logo":{"@type":"ImageObject","inLanguage":"es","@id":"https:\/\/canal7slp.tv\/2022\/#\/schema\/logo\/image\/","url":"https:\/\/canal7slp.tv\/2022\/wp-content\/uploads\/2021\/01\/logo-noticieros@2x.png","contentUrl":"https:\/\/canal7slp.tv\/2022\/wp-content\/uploads\/2021\/01\/logo-noticieros@2x.png","width":1017,"height":268,"caption":"Noticieros Canal 7"},"image":{"@id":"https:\/\/canal7slp.tv\/2022\/#\/schema\/logo\/image\/"},"sameAs":["https:\/\/www.facebook.com\/noticieroscanalsiete","https:\/\/x.com\/NOTICIEROS7","https:\/\/www.instagram.com\/canal7_slp","https:\/\/www.youtube.com\/channel\/UCliiYs-gP3JfJeqdPrNdd5A"]},{"@type":"Person","@id":"https:\/\/canal7slp.tv\/2022\/#\/schema\/person\/429704152a21f5f856ce29aa69a238da","name":"Edici\u00f3n Web","image":{"@type":"ImageObject","inLanguage":"es","@id":"https:\/\/secure.gravatar.com\/avatar\/eee448fc3f7164808013b816ba91ac7e43bbe82a70bebac296f8bc6f0addaa1a?s=96&d=mm&r=g","url":"https:\/\/secure.gravatar.com\/avatar\/eee448fc3f7164808013b816ba91ac7e43bbe82a70bebac296f8bc6f0addaa1a?s=96&d=mm&r=g","contentUrl":"https:\/\/secure.gravatar.com\/avatar\/eee448fc3f7164808013b816ba91ac7e43bbe82a70bebac296f8bc6f0addaa1a?s=96&d=mm&r=g","caption":"Edici\u00f3n Web"},"url":"https:\/\/canal7slp.tv\/2022\/author\/edicionweb\/"}]}},"amp_enabled":true,"_links":{"self":[{"href":"https:\/\/canal7slp.tv\/2022\/wp-json\/wp\/v2\/posts\/48560","targetHints":{"allow":["GET"]}}],"collection":[{"href":"https:\/\/canal7slp.tv\/2022\/wp-json\/wp\/v2\/posts"}],"about":[{"href":"https:\/\/canal7slp.tv\/2022\/wp-json\/wp\/v2\/types\/post"}],"author":[{"embeddable":true,"href":"https:\/\/canal7slp.tv\/2022\/wp-json\/wp\/v2\/users\/2"}],"replies":[{"embeddable":true,"href":"https:\/\/canal7slp.tv\/2022\/wp-json\/wp\/v2\/comments?post=48560"}],"version-history":[{"count":3,"href":"https:\/\/canal7slp.tv\/2022\/wp-json\/wp\/v2\/posts\/48560\/revisions"}],"predecessor-version":[{"id":48610,"href":"https:\/\/canal7slp.tv\/2022\/wp-json\/wp\/v2\/posts\/48560\/revisions\/48610"}],"wp:featuredmedia":[{"embeddable":true,"href":"https:\/\/canal7slp.tv\/2022\/wp-json\/wp\/v2\/media\/48609"}],"wp:attachment":[{"href":"https:\/\/canal7slp.tv\/2022\/wp-json\/wp\/v2\/media?parent=48560"}],"wp:term":[{"taxonomy":"category","embeddable":true,"href":"https:\/\/canal7slp.tv\/2022\/wp-json\/wp\/v2\/categories?post=48560"},{"taxonomy":"post_tag","embeddable":true,"href":"https:\/\/canal7slp.tv\/2022\/wp-json\/wp\/v2\/tags?post=48560"}],"curies":[{"name":"wp","href":"https:\/\/api.w.org\/{rel}","templated":true}]}}