{"id":47261,"date":"2022-01-07T13:50:26","date_gmt":"2022-01-07T19:50:26","guid":{"rendered":"https:\/\/canal7slp.tv\/2022\/?p=47261"},"modified":"2022-01-07T13:50:26","modified_gmt":"2022-01-07T19:50:26","slug":"msf-denuncia-abusos-policiacos-contra-migrantes","status":"publish","type":"post","link":"https:\/\/canal7slp.tv\/2022\/msf-denuncia-abusos-policiacos-contra-migrantes\/","title":{"rendered":"MSF denuncia abusos policiacos contra migrantes"},"content":{"rendered":"<p style=\"text-align: justify;\">M\u00e9xico.- M\u00e9dicos Sin Fronteras (MSF) se\u00f1al\u00f3 que en M\u00e9xico ha ido en aumento la criminalizaci\u00f3n y abusos por parte de polic\u00edas de distintos niveles de gobierno en contra de los migrantes que cruzan por el pa\u00eds con rumbo a Estados Unidos.<\/p>\n<p style=\"text-align: justify;\">La organizaci\u00f3n se\u00f1al\u00f3 que el 28 de diciembre de 2021 en Coatzacoalcos, Veracruz, el equipo que brinda asistencia m\u00e9dica, psicol\u00f3gica y de trabajo social a migrantes fue testigo directo del abuso y maltrato de una brigada policial a la poblaci\u00f3n migrante y a los vecinos de la zona.<\/p>\n<p style=\"text-align: justify;\">\u00abLos polic\u00edas estaban encapuchados, distribuidos estrat\u00e9gicamente para realizar revisiones de mochilas de los migrantes de forma arbitraria: un polic\u00eda ped\u00eda la mochila y la llevaba a la cabina de la patrulla, otro revisaba pertenencias, y -seg\u00fan testimonios de los migrantes- se quedaban con el dinero que encontraban\u00bb, se\u00f1al\u00f3 Gemma Dom\u00ednguez, jefa de Misi\u00f3n de MSF en M\u00e9xico.<\/p>\n<p style=\"text-align: justify;\">\u201cLos polic\u00edas, al darse cuenta que la gente los ve\u00eda y comenzaba a grabar se acercaron a las personas con prepotencia y los insultaron siguieron a una persona hasta dentro de su casa y lo sacaron apunt\u00e1ndole con sus armas. Sin importarles qui\u00e9n estuviera ah\u00ed, amedrentaron a los que lo defend\u00edan, los empujaban con el cuerpo, incluso llegaron a dar manotazos para apartarlos. Se lo llevaron a la patrulla y lo empezaron a interrogar\u201d, agreg\u00f3.<\/p>\n<p style=\"text-align: justify;\">Dichas declaraciones son id\u00e9nticas a las de los propios migrantes.<\/p>\n<p style=\"text-align: justify;\">Una mujer salvadore\u00f1a, que esta embarazada, asegur\u00f3 que los polic\u00edas les dijeron que \u201ccomo nosotros \u00e9ramos migrantes, \u00e9ramos f\u00e1ciles de desaparecer, que ya ten\u00edan los hoyos hechos donde nos iban a dejar si no les colaboramos con el dinero\u201d.<\/p>\n<p style=\"text-align: justify;\">Aunado a esta, otra extrajera coment\u00f3 que \u201cantes de suceder el desorden estaban quit\u00e1ndole el dinero a los pobres hondure\u00f1os que ven\u00edan, los agarraban del cuello de la camisa y los hac\u00edan (haciendo se\u00f1al de aventarlos) para all\u00e1, los hac\u00edan como trapitos viejos a los pobres\u201d.<\/p>\n","protected":false},"excerpt":{"rendered":"<p>M\u00e9xico.- M\u00e9dicos Sin Fronteras (MSF) se\u00f1al\u00f3 que en M\u00e9xico ha ido en aumento la criminalizaci\u00f3n y abusos por parte de polic\u00edas de distintos niveles de gobierno en contra de los migrantes que cruzan por el pa\u00eds con rumbo a Estados Unidos. La organizaci\u00f3n se\u00f1al\u00f3 que el 28 de diciembre de 2021 en Coatzacoalcos, Veracruz, el equipo que brinda asistencia m\u00e9dica, psicol\u00f3gica y de trabajo social a migrantes fue testigo directo del abuso y maltrato de una brigada policial a la poblaci\u00f3n migrante y a los vecinos de la zona. \u00abLos polic\u00edas estaban encapuchados, distribuidos estrat\u00e9gicamente para realizar revisiones de mochilas [&hellip;]<\/p>\n","protected":false},"author":2,"featured_media":47271,"comment_status":"closed","ping_status":"closed","sticky":false,"template":"","format":"standard","meta":{"footnotes":""},"categories":[46],"tags":[],"class_list":["post-47261","post","type-post","status-publish","format-standard","has-post-thumbnail","hentry","category-nacional","post--single"],"yoast_head":"<!-- This site is optimized with the Yoast SEO plugin v27.5 - https:\/\/yoast.com\/product\/yoast-seo-wordpress\/ -->\n<title>MSF denuncia abusos policiacos contra migrantes - Canal 7 SLP - 2022<\/title>\n<meta name=\"robots\" content=\"index, follow, max-snippet:-1, max-image-preview:large, max-video-preview:-1\" \/>\n<link rel=\"canonical\" href=\"https:\/\/canal7slp.tv\/2022\/msf-denuncia-abusos-policiacos-contra-migrantes\/\" \/>\n<meta property=\"og:locale\" content=\"es_ES\" \/>\n<meta property=\"og:type\" content=\"article\" \/>\n<meta property=\"og:title\" content=\"MSF denuncia abusos policiacos contra migrantes - Canal 7 SLP - 2022\" \/>\n<meta property=\"og:description\" content=\"M\u00e9xico.- M\u00e9dicos Sin Fronteras (MSF) se\u00f1al\u00f3 que en M\u00e9xico ha ido en aumento la criminalizaci\u00f3n y abusos por parte de polic\u00edas de distintos niveles de gobierno en contra de los migrantes que cruzan por el pa\u00eds con rumbo a Estados Unidos. La organizaci\u00f3n se\u00f1al\u00f3 que el 28 de diciembre de 2021 en Coatzacoalcos, Veracruz, el equipo que brinda asistencia m\u00e9dica, psicol\u00f3gica y de trabajo social a migrantes fue testigo directo del abuso y maltrato de una brigada policial a la poblaci\u00f3n migrante y a los vecinos de la zona. \u00abLos polic\u00edas estaban encapuchados, distribuidos estrat\u00e9gicamente para realizar revisiones de mochilas [&hellip;]\" \/>\n<meta property=\"og:url\" content=\"https:\/\/canal7slp.tv\/2022\/msf-denuncia-abusos-policiacos-contra-migrantes\/\" \/>\n<meta property=\"og:site_name\" content=\"Canal 7 SLP - 2022\" \/>\n<meta property=\"article:publisher\" content=\"https:\/\/www.facebook.com\/noticieroscanalsiete\" \/>\n<meta property=\"article:published_time\" content=\"2022-01-07T19:50:26+00:00\" \/>\n<meta property=\"og:image\" content=\"https:\/\/canal7slp.tv\/2022\/wp-content\/uploads\/2022\/01\/03-6.jpg\" \/>\n\t<meta property=\"og:image:width\" content=\"760\" \/>\n\t<meta property=\"og:image:height\" content=\"380\" \/>\n\t<meta property=\"og:image:type\" content=\"image\/jpeg\" \/>\n<meta name=\"author\" content=\"Edici\u00f3n Web\" \/>\n<meta name=\"twitter:card\" content=\"summary_large_image\" \/>\n<meta name=\"twitter:creator\" content=\"@NOTICIEROS7\" \/>\n<meta name=\"twitter:site\" content=\"@NOTICIEROS7\" \/>\n<meta name=\"twitter:label1\" content=\"Escrito por\" \/>\n\t<meta name=\"twitter:data1\" content=\"Edici\u00f3n Web\" \/>\n\t<meta name=\"twitter:label2\" content=\"Tiempo de lectura\" \/>\n\t<meta name=\"twitter:data2\" content=\"2 minutos\" \/>\n<script type=\"application\/ld+json\" class=\"yoast-schema-graph\">{\"@context\":\"https:\\\/\\\/schema.org\",\"@graph\":[{\"@type\":\"Article\",\"@id\":\"https:\\\/\\\/canal7slp.tv\\\/2022\\\/msf-denuncia-abusos-policiacos-contra-migrantes\\\/#article\",\"isPartOf\":{\"@id\":\"https:\\\/\\\/canal7slp.tv\\\/2022\\\/msf-denuncia-abusos-policiacos-contra-migrantes\\\/\"},\"author\":{\"name\":\"Edici\u00f3n Web\",\"@id\":\"https:\\\/\\\/canal7slp.tv\\\/2022\\\/#\\\/schema\\\/person\\\/429704152a21f5f856ce29aa69a238da\"},\"headline\":\"MSF denuncia abusos policiacos contra migrantes\",\"datePublished\":\"2022-01-07T19:50:26+00:00\",\"mainEntityOfPage\":{\"@id\":\"https:\\\/\\\/canal7slp.tv\\\/2022\\\/msf-denuncia-abusos-policiacos-contra-migrantes\\\/\"},\"wordCount\":358,\"publisher\":{\"@id\":\"https:\\\/\\\/canal7slp.tv\\\/2022\\\/#organization\"},\"image\":{\"@id\":\"https:\\\/\\\/canal7slp.tv\\\/2022\\\/msf-denuncia-abusos-policiacos-contra-migrantes\\\/#primaryimage\"},\"thumbnailUrl\":\"https:\\\/\\\/canal7slp.tv\\\/2022\\\/wp-content\\\/uploads\\\/2022\\\/01\\\/03-6.jpg\",\"articleSection\":[\"NACIONALES\"],\"inLanguage\":\"es\"},{\"@type\":\"WebPage\",\"@id\":\"https:\\\/\\\/canal7slp.tv\\\/2022\\\/msf-denuncia-abusos-policiacos-contra-migrantes\\\/\",\"url\":\"https:\\\/\\\/canal7slp.tv\\\/2022\\\/msf-denuncia-abusos-policiacos-contra-migrantes\\\/\",\"name\":\"MSF denuncia abusos policiacos contra migrantes - Canal 7 SLP - 2022\",\"isPartOf\":{\"@id\":\"https:\\\/\\\/canal7slp.tv\\\/2022\\\/#website\"},\"primaryImageOfPage\":{\"@id\":\"https:\\\/\\\/canal7slp.tv\\\/2022\\\/msf-denuncia-abusos-policiacos-contra-migrantes\\\/#primaryimage\"},\"image\":{\"@id\":\"https:\\\/\\\/canal7slp.tv\\\/2022\\\/msf-denuncia-abusos-policiacos-contra-migrantes\\\/#primaryimage\"},\"thumbnailUrl\":\"https:\\\/\\\/canal7slp.tv\\\/2022\\\/wp-content\\\/uploads\\\/2022\\\/01\\\/03-6.jpg\",\"datePublished\":\"2022-01-07T19:50:26+00:00\",\"breadcrumb\":{\"@id\":\"https:\\\/\\\/canal7slp.tv\\\/2022\\\/msf-denuncia-abusos-policiacos-contra-migrantes\\\/#breadcrumb\"},\"inLanguage\":\"es\",\"potentialAction\":[{\"@type\":\"ReadAction\",\"target\":[\"https:\\\/\\\/canal7slp.tv\\\/2022\\\/msf-denuncia-abusos-policiacos-contra-migrantes\\\/\"]}]},{\"@type\":\"ImageObject\",\"inLanguage\":\"es\",\"@id\":\"https:\\\/\\\/canal7slp.tv\\\/2022\\\/msf-denuncia-abusos-policiacos-contra-migrantes\\\/#primaryimage\",\"url\":\"https:\\\/\\\/canal7slp.tv\\\/2022\\\/wp-content\\\/uploads\\\/2022\\\/01\\\/03-6.jpg\",\"contentUrl\":\"https:\\\/\\\/canal7slp.tv\\\/2022\\\/wp-content\\\/uploads\\\/2022\\\/01\\\/03-6.jpg\",\"width\":760,\"height\":380},{\"@type\":\"BreadcrumbList\",\"@id\":\"https:\\\/\\\/canal7slp.tv\\\/2022\\\/msf-denuncia-abusos-policiacos-contra-migrantes\\\/#breadcrumb\",\"itemListElement\":[{\"@type\":\"ListItem\",\"position\":1,\"name\":\"Portada\",\"item\":\"https:\\\/\\\/canal7slp.tv\\\/2022\\\/\"},{\"@type\":\"ListItem\",\"position\":2,\"name\":\"MSF denuncia abusos policiacos contra migrantes\"}]},{\"@type\":\"WebSite\",\"@id\":\"https:\\\/\\\/canal7slp.tv\\\/2022\\\/#website\",\"url\":\"https:\\\/\\\/canal7slp.tv\\\/2022\\\/\",\"name\":\"N7 - Noticieros Canal 7\",\"description\":\"Somos Televisi\u00f3n\",\"publisher\":{\"@id\":\"https:\\\/\\\/canal7slp.tv\\\/2022\\\/#organization\"},\"potentialAction\":[{\"@type\":\"SearchAction\",\"target\":{\"@type\":\"EntryPoint\",\"urlTemplate\":\"https:\\\/\\\/canal7slp.tv\\\/2022\\\/?s={search_term_string}\"},\"query-input\":{\"@type\":\"PropertyValueSpecification\",\"valueRequired\":true,\"valueName\":\"search_term_string\"}}],\"inLanguage\":\"es\"},{\"@type\":\"Organization\",\"@id\":\"https:\\\/\\\/canal7slp.tv\\\/2022\\\/#organization\",\"name\":\"Noticieros Canal 7\",\"url\":\"https:\\\/\\\/canal7slp.tv\\\/2022\\\/\",\"logo\":{\"@type\":\"ImageObject\",\"inLanguage\":\"es\",\"@id\":\"https:\\\/\\\/canal7slp.tv\\\/2022\\\/#\\\/schema\\\/logo\\\/image\\\/\",\"url\":\"https:\\\/\\\/canal7slp.tv\\\/2022\\\/wp-content\\\/uploads\\\/2021\\\/01\\\/logo-noticieros@2x.png\",\"contentUrl\":\"https:\\\/\\\/canal7slp.tv\\\/2022\\\/wp-content\\\/uploads\\\/2021\\\/01\\\/logo-noticieros@2x.png\",\"width\":1017,\"height\":268,\"caption\":\"Noticieros Canal 7\"},\"image\":{\"@id\":\"https:\\\/\\\/canal7slp.tv\\\/2022\\\/#\\\/schema\\\/logo\\\/image\\\/\"},\"sameAs\":[\"https:\\\/\\\/www.facebook.com\\\/noticieroscanalsiete\",\"https:\\\/\\\/x.com\\\/NOTICIEROS7\",\"https:\\\/\\\/www.instagram.com\\\/canal7_slp\",\"https:\\\/\\\/www.youtube.com\\\/channel\\\/UCliiYs-gP3JfJeqdPrNdd5A\"]},{\"@type\":\"Person\",\"@id\":\"https:\\\/\\\/canal7slp.tv\\\/2022\\\/#\\\/schema\\\/person\\\/429704152a21f5f856ce29aa69a238da\",\"name\":\"Edici\u00f3n Web\",\"image\":{\"@type\":\"ImageObject\",\"inLanguage\":\"es\",\"@id\":\"https:\\\/\\\/secure.gravatar.com\\\/avatar\\\/eee448fc3f7164808013b816ba91ac7e43bbe82a70bebac296f8bc6f0addaa1a?s=96&d=mm&r=g\",\"url\":\"https:\\\/\\\/secure.gravatar.com\\\/avatar\\\/eee448fc3f7164808013b816ba91ac7e43bbe82a70bebac296f8bc6f0addaa1a?s=96&d=mm&r=g\",\"contentUrl\":\"https:\\\/\\\/secure.gravatar.com\\\/avatar\\\/eee448fc3f7164808013b816ba91ac7e43bbe82a70bebac296f8bc6f0addaa1a?s=96&d=mm&r=g\",\"caption\":\"Edici\u00f3n Web\"},\"url\":\"https:\\\/\\\/canal7slp.tv\\\/2022\\\/author\\\/edicionweb\\\/\"}]}<\/script>\n<!-- \/ Yoast SEO plugin. -->","yoast_head_json":{"title":"MSF denuncia abusos policiacos contra migrantes - Canal 7 SLP - 2022","robots":{"index":"index","follow":"follow","max-snippet":"max-snippet:-1","max-image-preview":"max-image-preview:large","max-video-preview":"max-video-preview:-1"},"canonical":"https:\/\/canal7slp.tv\/2022\/msf-denuncia-abusos-policiacos-contra-migrantes\/","og_locale":"es_ES","og_type":"article","og_title":"MSF denuncia abusos policiacos contra migrantes - Canal 7 SLP - 2022","og_description":"M\u00e9xico.- M\u00e9dicos Sin Fronteras (MSF) se\u00f1al\u00f3 que en M\u00e9xico ha ido en aumento la criminalizaci\u00f3n y abusos por parte de polic\u00edas de distintos niveles de gobierno en contra de los migrantes que cruzan por el pa\u00eds con rumbo a Estados Unidos. La organizaci\u00f3n se\u00f1al\u00f3 que el 28 de diciembre de 2021 en Coatzacoalcos, Veracruz, el equipo que brinda asistencia m\u00e9dica, psicol\u00f3gica y de trabajo social a migrantes fue testigo directo del abuso y maltrato de una brigada policial a la poblaci\u00f3n migrante y a los vecinos de la zona. \u00abLos polic\u00edas estaban encapuchados, distribuidos estrat\u00e9gicamente para realizar revisiones de mochilas [&hellip;]","og_url":"https:\/\/canal7slp.tv\/2022\/msf-denuncia-abusos-policiacos-contra-migrantes\/","og_site_name":"Canal 7 SLP - 2022","article_publisher":"https:\/\/www.facebook.com\/noticieroscanalsiete","article_published_time":"2022-01-07T19:50:26+00:00","og_image":[{"width":760,"height":380,"url":"https:\/\/canal7slp.tv\/2022\/wp-content\/uploads\/2022\/01\/03-6.jpg","type":"image\/jpeg"}],"author":"Edici\u00f3n Web","twitter_card":"summary_large_image","twitter_creator":"@NOTICIEROS7","twitter_site":"@NOTICIEROS7","twitter_misc":{"Escrito por":"Edici\u00f3n Web","Tiempo de lectura":"2 minutos"},"schema":{"@context":"https:\/\/schema.org","@graph":[{"@type":"Article","@id":"https:\/\/canal7slp.tv\/2022\/msf-denuncia-abusos-policiacos-contra-migrantes\/#article","isPartOf":{"@id":"https:\/\/canal7slp.tv\/2022\/msf-denuncia-abusos-policiacos-contra-migrantes\/"},"author":{"name":"Edici\u00f3n Web","@id":"https:\/\/canal7slp.tv\/2022\/#\/schema\/person\/429704152a21f5f856ce29aa69a238da"},"headline":"MSF denuncia abusos policiacos contra migrantes","datePublished":"2022-01-07T19:50:26+00:00","mainEntityOfPage":{"@id":"https:\/\/canal7slp.tv\/2022\/msf-denuncia-abusos-policiacos-contra-migrantes\/"},"wordCount":358,"publisher":{"@id":"https:\/\/canal7slp.tv\/2022\/#organization"},"image":{"@id":"https:\/\/canal7slp.tv\/2022\/msf-denuncia-abusos-policiacos-contra-migrantes\/#primaryimage"},"thumbnailUrl":"https:\/\/canal7slp.tv\/2022\/wp-content\/uploads\/2022\/01\/03-6.jpg","articleSection":["NACIONALES"],"inLanguage":"es"},{"@type":"WebPage","@id":"https:\/\/canal7slp.tv\/2022\/msf-denuncia-abusos-policiacos-contra-migrantes\/","url":"https:\/\/canal7slp.tv\/2022\/msf-denuncia-abusos-policiacos-contra-migrantes\/","name":"MSF denuncia abusos policiacos contra migrantes - Canal 7 SLP - 2022","isPartOf":{"@id":"https:\/\/canal7slp.tv\/2022\/#website"},"primaryImageOfPage":{"@id":"https:\/\/canal7slp.tv\/2022\/msf-denuncia-abusos-policiacos-contra-migrantes\/#primaryimage"},"image":{"@id":"https:\/\/canal7slp.tv\/2022\/msf-denuncia-abusos-policiacos-contra-migrantes\/#primaryimage"},"thumbnailUrl":"https:\/\/canal7slp.tv\/2022\/wp-content\/uploads\/2022\/01\/03-6.jpg","datePublished":"2022-01-07T19:50:26+00:00","breadcrumb":{"@id":"https:\/\/canal7slp.tv\/2022\/msf-denuncia-abusos-policiacos-contra-migrantes\/#breadcrumb"},"inLanguage":"es","potentialAction":[{"@type":"ReadAction","target":["https:\/\/canal7slp.tv\/2022\/msf-denuncia-abusos-policiacos-contra-migrantes\/"]}]},{"@type":"ImageObject","inLanguage":"es","@id":"https:\/\/canal7slp.tv\/2022\/msf-denuncia-abusos-policiacos-contra-migrantes\/#primaryimage","url":"https:\/\/canal7slp.tv\/2022\/wp-content\/uploads\/2022\/01\/03-6.jpg","contentUrl":"https:\/\/canal7slp.tv\/2022\/wp-content\/uploads\/2022\/01\/03-6.jpg","width":760,"height":380},{"@type":"BreadcrumbList","@id":"https:\/\/canal7slp.tv\/2022\/msf-denuncia-abusos-policiacos-contra-migrantes\/#breadcrumb","itemListElement":[{"@type":"ListItem","position":1,"name":"Portada","item":"https:\/\/canal7slp.tv\/2022\/"},{"@type":"ListItem","position":2,"name":"MSF denuncia abusos policiacos contra migrantes"}]},{"@type":"WebSite","@id":"https:\/\/canal7slp.tv\/2022\/#website","url":"https:\/\/canal7slp.tv\/2022\/","name":"N7 - Noticieros Canal 7","description":"Somos Televisi\u00f3n","publisher":{"@id":"https:\/\/canal7slp.tv\/2022\/#organization"},"potentialAction":[{"@type":"SearchAction","target":{"@type":"EntryPoint","urlTemplate":"https:\/\/canal7slp.tv\/2022\/?s={search_term_string}"},"query-input":{"@type":"PropertyValueSpecification","valueRequired":true,"valueName":"search_term_string"}}],"inLanguage":"es"},{"@type":"Organization","@id":"https:\/\/canal7slp.tv\/2022\/#organization","name":"Noticieros Canal 7","url":"https:\/\/canal7slp.tv\/2022\/","logo":{"@type":"ImageObject","inLanguage":"es","@id":"https:\/\/canal7slp.tv\/2022\/#\/schema\/logo\/image\/","url":"https:\/\/canal7slp.tv\/2022\/wp-content\/uploads\/2021\/01\/logo-noticieros@2x.png","contentUrl":"https:\/\/canal7slp.tv\/2022\/wp-content\/uploads\/2021\/01\/logo-noticieros@2x.png","width":1017,"height":268,"caption":"Noticieros Canal 7"},"image":{"@id":"https:\/\/canal7slp.tv\/2022\/#\/schema\/logo\/image\/"},"sameAs":["https:\/\/www.facebook.com\/noticieroscanalsiete","https:\/\/x.com\/NOTICIEROS7","https:\/\/www.instagram.com\/canal7_slp","https:\/\/www.youtube.com\/channel\/UCliiYs-gP3JfJeqdPrNdd5A"]},{"@type":"Person","@id":"https:\/\/canal7slp.tv\/2022\/#\/schema\/person\/429704152a21f5f856ce29aa69a238da","name":"Edici\u00f3n Web","image":{"@type":"ImageObject","inLanguage":"es","@id":"https:\/\/secure.gravatar.com\/avatar\/eee448fc3f7164808013b816ba91ac7e43bbe82a70bebac296f8bc6f0addaa1a?s=96&d=mm&r=g","url":"https:\/\/secure.gravatar.com\/avatar\/eee448fc3f7164808013b816ba91ac7e43bbe82a70bebac296f8bc6f0addaa1a?s=96&d=mm&r=g","contentUrl":"https:\/\/secure.gravatar.com\/avatar\/eee448fc3f7164808013b816ba91ac7e43bbe82a70bebac296f8bc6f0addaa1a?s=96&d=mm&r=g","caption":"Edici\u00f3n Web"},"url":"https:\/\/canal7slp.tv\/2022\/author\/edicionweb\/"}]}},"amp_enabled":true,"_links":{"self":[{"href":"https:\/\/canal7slp.tv\/2022\/wp-json\/wp\/v2\/posts\/47261","targetHints":{"allow":["GET"]}}],"collection":[{"href":"https:\/\/canal7slp.tv\/2022\/wp-json\/wp\/v2\/posts"}],"about":[{"href":"https:\/\/canal7slp.tv\/2022\/wp-json\/wp\/v2\/types\/post"}],"author":[{"embeddable":true,"href":"https:\/\/canal7slp.tv\/2022\/wp-json\/wp\/v2\/users\/2"}],"replies":[{"embeddable":true,"href":"https:\/\/canal7slp.tv\/2022\/wp-json\/wp\/v2\/comments?post=47261"}],"version-history":[{"count":2,"href":"https:\/\/canal7slp.tv\/2022\/wp-json\/wp\/v2\/posts\/47261\/revisions"}],"predecessor-version":[{"id":47276,"href":"https:\/\/canal7slp.tv\/2022\/wp-json\/wp\/v2\/posts\/47261\/revisions\/47276"}],"wp:featuredmedia":[{"embeddable":true,"href":"https:\/\/canal7slp.tv\/2022\/wp-json\/wp\/v2\/media\/47271"}],"wp:attachment":[{"href":"https:\/\/canal7slp.tv\/2022\/wp-json\/wp\/v2\/media?parent=47261"}],"wp:term":[{"taxonomy":"category","embeddable":true,"href":"https:\/\/canal7slp.tv\/2022\/wp-json\/wp\/v2\/categories?post=47261"},{"taxonomy":"post_tag","embeddable":true,"href":"https:\/\/canal7slp.tv\/2022\/wp-json\/wp\/v2\/tags?post=47261"}],"curies":[{"name":"wp","href":"https:\/\/api.w.org\/{rel}","templated":true}]}}