{"id":47256,"date":"2022-01-07T12:37:32","date_gmt":"2022-01-07T18:37:32","guid":{"rendered":"https:\/\/canal7slp.tv\/2022\/?p=47256"},"modified":"2022-01-07T12:37:32","modified_gmt":"2022-01-07T18:37:32","slug":"una-vez-mas-se-registra-fractura-en-acueducto-el-realito","status":"publish","type":"post","link":"https:\/\/canal7slp.tv\/2022\/una-vez-mas-se-registra-fractura-en-acueducto-el-realito\/","title":{"rendered":"Una vez m\u00e1s se registra fractura en acueducto El Realito"},"content":{"rendered":"<ul>\n<li style=\"text-align: justify;\">Es la falla n\u00famero 30 en el ducto e impacta a miles de personas en alrededor de 30 colonias.<\/li>\n<\/ul>\n<p style=\"text-align: justify;\">SLP.- Tras 43 d\u00edas de la \u00faltima falla en el ducto El Realito, los tanques de almacenamiento Hostal y Termal dejaron de recibir agua de proveniente de esta presa.<\/p>\n<p style=\"text-align: justify;\">Aqualia, la empresa concesionaria, dio a conocer que se detect\u00f3 una fuga en el ducto en el kil\u00f3metro 36+200 en el municipio de Tierra Nueva y que habr\u00edan de comunicar a la brevedad la situaci\u00f3n a la Comisi\u00f3n Estatal del Agua (CEA).<\/p>\n<p style=\"text-align: justify;\">\u201cEstamos a la espera de que la operadora entregue el informe t\u00e9cnico a la Comisi\u00f3n Estatal del Agua, ya que son los principales responsables del manejo de los datos en esta situaci\u00f3n\u201d, coment\u00f3 Enrique Torres L\u00f3pez, director general de Interapas.<\/p>\n<p style=\"text-align: justify;\">En tanto, Interapas reporta la activaci\u00f3n del plan emergente para mantener el suministro en las colonias que comprenden el sector de influencia.<\/p>\n<p style=\"text-align: justify;\">Inicialmente cuadrillas del organismo operador estar\u00e1n realizando movimientos de v\u00e1lvulas de fuentes cercanas para mantener el abastecimiento, adem\u00e1s de la activaci\u00f3n de pozos emergentes y rutas de camiones cisterna en coordinaci\u00f3n con el Ayuntamiento Capitalino.<\/p>\n<p style=\"text-align: justify;\">Esto en distintos puntos como Prados, Azteca, Cecilia Occelli, Valle Dorado, Cumbres, Obispado, Minas del Real, Hermenegildo J. Aldana, Ricardo B. Anaya, Jardines de Oriente, Central, Capricornio, Esmeralda, San Patricio, Balcones del Valle, Himno Nacional 1ra. y 2da. Secci\u00f3n, San Juan de Guadalupe, Independencia, Sat\u00e9lite, Del Real, Tangamanga, Graciano S\u00e1nchez, San Miguelito, Monterra, Terrazas del Pedregal, Alpes, Miravalle, Villantigua, Garita de Jalisco y Colinas del Parque.<\/p>\n<p style=\"text-align: justify;\">Interapas llam\u00f3 a la poblaci\u00f3n a tomar medidas preventivas a su alcance y hacer uso racional del agua en tanto se restablece el servicio.<\/p>\n","protected":false},"excerpt":{"rendered":"<p>Es la falla n\u00famero 30 en el ducto e impacta a miles de personas en alrededor de 30 colonias. SLP.- Tras 43 d\u00edas de la \u00faltima falla en el ducto El Realito, los tanques de almacenamiento Hostal y Termal dejaron de recibir agua de proveniente de esta presa. Aqualia, la empresa concesionaria, dio a conocer que se detect\u00f3 una fuga en el ducto en el kil\u00f3metro 36+200 en el municipio de Tierra Nueva y que habr\u00edan de comunicar a la brevedad la situaci\u00f3n a la Comisi\u00f3n Estatal del Agua (CEA). \u201cEstamos a la espera de que la operadora entregue el [&hellip;]<\/p>\n","protected":false},"author":2,"featured_media":47257,"comment_status":"closed","ping_status":"closed","sticky":false,"template":"","format":"standard","meta":{"footnotes":""},"categories":[45],"tags":[],"class_list":["post-47256","post","type-post","status-publish","format-standard","has-post-thumbnail","hentry","category-localesyregionales","post--single"],"yoast_head":"<!-- This site is optimized with the Yoast SEO plugin v27.5 - https:\/\/yoast.com\/product\/yoast-seo-wordpress\/ -->\n<title>Una vez m\u00e1s se registra fractura en acueducto El Realito - Canal 7 SLP - 2022<\/title>\n<meta name=\"robots\" content=\"index, follow, max-snippet:-1, max-image-preview:large, max-video-preview:-1\" \/>\n<link rel=\"canonical\" href=\"https:\/\/canal7slp.tv\/2022\/una-vez-mas-se-registra-fractura-en-acueducto-el-realito\/\" \/>\n<meta property=\"og:locale\" content=\"es_ES\" \/>\n<meta property=\"og:type\" content=\"article\" \/>\n<meta property=\"og:title\" content=\"Una vez m\u00e1s se registra fractura en acueducto El Realito - Canal 7 SLP - 2022\" \/>\n<meta property=\"og:description\" content=\"Es la falla n\u00famero 30 en el ducto e impacta a miles de personas en alrededor de 30 colonias. SLP.- Tras 43 d\u00edas de la \u00faltima falla en el ducto El Realito, los tanques de almacenamiento Hostal y Termal dejaron de recibir agua de proveniente de esta presa. Aqualia, la empresa concesionaria, dio a conocer que se detect\u00f3 una fuga en el ducto en el kil\u00f3metro 36+200 en el municipio de Tierra Nueva y que habr\u00edan de comunicar a la brevedad la situaci\u00f3n a la Comisi\u00f3n Estatal del Agua (CEA). \u201cEstamos a la espera de que la operadora entregue el [&hellip;]\" \/>\n<meta property=\"og:url\" content=\"https:\/\/canal7slp.tv\/2022\/una-vez-mas-se-registra-fractura-en-acueducto-el-realito\/\" \/>\n<meta property=\"og:site_name\" content=\"Canal 7 SLP - 2022\" \/>\n<meta property=\"article:publisher\" content=\"https:\/\/www.facebook.com\/noticieroscanalsiete\" \/>\n<meta property=\"article:published_time\" content=\"2022-01-07T18:37:32+00:00\" \/>\n<meta property=\"og:image\" content=\"https:\/\/canal7slp.tv\/2022\/wp-content\/uploads\/2022\/01\/Realito.jpg\" \/>\n\t<meta property=\"og:image:width\" content=\"800\" \/>\n\t<meta property=\"og:image:height\" content=\"500\" \/>\n\t<meta property=\"og:image:type\" content=\"image\/jpeg\" \/>\n<meta name=\"author\" content=\"Edici\u00f3n Web\" \/>\n<meta name=\"twitter:card\" content=\"summary_large_image\" \/>\n<meta name=\"twitter:creator\" content=\"@NOTICIEROS7\" \/>\n<meta name=\"twitter:site\" content=\"@NOTICIEROS7\" \/>\n<meta name=\"twitter:label1\" content=\"Escrito por\" \/>\n\t<meta name=\"twitter:data1\" content=\"Edici\u00f3n Web\" \/>\n\t<meta name=\"twitter:label2\" content=\"Tiempo de lectura\" \/>\n\t<meta name=\"twitter:data2\" content=\"2 minutos\" \/>\n<script type=\"application\/ld+json\" class=\"yoast-schema-graph\">{\"@context\":\"https:\\\/\\\/schema.org\",\"@graph\":[{\"@type\":\"Article\",\"@id\":\"https:\\\/\\\/canal7slp.tv\\\/2022\\\/una-vez-mas-se-registra-fractura-en-acueducto-el-realito\\\/#article\",\"isPartOf\":{\"@id\":\"https:\\\/\\\/canal7slp.tv\\\/2022\\\/una-vez-mas-se-registra-fractura-en-acueducto-el-realito\\\/\"},\"author\":{\"name\":\"Edici\u00f3n Web\",\"@id\":\"https:\\\/\\\/canal7slp.tv\\\/2022\\\/#\\\/schema\\\/person\\\/429704152a21f5f856ce29aa69a238da\"},\"headline\":\"Una vez m\u00e1s se registra fractura en acueducto El Realito\",\"datePublished\":\"2022-01-07T18:37:32+00:00\",\"mainEntityOfPage\":{\"@id\":\"https:\\\/\\\/canal7slp.tv\\\/2022\\\/una-vez-mas-se-registra-fractura-en-acueducto-el-realito\\\/\"},\"wordCount\":305,\"publisher\":{\"@id\":\"https:\\\/\\\/canal7slp.tv\\\/2022\\\/#organization\"},\"image\":{\"@id\":\"https:\\\/\\\/canal7slp.tv\\\/2022\\\/una-vez-mas-se-registra-fractura-en-acueducto-el-realito\\\/#primaryimage\"},\"thumbnailUrl\":\"https:\\\/\\\/canal7slp.tv\\\/2022\\\/wp-content\\\/uploads\\\/2022\\\/01\\\/Realito.jpg\",\"articleSection\":[\"LOCALES Y REGIONALES\"],\"inLanguage\":\"es\"},{\"@type\":\"WebPage\",\"@id\":\"https:\\\/\\\/canal7slp.tv\\\/2022\\\/una-vez-mas-se-registra-fractura-en-acueducto-el-realito\\\/\",\"url\":\"https:\\\/\\\/canal7slp.tv\\\/2022\\\/una-vez-mas-se-registra-fractura-en-acueducto-el-realito\\\/\",\"name\":\"Una vez m\u00e1s se registra fractura en acueducto El Realito - Canal 7 SLP - 2022\",\"isPartOf\":{\"@id\":\"https:\\\/\\\/canal7slp.tv\\\/2022\\\/#website\"},\"primaryImageOfPage\":{\"@id\":\"https:\\\/\\\/canal7slp.tv\\\/2022\\\/una-vez-mas-se-registra-fractura-en-acueducto-el-realito\\\/#primaryimage\"},\"image\":{\"@id\":\"https:\\\/\\\/canal7slp.tv\\\/2022\\\/una-vez-mas-se-registra-fractura-en-acueducto-el-realito\\\/#primaryimage\"},\"thumbnailUrl\":\"https:\\\/\\\/canal7slp.tv\\\/2022\\\/wp-content\\\/uploads\\\/2022\\\/01\\\/Realito.jpg\",\"datePublished\":\"2022-01-07T18:37:32+00:00\",\"breadcrumb\":{\"@id\":\"https:\\\/\\\/canal7slp.tv\\\/2022\\\/una-vez-mas-se-registra-fractura-en-acueducto-el-realito\\\/#breadcrumb\"},\"inLanguage\":\"es\",\"potentialAction\":[{\"@type\":\"ReadAction\",\"target\":[\"https:\\\/\\\/canal7slp.tv\\\/2022\\\/una-vez-mas-se-registra-fractura-en-acueducto-el-realito\\\/\"]}]},{\"@type\":\"ImageObject\",\"inLanguage\":\"es\",\"@id\":\"https:\\\/\\\/canal7slp.tv\\\/2022\\\/una-vez-mas-se-registra-fractura-en-acueducto-el-realito\\\/#primaryimage\",\"url\":\"https:\\\/\\\/canal7slp.tv\\\/2022\\\/wp-content\\\/uploads\\\/2022\\\/01\\\/Realito.jpg\",\"contentUrl\":\"https:\\\/\\\/canal7slp.tv\\\/2022\\\/wp-content\\\/uploads\\\/2022\\\/01\\\/Realito.jpg\",\"width\":800,\"height\":500},{\"@type\":\"BreadcrumbList\",\"@id\":\"https:\\\/\\\/canal7slp.tv\\\/2022\\\/una-vez-mas-se-registra-fractura-en-acueducto-el-realito\\\/#breadcrumb\",\"itemListElement\":[{\"@type\":\"ListItem\",\"position\":1,\"name\":\"Portada\",\"item\":\"https:\\\/\\\/canal7slp.tv\\\/2022\\\/\"},{\"@type\":\"ListItem\",\"position\":2,\"name\":\"Una vez m\u00e1s se registra fractura en acueducto El Realito\"}]},{\"@type\":\"WebSite\",\"@id\":\"https:\\\/\\\/canal7slp.tv\\\/2022\\\/#website\",\"url\":\"https:\\\/\\\/canal7slp.tv\\\/2022\\\/\",\"name\":\"N7 - Noticieros Canal 7\",\"description\":\"Somos Televisi\u00f3n\",\"publisher\":{\"@id\":\"https:\\\/\\\/canal7slp.tv\\\/2022\\\/#organization\"},\"potentialAction\":[{\"@type\":\"SearchAction\",\"target\":{\"@type\":\"EntryPoint\",\"urlTemplate\":\"https:\\\/\\\/canal7slp.tv\\\/2022\\\/?s={search_term_string}\"},\"query-input\":{\"@type\":\"PropertyValueSpecification\",\"valueRequired\":true,\"valueName\":\"search_term_string\"}}],\"inLanguage\":\"es\"},{\"@type\":\"Organization\",\"@id\":\"https:\\\/\\\/canal7slp.tv\\\/2022\\\/#organization\",\"name\":\"Noticieros Canal 7\",\"url\":\"https:\\\/\\\/canal7slp.tv\\\/2022\\\/\",\"logo\":{\"@type\":\"ImageObject\",\"inLanguage\":\"es\",\"@id\":\"https:\\\/\\\/canal7slp.tv\\\/2022\\\/#\\\/schema\\\/logo\\\/image\\\/\",\"url\":\"https:\\\/\\\/canal7slp.tv\\\/2022\\\/wp-content\\\/uploads\\\/2021\\\/01\\\/logo-noticieros@2x.png\",\"contentUrl\":\"https:\\\/\\\/canal7slp.tv\\\/2022\\\/wp-content\\\/uploads\\\/2021\\\/01\\\/logo-noticieros@2x.png\",\"width\":1017,\"height\":268,\"caption\":\"Noticieros Canal 7\"},\"image\":{\"@id\":\"https:\\\/\\\/canal7slp.tv\\\/2022\\\/#\\\/schema\\\/logo\\\/image\\\/\"},\"sameAs\":[\"https:\\\/\\\/www.facebook.com\\\/noticieroscanalsiete\",\"https:\\\/\\\/x.com\\\/NOTICIEROS7\",\"https:\\\/\\\/www.instagram.com\\\/canal7_slp\",\"https:\\\/\\\/www.youtube.com\\\/channel\\\/UCliiYs-gP3JfJeqdPrNdd5A\"]},{\"@type\":\"Person\",\"@id\":\"https:\\\/\\\/canal7slp.tv\\\/2022\\\/#\\\/schema\\\/person\\\/429704152a21f5f856ce29aa69a238da\",\"name\":\"Edici\u00f3n Web\",\"image\":{\"@type\":\"ImageObject\",\"inLanguage\":\"es\",\"@id\":\"https:\\\/\\\/secure.gravatar.com\\\/avatar\\\/eee448fc3f7164808013b816ba91ac7e43bbe82a70bebac296f8bc6f0addaa1a?s=96&d=mm&r=g\",\"url\":\"https:\\\/\\\/secure.gravatar.com\\\/avatar\\\/eee448fc3f7164808013b816ba91ac7e43bbe82a70bebac296f8bc6f0addaa1a?s=96&d=mm&r=g\",\"contentUrl\":\"https:\\\/\\\/secure.gravatar.com\\\/avatar\\\/eee448fc3f7164808013b816ba91ac7e43bbe82a70bebac296f8bc6f0addaa1a?s=96&d=mm&r=g\",\"caption\":\"Edici\u00f3n Web\"},\"url\":\"https:\\\/\\\/canal7slp.tv\\\/2022\\\/author\\\/edicionweb\\\/\"}]}<\/script>\n<!-- \/ Yoast SEO plugin. -->","yoast_head_json":{"title":"Una vez m\u00e1s se registra fractura en acueducto El Realito - Canal 7 SLP - 2022","robots":{"index":"index","follow":"follow","max-snippet":"max-snippet:-1","max-image-preview":"max-image-preview:large","max-video-preview":"max-video-preview:-1"},"canonical":"https:\/\/canal7slp.tv\/2022\/una-vez-mas-se-registra-fractura-en-acueducto-el-realito\/","og_locale":"es_ES","og_type":"article","og_title":"Una vez m\u00e1s se registra fractura en acueducto El Realito - Canal 7 SLP - 2022","og_description":"Es la falla n\u00famero 30 en el ducto e impacta a miles de personas en alrededor de 30 colonias. SLP.- Tras 43 d\u00edas de la \u00faltima falla en el ducto El Realito, los tanques de almacenamiento Hostal y Termal dejaron de recibir agua de proveniente de esta presa. Aqualia, la empresa concesionaria, dio a conocer que se detect\u00f3 una fuga en el ducto en el kil\u00f3metro 36+200 en el municipio de Tierra Nueva y que habr\u00edan de comunicar a la brevedad la situaci\u00f3n a la Comisi\u00f3n Estatal del Agua (CEA). \u201cEstamos a la espera de que la operadora entregue el [&hellip;]","og_url":"https:\/\/canal7slp.tv\/2022\/una-vez-mas-se-registra-fractura-en-acueducto-el-realito\/","og_site_name":"Canal 7 SLP - 2022","article_publisher":"https:\/\/www.facebook.com\/noticieroscanalsiete","article_published_time":"2022-01-07T18:37:32+00:00","og_image":[{"width":800,"height":500,"url":"https:\/\/canal7slp.tv\/2022\/wp-content\/uploads\/2022\/01\/Realito.jpg","type":"image\/jpeg"}],"author":"Edici\u00f3n Web","twitter_card":"summary_large_image","twitter_creator":"@NOTICIEROS7","twitter_site":"@NOTICIEROS7","twitter_misc":{"Escrito por":"Edici\u00f3n Web","Tiempo de lectura":"2 minutos"},"schema":{"@context":"https:\/\/schema.org","@graph":[{"@type":"Article","@id":"https:\/\/canal7slp.tv\/2022\/una-vez-mas-se-registra-fractura-en-acueducto-el-realito\/#article","isPartOf":{"@id":"https:\/\/canal7slp.tv\/2022\/una-vez-mas-se-registra-fractura-en-acueducto-el-realito\/"},"author":{"name":"Edici\u00f3n Web","@id":"https:\/\/canal7slp.tv\/2022\/#\/schema\/person\/429704152a21f5f856ce29aa69a238da"},"headline":"Una vez m\u00e1s se registra fractura en acueducto El Realito","datePublished":"2022-01-07T18:37:32+00:00","mainEntityOfPage":{"@id":"https:\/\/canal7slp.tv\/2022\/una-vez-mas-se-registra-fractura-en-acueducto-el-realito\/"},"wordCount":305,"publisher":{"@id":"https:\/\/canal7slp.tv\/2022\/#organization"},"image":{"@id":"https:\/\/canal7slp.tv\/2022\/una-vez-mas-se-registra-fractura-en-acueducto-el-realito\/#primaryimage"},"thumbnailUrl":"https:\/\/canal7slp.tv\/2022\/wp-content\/uploads\/2022\/01\/Realito.jpg","articleSection":["LOCALES Y REGIONALES"],"inLanguage":"es"},{"@type":"WebPage","@id":"https:\/\/canal7slp.tv\/2022\/una-vez-mas-se-registra-fractura-en-acueducto-el-realito\/","url":"https:\/\/canal7slp.tv\/2022\/una-vez-mas-se-registra-fractura-en-acueducto-el-realito\/","name":"Una vez m\u00e1s se registra fractura en acueducto El Realito - Canal 7 SLP - 2022","isPartOf":{"@id":"https:\/\/canal7slp.tv\/2022\/#website"},"primaryImageOfPage":{"@id":"https:\/\/canal7slp.tv\/2022\/una-vez-mas-se-registra-fractura-en-acueducto-el-realito\/#primaryimage"},"image":{"@id":"https:\/\/canal7slp.tv\/2022\/una-vez-mas-se-registra-fractura-en-acueducto-el-realito\/#primaryimage"},"thumbnailUrl":"https:\/\/canal7slp.tv\/2022\/wp-content\/uploads\/2022\/01\/Realito.jpg","datePublished":"2022-01-07T18:37:32+00:00","breadcrumb":{"@id":"https:\/\/canal7slp.tv\/2022\/una-vez-mas-se-registra-fractura-en-acueducto-el-realito\/#breadcrumb"},"inLanguage":"es","potentialAction":[{"@type":"ReadAction","target":["https:\/\/canal7slp.tv\/2022\/una-vez-mas-se-registra-fractura-en-acueducto-el-realito\/"]}]},{"@type":"ImageObject","inLanguage":"es","@id":"https:\/\/canal7slp.tv\/2022\/una-vez-mas-se-registra-fractura-en-acueducto-el-realito\/#primaryimage","url":"https:\/\/canal7slp.tv\/2022\/wp-content\/uploads\/2022\/01\/Realito.jpg","contentUrl":"https:\/\/canal7slp.tv\/2022\/wp-content\/uploads\/2022\/01\/Realito.jpg","width":800,"height":500},{"@type":"BreadcrumbList","@id":"https:\/\/canal7slp.tv\/2022\/una-vez-mas-se-registra-fractura-en-acueducto-el-realito\/#breadcrumb","itemListElement":[{"@type":"ListItem","position":1,"name":"Portada","item":"https:\/\/canal7slp.tv\/2022\/"},{"@type":"ListItem","position":2,"name":"Una vez m\u00e1s se registra fractura en acueducto El Realito"}]},{"@type":"WebSite","@id":"https:\/\/canal7slp.tv\/2022\/#website","url":"https:\/\/canal7slp.tv\/2022\/","name":"N7 - Noticieros Canal 7","description":"Somos Televisi\u00f3n","publisher":{"@id":"https:\/\/canal7slp.tv\/2022\/#organization"},"potentialAction":[{"@type":"SearchAction","target":{"@type":"EntryPoint","urlTemplate":"https:\/\/canal7slp.tv\/2022\/?s={search_term_string}"},"query-input":{"@type":"PropertyValueSpecification","valueRequired":true,"valueName":"search_term_string"}}],"inLanguage":"es"},{"@type":"Organization","@id":"https:\/\/canal7slp.tv\/2022\/#organization","name":"Noticieros Canal 7","url":"https:\/\/canal7slp.tv\/2022\/","logo":{"@type":"ImageObject","inLanguage":"es","@id":"https:\/\/canal7slp.tv\/2022\/#\/schema\/logo\/image\/","url":"https:\/\/canal7slp.tv\/2022\/wp-content\/uploads\/2021\/01\/logo-noticieros@2x.png","contentUrl":"https:\/\/canal7slp.tv\/2022\/wp-content\/uploads\/2021\/01\/logo-noticieros@2x.png","width":1017,"height":268,"caption":"Noticieros Canal 7"},"image":{"@id":"https:\/\/canal7slp.tv\/2022\/#\/schema\/logo\/image\/"},"sameAs":["https:\/\/www.facebook.com\/noticieroscanalsiete","https:\/\/x.com\/NOTICIEROS7","https:\/\/www.instagram.com\/canal7_slp","https:\/\/www.youtube.com\/channel\/UCliiYs-gP3JfJeqdPrNdd5A"]},{"@type":"Person","@id":"https:\/\/canal7slp.tv\/2022\/#\/schema\/person\/429704152a21f5f856ce29aa69a238da","name":"Edici\u00f3n Web","image":{"@type":"ImageObject","inLanguage":"es","@id":"https:\/\/secure.gravatar.com\/avatar\/eee448fc3f7164808013b816ba91ac7e43bbe82a70bebac296f8bc6f0addaa1a?s=96&d=mm&r=g","url":"https:\/\/secure.gravatar.com\/avatar\/eee448fc3f7164808013b816ba91ac7e43bbe82a70bebac296f8bc6f0addaa1a?s=96&d=mm&r=g","contentUrl":"https:\/\/secure.gravatar.com\/avatar\/eee448fc3f7164808013b816ba91ac7e43bbe82a70bebac296f8bc6f0addaa1a?s=96&d=mm&r=g","caption":"Edici\u00f3n Web"},"url":"https:\/\/canal7slp.tv\/2022\/author\/edicionweb\/"}]}},"amp_enabled":true,"_links":{"self":[{"href":"https:\/\/canal7slp.tv\/2022\/wp-json\/wp\/v2\/posts\/47256","targetHints":{"allow":["GET"]}}],"collection":[{"href":"https:\/\/canal7slp.tv\/2022\/wp-json\/wp\/v2\/posts"}],"about":[{"href":"https:\/\/canal7slp.tv\/2022\/wp-json\/wp\/v2\/types\/post"}],"author":[{"embeddable":true,"href":"https:\/\/canal7slp.tv\/2022\/wp-json\/wp\/v2\/users\/2"}],"replies":[{"embeddable":true,"href":"https:\/\/canal7slp.tv\/2022\/wp-json\/wp\/v2\/comments?post=47256"}],"version-history":[{"count":1,"href":"https:\/\/canal7slp.tv\/2022\/wp-json\/wp\/v2\/posts\/47256\/revisions"}],"predecessor-version":[{"id":47258,"href":"https:\/\/canal7slp.tv\/2022\/wp-json\/wp\/v2\/posts\/47256\/revisions\/47258"}],"wp:featuredmedia":[{"embeddable":true,"href":"https:\/\/canal7slp.tv\/2022\/wp-json\/wp\/v2\/media\/47257"}],"wp:attachment":[{"href":"https:\/\/canal7slp.tv\/2022\/wp-json\/wp\/v2\/media?parent=47256"}],"wp:term":[{"taxonomy":"category","embeddable":true,"href":"https:\/\/canal7slp.tv\/2022\/wp-json\/wp\/v2\/categories?post=47256"},{"taxonomy":"post_tag","embeddable":true,"href":"https:\/\/canal7slp.tv\/2022\/wp-json\/wp\/v2\/tags?post=47256"}],"curies":[{"name":"wp","href":"https:\/\/api.w.org\/{rel}","templated":true}]}}