{"id":47250,"date":"2022-01-07T12:21:15","date_gmt":"2022-01-07T18:21:15","guid":{"rendered":"https:\/\/canal7slp.tv\/2022\/?p=47250"},"modified":"2022-01-07T12:22:50","modified_gmt":"2022-01-07T18:22:50","slug":"san-luis-potosi-regresaria-a-amarillo-o-incluso-a-rojo-por-altos-contagios-de-covid-19-advierten-autoridades","status":"publish","type":"post","link":"https:\/\/canal7slp.tv\/2022\/san-luis-potosi-regresaria-a-amarillo-o-incluso-a-rojo-por-altos-contagios-de-covid-19-advierten-autoridades\/","title":{"rendered":"San Luis Potos\u00ed regresar\u00eda a amarillo o incluso a rojo por altos contagios de COVID-19, advierten autoridades"},"content":{"rendered":"<p style=\"text-align: justify;\">SLP.-\u00a0El gobernador Ricardo Gallardo Cardona, declar\u00f3 que San Luis Potos\u00ed regresar\u00e1 a color amarillo en el sem\u00e1foro de riesgo covid, incluso, adelant\u00f3 que se podr\u00eda llegar a un color rojo ante el aumento exponencial de casos nuevos que diariamente se detectan en la entidad.<\/p>\n<div style=\"width: 640px;\" class=\"wp-video\"><video class=\"wp-video-shortcode\" id=\"video-47250-1\" width=\"640\" height=\"352\" preload=\"metadata\" controls=\"controls\"><source type=\"video\/mp4\" src=\"https:\/\/canal7slp.tv\/2022\/wp-content\/uploads\/2022\/01\/WhatsApp-Video-2022-01-07-at-12.21.38-PM.mp4?_=1\" \/><a href=\"https:\/\/canal7slp.tv\/2022\/wp-content\/uploads\/2022\/01\/WhatsApp-Video-2022-01-07-at-12.21.38-PM.mp4\">https:\/\/canal7slp.tv\/2022\/wp-content\/uploads\/2022\/01\/WhatsApp-Video-2022-01-07-at-12.21.38-PM.mp4<\/a><\/video><\/div>\n<p style=\"text-align: justify;\">Asegur\u00f3 que las altas cifras que se presentan se debe a que el gobierno est\u00e1 coordinando que m\u00e1s pruebas para detectar el virus se apliquen entre la poblaci\u00f3n y record\u00f3 que hoy inicia la aplicaci\u00f3n gratuita de pruebas de ant\u00edgenos en nueve sedes del estado.<\/p>\n<p style=\"text-align: justify;\">\u00abRegresamos amarillo, pero bueno con cifras reales podemos irnos hasta rojo incluso, eso se va a determinar con la cantidad de personas que salgan en las pruebas y en la detecci\u00f3n que hagamos nosotros, pero estamos hablando de cosas reales y no ocultar informaci\u00f3n c\u00f3mo lo oculto el gobierno pasado\u00bb, dijo.<\/p>\n<p style=\"text-align: justify;\">De acuerdo con el funcionario, la administraci\u00f3n pasada solo adquiri\u00f3 alrededor de cinco mil pruebas en el \u00faltimo pico de contagios que registr\u00f3 San Luis Potos\u00ed.<\/p>\n<p style=\"text-align: justify;\">\u00abCuando tuvimos el pico m\u00e1s alto en el pasado gobierno se hac\u00edan muy poquitas pruebas, eran m\u00ednimas, eran dos mil pruebas o hasta cinco mil. Hoy se van a hacer m\u00e1s de 200 mil, entonces obviamente se va a disparar el n\u00famero de contagios, pero ya son n\u00fameros reales, no estamos escondiendo nada como el pasado gobierno\u00bb, reiter\u00f3.<\/p>\n<p style=\"text-align: justify;\">Seg\u00fan sus declaraciones, esto permiti\u00f3 que los servicios de salud se saturaran y que no hubiera capacidad de camas.<\/p>\n<p style=\"text-align: justify;\">\u00abHoy no vamos a llenar los hospitales porque vamos a tener una detecci\u00f3n temprana r\u00e1pida con las m\u00e1s de 200 mil pruebas, estamos pidiendo ya m\u00e1s. Yo creo que podemos llegar a medio mill\u00f3n de pruebas para que todo el mes de enero la gente pueda acudir a hacerse sus pruebas gratuitas\u00bb, a\u00f1adi\u00f3.<\/p>\n<p style=\"text-align: justify;\">Gallardo Cardona tambi\u00e9n culp\u00f3 a sus antecesores de m\u00e1s de 6 mil muertes por covid-19 que se han presentado en el estado.<\/p>\n<p style=\"text-align: justify;\">\u00abEl esconder informaci\u00f3n fue irresponsable porque tuvimos much\u00edsimos muertos en San Luis Potos\u00ed, casi 6 mil que no tuvimos que haber tenido si hubi\u00e9ramos hecho lo que hoy est\u00e1 haciendo el gobierno de hacer pruebas gratuitas a toda la gente&#8230; el secretario de salud ya pasar\u00e1 lo que vamos a tener de restricciones\u00bb, termin\u00f3.<\/p>\n","protected":false},"excerpt":{"rendered":"<p>SLP.-\u00a0El gobernador Ricardo Gallardo Cardona, declar\u00f3 que San Luis Potos\u00ed regresar\u00e1 a color amarillo en el sem\u00e1foro de riesgo covid, incluso, adelant\u00f3 que se podr\u00eda llegar a un color rojo ante el aumento exponencial de casos nuevos que diariamente se detectan en la entidad. Asegur\u00f3 que las altas cifras que se presentan se debe a que el gobierno est\u00e1 coordinando que m\u00e1s pruebas para detectar el virus se apliquen entre la poblaci\u00f3n y record\u00f3 que hoy inicia la aplicaci\u00f3n gratuita de pruebas de ant\u00edgenos en nueve sedes del estado. \u00abRegresamos amarillo, pero bueno con cifras reales podemos irnos hasta rojo [&hellip;]<\/p>\n","protected":false},"author":2,"featured_media":47251,"comment_status":"closed","ping_status":"closed","sticky":false,"template":"","format":"standard","meta":{"footnotes":""},"categories":[45],"tags":[],"class_list":["post-47250","post","type-post","status-publish","format-standard","has-post-thumbnail","hentry","category-localesyregionales","post--single"],"yoast_head":"<!-- This site is optimized with the Yoast SEO plugin v27.5 - https:\/\/yoast.com\/product\/yoast-seo-wordpress\/ -->\n<title>San Luis Potos\u00ed regresar\u00eda a amarillo o incluso a rojo por altos contagios de COVID-19, advierten autoridades - Canal 7 SLP - 2022<\/title>\n<meta name=\"robots\" content=\"index, follow, max-snippet:-1, max-image-preview:large, max-video-preview:-1\" \/>\n<link rel=\"canonical\" href=\"https:\/\/canal7slp.tv\/2022\/san-luis-potosi-regresaria-a-amarillo-o-incluso-a-rojo-por-altos-contagios-de-covid-19-advierten-autoridades\/\" \/>\n<meta property=\"og:locale\" content=\"es_ES\" \/>\n<meta property=\"og:type\" content=\"article\" \/>\n<meta property=\"og:title\" content=\"San Luis Potos\u00ed regresar\u00eda a amarillo o incluso a rojo por altos contagios de COVID-19, advierten autoridades - Canal 7 SLP - 2022\" \/>\n<meta property=\"og:description\" content=\"SLP.-\u00a0El gobernador Ricardo Gallardo Cardona, declar\u00f3 que San Luis Potos\u00ed regresar\u00e1 a color amarillo en el sem\u00e1foro de riesgo covid, incluso, adelant\u00f3 que se podr\u00eda llegar a un color rojo ante el aumento exponencial de casos nuevos que diariamente se detectan en la entidad. Asegur\u00f3 que las altas cifras que se presentan se debe a que el gobierno est\u00e1 coordinando que m\u00e1s pruebas para detectar el virus se apliquen entre la poblaci\u00f3n y record\u00f3 que hoy inicia la aplicaci\u00f3n gratuita de pruebas de ant\u00edgenos en nueve sedes del estado. \u00abRegresamos amarillo, pero bueno con cifras reales podemos irnos hasta rojo [&hellip;]\" \/>\n<meta property=\"og:url\" content=\"https:\/\/canal7slp.tv\/2022\/san-luis-potosi-regresaria-a-amarillo-o-incluso-a-rojo-por-altos-contagios-de-covid-19-advierten-autoridades\/\" \/>\n<meta property=\"og:site_name\" content=\"Canal 7 SLP - 2022\" \/>\n<meta property=\"article:publisher\" content=\"https:\/\/www.facebook.com\/noticieroscanalsiete\" \/>\n<meta property=\"article:published_time\" content=\"2022-01-07T18:21:15+00:00\" \/>\n<meta property=\"article:modified_time\" content=\"2022-01-07T18:22:50+00:00\" \/>\n<meta property=\"og:image\" content=\"https:\/\/canal7slp.tv\/2022\/wp-content\/uploads\/2022\/01\/amarillo.jpg\" \/>\n\t<meta property=\"og:image:width\" content=\"1440\" \/>\n\t<meta property=\"og:image:height\" content=\"810\" \/>\n\t<meta property=\"og:image:type\" content=\"image\/jpeg\" \/>\n<meta name=\"author\" content=\"Edici\u00f3n Web\" \/>\n<meta name=\"twitter:card\" content=\"summary_large_image\" \/>\n<meta name=\"twitter:creator\" content=\"@NOTICIEROS7\" \/>\n<meta name=\"twitter:site\" content=\"@NOTICIEROS7\" \/>\n<meta name=\"twitter:label1\" content=\"Escrito por\" \/>\n\t<meta name=\"twitter:data1\" content=\"Edici\u00f3n Web\" \/>\n\t<meta name=\"twitter:label2\" content=\"Tiempo de lectura\" \/>\n\t<meta name=\"twitter:data2\" content=\"2 minutos\" \/>\n<script type=\"application\/ld+json\" class=\"yoast-schema-graph\">{\"@context\":\"https:\\\/\\\/schema.org\",\"@graph\":[{\"@type\":\"Article\",\"@id\":\"https:\\\/\\\/canal7slp.tv\\\/2022\\\/san-luis-potosi-regresaria-a-amarillo-o-incluso-a-rojo-por-altos-contagios-de-covid-19-advierten-autoridades\\\/#article\",\"isPartOf\":{\"@id\":\"https:\\\/\\\/canal7slp.tv\\\/2022\\\/san-luis-potosi-regresaria-a-amarillo-o-incluso-a-rojo-por-altos-contagios-de-covid-19-advierten-autoridades\\\/\"},\"author\":{\"name\":\"Edici\u00f3n Web\",\"@id\":\"https:\\\/\\\/canal7slp.tv\\\/2022\\\/#\\\/schema\\\/person\\\/429704152a21f5f856ce29aa69a238da\"},\"headline\":\"San Luis Potos\u00ed regresar\u00eda a amarillo o incluso a rojo por altos contagios de COVID-19, advierten autoridades\",\"datePublished\":\"2022-01-07T18:21:15+00:00\",\"dateModified\":\"2022-01-07T18:22:50+00:00\",\"mainEntityOfPage\":{\"@id\":\"https:\\\/\\\/canal7slp.tv\\\/2022\\\/san-luis-potosi-regresaria-a-amarillo-o-incluso-a-rojo-por-altos-contagios-de-covid-19-advierten-autoridades\\\/\"},\"wordCount\":433,\"publisher\":{\"@id\":\"https:\\\/\\\/canal7slp.tv\\\/2022\\\/#organization\"},\"image\":{\"@id\":\"https:\\\/\\\/canal7slp.tv\\\/2022\\\/san-luis-potosi-regresaria-a-amarillo-o-incluso-a-rojo-por-altos-contagios-de-covid-19-advierten-autoridades\\\/#primaryimage\"},\"thumbnailUrl\":\"https:\\\/\\\/canal7slp.tv\\\/2022\\\/wp-content\\\/uploads\\\/2022\\\/01\\\/amarillo.jpg\",\"articleSection\":[\"LOCALES Y REGIONALES\"],\"inLanguage\":\"es\"},{\"@type\":\"WebPage\",\"@id\":\"https:\\\/\\\/canal7slp.tv\\\/2022\\\/san-luis-potosi-regresaria-a-amarillo-o-incluso-a-rojo-por-altos-contagios-de-covid-19-advierten-autoridades\\\/\",\"url\":\"https:\\\/\\\/canal7slp.tv\\\/2022\\\/san-luis-potosi-regresaria-a-amarillo-o-incluso-a-rojo-por-altos-contagios-de-covid-19-advierten-autoridades\\\/\",\"name\":\"San Luis Potos\u00ed regresar\u00eda a amarillo o incluso a rojo por altos contagios de COVID-19, advierten autoridades - Canal 7 SLP - 2022\",\"isPartOf\":{\"@id\":\"https:\\\/\\\/canal7slp.tv\\\/2022\\\/#website\"},\"primaryImageOfPage\":{\"@id\":\"https:\\\/\\\/canal7slp.tv\\\/2022\\\/san-luis-potosi-regresaria-a-amarillo-o-incluso-a-rojo-por-altos-contagios-de-covid-19-advierten-autoridades\\\/#primaryimage\"},\"image\":{\"@id\":\"https:\\\/\\\/canal7slp.tv\\\/2022\\\/san-luis-potosi-regresaria-a-amarillo-o-incluso-a-rojo-por-altos-contagios-de-covid-19-advierten-autoridades\\\/#primaryimage\"},\"thumbnailUrl\":\"https:\\\/\\\/canal7slp.tv\\\/2022\\\/wp-content\\\/uploads\\\/2022\\\/01\\\/amarillo.jpg\",\"datePublished\":\"2022-01-07T18:21:15+00:00\",\"dateModified\":\"2022-01-07T18:22:50+00:00\",\"breadcrumb\":{\"@id\":\"https:\\\/\\\/canal7slp.tv\\\/2022\\\/san-luis-potosi-regresaria-a-amarillo-o-incluso-a-rojo-por-altos-contagios-de-covid-19-advierten-autoridades\\\/#breadcrumb\"},\"inLanguage\":\"es\",\"potentialAction\":[{\"@type\":\"ReadAction\",\"target\":[\"https:\\\/\\\/canal7slp.tv\\\/2022\\\/san-luis-potosi-regresaria-a-amarillo-o-incluso-a-rojo-por-altos-contagios-de-covid-19-advierten-autoridades\\\/\"]}]},{\"@type\":\"ImageObject\",\"inLanguage\":\"es\",\"@id\":\"https:\\\/\\\/canal7slp.tv\\\/2022\\\/san-luis-potosi-regresaria-a-amarillo-o-incluso-a-rojo-por-altos-contagios-de-covid-19-advierten-autoridades\\\/#primaryimage\",\"url\":\"https:\\\/\\\/canal7slp.tv\\\/2022\\\/wp-content\\\/uploads\\\/2022\\\/01\\\/amarillo.jpg\",\"contentUrl\":\"https:\\\/\\\/canal7slp.tv\\\/2022\\\/wp-content\\\/uploads\\\/2022\\\/01\\\/amarillo.jpg\",\"width\":1440,\"height\":810},{\"@type\":\"BreadcrumbList\",\"@id\":\"https:\\\/\\\/canal7slp.tv\\\/2022\\\/san-luis-potosi-regresaria-a-amarillo-o-incluso-a-rojo-por-altos-contagios-de-covid-19-advierten-autoridades\\\/#breadcrumb\",\"itemListElement\":[{\"@type\":\"ListItem\",\"position\":1,\"name\":\"Portada\",\"item\":\"https:\\\/\\\/canal7slp.tv\\\/2022\\\/\"},{\"@type\":\"ListItem\",\"position\":2,\"name\":\"San Luis Potos\u00ed regresar\u00eda a amarillo o incluso a rojo por altos contagios de COVID-19, advierten autoridades\"}]},{\"@type\":\"WebSite\",\"@id\":\"https:\\\/\\\/canal7slp.tv\\\/2022\\\/#website\",\"url\":\"https:\\\/\\\/canal7slp.tv\\\/2022\\\/\",\"name\":\"N7 - Noticieros Canal 7\",\"description\":\"Somos Televisi\u00f3n\",\"publisher\":{\"@id\":\"https:\\\/\\\/canal7slp.tv\\\/2022\\\/#organization\"},\"potentialAction\":[{\"@type\":\"SearchAction\",\"target\":{\"@type\":\"EntryPoint\",\"urlTemplate\":\"https:\\\/\\\/canal7slp.tv\\\/2022\\\/?s={search_term_string}\"},\"query-input\":{\"@type\":\"PropertyValueSpecification\",\"valueRequired\":true,\"valueName\":\"search_term_string\"}}],\"inLanguage\":\"es\"},{\"@type\":\"Organization\",\"@id\":\"https:\\\/\\\/canal7slp.tv\\\/2022\\\/#organization\",\"name\":\"Noticieros Canal 7\",\"url\":\"https:\\\/\\\/canal7slp.tv\\\/2022\\\/\",\"logo\":{\"@type\":\"ImageObject\",\"inLanguage\":\"es\",\"@id\":\"https:\\\/\\\/canal7slp.tv\\\/2022\\\/#\\\/schema\\\/logo\\\/image\\\/\",\"url\":\"https:\\\/\\\/canal7slp.tv\\\/2022\\\/wp-content\\\/uploads\\\/2021\\\/01\\\/logo-noticieros@2x.png\",\"contentUrl\":\"https:\\\/\\\/canal7slp.tv\\\/2022\\\/wp-content\\\/uploads\\\/2021\\\/01\\\/logo-noticieros@2x.png\",\"width\":1017,\"height\":268,\"caption\":\"Noticieros Canal 7\"},\"image\":{\"@id\":\"https:\\\/\\\/canal7slp.tv\\\/2022\\\/#\\\/schema\\\/logo\\\/image\\\/\"},\"sameAs\":[\"https:\\\/\\\/www.facebook.com\\\/noticieroscanalsiete\",\"https:\\\/\\\/x.com\\\/NOTICIEROS7\",\"https:\\\/\\\/www.instagram.com\\\/canal7_slp\",\"https:\\\/\\\/www.youtube.com\\\/channel\\\/UCliiYs-gP3JfJeqdPrNdd5A\"]},{\"@type\":\"Person\",\"@id\":\"https:\\\/\\\/canal7slp.tv\\\/2022\\\/#\\\/schema\\\/person\\\/429704152a21f5f856ce29aa69a238da\",\"name\":\"Edici\u00f3n Web\",\"image\":{\"@type\":\"ImageObject\",\"inLanguage\":\"es\",\"@id\":\"https:\\\/\\\/secure.gravatar.com\\\/avatar\\\/eee448fc3f7164808013b816ba91ac7e43bbe82a70bebac296f8bc6f0addaa1a?s=96&d=mm&r=g\",\"url\":\"https:\\\/\\\/secure.gravatar.com\\\/avatar\\\/eee448fc3f7164808013b816ba91ac7e43bbe82a70bebac296f8bc6f0addaa1a?s=96&d=mm&r=g\",\"contentUrl\":\"https:\\\/\\\/secure.gravatar.com\\\/avatar\\\/eee448fc3f7164808013b816ba91ac7e43bbe82a70bebac296f8bc6f0addaa1a?s=96&d=mm&r=g\",\"caption\":\"Edici\u00f3n Web\"},\"url\":\"https:\\\/\\\/canal7slp.tv\\\/2022\\\/author\\\/edicionweb\\\/\"}]}<\/script>\n<!-- \/ Yoast SEO plugin. -->","yoast_head_json":{"title":"San Luis Potos\u00ed regresar\u00eda a amarillo o incluso a rojo por altos contagios de COVID-19, advierten autoridades - Canal 7 SLP - 2022","robots":{"index":"index","follow":"follow","max-snippet":"max-snippet:-1","max-image-preview":"max-image-preview:large","max-video-preview":"max-video-preview:-1"},"canonical":"https:\/\/canal7slp.tv\/2022\/san-luis-potosi-regresaria-a-amarillo-o-incluso-a-rojo-por-altos-contagios-de-covid-19-advierten-autoridades\/","og_locale":"es_ES","og_type":"article","og_title":"San Luis Potos\u00ed regresar\u00eda a amarillo o incluso a rojo por altos contagios de COVID-19, advierten autoridades - Canal 7 SLP - 2022","og_description":"SLP.-\u00a0El gobernador Ricardo Gallardo Cardona, declar\u00f3 que San Luis Potos\u00ed regresar\u00e1 a color amarillo en el sem\u00e1foro de riesgo covid, incluso, adelant\u00f3 que se podr\u00eda llegar a un color rojo ante el aumento exponencial de casos nuevos que diariamente se detectan en la entidad. Asegur\u00f3 que las altas cifras que se presentan se debe a que el gobierno est\u00e1 coordinando que m\u00e1s pruebas para detectar el virus se apliquen entre la poblaci\u00f3n y record\u00f3 que hoy inicia la aplicaci\u00f3n gratuita de pruebas de ant\u00edgenos en nueve sedes del estado. \u00abRegresamos amarillo, pero bueno con cifras reales podemos irnos hasta rojo [&hellip;]","og_url":"https:\/\/canal7slp.tv\/2022\/san-luis-potosi-regresaria-a-amarillo-o-incluso-a-rojo-por-altos-contagios-de-covid-19-advierten-autoridades\/","og_site_name":"Canal 7 SLP - 2022","article_publisher":"https:\/\/www.facebook.com\/noticieroscanalsiete","article_published_time":"2022-01-07T18:21:15+00:00","article_modified_time":"2022-01-07T18:22:50+00:00","og_image":[{"width":1440,"height":810,"url":"https:\/\/canal7slp.tv\/2022\/wp-content\/uploads\/2022\/01\/amarillo.jpg","type":"image\/jpeg"}],"author":"Edici\u00f3n Web","twitter_card":"summary_large_image","twitter_creator":"@NOTICIEROS7","twitter_site":"@NOTICIEROS7","twitter_misc":{"Escrito por":"Edici\u00f3n Web","Tiempo de lectura":"2 minutos"},"schema":{"@context":"https:\/\/schema.org","@graph":[{"@type":"Article","@id":"https:\/\/canal7slp.tv\/2022\/san-luis-potosi-regresaria-a-amarillo-o-incluso-a-rojo-por-altos-contagios-de-covid-19-advierten-autoridades\/#article","isPartOf":{"@id":"https:\/\/canal7slp.tv\/2022\/san-luis-potosi-regresaria-a-amarillo-o-incluso-a-rojo-por-altos-contagios-de-covid-19-advierten-autoridades\/"},"author":{"name":"Edici\u00f3n Web","@id":"https:\/\/canal7slp.tv\/2022\/#\/schema\/person\/429704152a21f5f856ce29aa69a238da"},"headline":"San Luis Potos\u00ed regresar\u00eda a amarillo o incluso a rojo por altos contagios de COVID-19, advierten autoridades","datePublished":"2022-01-07T18:21:15+00:00","dateModified":"2022-01-07T18:22:50+00:00","mainEntityOfPage":{"@id":"https:\/\/canal7slp.tv\/2022\/san-luis-potosi-regresaria-a-amarillo-o-incluso-a-rojo-por-altos-contagios-de-covid-19-advierten-autoridades\/"},"wordCount":433,"publisher":{"@id":"https:\/\/canal7slp.tv\/2022\/#organization"},"image":{"@id":"https:\/\/canal7slp.tv\/2022\/san-luis-potosi-regresaria-a-amarillo-o-incluso-a-rojo-por-altos-contagios-de-covid-19-advierten-autoridades\/#primaryimage"},"thumbnailUrl":"https:\/\/canal7slp.tv\/2022\/wp-content\/uploads\/2022\/01\/amarillo.jpg","articleSection":["LOCALES Y REGIONALES"],"inLanguage":"es"},{"@type":"WebPage","@id":"https:\/\/canal7slp.tv\/2022\/san-luis-potosi-regresaria-a-amarillo-o-incluso-a-rojo-por-altos-contagios-de-covid-19-advierten-autoridades\/","url":"https:\/\/canal7slp.tv\/2022\/san-luis-potosi-regresaria-a-amarillo-o-incluso-a-rojo-por-altos-contagios-de-covid-19-advierten-autoridades\/","name":"San Luis Potos\u00ed regresar\u00eda a amarillo o incluso a rojo por altos contagios de COVID-19, advierten autoridades - Canal 7 SLP - 2022","isPartOf":{"@id":"https:\/\/canal7slp.tv\/2022\/#website"},"primaryImageOfPage":{"@id":"https:\/\/canal7slp.tv\/2022\/san-luis-potosi-regresaria-a-amarillo-o-incluso-a-rojo-por-altos-contagios-de-covid-19-advierten-autoridades\/#primaryimage"},"image":{"@id":"https:\/\/canal7slp.tv\/2022\/san-luis-potosi-regresaria-a-amarillo-o-incluso-a-rojo-por-altos-contagios-de-covid-19-advierten-autoridades\/#primaryimage"},"thumbnailUrl":"https:\/\/canal7slp.tv\/2022\/wp-content\/uploads\/2022\/01\/amarillo.jpg","datePublished":"2022-01-07T18:21:15+00:00","dateModified":"2022-01-07T18:22:50+00:00","breadcrumb":{"@id":"https:\/\/canal7slp.tv\/2022\/san-luis-potosi-regresaria-a-amarillo-o-incluso-a-rojo-por-altos-contagios-de-covid-19-advierten-autoridades\/#breadcrumb"},"inLanguage":"es","potentialAction":[{"@type":"ReadAction","target":["https:\/\/canal7slp.tv\/2022\/san-luis-potosi-regresaria-a-amarillo-o-incluso-a-rojo-por-altos-contagios-de-covid-19-advierten-autoridades\/"]}]},{"@type":"ImageObject","inLanguage":"es","@id":"https:\/\/canal7slp.tv\/2022\/san-luis-potosi-regresaria-a-amarillo-o-incluso-a-rojo-por-altos-contagios-de-covid-19-advierten-autoridades\/#primaryimage","url":"https:\/\/canal7slp.tv\/2022\/wp-content\/uploads\/2022\/01\/amarillo.jpg","contentUrl":"https:\/\/canal7slp.tv\/2022\/wp-content\/uploads\/2022\/01\/amarillo.jpg","width":1440,"height":810},{"@type":"BreadcrumbList","@id":"https:\/\/canal7slp.tv\/2022\/san-luis-potosi-regresaria-a-amarillo-o-incluso-a-rojo-por-altos-contagios-de-covid-19-advierten-autoridades\/#breadcrumb","itemListElement":[{"@type":"ListItem","position":1,"name":"Portada","item":"https:\/\/canal7slp.tv\/2022\/"},{"@type":"ListItem","position":2,"name":"San Luis Potos\u00ed regresar\u00eda a amarillo o incluso a rojo por altos contagios de COVID-19, advierten autoridades"}]},{"@type":"WebSite","@id":"https:\/\/canal7slp.tv\/2022\/#website","url":"https:\/\/canal7slp.tv\/2022\/","name":"N7 - Noticieros Canal 7","description":"Somos Televisi\u00f3n","publisher":{"@id":"https:\/\/canal7slp.tv\/2022\/#organization"},"potentialAction":[{"@type":"SearchAction","target":{"@type":"EntryPoint","urlTemplate":"https:\/\/canal7slp.tv\/2022\/?s={search_term_string}"},"query-input":{"@type":"PropertyValueSpecification","valueRequired":true,"valueName":"search_term_string"}}],"inLanguage":"es"},{"@type":"Organization","@id":"https:\/\/canal7slp.tv\/2022\/#organization","name":"Noticieros Canal 7","url":"https:\/\/canal7slp.tv\/2022\/","logo":{"@type":"ImageObject","inLanguage":"es","@id":"https:\/\/canal7slp.tv\/2022\/#\/schema\/logo\/image\/","url":"https:\/\/canal7slp.tv\/2022\/wp-content\/uploads\/2021\/01\/logo-noticieros@2x.png","contentUrl":"https:\/\/canal7slp.tv\/2022\/wp-content\/uploads\/2021\/01\/logo-noticieros@2x.png","width":1017,"height":268,"caption":"Noticieros Canal 7"},"image":{"@id":"https:\/\/canal7slp.tv\/2022\/#\/schema\/logo\/image\/"},"sameAs":["https:\/\/www.facebook.com\/noticieroscanalsiete","https:\/\/x.com\/NOTICIEROS7","https:\/\/www.instagram.com\/canal7_slp","https:\/\/www.youtube.com\/channel\/UCliiYs-gP3JfJeqdPrNdd5A"]},{"@type":"Person","@id":"https:\/\/canal7slp.tv\/2022\/#\/schema\/person\/429704152a21f5f856ce29aa69a238da","name":"Edici\u00f3n Web","image":{"@type":"ImageObject","inLanguage":"es","@id":"https:\/\/secure.gravatar.com\/avatar\/eee448fc3f7164808013b816ba91ac7e43bbe82a70bebac296f8bc6f0addaa1a?s=96&d=mm&r=g","url":"https:\/\/secure.gravatar.com\/avatar\/eee448fc3f7164808013b816ba91ac7e43bbe82a70bebac296f8bc6f0addaa1a?s=96&d=mm&r=g","contentUrl":"https:\/\/secure.gravatar.com\/avatar\/eee448fc3f7164808013b816ba91ac7e43bbe82a70bebac296f8bc6f0addaa1a?s=96&d=mm&r=g","caption":"Edici\u00f3n Web"},"url":"https:\/\/canal7slp.tv\/2022\/author\/edicionweb\/"}]}},"amp_enabled":true,"_links":{"self":[{"href":"https:\/\/canal7slp.tv\/2022\/wp-json\/wp\/v2\/posts\/47250","targetHints":{"allow":["GET"]}}],"collection":[{"href":"https:\/\/canal7slp.tv\/2022\/wp-json\/wp\/v2\/posts"}],"about":[{"href":"https:\/\/canal7slp.tv\/2022\/wp-json\/wp\/v2\/types\/post"}],"author":[{"embeddable":true,"href":"https:\/\/canal7slp.tv\/2022\/wp-json\/wp\/v2\/users\/2"}],"replies":[{"embeddable":true,"href":"https:\/\/canal7slp.tv\/2022\/wp-json\/wp\/v2\/comments?post=47250"}],"version-history":[{"count":3,"href":"https:\/\/canal7slp.tv\/2022\/wp-json\/wp\/v2\/posts\/47250\/revisions"}],"predecessor-version":[{"id":47255,"href":"https:\/\/canal7slp.tv\/2022\/wp-json\/wp\/v2\/posts\/47250\/revisions\/47255"}],"wp:featuredmedia":[{"embeddable":true,"href":"https:\/\/canal7slp.tv\/2022\/wp-json\/wp\/v2\/media\/47251"}],"wp:attachment":[{"href":"https:\/\/canal7slp.tv\/2022\/wp-json\/wp\/v2\/media?parent=47250"}],"wp:term":[{"taxonomy":"category","embeddable":true,"href":"https:\/\/canal7slp.tv\/2022\/wp-json\/wp\/v2\/categories?post=47250"},{"taxonomy":"post_tag","embeddable":true,"href":"https:\/\/canal7slp.tv\/2022\/wp-json\/wp\/v2\/tags?post=47250"}],"curies":[{"name":"wp","href":"https:\/\/api.w.org\/{rel}","templated":true}]}}