{"id":47200,"date":"2022-01-06T18:39:16","date_gmt":"2022-01-07T00:39:16","guid":{"rendered":"https:\/\/canal7slp.tv\/2022\/?p=47200"},"modified":"2022-01-06T18:39:16","modified_gmt":"2022-01-07T00:39:16","slug":"un-complejo-2022-percibe-el-sector-transportista","status":"publish","type":"post","link":"https:\/\/canal7slp.tv\/2022\/un-complejo-2022-percibe-el-sector-transportista\/","title":{"rendered":"Un complejo 2022 percibe el sector transportista."},"content":{"rendered":"<ul>\n<li>Emite queja ante incremento en los combustibles.<\/li>\n<\/ul>\n<p style=\"text-align: justify;\">SLP.- Ra\u00fal Torres Mendoza, consejero nacional y delegado de la Alianza Nacional de Organizaci\u00f3n de Transportistas se quej\u00f3 de que el gremio que representa inici\u00f3 mal el 2022, con el incremento a los combustibles.<\/p>\n<p style=\"text-align: justify;\">Afirm\u00f3 que una situaci\u00f3n similar afect\u00f3 hasta en un 20 por ciento la econom\u00eda del sector del autotransporte de carga en el estado, el pasado a\u00f1o.<\/p>\n<p style=\"text-align: justify;\">Es decir, para el consejero nacional de AMOTAC las p\u00e9rdidas econ\u00f3micas fueron de 58 mil pesos al a\u00f1o por cada unidad ante los incrementos a los combustibles.<\/p>\n<p style=\"text-align: justify;\">Torres Mendoza se\u00f1al\u00f3 que esta situaci\u00f3n se complica si se toma en cuenta que el parque veh\u00edcular chatarra se increment\u00f3 en un 88 por ciento, lo que hace imposible adquirir unidades nuevas ante el alza del combustible.<\/p>\n<p style=\"text-align: justify;\">Asimismo, el delegado de AMOTAC se\u00f1al\u00f3 que San Luis Potos\u00ed se ubica en el cuarto lugar entre los estados con m\u00e1s robos a transportistas de carga, por arriba de los estados de M\u00e9xico, Veracruz , Zacatecas y Guanajuato.<\/p>\n<p style=\"text-align: justify;\">En este sentido, el l\u00edder de los transportistas de carga pidi\u00f3 el apoyo de las autoridades de los tres niveles de gobierno.<\/p>\n<p style=\"text-align: justify;\">Ra\u00fal Torres Mendoza hizo tambi\u00e9n un llamado al decir que a pesar de que el sector del autotransporte de carga paga sus aportaciones y cuotas al IMSS, sus trabajadores carecen de medicamentos.<\/p>\n<p style=\"text-align: justify;\">Por: Claudio Ibarra<\/p>\n","protected":false},"excerpt":{"rendered":"<p>Emite queja ante incremento en los combustibles. SLP.- Ra\u00fal Torres Mendoza, consejero nacional y delegado de la Alianza Nacional de Organizaci\u00f3n de Transportistas se quej\u00f3 de que el gremio que representa inici\u00f3 mal el 2022, con el incremento a los combustibles. Afirm\u00f3 que una situaci\u00f3n similar afect\u00f3 hasta en un 20 por ciento la econom\u00eda del sector del autotransporte de carga en el estado, el pasado a\u00f1o. Es decir, para el consejero nacional de AMOTAC las p\u00e9rdidas econ\u00f3micas fueron de 58 mil pesos al a\u00f1o por cada unidad ante los incrementos a los combustibles. Torres Mendoza se\u00f1al\u00f3 que esta situaci\u00f3n [&hellip;]<\/p>\n","protected":false},"author":2,"featured_media":47235,"comment_status":"closed","ping_status":"closed","sticky":false,"template":"","format":"video","meta":{"footnotes":""},"categories":[5,45],"tags":[],"class_list":["post-47200","post","type-post","status-publish","format-video","has-post-thumbnail","hentry","category-destacadas","category-localesyregionales","post_format-post-format-video","post--single"],"yoast_head":"<!-- This site is optimized with the Yoast SEO plugin v27.5 - https:\/\/yoast.com\/product\/yoast-seo-wordpress\/ -->\n<title>Un complejo 2022 percibe el sector transportista. - Canal 7 SLP - 2022<\/title>\n<meta name=\"robots\" content=\"index, follow, max-snippet:-1, max-image-preview:large, max-video-preview:-1\" \/>\n<link rel=\"canonical\" href=\"https:\/\/canal7slp.tv\/2022\/un-complejo-2022-percibe-el-sector-transportista\/\" \/>\n<meta property=\"og:locale\" content=\"es_ES\" \/>\n<meta property=\"og:type\" content=\"article\" \/>\n<meta property=\"og:title\" content=\"Un complejo 2022 percibe el sector transportista. - Canal 7 SLP - 2022\" \/>\n<meta property=\"og:description\" content=\"Emite queja ante incremento en los combustibles. SLP.- Ra\u00fal Torres Mendoza, consejero nacional y delegado de la Alianza Nacional de Organizaci\u00f3n de Transportistas se quej\u00f3 de que el gremio que representa inici\u00f3 mal el 2022, con el incremento a los combustibles. Afirm\u00f3 que una situaci\u00f3n similar afect\u00f3 hasta en un 20 por ciento la econom\u00eda del sector del autotransporte de carga en el estado, el pasado a\u00f1o. Es decir, para el consejero nacional de AMOTAC las p\u00e9rdidas econ\u00f3micas fueron de 58 mil pesos al a\u00f1o por cada unidad ante los incrementos a los combustibles. Torres Mendoza se\u00f1al\u00f3 que esta situaci\u00f3n [&hellip;]\" \/>\n<meta property=\"og:url\" content=\"https:\/\/canal7slp.tv\/2022\/un-complejo-2022-percibe-el-sector-transportista\/\" \/>\n<meta property=\"og:site_name\" content=\"Canal 7 SLP - 2022\" \/>\n<meta property=\"article:publisher\" content=\"https:\/\/www.facebook.com\/noticieroscanalsiete\" \/>\n<meta property=\"article:published_time\" content=\"2022-01-07T00:39:16+00:00\" \/>\n<meta property=\"og:image\" content=\"https:\/\/canal7slp.tv\/2022\/wp-content\/uploads\/2022\/01\/Claudio01AMOTAC.jpg\" \/>\n\t<meta property=\"og:image:width\" content=\"888\" \/>\n\t<meta property=\"og:image:height\" content=\"500\" \/>\n\t<meta property=\"og:image:type\" content=\"image\/jpeg\" \/>\n<meta name=\"author\" content=\"Edici\u00f3n Web\" \/>\n<meta name=\"twitter:card\" content=\"summary_large_image\" \/>\n<meta name=\"twitter:creator\" content=\"@NOTICIEROS7\" \/>\n<meta name=\"twitter:site\" content=\"@NOTICIEROS7\" \/>\n<meta name=\"twitter:label1\" content=\"Escrito por\" \/>\n\t<meta name=\"twitter:data1\" content=\"Edici\u00f3n Web\" \/>\n\t<meta name=\"twitter:label2\" content=\"Tiempo de lectura\" \/>\n\t<meta name=\"twitter:data2\" content=\"1 minuto\" \/>\n<script type=\"application\/ld+json\" class=\"yoast-schema-graph\">{\"@context\":\"https:\\\/\\\/schema.org\",\"@graph\":[{\"@type\":\"Article\",\"@id\":\"https:\\\/\\\/canal7slp.tv\\\/2022\\\/un-complejo-2022-percibe-el-sector-transportista\\\/#article\",\"isPartOf\":{\"@id\":\"https:\\\/\\\/canal7slp.tv\\\/2022\\\/un-complejo-2022-percibe-el-sector-transportista\\\/\"},\"author\":{\"name\":\"Edici\u00f3n Web\",\"@id\":\"https:\\\/\\\/canal7slp.tv\\\/2022\\\/#\\\/schema\\\/person\\\/429704152a21f5f856ce29aa69a238da\"},\"headline\":\"Un complejo 2022 percibe el sector transportista.\",\"datePublished\":\"2022-01-07T00:39:16+00:00\",\"mainEntityOfPage\":{\"@id\":\"https:\\\/\\\/canal7slp.tv\\\/2022\\\/un-complejo-2022-percibe-el-sector-transportista\\\/\"},\"wordCount\":245,\"publisher\":{\"@id\":\"https:\\\/\\\/canal7slp.tv\\\/2022\\\/#organization\"},\"image\":{\"@id\":\"https:\\\/\\\/canal7slp.tv\\\/2022\\\/un-complejo-2022-percibe-el-sector-transportista\\\/#primaryimage\"},\"thumbnailUrl\":\"https:\\\/\\\/canal7slp.tv\\\/2022\\\/wp-content\\\/uploads\\\/2022\\\/01\\\/Claudio01AMOTAC.jpg\",\"articleSection\":[\"DESTACADAS\",\"LOCALES Y REGIONALES\"],\"inLanguage\":\"es\"},{\"@type\":\"WebPage\",\"@id\":\"https:\\\/\\\/canal7slp.tv\\\/2022\\\/un-complejo-2022-percibe-el-sector-transportista\\\/\",\"url\":\"https:\\\/\\\/canal7slp.tv\\\/2022\\\/un-complejo-2022-percibe-el-sector-transportista\\\/\",\"name\":\"Un complejo 2022 percibe el sector transportista. - Canal 7 SLP - 2022\",\"isPartOf\":{\"@id\":\"https:\\\/\\\/canal7slp.tv\\\/2022\\\/#website\"},\"primaryImageOfPage\":{\"@id\":\"https:\\\/\\\/canal7slp.tv\\\/2022\\\/un-complejo-2022-percibe-el-sector-transportista\\\/#primaryimage\"},\"image\":{\"@id\":\"https:\\\/\\\/canal7slp.tv\\\/2022\\\/un-complejo-2022-percibe-el-sector-transportista\\\/#primaryimage\"},\"thumbnailUrl\":\"https:\\\/\\\/canal7slp.tv\\\/2022\\\/wp-content\\\/uploads\\\/2022\\\/01\\\/Claudio01AMOTAC.jpg\",\"datePublished\":\"2022-01-07T00:39:16+00:00\",\"breadcrumb\":{\"@id\":\"https:\\\/\\\/canal7slp.tv\\\/2022\\\/un-complejo-2022-percibe-el-sector-transportista\\\/#breadcrumb\"},\"inLanguage\":\"es\",\"potentialAction\":[{\"@type\":\"ReadAction\",\"target\":[\"https:\\\/\\\/canal7slp.tv\\\/2022\\\/un-complejo-2022-percibe-el-sector-transportista\\\/\"]}]},{\"@type\":\"ImageObject\",\"inLanguage\":\"es\",\"@id\":\"https:\\\/\\\/canal7slp.tv\\\/2022\\\/un-complejo-2022-percibe-el-sector-transportista\\\/#primaryimage\",\"url\":\"https:\\\/\\\/canal7slp.tv\\\/2022\\\/wp-content\\\/uploads\\\/2022\\\/01\\\/Claudio01AMOTAC.jpg\",\"contentUrl\":\"https:\\\/\\\/canal7slp.tv\\\/2022\\\/wp-content\\\/uploads\\\/2022\\\/01\\\/Claudio01AMOTAC.jpg\",\"width\":888,\"height\":500},{\"@type\":\"BreadcrumbList\",\"@id\":\"https:\\\/\\\/canal7slp.tv\\\/2022\\\/un-complejo-2022-percibe-el-sector-transportista\\\/#breadcrumb\",\"itemListElement\":[{\"@type\":\"ListItem\",\"position\":1,\"name\":\"Portada\",\"item\":\"https:\\\/\\\/canal7slp.tv\\\/2022\\\/\"},{\"@type\":\"ListItem\",\"position\":2,\"name\":\"Un complejo 2022 percibe el sector transportista.\"}]},{\"@type\":\"WebSite\",\"@id\":\"https:\\\/\\\/canal7slp.tv\\\/2022\\\/#website\",\"url\":\"https:\\\/\\\/canal7slp.tv\\\/2022\\\/\",\"name\":\"N7 - Noticieros Canal 7\",\"description\":\"Somos Televisi\u00f3n\",\"publisher\":{\"@id\":\"https:\\\/\\\/canal7slp.tv\\\/2022\\\/#organization\"},\"potentialAction\":[{\"@type\":\"SearchAction\",\"target\":{\"@type\":\"EntryPoint\",\"urlTemplate\":\"https:\\\/\\\/canal7slp.tv\\\/2022\\\/?s={search_term_string}\"},\"query-input\":{\"@type\":\"PropertyValueSpecification\",\"valueRequired\":true,\"valueName\":\"search_term_string\"}}],\"inLanguage\":\"es\"},{\"@type\":\"Organization\",\"@id\":\"https:\\\/\\\/canal7slp.tv\\\/2022\\\/#organization\",\"name\":\"Noticieros Canal 7\",\"url\":\"https:\\\/\\\/canal7slp.tv\\\/2022\\\/\",\"logo\":{\"@type\":\"ImageObject\",\"inLanguage\":\"es\",\"@id\":\"https:\\\/\\\/canal7slp.tv\\\/2022\\\/#\\\/schema\\\/logo\\\/image\\\/\",\"url\":\"https:\\\/\\\/canal7slp.tv\\\/2022\\\/wp-content\\\/uploads\\\/2021\\\/01\\\/logo-noticieros@2x.png\",\"contentUrl\":\"https:\\\/\\\/canal7slp.tv\\\/2022\\\/wp-content\\\/uploads\\\/2021\\\/01\\\/logo-noticieros@2x.png\",\"width\":1017,\"height\":268,\"caption\":\"Noticieros Canal 7\"},\"image\":{\"@id\":\"https:\\\/\\\/canal7slp.tv\\\/2022\\\/#\\\/schema\\\/logo\\\/image\\\/\"},\"sameAs\":[\"https:\\\/\\\/www.facebook.com\\\/noticieroscanalsiete\",\"https:\\\/\\\/x.com\\\/NOTICIEROS7\",\"https:\\\/\\\/www.instagram.com\\\/canal7_slp\",\"https:\\\/\\\/www.youtube.com\\\/channel\\\/UCliiYs-gP3JfJeqdPrNdd5A\"]},{\"@type\":\"Person\",\"@id\":\"https:\\\/\\\/canal7slp.tv\\\/2022\\\/#\\\/schema\\\/person\\\/429704152a21f5f856ce29aa69a238da\",\"name\":\"Edici\u00f3n Web\",\"image\":{\"@type\":\"ImageObject\",\"inLanguage\":\"es\",\"@id\":\"https:\\\/\\\/secure.gravatar.com\\\/avatar\\\/eee448fc3f7164808013b816ba91ac7e43bbe82a70bebac296f8bc6f0addaa1a?s=96&d=mm&r=g\",\"url\":\"https:\\\/\\\/secure.gravatar.com\\\/avatar\\\/eee448fc3f7164808013b816ba91ac7e43bbe82a70bebac296f8bc6f0addaa1a?s=96&d=mm&r=g\",\"contentUrl\":\"https:\\\/\\\/secure.gravatar.com\\\/avatar\\\/eee448fc3f7164808013b816ba91ac7e43bbe82a70bebac296f8bc6f0addaa1a?s=96&d=mm&r=g\",\"caption\":\"Edici\u00f3n Web\"},\"url\":\"https:\\\/\\\/canal7slp.tv\\\/2022\\\/author\\\/edicionweb\\\/\"}]}<\/script>\n<!-- \/ Yoast SEO plugin. -->","yoast_head_json":{"title":"Un complejo 2022 percibe el sector transportista. - Canal 7 SLP - 2022","robots":{"index":"index","follow":"follow","max-snippet":"max-snippet:-1","max-image-preview":"max-image-preview:large","max-video-preview":"max-video-preview:-1"},"canonical":"https:\/\/canal7slp.tv\/2022\/un-complejo-2022-percibe-el-sector-transportista\/","og_locale":"es_ES","og_type":"article","og_title":"Un complejo 2022 percibe el sector transportista. - Canal 7 SLP - 2022","og_description":"Emite queja ante incremento en los combustibles. SLP.- Ra\u00fal Torres Mendoza, consejero nacional y delegado de la Alianza Nacional de Organizaci\u00f3n de Transportistas se quej\u00f3 de que el gremio que representa inici\u00f3 mal el 2022, con el incremento a los combustibles. Afirm\u00f3 que una situaci\u00f3n similar afect\u00f3 hasta en un 20 por ciento la econom\u00eda del sector del autotransporte de carga en el estado, el pasado a\u00f1o. Es decir, para el consejero nacional de AMOTAC las p\u00e9rdidas econ\u00f3micas fueron de 58 mil pesos al a\u00f1o por cada unidad ante los incrementos a los combustibles. Torres Mendoza se\u00f1al\u00f3 que esta situaci\u00f3n [&hellip;]","og_url":"https:\/\/canal7slp.tv\/2022\/un-complejo-2022-percibe-el-sector-transportista\/","og_site_name":"Canal 7 SLP - 2022","article_publisher":"https:\/\/www.facebook.com\/noticieroscanalsiete","article_published_time":"2022-01-07T00:39:16+00:00","og_image":[{"width":888,"height":500,"url":"https:\/\/canal7slp.tv\/2022\/wp-content\/uploads\/2022\/01\/Claudio01AMOTAC.jpg","type":"image\/jpeg"}],"author":"Edici\u00f3n Web","twitter_card":"summary_large_image","twitter_creator":"@NOTICIEROS7","twitter_site":"@NOTICIEROS7","twitter_misc":{"Escrito por":"Edici\u00f3n Web","Tiempo de lectura":"1 minuto"},"schema":{"@context":"https:\/\/schema.org","@graph":[{"@type":"Article","@id":"https:\/\/canal7slp.tv\/2022\/un-complejo-2022-percibe-el-sector-transportista\/#article","isPartOf":{"@id":"https:\/\/canal7slp.tv\/2022\/un-complejo-2022-percibe-el-sector-transportista\/"},"author":{"name":"Edici\u00f3n Web","@id":"https:\/\/canal7slp.tv\/2022\/#\/schema\/person\/429704152a21f5f856ce29aa69a238da"},"headline":"Un complejo 2022 percibe el sector transportista.","datePublished":"2022-01-07T00:39:16+00:00","mainEntityOfPage":{"@id":"https:\/\/canal7slp.tv\/2022\/un-complejo-2022-percibe-el-sector-transportista\/"},"wordCount":245,"publisher":{"@id":"https:\/\/canal7slp.tv\/2022\/#organization"},"image":{"@id":"https:\/\/canal7slp.tv\/2022\/un-complejo-2022-percibe-el-sector-transportista\/#primaryimage"},"thumbnailUrl":"https:\/\/canal7slp.tv\/2022\/wp-content\/uploads\/2022\/01\/Claudio01AMOTAC.jpg","articleSection":["DESTACADAS","LOCALES Y REGIONALES"],"inLanguage":"es"},{"@type":"WebPage","@id":"https:\/\/canal7slp.tv\/2022\/un-complejo-2022-percibe-el-sector-transportista\/","url":"https:\/\/canal7slp.tv\/2022\/un-complejo-2022-percibe-el-sector-transportista\/","name":"Un complejo 2022 percibe el sector transportista. - Canal 7 SLP - 2022","isPartOf":{"@id":"https:\/\/canal7slp.tv\/2022\/#website"},"primaryImageOfPage":{"@id":"https:\/\/canal7slp.tv\/2022\/un-complejo-2022-percibe-el-sector-transportista\/#primaryimage"},"image":{"@id":"https:\/\/canal7slp.tv\/2022\/un-complejo-2022-percibe-el-sector-transportista\/#primaryimage"},"thumbnailUrl":"https:\/\/canal7slp.tv\/2022\/wp-content\/uploads\/2022\/01\/Claudio01AMOTAC.jpg","datePublished":"2022-01-07T00:39:16+00:00","breadcrumb":{"@id":"https:\/\/canal7slp.tv\/2022\/un-complejo-2022-percibe-el-sector-transportista\/#breadcrumb"},"inLanguage":"es","potentialAction":[{"@type":"ReadAction","target":["https:\/\/canal7slp.tv\/2022\/un-complejo-2022-percibe-el-sector-transportista\/"]}]},{"@type":"ImageObject","inLanguage":"es","@id":"https:\/\/canal7slp.tv\/2022\/un-complejo-2022-percibe-el-sector-transportista\/#primaryimage","url":"https:\/\/canal7slp.tv\/2022\/wp-content\/uploads\/2022\/01\/Claudio01AMOTAC.jpg","contentUrl":"https:\/\/canal7slp.tv\/2022\/wp-content\/uploads\/2022\/01\/Claudio01AMOTAC.jpg","width":888,"height":500},{"@type":"BreadcrumbList","@id":"https:\/\/canal7slp.tv\/2022\/un-complejo-2022-percibe-el-sector-transportista\/#breadcrumb","itemListElement":[{"@type":"ListItem","position":1,"name":"Portada","item":"https:\/\/canal7slp.tv\/2022\/"},{"@type":"ListItem","position":2,"name":"Un complejo 2022 percibe el sector transportista."}]},{"@type":"WebSite","@id":"https:\/\/canal7slp.tv\/2022\/#website","url":"https:\/\/canal7slp.tv\/2022\/","name":"N7 - Noticieros Canal 7","description":"Somos Televisi\u00f3n","publisher":{"@id":"https:\/\/canal7slp.tv\/2022\/#organization"},"potentialAction":[{"@type":"SearchAction","target":{"@type":"EntryPoint","urlTemplate":"https:\/\/canal7slp.tv\/2022\/?s={search_term_string}"},"query-input":{"@type":"PropertyValueSpecification","valueRequired":true,"valueName":"search_term_string"}}],"inLanguage":"es"},{"@type":"Organization","@id":"https:\/\/canal7slp.tv\/2022\/#organization","name":"Noticieros Canal 7","url":"https:\/\/canal7slp.tv\/2022\/","logo":{"@type":"ImageObject","inLanguage":"es","@id":"https:\/\/canal7slp.tv\/2022\/#\/schema\/logo\/image\/","url":"https:\/\/canal7slp.tv\/2022\/wp-content\/uploads\/2021\/01\/logo-noticieros@2x.png","contentUrl":"https:\/\/canal7slp.tv\/2022\/wp-content\/uploads\/2021\/01\/logo-noticieros@2x.png","width":1017,"height":268,"caption":"Noticieros Canal 7"},"image":{"@id":"https:\/\/canal7slp.tv\/2022\/#\/schema\/logo\/image\/"},"sameAs":["https:\/\/www.facebook.com\/noticieroscanalsiete","https:\/\/x.com\/NOTICIEROS7","https:\/\/www.instagram.com\/canal7_slp","https:\/\/www.youtube.com\/channel\/UCliiYs-gP3JfJeqdPrNdd5A"]},{"@type":"Person","@id":"https:\/\/canal7slp.tv\/2022\/#\/schema\/person\/429704152a21f5f856ce29aa69a238da","name":"Edici\u00f3n Web","image":{"@type":"ImageObject","inLanguage":"es","@id":"https:\/\/secure.gravatar.com\/avatar\/eee448fc3f7164808013b816ba91ac7e43bbe82a70bebac296f8bc6f0addaa1a?s=96&d=mm&r=g","url":"https:\/\/secure.gravatar.com\/avatar\/eee448fc3f7164808013b816ba91ac7e43bbe82a70bebac296f8bc6f0addaa1a?s=96&d=mm&r=g","contentUrl":"https:\/\/secure.gravatar.com\/avatar\/eee448fc3f7164808013b816ba91ac7e43bbe82a70bebac296f8bc6f0addaa1a?s=96&d=mm&r=g","caption":"Edici\u00f3n Web"},"url":"https:\/\/canal7slp.tv\/2022\/author\/edicionweb\/"}]}},"amp_enabled":true,"_links":{"self":[{"href":"https:\/\/canal7slp.tv\/2022\/wp-json\/wp\/v2\/posts\/47200","targetHints":{"allow":["GET"]}}],"collection":[{"href":"https:\/\/canal7slp.tv\/2022\/wp-json\/wp\/v2\/posts"}],"about":[{"href":"https:\/\/canal7slp.tv\/2022\/wp-json\/wp\/v2\/types\/post"}],"author":[{"embeddable":true,"href":"https:\/\/canal7slp.tv\/2022\/wp-json\/wp\/v2\/users\/2"}],"replies":[{"embeddable":true,"href":"https:\/\/canal7slp.tv\/2022\/wp-json\/wp\/v2\/comments?post=47200"}],"version-history":[{"count":3,"href":"https:\/\/canal7slp.tv\/2022\/wp-json\/wp\/v2\/posts\/47200\/revisions"}],"predecessor-version":[{"id":47236,"href":"https:\/\/canal7slp.tv\/2022\/wp-json\/wp\/v2\/posts\/47200\/revisions\/47236"}],"wp:featuredmedia":[{"embeddable":true,"href":"https:\/\/canal7slp.tv\/2022\/wp-json\/wp\/v2\/media\/47235"}],"wp:attachment":[{"href":"https:\/\/canal7slp.tv\/2022\/wp-json\/wp\/v2\/media?parent=47200"}],"wp:term":[{"taxonomy":"category","embeddable":true,"href":"https:\/\/canal7slp.tv\/2022\/wp-json\/wp\/v2\/categories?post=47200"},{"taxonomy":"post_tag","embeddable":true,"href":"https:\/\/canal7slp.tv\/2022\/wp-json\/wp\/v2\/tags?post=47200"}],"curies":[{"name":"wp","href":"https:\/\/api.w.org\/{rel}","templated":true}]}}