{"id":47194,"date":"2022-01-06T18:26:40","date_gmt":"2022-01-07T00:26:40","guid":{"rendered":"https:\/\/canal7slp.tv\/2022\/?p=47194"},"modified":"2022-01-06T18:26:40","modified_gmt":"2022-01-07T00:26:40","slug":"al-cierre-de-2021-312-mil-trabajadores-fueron-despedidos-injustificadamente-y-sin-aguinaldo","status":"publish","type":"post","link":"https:\/\/canal7slp.tv\/2022\/al-cierre-de-2021-312-mil-trabajadores-fueron-despedidos-injustificadamente-y-sin-aguinaldo\/","title":{"rendered":"Al cierre de 2021, 312 mil trabajadores fueron despedidos injustificadamente y sin aguinaldo."},"content":{"rendered":"<p style=\"text-align: justify;\">SLP.- Un total de 312 mil 902 trabajadores mexicanos fueron despedidos previ\u00f3 al cierre del 2021, revel\u00f3 el presidente Andr\u00e9s Manuel L\u00f3pez Obrador.<\/p>\n<p style=\"text-align: justify;\">Desafortunadamente esto representa una t\u00e1ctica por parte de las empresas que busca \u201cno pagarles sus prestaciones\u201d, tal como el aguinaldo a pesar de ser un derecho laboral.<\/p>\n<p style=\"text-align: justify;\">El mandatario reconoci\u00f3 que dicha estrategia \u201ces un despido formal, no real\u201d, debido a que en muchos casos es temporal y vuelven a ser contratados en el arranque de a\u00f1o.<\/p>\n<p style=\"text-align: justify;\">Indic\u00f3 que la mayor\u00eda de empresas que se atreven a cometer esta pr\u00e1ctica son pertenecientes al \u00e1rea de educaci\u00f3n y de servicios.<\/p>\n<p style=\"text-align: justify;\">Lo lamentable es que el despido masivo de trabajadores se contin\u00faa ejerciendo, a pesar de que \u201cse modific\u00f3 la ley y se est\u00e1 combatiendo el outsourcing\u201d.<\/p>\n<p style=\"text-align: justify;\">Afortunadamente el nivel de empleos formales se ha logrado mantener estable durante la administraci\u00f3n de L\u00f3pez Obrador, tal como se muestra en la grafica.<\/p>\n<p style=\"text-align: justify;\">En el 2019 se alcanz\u00f3 un nivel m\u00e1ximo de 20 millones 803 mil empleos formales; posteriormente antes de la emergencia de covid-19 cay\u00f3 a 20 millones 613 mil empleos; uno de los niveles m\u00e1s bajo se registr\u00f3 en noviembre del 2020 con un nivel de 20 millones 51 mil empleos.<\/p>\n<p style=\"text-align: justify;\">Despu\u00e9s en noviembre del 2021 se alcanz\u00f3 un nivel m\u00e1ximo de casi 21 millones de empleos formales, mientras que actualmente ha ca\u00eddo a 20 millones 620 mil.<\/p>\n<p style=\"text-align: justify;\">El mandatario garantiz\u00f3 que el nivel de empleos formales se continuar\u00e1 recuperando durante el 2022.<\/p>\n<p style=\"text-align: justify;\">Finalmente, el presidente expres\u00f3 su confianza porque las empresas del pa\u00eds atender\u00e1n dicha problem\u00e1tica con el prop\u00f3sito de impulsar a la econom\u00eda.<\/p>\n<p style=\"text-align: justify;\">Por: Luis de Regil<\/p>\n","protected":false},"excerpt":{"rendered":"<p>SLP.- Un total de 312 mil 902 trabajadores mexicanos fueron despedidos previ\u00f3 al cierre del 2021, revel\u00f3 el presidente Andr\u00e9s Manuel L\u00f3pez Obrador. Desafortunadamente esto representa una t\u00e1ctica por parte de las empresas que busca \u201cno pagarles sus prestaciones\u201d, tal como el aguinaldo a pesar de ser un derecho laboral. El mandatario reconoci\u00f3 que dicha estrategia \u201ces un despido formal, no real\u201d, debido a que en muchos casos es temporal y vuelven a ser contratados en el arranque de a\u00f1o. Indic\u00f3 que la mayor\u00eda de empresas que se atreven a cometer esta pr\u00e1ctica son pertenecientes al \u00e1rea de educaci\u00f3n y [&hellip;]<\/p>\n","protected":false},"author":2,"featured_media":47230,"comment_status":"closed","ping_status":"closed","sticky":false,"template":"","format":"video","meta":{"footnotes":""},"categories":[5,45],"tags":[],"class_list":["post-47194","post","type-post","status-publish","format-video","has-post-thumbnail","hentry","category-destacadas","category-localesyregionales","post_format-post-format-video","post--single"],"yoast_head":"<!-- This site is optimized with the Yoast SEO plugin v27.5 - https:\/\/yoast.com\/product\/yoast-seo-wordpress\/ -->\n<title>Al cierre de 2021, 312 mil trabajadores fueron despedidos injustificadamente y sin aguinaldo. - Canal 7 SLP - 2022<\/title>\n<meta name=\"robots\" content=\"index, follow, max-snippet:-1, max-image-preview:large, max-video-preview:-1\" \/>\n<link rel=\"canonical\" href=\"https:\/\/canal7slp.tv\/2022\/al-cierre-de-2021-312-mil-trabajadores-fueron-despedidos-injustificadamente-y-sin-aguinaldo\/\" \/>\n<meta property=\"og:locale\" content=\"es_ES\" \/>\n<meta property=\"og:type\" content=\"article\" \/>\n<meta property=\"og:title\" content=\"Al cierre de 2021, 312 mil trabajadores fueron despedidos injustificadamente y sin aguinaldo. - Canal 7 SLP - 2022\" \/>\n<meta property=\"og:description\" content=\"SLP.- Un total de 312 mil 902 trabajadores mexicanos fueron despedidos previ\u00f3 al cierre del 2021, revel\u00f3 el presidente Andr\u00e9s Manuel L\u00f3pez Obrador. Desafortunadamente esto representa una t\u00e1ctica por parte de las empresas que busca \u201cno pagarles sus prestaciones\u201d, tal como el aguinaldo a pesar de ser un derecho laboral. El mandatario reconoci\u00f3 que dicha estrategia \u201ces un despido formal, no real\u201d, debido a que en muchos casos es temporal y vuelven a ser contratados en el arranque de a\u00f1o. Indic\u00f3 que la mayor\u00eda de empresas que se atreven a cometer esta pr\u00e1ctica son pertenecientes al \u00e1rea de educaci\u00f3n y [&hellip;]\" \/>\n<meta property=\"og:url\" content=\"https:\/\/canal7slp.tv\/2022\/al-cierre-de-2021-312-mil-trabajadores-fueron-despedidos-injustificadamente-y-sin-aguinaldo\/\" \/>\n<meta property=\"og:site_name\" content=\"Canal 7 SLP - 2022\" \/>\n<meta property=\"article:publisher\" content=\"https:\/\/www.facebook.com\/noticieroscanalsiete\" \/>\n<meta property=\"article:published_time\" content=\"2022-01-07T00:26:40+00:00\" \/>\n<meta property=\"og:image\" content=\"https:\/\/canal7slp.tv\/2022\/wp-content\/uploads\/2022\/01\/Luis01Trabajadores.jpg\" \/>\n\t<meta property=\"og:image:width\" content=\"888\" \/>\n\t<meta property=\"og:image:height\" content=\"500\" \/>\n\t<meta property=\"og:image:type\" content=\"image\/jpeg\" \/>\n<meta name=\"author\" content=\"Edici\u00f3n Web\" \/>\n<meta name=\"twitter:card\" content=\"summary_large_image\" \/>\n<meta name=\"twitter:creator\" content=\"@NOTICIEROS7\" \/>\n<meta name=\"twitter:site\" content=\"@NOTICIEROS7\" \/>\n<meta name=\"twitter:label1\" content=\"Escrito por\" \/>\n\t<meta name=\"twitter:data1\" content=\"Edici\u00f3n Web\" \/>\n\t<meta name=\"twitter:label2\" content=\"Tiempo de lectura\" \/>\n\t<meta name=\"twitter:data2\" content=\"2 minutos\" \/>\n<script type=\"application\/ld+json\" class=\"yoast-schema-graph\">{\"@context\":\"https:\\\/\\\/schema.org\",\"@graph\":[{\"@type\":\"Article\",\"@id\":\"https:\\\/\\\/canal7slp.tv\\\/2022\\\/al-cierre-de-2021-312-mil-trabajadores-fueron-despedidos-injustificadamente-y-sin-aguinaldo\\\/#article\",\"isPartOf\":{\"@id\":\"https:\\\/\\\/canal7slp.tv\\\/2022\\\/al-cierre-de-2021-312-mil-trabajadores-fueron-despedidos-injustificadamente-y-sin-aguinaldo\\\/\"},\"author\":{\"name\":\"Edici\u00f3n Web\",\"@id\":\"https:\\\/\\\/canal7slp.tv\\\/2022\\\/#\\\/schema\\\/person\\\/429704152a21f5f856ce29aa69a238da\"},\"headline\":\"Al cierre de 2021, 312 mil trabajadores fueron despedidos injustificadamente y sin aguinaldo.\",\"datePublished\":\"2022-01-07T00:26:40+00:00\",\"mainEntityOfPage\":{\"@id\":\"https:\\\/\\\/canal7slp.tv\\\/2022\\\/al-cierre-de-2021-312-mil-trabajadores-fueron-despedidos-injustificadamente-y-sin-aguinaldo\\\/\"},\"wordCount\":286,\"publisher\":{\"@id\":\"https:\\\/\\\/canal7slp.tv\\\/2022\\\/#organization\"},\"image\":{\"@id\":\"https:\\\/\\\/canal7slp.tv\\\/2022\\\/al-cierre-de-2021-312-mil-trabajadores-fueron-despedidos-injustificadamente-y-sin-aguinaldo\\\/#primaryimage\"},\"thumbnailUrl\":\"https:\\\/\\\/canal7slp.tv\\\/2022\\\/wp-content\\\/uploads\\\/2022\\\/01\\\/Luis01Trabajadores.jpg\",\"articleSection\":[\"DESTACADAS\",\"LOCALES Y REGIONALES\"],\"inLanguage\":\"es\"},{\"@type\":\"WebPage\",\"@id\":\"https:\\\/\\\/canal7slp.tv\\\/2022\\\/al-cierre-de-2021-312-mil-trabajadores-fueron-despedidos-injustificadamente-y-sin-aguinaldo\\\/\",\"url\":\"https:\\\/\\\/canal7slp.tv\\\/2022\\\/al-cierre-de-2021-312-mil-trabajadores-fueron-despedidos-injustificadamente-y-sin-aguinaldo\\\/\",\"name\":\"Al cierre de 2021, 312 mil trabajadores fueron despedidos injustificadamente y sin aguinaldo. - Canal 7 SLP - 2022\",\"isPartOf\":{\"@id\":\"https:\\\/\\\/canal7slp.tv\\\/2022\\\/#website\"},\"primaryImageOfPage\":{\"@id\":\"https:\\\/\\\/canal7slp.tv\\\/2022\\\/al-cierre-de-2021-312-mil-trabajadores-fueron-despedidos-injustificadamente-y-sin-aguinaldo\\\/#primaryimage\"},\"image\":{\"@id\":\"https:\\\/\\\/canal7slp.tv\\\/2022\\\/al-cierre-de-2021-312-mil-trabajadores-fueron-despedidos-injustificadamente-y-sin-aguinaldo\\\/#primaryimage\"},\"thumbnailUrl\":\"https:\\\/\\\/canal7slp.tv\\\/2022\\\/wp-content\\\/uploads\\\/2022\\\/01\\\/Luis01Trabajadores.jpg\",\"datePublished\":\"2022-01-07T00:26:40+00:00\",\"breadcrumb\":{\"@id\":\"https:\\\/\\\/canal7slp.tv\\\/2022\\\/al-cierre-de-2021-312-mil-trabajadores-fueron-despedidos-injustificadamente-y-sin-aguinaldo\\\/#breadcrumb\"},\"inLanguage\":\"es\",\"potentialAction\":[{\"@type\":\"ReadAction\",\"target\":[\"https:\\\/\\\/canal7slp.tv\\\/2022\\\/al-cierre-de-2021-312-mil-trabajadores-fueron-despedidos-injustificadamente-y-sin-aguinaldo\\\/\"]}]},{\"@type\":\"ImageObject\",\"inLanguage\":\"es\",\"@id\":\"https:\\\/\\\/canal7slp.tv\\\/2022\\\/al-cierre-de-2021-312-mil-trabajadores-fueron-despedidos-injustificadamente-y-sin-aguinaldo\\\/#primaryimage\",\"url\":\"https:\\\/\\\/canal7slp.tv\\\/2022\\\/wp-content\\\/uploads\\\/2022\\\/01\\\/Luis01Trabajadores.jpg\",\"contentUrl\":\"https:\\\/\\\/canal7slp.tv\\\/2022\\\/wp-content\\\/uploads\\\/2022\\\/01\\\/Luis01Trabajadores.jpg\",\"width\":888,\"height\":500},{\"@type\":\"BreadcrumbList\",\"@id\":\"https:\\\/\\\/canal7slp.tv\\\/2022\\\/al-cierre-de-2021-312-mil-trabajadores-fueron-despedidos-injustificadamente-y-sin-aguinaldo\\\/#breadcrumb\",\"itemListElement\":[{\"@type\":\"ListItem\",\"position\":1,\"name\":\"Portada\",\"item\":\"https:\\\/\\\/canal7slp.tv\\\/2022\\\/\"},{\"@type\":\"ListItem\",\"position\":2,\"name\":\"Al cierre de 2021, 312 mil trabajadores fueron despedidos injustificadamente y sin aguinaldo.\"}]},{\"@type\":\"WebSite\",\"@id\":\"https:\\\/\\\/canal7slp.tv\\\/2022\\\/#website\",\"url\":\"https:\\\/\\\/canal7slp.tv\\\/2022\\\/\",\"name\":\"N7 - Noticieros Canal 7\",\"description\":\"Somos Televisi\u00f3n\",\"publisher\":{\"@id\":\"https:\\\/\\\/canal7slp.tv\\\/2022\\\/#organization\"},\"potentialAction\":[{\"@type\":\"SearchAction\",\"target\":{\"@type\":\"EntryPoint\",\"urlTemplate\":\"https:\\\/\\\/canal7slp.tv\\\/2022\\\/?s={search_term_string}\"},\"query-input\":{\"@type\":\"PropertyValueSpecification\",\"valueRequired\":true,\"valueName\":\"search_term_string\"}}],\"inLanguage\":\"es\"},{\"@type\":\"Organization\",\"@id\":\"https:\\\/\\\/canal7slp.tv\\\/2022\\\/#organization\",\"name\":\"Noticieros Canal 7\",\"url\":\"https:\\\/\\\/canal7slp.tv\\\/2022\\\/\",\"logo\":{\"@type\":\"ImageObject\",\"inLanguage\":\"es\",\"@id\":\"https:\\\/\\\/canal7slp.tv\\\/2022\\\/#\\\/schema\\\/logo\\\/image\\\/\",\"url\":\"https:\\\/\\\/canal7slp.tv\\\/2022\\\/wp-content\\\/uploads\\\/2021\\\/01\\\/logo-noticieros@2x.png\",\"contentUrl\":\"https:\\\/\\\/canal7slp.tv\\\/2022\\\/wp-content\\\/uploads\\\/2021\\\/01\\\/logo-noticieros@2x.png\",\"width\":1017,\"height\":268,\"caption\":\"Noticieros Canal 7\"},\"image\":{\"@id\":\"https:\\\/\\\/canal7slp.tv\\\/2022\\\/#\\\/schema\\\/logo\\\/image\\\/\"},\"sameAs\":[\"https:\\\/\\\/www.facebook.com\\\/noticieroscanalsiete\",\"https:\\\/\\\/x.com\\\/NOTICIEROS7\",\"https:\\\/\\\/www.instagram.com\\\/canal7_slp\",\"https:\\\/\\\/www.youtube.com\\\/channel\\\/UCliiYs-gP3JfJeqdPrNdd5A\"]},{\"@type\":\"Person\",\"@id\":\"https:\\\/\\\/canal7slp.tv\\\/2022\\\/#\\\/schema\\\/person\\\/429704152a21f5f856ce29aa69a238da\",\"name\":\"Edici\u00f3n Web\",\"image\":{\"@type\":\"ImageObject\",\"inLanguage\":\"es\",\"@id\":\"https:\\\/\\\/secure.gravatar.com\\\/avatar\\\/eee448fc3f7164808013b816ba91ac7e43bbe82a70bebac296f8bc6f0addaa1a?s=96&d=mm&r=g\",\"url\":\"https:\\\/\\\/secure.gravatar.com\\\/avatar\\\/eee448fc3f7164808013b816ba91ac7e43bbe82a70bebac296f8bc6f0addaa1a?s=96&d=mm&r=g\",\"contentUrl\":\"https:\\\/\\\/secure.gravatar.com\\\/avatar\\\/eee448fc3f7164808013b816ba91ac7e43bbe82a70bebac296f8bc6f0addaa1a?s=96&d=mm&r=g\",\"caption\":\"Edici\u00f3n Web\"},\"url\":\"https:\\\/\\\/canal7slp.tv\\\/2022\\\/author\\\/edicionweb\\\/\"}]}<\/script>\n<!-- \/ Yoast SEO plugin. -->","yoast_head_json":{"title":"Al cierre de 2021, 312 mil trabajadores fueron despedidos injustificadamente y sin aguinaldo. - Canal 7 SLP - 2022","robots":{"index":"index","follow":"follow","max-snippet":"max-snippet:-1","max-image-preview":"max-image-preview:large","max-video-preview":"max-video-preview:-1"},"canonical":"https:\/\/canal7slp.tv\/2022\/al-cierre-de-2021-312-mil-trabajadores-fueron-despedidos-injustificadamente-y-sin-aguinaldo\/","og_locale":"es_ES","og_type":"article","og_title":"Al cierre de 2021, 312 mil trabajadores fueron despedidos injustificadamente y sin aguinaldo. - Canal 7 SLP - 2022","og_description":"SLP.- Un total de 312 mil 902 trabajadores mexicanos fueron despedidos previ\u00f3 al cierre del 2021, revel\u00f3 el presidente Andr\u00e9s Manuel L\u00f3pez Obrador. Desafortunadamente esto representa una t\u00e1ctica por parte de las empresas que busca \u201cno pagarles sus prestaciones\u201d, tal como el aguinaldo a pesar de ser un derecho laboral. El mandatario reconoci\u00f3 que dicha estrategia \u201ces un despido formal, no real\u201d, debido a que en muchos casos es temporal y vuelven a ser contratados en el arranque de a\u00f1o. Indic\u00f3 que la mayor\u00eda de empresas que se atreven a cometer esta pr\u00e1ctica son pertenecientes al \u00e1rea de educaci\u00f3n y [&hellip;]","og_url":"https:\/\/canal7slp.tv\/2022\/al-cierre-de-2021-312-mil-trabajadores-fueron-despedidos-injustificadamente-y-sin-aguinaldo\/","og_site_name":"Canal 7 SLP - 2022","article_publisher":"https:\/\/www.facebook.com\/noticieroscanalsiete","article_published_time":"2022-01-07T00:26:40+00:00","og_image":[{"width":888,"height":500,"url":"https:\/\/canal7slp.tv\/2022\/wp-content\/uploads\/2022\/01\/Luis01Trabajadores.jpg","type":"image\/jpeg"}],"author":"Edici\u00f3n Web","twitter_card":"summary_large_image","twitter_creator":"@NOTICIEROS7","twitter_site":"@NOTICIEROS7","twitter_misc":{"Escrito por":"Edici\u00f3n Web","Tiempo de lectura":"2 minutos"},"schema":{"@context":"https:\/\/schema.org","@graph":[{"@type":"Article","@id":"https:\/\/canal7slp.tv\/2022\/al-cierre-de-2021-312-mil-trabajadores-fueron-despedidos-injustificadamente-y-sin-aguinaldo\/#article","isPartOf":{"@id":"https:\/\/canal7slp.tv\/2022\/al-cierre-de-2021-312-mil-trabajadores-fueron-despedidos-injustificadamente-y-sin-aguinaldo\/"},"author":{"name":"Edici\u00f3n Web","@id":"https:\/\/canal7slp.tv\/2022\/#\/schema\/person\/429704152a21f5f856ce29aa69a238da"},"headline":"Al cierre de 2021, 312 mil trabajadores fueron despedidos injustificadamente y sin aguinaldo.","datePublished":"2022-01-07T00:26:40+00:00","mainEntityOfPage":{"@id":"https:\/\/canal7slp.tv\/2022\/al-cierre-de-2021-312-mil-trabajadores-fueron-despedidos-injustificadamente-y-sin-aguinaldo\/"},"wordCount":286,"publisher":{"@id":"https:\/\/canal7slp.tv\/2022\/#organization"},"image":{"@id":"https:\/\/canal7slp.tv\/2022\/al-cierre-de-2021-312-mil-trabajadores-fueron-despedidos-injustificadamente-y-sin-aguinaldo\/#primaryimage"},"thumbnailUrl":"https:\/\/canal7slp.tv\/2022\/wp-content\/uploads\/2022\/01\/Luis01Trabajadores.jpg","articleSection":["DESTACADAS","LOCALES Y REGIONALES"],"inLanguage":"es"},{"@type":"WebPage","@id":"https:\/\/canal7slp.tv\/2022\/al-cierre-de-2021-312-mil-trabajadores-fueron-despedidos-injustificadamente-y-sin-aguinaldo\/","url":"https:\/\/canal7slp.tv\/2022\/al-cierre-de-2021-312-mil-trabajadores-fueron-despedidos-injustificadamente-y-sin-aguinaldo\/","name":"Al cierre de 2021, 312 mil trabajadores fueron despedidos injustificadamente y sin aguinaldo. - Canal 7 SLP - 2022","isPartOf":{"@id":"https:\/\/canal7slp.tv\/2022\/#website"},"primaryImageOfPage":{"@id":"https:\/\/canal7slp.tv\/2022\/al-cierre-de-2021-312-mil-trabajadores-fueron-despedidos-injustificadamente-y-sin-aguinaldo\/#primaryimage"},"image":{"@id":"https:\/\/canal7slp.tv\/2022\/al-cierre-de-2021-312-mil-trabajadores-fueron-despedidos-injustificadamente-y-sin-aguinaldo\/#primaryimage"},"thumbnailUrl":"https:\/\/canal7slp.tv\/2022\/wp-content\/uploads\/2022\/01\/Luis01Trabajadores.jpg","datePublished":"2022-01-07T00:26:40+00:00","breadcrumb":{"@id":"https:\/\/canal7slp.tv\/2022\/al-cierre-de-2021-312-mil-trabajadores-fueron-despedidos-injustificadamente-y-sin-aguinaldo\/#breadcrumb"},"inLanguage":"es","potentialAction":[{"@type":"ReadAction","target":["https:\/\/canal7slp.tv\/2022\/al-cierre-de-2021-312-mil-trabajadores-fueron-despedidos-injustificadamente-y-sin-aguinaldo\/"]}]},{"@type":"ImageObject","inLanguage":"es","@id":"https:\/\/canal7slp.tv\/2022\/al-cierre-de-2021-312-mil-trabajadores-fueron-despedidos-injustificadamente-y-sin-aguinaldo\/#primaryimage","url":"https:\/\/canal7slp.tv\/2022\/wp-content\/uploads\/2022\/01\/Luis01Trabajadores.jpg","contentUrl":"https:\/\/canal7slp.tv\/2022\/wp-content\/uploads\/2022\/01\/Luis01Trabajadores.jpg","width":888,"height":500},{"@type":"BreadcrumbList","@id":"https:\/\/canal7slp.tv\/2022\/al-cierre-de-2021-312-mil-trabajadores-fueron-despedidos-injustificadamente-y-sin-aguinaldo\/#breadcrumb","itemListElement":[{"@type":"ListItem","position":1,"name":"Portada","item":"https:\/\/canal7slp.tv\/2022\/"},{"@type":"ListItem","position":2,"name":"Al cierre de 2021, 312 mil trabajadores fueron despedidos injustificadamente y sin aguinaldo."}]},{"@type":"WebSite","@id":"https:\/\/canal7slp.tv\/2022\/#website","url":"https:\/\/canal7slp.tv\/2022\/","name":"N7 - Noticieros Canal 7","description":"Somos Televisi\u00f3n","publisher":{"@id":"https:\/\/canal7slp.tv\/2022\/#organization"},"potentialAction":[{"@type":"SearchAction","target":{"@type":"EntryPoint","urlTemplate":"https:\/\/canal7slp.tv\/2022\/?s={search_term_string}"},"query-input":{"@type":"PropertyValueSpecification","valueRequired":true,"valueName":"search_term_string"}}],"inLanguage":"es"},{"@type":"Organization","@id":"https:\/\/canal7slp.tv\/2022\/#organization","name":"Noticieros Canal 7","url":"https:\/\/canal7slp.tv\/2022\/","logo":{"@type":"ImageObject","inLanguage":"es","@id":"https:\/\/canal7slp.tv\/2022\/#\/schema\/logo\/image\/","url":"https:\/\/canal7slp.tv\/2022\/wp-content\/uploads\/2021\/01\/logo-noticieros@2x.png","contentUrl":"https:\/\/canal7slp.tv\/2022\/wp-content\/uploads\/2021\/01\/logo-noticieros@2x.png","width":1017,"height":268,"caption":"Noticieros Canal 7"},"image":{"@id":"https:\/\/canal7slp.tv\/2022\/#\/schema\/logo\/image\/"},"sameAs":["https:\/\/www.facebook.com\/noticieroscanalsiete","https:\/\/x.com\/NOTICIEROS7","https:\/\/www.instagram.com\/canal7_slp","https:\/\/www.youtube.com\/channel\/UCliiYs-gP3JfJeqdPrNdd5A"]},{"@type":"Person","@id":"https:\/\/canal7slp.tv\/2022\/#\/schema\/person\/429704152a21f5f856ce29aa69a238da","name":"Edici\u00f3n Web","image":{"@type":"ImageObject","inLanguage":"es","@id":"https:\/\/secure.gravatar.com\/avatar\/eee448fc3f7164808013b816ba91ac7e43bbe82a70bebac296f8bc6f0addaa1a?s=96&d=mm&r=g","url":"https:\/\/secure.gravatar.com\/avatar\/eee448fc3f7164808013b816ba91ac7e43bbe82a70bebac296f8bc6f0addaa1a?s=96&d=mm&r=g","contentUrl":"https:\/\/secure.gravatar.com\/avatar\/eee448fc3f7164808013b816ba91ac7e43bbe82a70bebac296f8bc6f0addaa1a?s=96&d=mm&r=g","caption":"Edici\u00f3n Web"},"url":"https:\/\/canal7slp.tv\/2022\/author\/edicionweb\/"}]}},"amp_enabled":true,"_links":{"self":[{"href":"https:\/\/canal7slp.tv\/2022\/wp-json\/wp\/v2\/posts\/47194","targetHints":{"allow":["GET"]}}],"collection":[{"href":"https:\/\/canal7slp.tv\/2022\/wp-json\/wp\/v2\/posts"}],"about":[{"href":"https:\/\/canal7slp.tv\/2022\/wp-json\/wp\/v2\/types\/post"}],"author":[{"embeddable":true,"href":"https:\/\/canal7slp.tv\/2022\/wp-json\/wp\/v2\/users\/2"}],"replies":[{"embeddable":true,"href":"https:\/\/canal7slp.tv\/2022\/wp-json\/wp\/v2\/comments?post=47194"}],"version-history":[{"count":3,"href":"https:\/\/canal7slp.tv\/2022\/wp-json\/wp\/v2\/posts\/47194\/revisions"}],"predecessor-version":[{"id":47231,"href":"https:\/\/canal7slp.tv\/2022\/wp-json\/wp\/v2\/posts\/47194\/revisions\/47231"}],"wp:featuredmedia":[{"embeddable":true,"href":"https:\/\/canal7slp.tv\/2022\/wp-json\/wp\/v2\/media\/47230"}],"wp:attachment":[{"href":"https:\/\/canal7slp.tv\/2022\/wp-json\/wp\/v2\/media?parent=47194"}],"wp:term":[{"taxonomy":"category","embeddable":true,"href":"https:\/\/canal7slp.tv\/2022\/wp-json\/wp\/v2\/categories?post=47194"},{"taxonomy":"post_tag","embeddable":true,"href":"https:\/\/canal7slp.tv\/2022\/wp-json\/wp\/v2\/tags?post=47194"}],"curies":[{"name":"wp","href":"https:\/\/api.w.org\/{rel}","templated":true}]}}