{"id":4867,"date":"2021-02-19T14:37:35","date_gmt":"2021-02-19T20:37:35","guid":{"rendered":"https:\/\/canal7slp.tv\/2021\/?p=4867"},"modified":"2021-02-19T14:37:35","modified_gmt":"2021-02-19T20:37:35","slug":"convocan-a-participar-en-la-1a-copa-federacion-de-pista-juvenil-elite-y-de-ruta-juvenil-y-elite-2021","status":"publish","type":"post","link":"https:\/\/canal7slp.tv\/2021\/convocan-a-participar-en-la-1a-copa-federacion-de-pista-juvenil-elite-y-de-ruta-juvenil-y-elite-2021\/","title":{"rendered":"Convocan a participar en la 1\u00aa Copa Federaci\u00f3n de Pista Juvenil, Elite y de Ruta Juvenil y Elite 2021."},"content":{"rendered":"<p style=\"text-align: justify;\">SLP.- El Gobierno del Estado de Jalisco, a trav\u00e9s del Consejo Estatal para el Fomento Deportivo, en Coordinaci\u00f3n con la Asociaci\u00f3n de Ciclismo del Estado, con el aval de la Federaci\u00f3n Mexicana de Ciclismo, convoca a todos los ciclistas del pa\u00eds, afiliados a la Federaci\u00f3n Mexicana de Ciclismo A.C., a participar en la \u201c1\u00aa Copa Federaci\u00f3n de Pista Juvenil y Elite 2021\u201d y a la \u201c1\u00aa Copa Federaci\u00f3n de Ruta Juvenil y Elite 2021\u201d.<\/p>\n<p style=\"text-align: justify;\">La cual se llevara a cabo en el Vel\u00f3dromo Panamericano, en el Estado de Jalisco, del 18 al 20 de febrero de 2021. Mientras que La ruta se llevar\u00e1 a cabo el d\u00eda 21 de febrero, en Tala.<\/p>\n<p style=\"text-align: justify;\">En el evento se contaran con diferentes categor\u00edas, en la Copa Federaci\u00f3n de pista juvenil y elite habr\u00e1 categor\u00eda desde Juvenil b (15-16 a\u00f1os) y juvenil c (17-18 a\u00f1os) en ambas ramas, elite (en ambas ramas)<\/p>\n<p style=\"text-align: justify;\">Para la pista y para la ruta solo las categor\u00edas juvenil b (15-16 a\u00f1os) y juvenil c (17-18 a\u00f1os) en ambas ramas y elite en ambas ramas.<\/p>\n<p style=\"text-align: justify;\">El programa de pista se llevar\u00e1 a cabo desde el jueves 18 de febrero y hasta el s\u00e1bado 20 de febrero. La ruta el d\u00eda 21 de febrero, con las categor\u00edas juvenil a (13-14 a\u00f1os), juvenil b (15-16 a\u00f1os) y juvenil c (17-18 a\u00f1os) y elite-sub 23 (en ambas ramas).<\/p>\n<p style=\"text-align: justify;\">El evento contara con una serie de medidas particulares para la prevenci\u00f3n de contagios cuyo objetivo es salvaguardar la salud de los deportistas, t\u00e9cnicos, personal sanitario y auxiliares de todas y cada una de las delegaciones participantes, medidas que ser\u00e1n vigiladas por la Secretar\u00eda de Salud Estatal y el no cumplimiento de las mismas ser\u00e1 motivo de expulsi\u00f3n de las \u00e1reas destinadas a la competencia, siendo obligatorio el uso de cubrebocas y caretas en las zonas de uso com\u00fan y t\u00e9cnicas as\u00ed como el cumplimiento puntual al reglamento espec\u00edfico.<\/p>\n<p style=\"text-align: justify;\">\n","protected":false},"excerpt":{"rendered":"<p>SLP.- El Gobierno del Estado de Jalisco, a trav\u00e9s del Consejo Estatal para el Fomento Deportivo, en Coordinaci\u00f3n con la Asociaci\u00f3n de Ciclismo del Estado, con el aval de la Federaci\u00f3n Mexicana de Ciclismo, convoca a todos los ciclistas del pa\u00eds, afiliados a la Federaci\u00f3n Mexicana de Ciclismo A.C., a participar en la \u201c1\u00aa Copa Federaci\u00f3n de Pista Juvenil y Elite 2021\u201d y a la \u201c1\u00aa Copa Federaci\u00f3n de Ruta Juvenil y Elite 2021\u201d. La cual se llevara a cabo en el Vel\u00f3dromo Panamericano, en el Estado de Jalisco, del 18 al 20 de febrero de 2021. Mientras que La [&hellip;]<\/p>\n","protected":false},"author":2,"featured_media":4869,"comment_status":"closed","ping_status":"closed","sticky":false,"template":"","format":"video","meta":{"footnotes":""},"categories":[7,5],"tags":[],"class_list":["post-4867","post","type-post","status-publish","format-video","has-post-thumbnail","hentry","category-deportes","category-destacadas","post_format-post-format-video","post--single"],"yoast_head":"<!-- This site is optimized with the Yoast SEO plugin v27.5 - https:\/\/yoast.com\/product\/yoast-seo-wordpress\/ -->\n<title>Convocan a participar en la 1\u00aa Copa Federaci\u00f3n de Pista Juvenil, Elite y de Ruta Juvenil y Elite 2021. - Canal 7 SLP - 2021<\/title>\n<meta name=\"robots\" content=\"index, follow, max-snippet:-1, max-image-preview:large, max-video-preview:-1\" \/>\n<link rel=\"canonical\" href=\"https:\/\/canal7slp.tv\/2021\/convocan-a-participar-en-la-1a-copa-federacion-de-pista-juvenil-elite-y-de-ruta-juvenil-y-elite-2021\/\" \/>\n<meta property=\"og:locale\" content=\"es_ES\" \/>\n<meta property=\"og:type\" content=\"article\" \/>\n<meta property=\"og:title\" content=\"Convocan a participar en la 1\u00aa Copa Federaci\u00f3n de Pista Juvenil, Elite y de Ruta Juvenil y Elite 2021. - Canal 7 SLP - 2021\" \/>\n<meta property=\"og:description\" content=\"SLP.- El Gobierno del Estado de Jalisco, a trav\u00e9s del Consejo Estatal para el Fomento Deportivo, en Coordinaci\u00f3n con la Asociaci\u00f3n de Ciclismo del Estado, con el aval de la Federaci\u00f3n Mexicana de Ciclismo, convoca a todos los ciclistas del pa\u00eds, afiliados a la Federaci\u00f3n Mexicana de Ciclismo A.C., a participar en la \u201c1\u00aa Copa Federaci\u00f3n de Pista Juvenil y Elite 2021\u201d y a la \u201c1\u00aa Copa Federaci\u00f3n de Ruta Juvenil y Elite 2021\u201d. La cual se llevara a cabo en el Vel\u00f3dromo Panamericano, en el Estado de Jalisco, del 18 al 20 de febrero de 2021. Mientras que La [&hellip;]\" \/>\n<meta property=\"og:url\" content=\"https:\/\/canal7slp.tv\/2021\/convocan-a-participar-en-la-1a-copa-federacion-de-pista-juvenil-elite-y-de-ruta-juvenil-y-elite-2021\/\" \/>\n<meta property=\"og:site_name\" content=\"Canal 7 SLP - 2021\" \/>\n<meta property=\"article:publisher\" content=\"https:\/\/www.facebook.com\/noticieroscanalsiete\" \/>\n<meta property=\"article:published_time\" content=\"2021-02-19T20:37:35+00:00\" \/>\n<meta property=\"og:image\" content=\"https:\/\/canal7slp.tv\/2021\/wp-content\/uploads\/2021\/02\/CopaCilcismo.png\" \/>\n\t<meta property=\"og:image:width\" content=\"807\" \/>\n\t<meta property=\"og:image:height\" content=\"450\" \/>\n\t<meta property=\"og:image:type\" content=\"image\/png\" \/>\n<meta name=\"author\" content=\"Edici\u00f3n Web\" \/>\n<meta name=\"twitter:card\" content=\"summary_large_image\" \/>\n<meta name=\"twitter:creator\" content=\"@NOTICIEROS7\" \/>\n<meta name=\"twitter:site\" content=\"@NOTICIEROS7\" \/>\n<meta name=\"twitter:label1\" content=\"Escrito por\" \/>\n\t<meta name=\"twitter:data1\" content=\"Edici\u00f3n Web\" \/>\n\t<meta name=\"twitter:label2\" content=\"Tiempo de lectura\" \/>\n\t<meta name=\"twitter:data2\" content=\"2 minutos\" \/>\n<script type=\"application\/ld+json\" class=\"yoast-schema-graph\">{\"@context\":\"https:\\\/\\\/schema.org\",\"@graph\":[{\"@type\":\"Article\",\"@id\":\"https:\\\/\\\/canal7slp.tv\\\/2021\\\/convocan-a-participar-en-la-1a-copa-federacion-de-pista-juvenil-elite-y-de-ruta-juvenil-y-elite-2021\\\/#article\",\"isPartOf\":{\"@id\":\"https:\\\/\\\/canal7slp.tv\\\/2021\\\/convocan-a-participar-en-la-1a-copa-federacion-de-pista-juvenil-elite-y-de-ruta-juvenil-y-elite-2021\\\/\"},\"author\":{\"name\":\"Edici\u00f3n Web\",\"@id\":\"https:\\\/\\\/canal7slp.tv\\\/2021\\\/#\\\/schema\\\/person\\\/28a12b0491d3b6f41a854d062961bdc7\"},\"headline\":\"Convocan a participar en la 1\u00aa Copa Federaci\u00f3n de Pista Juvenil, Elite y de Ruta Juvenil y Elite 2021.\",\"datePublished\":\"2021-02-19T20:37:35+00:00\",\"mainEntityOfPage\":{\"@id\":\"https:\\\/\\\/canal7slp.tv\\\/2021\\\/convocan-a-participar-en-la-1a-copa-federacion-de-pista-juvenil-elite-y-de-ruta-juvenil-y-elite-2021\\\/\"},\"wordCount\":354,\"publisher\":{\"@id\":\"https:\\\/\\\/canal7slp.tv\\\/2021\\\/#organization\"},\"image\":{\"@id\":\"https:\\\/\\\/canal7slp.tv\\\/2021\\\/convocan-a-participar-en-la-1a-copa-federacion-de-pista-juvenil-elite-y-de-ruta-juvenil-y-elite-2021\\\/#primaryimage\"},\"thumbnailUrl\":\"https:\\\/\\\/canal7slp.tv\\\/2021\\\/wp-content\\\/uploads\\\/2021\\\/02\\\/CopaCilcismo.png\",\"articleSection\":[\"DEPORTES\",\"DESTACADAS\"],\"inLanguage\":\"es\"},{\"@type\":\"WebPage\",\"@id\":\"https:\\\/\\\/canal7slp.tv\\\/2021\\\/convocan-a-participar-en-la-1a-copa-federacion-de-pista-juvenil-elite-y-de-ruta-juvenil-y-elite-2021\\\/\",\"url\":\"https:\\\/\\\/canal7slp.tv\\\/2021\\\/convocan-a-participar-en-la-1a-copa-federacion-de-pista-juvenil-elite-y-de-ruta-juvenil-y-elite-2021\\\/\",\"name\":\"Convocan a participar en la 1\u00aa Copa Federaci\u00f3n de Pista Juvenil, Elite y de Ruta Juvenil y Elite 2021. - Canal 7 SLP - 2021\",\"isPartOf\":{\"@id\":\"https:\\\/\\\/canal7slp.tv\\\/2021\\\/#website\"},\"primaryImageOfPage\":{\"@id\":\"https:\\\/\\\/canal7slp.tv\\\/2021\\\/convocan-a-participar-en-la-1a-copa-federacion-de-pista-juvenil-elite-y-de-ruta-juvenil-y-elite-2021\\\/#primaryimage\"},\"image\":{\"@id\":\"https:\\\/\\\/canal7slp.tv\\\/2021\\\/convocan-a-participar-en-la-1a-copa-federacion-de-pista-juvenil-elite-y-de-ruta-juvenil-y-elite-2021\\\/#primaryimage\"},\"thumbnailUrl\":\"https:\\\/\\\/canal7slp.tv\\\/2021\\\/wp-content\\\/uploads\\\/2021\\\/02\\\/CopaCilcismo.png\",\"datePublished\":\"2021-02-19T20:37:35+00:00\",\"breadcrumb\":{\"@id\":\"https:\\\/\\\/canal7slp.tv\\\/2021\\\/convocan-a-participar-en-la-1a-copa-federacion-de-pista-juvenil-elite-y-de-ruta-juvenil-y-elite-2021\\\/#breadcrumb\"},\"inLanguage\":\"es\",\"potentialAction\":[{\"@type\":\"ReadAction\",\"target\":[\"https:\\\/\\\/canal7slp.tv\\\/2021\\\/convocan-a-participar-en-la-1a-copa-federacion-de-pista-juvenil-elite-y-de-ruta-juvenil-y-elite-2021\\\/\"]}]},{\"@type\":\"ImageObject\",\"inLanguage\":\"es\",\"@id\":\"https:\\\/\\\/canal7slp.tv\\\/2021\\\/convocan-a-participar-en-la-1a-copa-federacion-de-pista-juvenil-elite-y-de-ruta-juvenil-y-elite-2021\\\/#primaryimage\",\"url\":\"https:\\\/\\\/canal7slp.tv\\\/2021\\\/wp-content\\\/uploads\\\/2021\\\/02\\\/CopaCilcismo.png\",\"contentUrl\":\"https:\\\/\\\/canal7slp.tv\\\/2021\\\/wp-content\\\/uploads\\\/2021\\\/02\\\/CopaCilcismo.png\",\"width\":807,\"height\":450},{\"@type\":\"BreadcrumbList\",\"@id\":\"https:\\\/\\\/canal7slp.tv\\\/2021\\\/convocan-a-participar-en-la-1a-copa-federacion-de-pista-juvenil-elite-y-de-ruta-juvenil-y-elite-2021\\\/#breadcrumb\",\"itemListElement\":[{\"@type\":\"ListItem\",\"position\":1,\"name\":\"Portada\",\"item\":\"https:\\\/\\\/canal7slp.tv\\\/2021\\\/\"},{\"@type\":\"ListItem\",\"position\":2,\"name\":\"Convocan a participar en la 1\u00aa Copa Federaci\u00f3n de Pista Juvenil, Elite y de Ruta Juvenil y Elite 2021.\"}]},{\"@type\":\"WebSite\",\"@id\":\"https:\\\/\\\/canal7slp.tv\\\/2021\\\/#website\",\"url\":\"https:\\\/\\\/canal7slp.tv\\\/2021\\\/\",\"name\":\"N7 - Noticieros Canal 7\",\"description\":\"Somos Televisi\u00f3n\",\"publisher\":{\"@id\":\"https:\\\/\\\/canal7slp.tv\\\/2021\\\/#organization\"},\"potentialAction\":[{\"@type\":\"SearchAction\",\"target\":{\"@type\":\"EntryPoint\",\"urlTemplate\":\"https:\\\/\\\/canal7slp.tv\\\/2021\\\/?s={search_term_string}\"},\"query-input\":{\"@type\":\"PropertyValueSpecification\",\"valueRequired\":true,\"valueName\":\"search_term_string\"}}],\"inLanguage\":\"es\"},{\"@type\":\"Organization\",\"@id\":\"https:\\\/\\\/canal7slp.tv\\\/2021\\\/#organization\",\"name\":\"Noticieros Canal 7\",\"url\":\"https:\\\/\\\/canal7slp.tv\\\/2021\\\/\",\"logo\":{\"@type\":\"ImageObject\",\"inLanguage\":\"es\",\"@id\":\"https:\\\/\\\/canal7slp.tv\\\/2021\\\/#\\\/schema\\\/logo\\\/image\\\/\",\"url\":\"https:\\\/\\\/canal7slp.tv\\\/2021\\\/wp-content\\\/uploads\\\/2021\\\/01\\\/logo-noticieros@2x.png\",\"contentUrl\":\"https:\\\/\\\/canal7slp.tv\\\/2021\\\/wp-content\\\/uploads\\\/2021\\\/01\\\/logo-noticieros@2x.png\",\"width\":1017,\"height\":268,\"caption\":\"Noticieros Canal 7\"},\"image\":{\"@id\":\"https:\\\/\\\/canal7slp.tv\\\/2021\\\/#\\\/schema\\\/logo\\\/image\\\/\"},\"sameAs\":[\"https:\\\/\\\/www.facebook.com\\\/noticieroscanalsiete\",\"https:\\\/\\\/x.com\\\/NOTICIEROS7\",\"https:\\\/\\\/www.instagram.com\\\/canal7_slp\",\"https:\\\/\\\/www.youtube.com\\\/channel\\\/UCliiYs-gP3JfJeqdPrNdd5A\"]},{\"@type\":\"Person\",\"@id\":\"https:\\\/\\\/canal7slp.tv\\\/2021\\\/#\\\/schema\\\/person\\\/28a12b0491d3b6f41a854d062961bdc7\",\"name\":\"Edici\u00f3n Web\",\"image\":{\"@type\":\"ImageObject\",\"inLanguage\":\"es\",\"@id\":\"https:\\\/\\\/secure.gravatar.com\\\/avatar\\\/eee448fc3f7164808013b816ba91ac7e43bbe82a70bebac296f8bc6f0addaa1a?s=96&d=mm&r=g\",\"url\":\"https:\\\/\\\/secure.gravatar.com\\\/avatar\\\/eee448fc3f7164808013b816ba91ac7e43bbe82a70bebac296f8bc6f0addaa1a?s=96&d=mm&r=g\",\"contentUrl\":\"https:\\\/\\\/secure.gravatar.com\\\/avatar\\\/eee448fc3f7164808013b816ba91ac7e43bbe82a70bebac296f8bc6f0addaa1a?s=96&d=mm&r=g\",\"caption\":\"Edici\u00f3n Web\"},\"url\":\"https:\\\/\\\/canal7slp.tv\\\/2021\\\/author\\\/edicionweb\\\/\"}]}<\/script>\n<!-- \/ Yoast SEO plugin. -->","yoast_head_json":{"title":"Convocan a participar en la 1\u00aa Copa Federaci\u00f3n de Pista Juvenil, Elite y de Ruta Juvenil y Elite 2021. - Canal 7 SLP - 2021","robots":{"index":"index","follow":"follow","max-snippet":"max-snippet:-1","max-image-preview":"max-image-preview:large","max-video-preview":"max-video-preview:-1"},"canonical":"https:\/\/canal7slp.tv\/2021\/convocan-a-participar-en-la-1a-copa-federacion-de-pista-juvenil-elite-y-de-ruta-juvenil-y-elite-2021\/","og_locale":"es_ES","og_type":"article","og_title":"Convocan a participar en la 1\u00aa Copa Federaci\u00f3n de Pista Juvenil, Elite y de Ruta Juvenil y Elite 2021. - Canal 7 SLP - 2021","og_description":"SLP.- El Gobierno del Estado de Jalisco, a trav\u00e9s del Consejo Estatal para el Fomento Deportivo, en Coordinaci\u00f3n con la Asociaci\u00f3n de Ciclismo del Estado, con el aval de la Federaci\u00f3n Mexicana de Ciclismo, convoca a todos los ciclistas del pa\u00eds, afiliados a la Federaci\u00f3n Mexicana de Ciclismo A.C., a participar en la \u201c1\u00aa Copa Federaci\u00f3n de Pista Juvenil y Elite 2021\u201d y a la \u201c1\u00aa Copa Federaci\u00f3n de Ruta Juvenil y Elite 2021\u201d. La cual se llevara a cabo en el Vel\u00f3dromo Panamericano, en el Estado de Jalisco, del 18 al 20 de febrero de 2021. Mientras que La [&hellip;]","og_url":"https:\/\/canal7slp.tv\/2021\/convocan-a-participar-en-la-1a-copa-federacion-de-pista-juvenil-elite-y-de-ruta-juvenil-y-elite-2021\/","og_site_name":"Canal 7 SLP - 2021","article_publisher":"https:\/\/www.facebook.com\/noticieroscanalsiete","article_published_time":"2021-02-19T20:37:35+00:00","og_image":[{"width":807,"height":450,"url":"https:\/\/canal7slp.tv\/2021\/wp-content\/uploads\/2021\/02\/CopaCilcismo.png","type":"image\/png"}],"author":"Edici\u00f3n Web","twitter_card":"summary_large_image","twitter_creator":"@NOTICIEROS7","twitter_site":"@NOTICIEROS7","twitter_misc":{"Escrito por":"Edici\u00f3n Web","Tiempo de lectura":"2 minutos"},"schema":{"@context":"https:\/\/schema.org","@graph":[{"@type":"Article","@id":"https:\/\/canal7slp.tv\/2021\/convocan-a-participar-en-la-1a-copa-federacion-de-pista-juvenil-elite-y-de-ruta-juvenil-y-elite-2021\/#article","isPartOf":{"@id":"https:\/\/canal7slp.tv\/2021\/convocan-a-participar-en-la-1a-copa-federacion-de-pista-juvenil-elite-y-de-ruta-juvenil-y-elite-2021\/"},"author":{"name":"Edici\u00f3n Web","@id":"https:\/\/canal7slp.tv\/2021\/#\/schema\/person\/28a12b0491d3b6f41a854d062961bdc7"},"headline":"Convocan a participar en la 1\u00aa Copa Federaci\u00f3n de Pista Juvenil, Elite y de Ruta Juvenil y Elite 2021.","datePublished":"2021-02-19T20:37:35+00:00","mainEntityOfPage":{"@id":"https:\/\/canal7slp.tv\/2021\/convocan-a-participar-en-la-1a-copa-federacion-de-pista-juvenil-elite-y-de-ruta-juvenil-y-elite-2021\/"},"wordCount":354,"publisher":{"@id":"https:\/\/canal7slp.tv\/2021\/#organization"},"image":{"@id":"https:\/\/canal7slp.tv\/2021\/convocan-a-participar-en-la-1a-copa-federacion-de-pista-juvenil-elite-y-de-ruta-juvenil-y-elite-2021\/#primaryimage"},"thumbnailUrl":"https:\/\/canal7slp.tv\/2021\/wp-content\/uploads\/2021\/02\/CopaCilcismo.png","articleSection":["DEPORTES","DESTACADAS"],"inLanguage":"es"},{"@type":"WebPage","@id":"https:\/\/canal7slp.tv\/2021\/convocan-a-participar-en-la-1a-copa-federacion-de-pista-juvenil-elite-y-de-ruta-juvenil-y-elite-2021\/","url":"https:\/\/canal7slp.tv\/2021\/convocan-a-participar-en-la-1a-copa-federacion-de-pista-juvenil-elite-y-de-ruta-juvenil-y-elite-2021\/","name":"Convocan a participar en la 1\u00aa Copa Federaci\u00f3n de Pista Juvenil, Elite y de Ruta Juvenil y Elite 2021. - Canal 7 SLP - 2021","isPartOf":{"@id":"https:\/\/canal7slp.tv\/2021\/#website"},"primaryImageOfPage":{"@id":"https:\/\/canal7slp.tv\/2021\/convocan-a-participar-en-la-1a-copa-federacion-de-pista-juvenil-elite-y-de-ruta-juvenil-y-elite-2021\/#primaryimage"},"image":{"@id":"https:\/\/canal7slp.tv\/2021\/convocan-a-participar-en-la-1a-copa-federacion-de-pista-juvenil-elite-y-de-ruta-juvenil-y-elite-2021\/#primaryimage"},"thumbnailUrl":"https:\/\/canal7slp.tv\/2021\/wp-content\/uploads\/2021\/02\/CopaCilcismo.png","datePublished":"2021-02-19T20:37:35+00:00","breadcrumb":{"@id":"https:\/\/canal7slp.tv\/2021\/convocan-a-participar-en-la-1a-copa-federacion-de-pista-juvenil-elite-y-de-ruta-juvenil-y-elite-2021\/#breadcrumb"},"inLanguage":"es","potentialAction":[{"@type":"ReadAction","target":["https:\/\/canal7slp.tv\/2021\/convocan-a-participar-en-la-1a-copa-federacion-de-pista-juvenil-elite-y-de-ruta-juvenil-y-elite-2021\/"]}]},{"@type":"ImageObject","inLanguage":"es","@id":"https:\/\/canal7slp.tv\/2021\/convocan-a-participar-en-la-1a-copa-federacion-de-pista-juvenil-elite-y-de-ruta-juvenil-y-elite-2021\/#primaryimage","url":"https:\/\/canal7slp.tv\/2021\/wp-content\/uploads\/2021\/02\/CopaCilcismo.png","contentUrl":"https:\/\/canal7slp.tv\/2021\/wp-content\/uploads\/2021\/02\/CopaCilcismo.png","width":807,"height":450},{"@type":"BreadcrumbList","@id":"https:\/\/canal7slp.tv\/2021\/convocan-a-participar-en-la-1a-copa-federacion-de-pista-juvenil-elite-y-de-ruta-juvenil-y-elite-2021\/#breadcrumb","itemListElement":[{"@type":"ListItem","position":1,"name":"Portada","item":"https:\/\/canal7slp.tv\/2021\/"},{"@type":"ListItem","position":2,"name":"Convocan a participar en la 1\u00aa Copa Federaci\u00f3n de Pista Juvenil, Elite y de Ruta Juvenil y Elite 2021."}]},{"@type":"WebSite","@id":"https:\/\/canal7slp.tv\/2021\/#website","url":"https:\/\/canal7slp.tv\/2021\/","name":"N7 - Noticieros Canal 7","description":"Somos Televisi\u00f3n","publisher":{"@id":"https:\/\/canal7slp.tv\/2021\/#organization"},"potentialAction":[{"@type":"SearchAction","target":{"@type":"EntryPoint","urlTemplate":"https:\/\/canal7slp.tv\/2021\/?s={search_term_string}"},"query-input":{"@type":"PropertyValueSpecification","valueRequired":true,"valueName":"search_term_string"}}],"inLanguage":"es"},{"@type":"Organization","@id":"https:\/\/canal7slp.tv\/2021\/#organization","name":"Noticieros Canal 7","url":"https:\/\/canal7slp.tv\/2021\/","logo":{"@type":"ImageObject","inLanguage":"es","@id":"https:\/\/canal7slp.tv\/2021\/#\/schema\/logo\/image\/","url":"https:\/\/canal7slp.tv\/2021\/wp-content\/uploads\/2021\/01\/logo-noticieros@2x.png","contentUrl":"https:\/\/canal7slp.tv\/2021\/wp-content\/uploads\/2021\/01\/logo-noticieros@2x.png","width":1017,"height":268,"caption":"Noticieros Canal 7"},"image":{"@id":"https:\/\/canal7slp.tv\/2021\/#\/schema\/logo\/image\/"},"sameAs":["https:\/\/www.facebook.com\/noticieroscanalsiete","https:\/\/x.com\/NOTICIEROS7","https:\/\/www.instagram.com\/canal7_slp","https:\/\/www.youtube.com\/channel\/UCliiYs-gP3JfJeqdPrNdd5A"]},{"@type":"Person","@id":"https:\/\/canal7slp.tv\/2021\/#\/schema\/person\/28a12b0491d3b6f41a854d062961bdc7","name":"Edici\u00f3n Web","image":{"@type":"ImageObject","inLanguage":"es","@id":"https:\/\/secure.gravatar.com\/avatar\/eee448fc3f7164808013b816ba91ac7e43bbe82a70bebac296f8bc6f0addaa1a?s=96&d=mm&r=g","url":"https:\/\/secure.gravatar.com\/avatar\/eee448fc3f7164808013b816ba91ac7e43bbe82a70bebac296f8bc6f0addaa1a?s=96&d=mm&r=g","contentUrl":"https:\/\/secure.gravatar.com\/avatar\/eee448fc3f7164808013b816ba91ac7e43bbe82a70bebac296f8bc6f0addaa1a?s=96&d=mm&r=g","caption":"Edici\u00f3n Web"},"url":"https:\/\/canal7slp.tv\/2021\/author\/edicionweb\/"}]}},"_links":{"self":[{"href":"https:\/\/canal7slp.tv\/2021\/wp-json\/wp\/v2\/posts\/4867","targetHints":{"allow":["GET"]}}],"collection":[{"href":"https:\/\/canal7slp.tv\/2021\/wp-json\/wp\/v2\/posts"}],"about":[{"href":"https:\/\/canal7slp.tv\/2021\/wp-json\/wp\/v2\/types\/post"}],"author":[{"embeddable":true,"href":"https:\/\/canal7slp.tv\/2021\/wp-json\/wp\/v2\/users\/2"}],"replies":[{"embeddable":true,"href":"https:\/\/canal7slp.tv\/2021\/wp-json\/wp\/v2\/comments?post=4867"}],"version-history":[{"count":2,"href":"https:\/\/canal7slp.tv\/2021\/wp-json\/wp\/v2\/posts\/4867\/revisions"}],"predecessor-version":[{"id":4870,"href":"https:\/\/canal7slp.tv\/2021\/wp-json\/wp\/v2\/posts\/4867\/revisions\/4870"}],"wp:featuredmedia":[{"embeddable":true,"href":"https:\/\/canal7slp.tv\/2021\/wp-json\/wp\/v2\/media\/4869"}],"wp:attachment":[{"href":"https:\/\/canal7slp.tv\/2021\/wp-json\/wp\/v2\/media?parent=4867"}],"wp:term":[{"taxonomy":"category","embeddable":true,"href":"https:\/\/canal7slp.tv\/2021\/wp-json\/wp\/v2\/categories?post=4867"},{"taxonomy":"post_tag","embeddable":true,"href":"https:\/\/canal7slp.tv\/2021\/wp-json\/wp\/v2\/tags?post=4867"}],"curies":[{"name":"wp","href":"https:\/\/api.w.org\/{rel}","templated":true}]}}