{"id":4864,"date":"2021-02-19T14:19:46","date_gmt":"2021-02-19T20:19:46","guid":{"rendered":"https:\/\/canal7slp.tv\/2021\/?p=4864"},"modified":"2021-02-19T14:19:46","modified_gmt":"2021-02-19T20:19:46","slug":"atletico-san-luis-emite-postura-de-lo-acontecido-ante-santos-laguna","status":"publish","type":"post","link":"https:\/\/canal7slp.tv\/2021\/atletico-san-luis-emite-postura-de-lo-acontecido-ante-santos-laguna\/","title":{"rendered":"Atl\u00e9tico San Luis emite postura de lo acontecido ante Santos Laguna."},"content":{"rendered":"<p style=\"text-align: justify;\">\u00a0SLP.- Por medio de un breve comunicado la directiva de Atl\u00e9tico de San Luis dio a conocer la postura referente a lo acontecido, a lo que se lee:<\/p>\n<p style=\"text-align: justify;\">Club Atl\u00e9tico de San Luis siempre ha tenido como ideolog\u00eda y postura oficial la cero tolerancia ante el racismo y la violencia, por lo cual condenamos en\u00e9rgicamente cualquier tipo de expresi\u00f3n que haya podido suceder en el partido de ayer entre Atl\u00e9tico de San Luis frente a Santos Laguna.<\/p>\n<p style=\"text-align: justify;\">Estamos en la mejor disposici\u00f3n para entregar cualquier tipo de material que exhiba cualquier tipo de violencia, f\u00edsica, verbal o racista, esto con la finalidad de concluir el informe arbitral, el cual cabe destacar, no menciona ninguna falta producida por actos racistas, sin embargo, si consta en el acta la fuerza excesiva con la cual fue empujado uno de nuestros recoge balones perteneciente a la categor\u00eda Sub 17.<\/p>\n<p style=\"text-align: justify;\">Por otra parte, queremos informar que, en caso de haberse producido este hecho tan reprobable de racismo, se tomar\u00e1n cartas en el asunto.<\/p>\n","protected":false},"excerpt":{"rendered":"<p>\u00a0SLP.- Por medio de un breve comunicado la directiva de Atl\u00e9tico de San Luis dio a conocer la postura referente a lo acontecido, a lo que se lee: Club Atl\u00e9tico de San Luis siempre ha tenido como ideolog\u00eda y postura oficial la cero tolerancia ante el racismo y la violencia, por lo cual condenamos en\u00e9rgicamente cualquier tipo de expresi\u00f3n que haya podido suceder en el partido de ayer entre Atl\u00e9tico de San Luis frente a Santos Laguna. Estamos en la mejor disposici\u00f3n para entregar cualquier tipo de material que exhiba cualquier tipo de violencia, f\u00edsica, verbal o racista, esto con [&hellip;]<\/p>\n","protected":false},"author":2,"featured_media":4865,"comment_status":"closed","ping_status":"closed","sticky":false,"template":"","format":"video","meta":{"footnotes":""},"categories":[7,5],"tags":[],"class_list":["post-4864","post","type-post","status-publish","format-video","has-post-thumbnail","hentry","category-deportes","category-destacadas","post_format-post-format-video","post--single"],"yoast_head":"<!-- This site is optimized with the Yoast SEO plugin v27.5 - https:\/\/yoast.com\/product\/yoast-seo-wordpress\/ -->\n<title>Atl\u00e9tico San Luis emite postura de lo acontecido ante Santos Laguna. - Canal 7 SLP - 2021<\/title>\n<meta name=\"robots\" content=\"index, follow, max-snippet:-1, max-image-preview:large, max-video-preview:-1\" \/>\n<link rel=\"canonical\" href=\"https:\/\/canal7slp.tv\/2021\/atletico-san-luis-emite-postura-de-lo-acontecido-ante-santos-laguna\/\" \/>\n<meta property=\"og:locale\" content=\"es_ES\" \/>\n<meta property=\"og:type\" content=\"article\" \/>\n<meta property=\"og:title\" content=\"Atl\u00e9tico San Luis emite postura de lo acontecido ante Santos Laguna. - Canal 7 SLP - 2021\" \/>\n<meta property=\"og:description\" content=\"\u00a0SLP.- Por medio de un breve comunicado la directiva de Atl\u00e9tico de San Luis dio a conocer la postura referente a lo acontecido, a lo que se lee: Club Atl\u00e9tico de San Luis siempre ha tenido como ideolog\u00eda y postura oficial la cero tolerancia ante el racismo y la violencia, por lo cual condenamos en\u00e9rgicamente cualquier tipo de expresi\u00f3n que haya podido suceder en el partido de ayer entre Atl\u00e9tico de San Luis frente a Santos Laguna. Estamos en la mejor disposici\u00f3n para entregar cualquier tipo de material que exhiba cualquier tipo de violencia, f\u00edsica, verbal o racista, esto con [&hellip;]\" \/>\n<meta property=\"og:url\" content=\"https:\/\/canal7slp.tv\/2021\/atletico-san-luis-emite-postura-de-lo-acontecido-ante-santos-laguna\/\" \/>\n<meta property=\"og:site_name\" content=\"Canal 7 SLP - 2021\" \/>\n<meta property=\"article:publisher\" content=\"https:\/\/www.facebook.com\/noticieroscanalsiete\" \/>\n<meta property=\"article:published_time\" content=\"2021-02-19T20:19:46+00:00\" \/>\n<meta property=\"og:image\" content=\"https:\/\/canal7slp.tv\/2021\/wp-content\/uploads\/2021\/02\/PosturaAtletico.png\" \/>\n\t<meta property=\"og:image:width\" content=\"890\" \/>\n\t<meta property=\"og:image:height\" content=\"450\" \/>\n\t<meta property=\"og:image:type\" content=\"image\/png\" \/>\n<meta name=\"author\" content=\"Edici\u00f3n Web\" \/>\n<meta name=\"twitter:card\" content=\"summary_large_image\" \/>\n<meta name=\"twitter:creator\" content=\"@NOTICIEROS7\" \/>\n<meta name=\"twitter:site\" content=\"@NOTICIEROS7\" \/>\n<meta name=\"twitter:label1\" content=\"Escrito por\" \/>\n\t<meta name=\"twitter:data1\" content=\"Edici\u00f3n Web\" \/>\n\t<meta name=\"twitter:label2\" content=\"Tiempo de lectura\" \/>\n\t<meta name=\"twitter:data2\" content=\"1 minuto\" \/>\n<script type=\"application\/ld+json\" class=\"yoast-schema-graph\">{\"@context\":\"https:\\\/\\\/schema.org\",\"@graph\":[{\"@type\":\"Article\",\"@id\":\"https:\\\/\\\/canal7slp.tv\\\/2021\\\/atletico-san-luis-emite-postura-de-lo-acontecido-ante-santos-laguna\\\/#article\",\"isPartOf\":{\"@id\":\"https:\\\/\\\/canal7slp.tv\\\/2021\\\/atletico-san-luis-emite-postura-de-lo-acontecido-ante-santos-laguna\\\/\"},\"author\":{\"name\":\"Edici\u00f3n Web\",\"@id\":\"https:\\\/\\\/canal7slp.tv\\\/2021\\\/#\\\/schema\\\/person\\\/28a12b0491d3b6f41a854d062961bdc7\"},\"headline\":\"Atl\u00e9tico San Luis emite postura de lo acontecido ante Santos Laguna.\",\"datePublished\":\"2021-02-19T20:19:46+00:00\",\"mainEntityOfPage\":{\"@id\":\"https:\\\/\\\/canal7slp.tv\\\/2021\\\/atletico-san-luis-emite-postura-de-lo-acontecido-ante-santos-laguna\\\/\"},\"wordCount\":190,\"publisher\":{\"@id\":\"https:\\\/\\\/canal7slp.tv\\\/2021\\\/#organization\"},\"image\":{\"@id\":\"https:\\\/\\\/canal7slp.tv\\\/2021\\\/atletico-san-luis-emite-postura-de-lo-acontecido-ante-santos-laguna\\\/#primaryimage\"},\"thumbnailUrl\":\"https:\\\/\\\/canal7slp.tv\\\/2021\\\/wp-content\\\/uploads\\\/2021\\\/02\\\/PosturaAtletico.png\",\"articleSection\":[\"DEPORTES\",\"DESTACADAS\"],\"inLanguage\":\"es\"},{\"@type\":\"WebPage\",\"@id\":\"https:\\\/\\\/canal7slp.tv\\\/2021\\\/atletico-san-luis-emite-postura-de-lo-acontecido-ante-santos-laguna\\\/\",\"url\":\"https:\\\/\\\/canal7slp.tv\\\/2021\\\/atletico-san-luis-emite-postura-de-lo-acontecido-ante-santos-laguna\\\/\",\"name\":\"Atl\u00e9tico San Luis emite postura de lo acontecido ante Santos Laguna. - Canal 7 SLP - 2021\",\"isPartOf\":{\"@id\":\"https:\\\/\\\/canal7slp.tv\\\/2021\\\/#website\"},\"primaryImageOfPage\":{\"@id\":\"https:\\\/\\\/canal7slp.tv\\\/2021\\\/atletico-san-luis-emite-postura-de-lo-acontecido-ante-santos-laguna\\\/#primaryimage\"},\"image\":{\"@id\":\"https:\\\/\\\/canal7slp.tv\\\/2021\\\/atletico-san-luis-emite-postura-de-lo-acontecido-ante-santos-laguna\\\/#primaryimage\"},\"thumbnailUrl\":\"https:\\\/\\\/canal7slp.tv\\\/2021\\\/wp-content\\\/uploads\\\/2021\\\/02\\\/PosturaAtletico.png\",\"datePublished\":\"2021-02-19T20:19:46+00:00\",\"breadcrumb\":{\"@id\":\"https:\\\/\\\/canal7slp.tv\\\/2021\\\/atletico-san-luis-emite-postura-de-lo-acontecido-ante-santos-laguna\\\/#breadcrumb\"},\"inLanguage\":\"es\",\"potentialAction\":[{\"@type\":\"ReadAction\",\"target\":[\"https:\\\/\\\/canal7slp.tv\\\/2021\\\/atletico-san-luis-emite-postura-de-lo-acontecido-ante-santos-laguna\\\/\"]}]},{\"@type\":\"ImageObject\",\"inLanguage\":\"es\",\"@id\":\"https:\\\/\\\/canal7slp.tv\\\/2021\\\/atletico-san-luis-emite-postura-de-lo-acontecido-ante-santos-laguna\\\/#primaryimage\",\"url\":\"https:\\\/\\\/canal7slp.tv\\\/2021\\\/wp-content\\\/uploads\\\/2021\\\/02\\\/PosturaAtletico.png\",\"contentUrl\":\"https:\\\/\\\/canal7slp.tv\\\/2021\\\/wp-content\\\/uploads\\\/2021\\\/02\\\/PosturaAtletico.png\",\"width\":890,\"height\":450},{\"@type\":\"BreadcrumbList\",\"@id\":\"https:\\\/\\\/canal7slp.tv\\\/2021\\\/atletico-san-luis-emite-postura-de-lo-acontecido-ante-santos-laguna\\\/#breadcrumb\",\"itemListElement\":[{\"@type\":\"ListItem\",\"position\":1,\"name\":\"Portada\",\"item\":\"https:\\\/\\\/canal7slp.tv\\\/2021\\\/\"},{\"@type\":\"ListItem\",\"position\":2,\"name\":\"Atl\u00e9tico San Luis emite postura de lo acontecido ante Santos Laguna.\"}]},{\"@type\":\"WebSite\",\"@id\":\"https:\\\/\\\/canal7slp.tv\\\/2021\\\/#website\",\"url\":\"https:\\\/\\\/canal7slp.tv\\\/2021\\\/\",\"name\":\"N7 - Noticieros Canal 7\",\"description\":\"Somos Televisi\u00f3n\",\"publisher\":{\"@id\":\"https:\\\/\\\/canal7slp.tv\\\/2021\\\/#organization\"},\"potentialAction\":[{\"@type\":\"SearchAction\",\"target\":{\"@type\":\"EntryPoint\",\"urlTemplate\":\"https:\\\/\\\/canal7slp.tv\\\/2021\\\/?s={search_term_string}\"},\"query-input\":{\"@type\":\"PropertyValueSpecification\",\"valueRequired\":true,\"valueName\":\"search_term_string\"}}],\"inLanguage\":\"es\"},{\"@type\":\"Organization\",\"@id\":\"https:\\\/\\\/canal7slp.tv\\\/2021\\\/#organization\",\"name\":\"Noticieros Canal 7\",\"url\":\"https:\\\/\\\/canal7slp.tv\\\/2021\\\/\",\"logo\":{\"@type\":\"ImageObject\",\"inLanguage\":\"es\",\"@id\":\"https:\\\/\\\/canal7slp.tv\\\/2021\\\/#\\\/schema\\\/logo\\\/image\\\/\",\"url\":\"https:\\\/\\\/canal7slp.tv\\\/2021\\\/wp-content\\\/uploads\\\/2021\\\/01\\\/logo-noticieros@2x.png\",\"contentUrl\":\"https:\\\/\\\/canal7slp.tv\\\/2021\\\/wp-content\\\/uploads\\\/2021\\\/01\\\/logo-noticieros@2x.png\",\"width\":1017,\"height\":268,\"caption\":\"Noticieros Canal 7\"},\"image\":{\"@id\":\"https:\\\/\\\/canal7slp.tv\\\/2021\\\/#\\\/schema\\\/logo\\\/image\\\/\"},\"sameAs\":[\"https:\\\/\\\/www.facebook.com\\\/noticieroscanalsiete\",\"https:\\\/\\\/x.com\\\/NOTICIEROS7\",\"https:\\\/\\\/www.instagram.com\\\/canal7_slp\",\"https:\\\/\\\/www.youtube.com\\\/channel\\\/UCliiYs-gP3JfJeqdPrNdd5A\"]},{\"@type\":\"Person\",\"@id\":\"https:\\\/\\\/canal7slp.tv\\\/2021\\\/#\\\/schema\\\/person\\\/28a12b0491d3b6f41a854d062961bdc7\",\"name\":\"Edici\u00f3n Web\",\"image\":{\"@type\":\"ImageObject\",\"inLanguage\":\"es\",\"@id\":\"https:\\\/\\\/secure.gravatar.com\\\/avatar\\\/eee448fc3f7164808013b816ba91ac7e43bbe82a70bebac296f8bc6f0addaa1a?s=96&d=mm&r=g\",\"url\":\"https:\\\/\\\/secure.gravatar.com\\\/avatar\\\/eee448fc3f7164808013b816ba91ac7e43bbe82a70bebac296f8bc6f0addaa1a?s=96&d=mm&r=g\",\"contentUrl\":\"https:\\\/\\\/secure.gravatar.com\\\/avatar\\\/eee448fc3f7164808013b816ba91ac7e43bbe82a70bebac296f8bc6f0addaa1a?s=96&d=mm&r=g\",\"caption\":\"Edici\u00f3n Web\"},\"url\":\"https:\\\/\\\/canal7slp.tv\\\/2021\\\/author\\\/edicionweb\\\/\"}]}<\/script>\n<!-- \/ Yoast SEO plugin. -->","yoast_head_json":{"title":"Atl\u00e9tico San Luis emite postura de lo acontecido ante Santos Laguna. - Canal 7 SLP - 2021","robots":{"index":"index","follow":"follow","max-snippet":"max-snippet:-1","max-image-preview":"max-image-preview:large","max-video-preview":"max-video-preview:-1"},"canonical":"https:\/\/canal7slp.tv\/2021\/atletico-san-luis-emite-postura-de-lo-acontecido-ante-santos-laguna\/","og_locale":"es_ES","og_type":"article","og_title":"Atl\u00e9tico San Luis emite postura de lo acontecido ante Santos Laguna. - Canal 7 SLP - 2021","og_description":"\u00a0SLP.- Por medio de un breve comunicado la directiva de Atl\u00e9tico de San Luis dio a conocer la postura referente a lo acontecido, a lo que se lee: Club Atl\u00e9tico de San Luis siempre ha tenido como ideolog\u00eda y postura oficial la cero tolerancia ante el racismo y la violencia, por lo cual condenamos en\u00e9rgicamente cualquier tipo de expresi\u00f3n que haya podido suceder en el partido de ayer entre Atl\u00e9tico de San Luis frente a Santos Laguna. Estamos en la mejor disposici\u00f3n para entregar cualquier tipo de material que exhiba cualquier tipo de violencia, f\u00edsica, verbal o racista, esto con [&hellip;]","og_url":"https:\/\/canal7slp.tv\/2021\/atletico-san-luis-emite-postura-de-lo-acontecido-ante-santos-laguna\/","og_site_name":"Canal 7 SLP - 2021","article_publisher":"https:\/\/www.facebook.com\/noticieroscanalsiete","article_published_time":"2021-02-19T20:19:46+00:00","og_image":[{"width":890,"height":450,"url":"https:\/\/canal7slp.tv\/2021\/wp-content\/uploads\/2021\/02\/PosturaAtletico.png","type":"image\/png"}],"author":"Edici\u00f3n Web","twitter_card":"summary_large_image","twitter_creator":"@NOTICIEROS7","twitter_site":"@NOTICIEROS7","twitter_misc":{"Escrito por":"Edici\u00f3n Web","Tiempo de lectura":"1 minuto"},"schema":{"@context":"https:\/\/schema.org","@graph":[{"@type":"Article","@id":"https:\/\/canal7slp.tv\/2021\/atletico-san-luis-emite-postura-de-lo-acontecido-ante-santos-laguna\/#article","isPartOf":{"@id":"https:\/\/canal7slp.tv\/2021\/atletico-san-luis-emite-postura-de-lo-acontecido-ante-santos-laguna\/"},"author":{"name":"Edici\u00f3n Web","@id":"https:\/\/canal7slp.tv\/2021\/#\/schema\/person\/28a12b0491d3b6f41a854d062961bdc7"},"headline":"Atl\u00e9tico San Luis emite postura de lo acontecido ante Santos Laguna.","datePublished":"2021-02-19T20:19:46+00:00","mainEntityOfPage":{"@id":"https:\/\/canal7slp.tv\/2021\/atletico-san-luis-emite-postura-de-lo-acontecido-ante-santos-laguna\/"},"wordCount":190,"publisher":{"@id":"https:\/\/canal7slp.tv\/2021\/#organization"},"image":{"@id":"https:\/\/canal7slp.tv\/2021\/atletico-san-luis-emite-postura-de-lo-acontecido-ante-santos-laguna\/#primaryimage"},"thumbnailUrl":"https:\/\/canal7slp.tv\/2021\/wp-content\/uploads\/2021\/02\/PosturaAtletico.png","articleSection":["DEPORTES","DESTACADAS"],"inLanguage":"es"},{"@type":"WebPage","@id":"https:\/\/canal7slp.tv\/2021\/atletico-san-luis-emite-postura-de-lo-acontecido-ante-santos-laguna\/","url":"https:\/\/canal7slp.tv\/2021\/atletico-san-luis-emite-postura-de-lo-acontecido-ante-santos-laguna\/","name":"Atl\u00e9tico San Luis emite postura de lo acontecido ante Santos Laguna. - Canal 7 SLP - 2021","isPartOf":{"@id":"https:\/\/canal7slp.tv\/2021\/#website"},"primaryImageOfPage":{"@id":"https:\/\/canal7slp.tv\/2021\/atletico-san-luis-emite-postura-de-lo-acontecido-ante-santos-laguna\/#primaryimage"},"image":{"@id":"https:\/\/canal7slp.tv\/2021\/atletico-san-luis-emite-postura-de-lo-acontecido-ante-santos-laguna\/#primaryimage"},"thumbnailUrl":"https:\/\/canal7slp.tv\/2021\/wp-content\/uploads\/2021\/02\/PosturaAtletico.png","datePublished":"2021-02-19T20:19:46+00:00","breadcrumb":{"@id":"https:\/\/canal7slp.tv\/2021\/atletico-san-luis-emite-postura-de-lo-acontecido-ante-santos-laguna\/#breadcrumb"},"inLanguage":"es","potentialAction":[{"@type":"ReadAction","target":["https:\/\/canal7slp.tv\/2021\/atletico-san-luis-emite-postura-de-lo-acontecido-ante-santos-laguna\/"]}]},{"@type":"ImageObject","inLanguage":"es","@id":"https:\/\/canal7slp.tv\/2021\/atletico-san-luis-emite-postura-de-lo-acontecido-ante-santos-laguna\/#primaryimage","url":"https:\/\/canal7slp.tv\/2021\/wp-content\/uploads\/2021\/02\/PosturaAtletico.png","contentUrl":"https:\/\/canal7slp.tv\/2021\/wp-content\/uploads\/2021\/02\/PosturaAtletico.png","width":890,"height":450},{"@type":"BreadcrumbList","@id":"https:\/\/canal7slp.tv\/2021\/atletico-san-luis-emite-postura-de-lo-acontecido-ante-santos-laguna\/#breadcrumb","itemListElement":[{"@type":"ListItem","position":1,"name":"Portada","item":"https:\/\/canal7slp.tv\/2021\/"},{"@type":"ListItem","position":2,"name":"Atl\u00e9tico San Luis emite postura de lo acontecido ante Santos Laguna."}]},{"@type":"WebSite","@id":"https:\/\/canal7slp.tv\/2021\/#website","url":"https:\/\/canal7slp.tv\/2021\/","name":"N7 - Noticieros Canal 7","description":"Somos Televisi\u00f3n","publisher":{"@id":"https:\/\/canal7slp.tv\/2021\/#organization"},"potentialAction":[{"@type":"SearchAction","target":{"@type":"EntryPoint","urlTemplate":"https:\/\/canal7slp.tv\/2021\/?s={search_term_string}"},"query-input":{"@type":"PropertyValueSpecification","valueRequired":true,"valueName":"search_term_string"}}],"inLanguage":"es"},{"@type":"Organization","@id":"https:\/\/canal7slp.tv\/2021\/#organization","name":"Noticieros Canal 7","url":"https:\/\/canal7slp.tv\/2021\/","logo":{"@type":"ImageObject","inLanguage":"es","@id":"https:\/\/canal7slp.tv\/2021\/#\/schema\/logo\/image\/","url":"https:\/\/canal7slp.tv\/2021\/wp-content\/uploads\/2021\/01\/logo-noticieros@2x.png","contentUrl":"https:\/\/canal7slp.tv\/2021\/wp-content\/uploads\/2021\/01\/logo-noticieros@2x.png","width":1017,"height":268,"caption":"Noticieros Canal 7"},"image":{"@id":"https:\/\/canal7slp.tv\/2021\/#\/schema\/logo\/image\/"},"sameAs":["https:\/\/www.facebook.com\/noticieroscanalsiete","https:\/\/x.com\/NOTICIEROS7","https:\/\/www.instagram.com\/canal7_slp","https:\/\/www.youtube.com\/channel\/UCliiYs-gP3JfJeqdPrNdd5A"]},{"@type":"Person","@id":"https:\/\/canal7slp.tv\/2021\/#\/schema\/person\/28a12b0491d3b6f41a854d062961bdc7","name":"Edici\u00f3n Web","image":{"@type":"ImageObject","inLanguage":"es","@id":"https:\/\/secure.gravatar.com\/avatar\/eee448fc3f7164808013b816ba91ac7e43bbe82a70bebac296f8bc6f0addaa1a?s=96&d=mm&r=g","url":"https:\/\/secure.gravatar.com\/avatar\/eee448fc3f7164808013b816ba91ac7e43bbe82a70bebac296f8bc6f0addaa1a?s=96&d=mm&r=g","contentUrl":"https:\/\/secure.gravatar.com\/avatar\/eee448fc3f7164808013b816ba91ac7e43bbe82a70bebac296f8bc6f0addaa1a?s=96&d=mm&r=g","caption":"Edici\u00f3n Web"},"url":"https:\/\/canal7slp.tv\/2021\/author\/edicionweb\/"}]}},"_links":{"self":[{"href":"https:\/\/canal7slp.tv\/2021\/wp-json\/wp\/v2\/posts\/4864","targetHints":{"allow":["GET"]}}],"collection":[{"href":"https:\/\/canal7slp.tv\/2021\/wp-json\/wp\/v2\/posts"}],"about":[{"href":"https:\/\/canal7slp.tv\/2021\/wp-json\/wp\/v2\/types\/post"}],"author":[{"embeddable":true,"href":"https:\/\/canal7slp.tv\/2021\/wp-json\/wp\/v2\/users\/2"}],"replies":[{"embeddable":true,"href":"https:\/\/canal7slp.tv\/2021\/wp-json\/wp\/v2\/comments?post=4864"}],"version-history":[{"count":1,"href":"https:\/\/canal7slp.tv\/2021\/wp-json\/wp\/v2\/posts\/4864\/revisions"}],"predecessor-version":[{"id":4866,"href":"https:\/\/canal7slp.tv\/2021\/wp-json\/wp\/v2\/posts\/4864\/revisions\/4866"}],"wp:featuredmedia":[{"embeddable":true,"href":"https:\/\/canal7slp.tv\/2021\/wp-json\/wp\/v2\/media\/4865"}],"wp:attachment":[{"href":"https:\/\/canal7slp.tv\/2021\/wp-json\/wp\/v2\/media?parent=4864"}],"wp:term":[{"taxonomy":"category","embeddable":true,"href":"https:\/\/canal7slp.tv\/2021\/wp-json\/wp\/v2\/categories?post=4864"},{"taxonomy":"post_tag","embeddable":true,"href":"https:\/\/canal7slp.tv\/2021\/wp-json\/wp\/v2\/tags?post=4864"}],"curies":[{"name":"wp","href":"https:\/\/api.w.org\/{rel}","templated":true}]}}