{"id":4725,"date":"2021-02-18T14:41:23","date_gmt":"2021-02-18T20:41:23","guid":{"rendered":"https:\/\/canal7slp.tv\/2021\/?p=4725"},"modified":"2021-02-18T14:41:23","modified_gmt":"2021-02-18T20:41:23","slug":"michael-andretti-y-michel-jourdain-unen-fuerzas-dentro-de-la-super-copa","status":"publish","type":"post","link":"https:\/\/canal7slp.tv\/2021\/michael-andretti-y-michel-jourdain-unen-fuerzas-dentro-de-la-super-copa\/","title":{"rendered":"Michael Andretti y Michel Jourdain unen fuerzas dentro de la S\u00faper Copa."},"content":{"rendered":"<p style=\"text-align: justify;\">SLP.- El nuevo equipo formado por Andretti-Jourdain, tendr\u00e1 como sede M\u00e9xico y competir\u00e1 el autom\u00f3vil No. 1 en la divisi\u00f3n de autos de la Copa Mercedes.<\/p>\n<p style=\"text-align: justify;\">Este nuevo esfuerzo, marca la s\u00e9ptima disciplina dentro del automovilismo deportivo para Andretti, marca que ya compite en la SERIE NTT INDYCAR, Indy Lights y los prototipos IMSA LMP3, en adici\u00f3n a operar de manera internacional en el Campeonato FIA de la F\u00f3rmula E, Extreme E y Australian Supercars.<\/p>\n<p style=\"text-align: justify;\">\u201cEsta es una oportunidad realmente emocionante para Andretti Autosport\u201d dijo el CEO Michael Andretti. \u201cEstamos creciendo y expandiendo r\u00e1pidamente nuestros esfuerzos a nivel global y las carreras en M\u00e9xico, son un gran paso en nuestra evoluci\u00f3n. No solamente puede brindar oportunidades para las operaciones t\u00e9cnicas y comerciales del equipo, sino que tambi\u00e9n puede ayudar a adoptar nuevos y diversos talentos de pilotos para nuestros otros equipos de carreras.\u201d<\/p>\n<p style=\"text-align: justify;\">\n","protected":false},"excerpt":{"rendered":"<p>SLP.- El nuevo equipo formado por Andretti-Jourdain, tendr\u00e1 como sede M\u00e9xico y competir\u00e1 el autom\u00f3vil No. 1 en la divisi\u00f3n de autos de la Copa Mercedes. Este nuevo esfuerzo, marca la s\u00e9ptima disciplina dentro del automovilismo deportivo para Andretti, marca que ya compite en la SERIE NTT INDYCAR, Indy Lights y los prototipos IMSA LMP3, en adici\u00f3n a operar de manera internacional en el Campeonato FIA de la F\u00f3rmula E, Extreme E y Australian Supercars. \u201cEsta es una oportunidad realmente emocionante para Andretti Autosport\u201d dijo el CEO Michael Andretti. \u201cEstamos creciendo y expandiendo r\u00e1pidamente nuestros esfuerzos a nivel global y [&hellip;]<\/p>\n","protected":false},"author":2,"featured_media":4726,"comment_status":"closed","ping_status":"closed","sticky":false,"template":"","format":"video","meta":{"footnotes":""},"categories":[7,5],"tags":[],"class_list":["post-4725","post","type-post","status-publish","format-video","has-post-thumbnail","hentry","category-deportes","category-destacadas","post_format-post-format-video","post--single"],"yoast_head":"<!-- This site is optimized with the Yoast SEO plugin v27.5 - https:\/\/yoast.com\/product\/yoast-seo-wordpress\/ -->\n<title>Michael Andretti y Michel Jourdain unen fuerzas dentro de la S\u00faper Copa. - Canal 7 SLP - 2021<\/title>\n<meta name=\"robots\" content=\"index, follow, max-snippet:-1, max-image-preview:large, max-video-preview:-1\" \/>\n<link rel=\"canonical\" href=\"https:\/\/canal7slp.tv\/2021\/michael-andretti-y-michel-jourdain-unen-fuerzas-dentro-de-la-super-copa\/\" \/>\n<meta property=\"og:locale\" content=\"es_ES\" \/>\n<meta property=\"og:type\" content=\"article\" \/>\n<meta property=\"og:title\" content=\"Michael Andretti y Michel Jourdain unen fuerzas dentro de la S\u00faper Copa. - Canal 7 SLP - 2021\" \/>\n<meta property=\"og:description\" content=\"SLP.- El nuevo equipo formado por Andretti-Jourdain, tendr\u00e1 como sede M\u00e9xico y competir\u00e1 el autom\u00f3vil No. 1 en la divisi\u00f3n de autos de la Copa Mercedes. Este nuevo esfuerzo, marca la s\u00e9ptima disciplina dentro del automovilismo deportivo para Andretti, marca que ya compite en la SERIE NTT INDYCAR, Indy Lights y los prototipos IMSA LMP3, en adici\u00f3n a operar de manera internacional en el Campeonato FIA de la F\u00f3rmula E, Extreme E y Australian Supercars. \u201cEsta es una oportunidad realmente emocionante para Andretti Autosport\u201d dijo el CEO Michael Andretti. \u201cEstamos creciendo y expandiendo r\u00e1pidamente nuestros esfuerzos a nivel global y [&hellip;]\" \/>\n<meta property=\"og:url\" content=\"https:\/\/canal7slp.tv\/2021\/michael-andretti-y-michel-jourdain-unen-fuerzas-dentro-de-la-super-copa\/\" \/>\n<meta property=\"og:site_name\" content=\"Canal 7 SLP - 2021\" \/>\n<meta property=\"article:publisher\" content=\"https:\/\/www.facebook.com\/noticieroscanalsiete\" \/>\n<meta property=\"article:published_time\" content=\"2021-02-18T20:41:23+00:00\" \/>\n<meta property=\"og:image\" content=\"https:\/\/canal7slp.tv\/2021\/wp-content\/uploads\/2021\/02\/Carritos.png\" \/>\n\t<meta property=\"og:image:width\" content=\"748\" \/>\n\t<meta property=\"og:image:height\" content=\"410\" \/>\n\t<meta property=\"og:image:type\" content=\"image\/png\" \/>\n<meta name=\"author\" content=\"Edici\u00f3n Web\" \/>\n<meta name=\"twitter:card\" content=\"summary_large_image\" \/>\n<meta name=\"twitter:creator\" content=\"@NOTICIEROS7\" \/>\n<meta name=\"twitter:site\" content=\"@NOTICIEROS7\" \/>\n<meta name=\"twitter:label1\" content=\"Escrito por\" \/>\n\t<meta name=\"twitter:data1\" content=\"Edici\u00f3n Web\" \/>\n\t<meta name=\"twitter:label2\" content=\"Tiempo de lectura\" \/>\n\t<meta name=\"twitter:data2\" content=\"1 minuto\" \/>\n<script type=\"application\/ld+json\" class=\"yoast-schema-graph\">{\"@context\":\"https:\\\/\\\/schema.org\",\"@graph\":[{\"@type\":\"Article\",\"@id\":\"https:\\\/\\\/canal7slp.tv\\\/2021\\\/michael-andretti-y-michel-jourdain-unen-fuerzas-dentro-de-la-super-copa\\\/#article\",\"isPartOf\":{\"@id\":\"https:\\\/\\\/canal7slp.tv\\\/2021\\\/michael-andretti-y-michel-jourdain-unen-fuerzas-dentro-de-la-super-copa\\\/\"},\"author\":{\"name\":\"Edici\u00f3n Web\",\"@id\":\"https:\\\/\\\/canal7slp.tv\\\/2021\\\/#\\\/schema\\\/person\\\/28a12b0491d3b6f41a854d062961bdc7\"},\"headline\":\"Michael Andretti y Michel Jourdain unen fuerzas dentro de la S\u00faper Copa.\",\"datePublished\":\"2021-02-18T20:41:23+00:00\",\"mainEntityOfPage\":{\"@id\":\"https:\\\/\\\/canal7slp.tv\\\/2021\\\/michael-andretti-y-michel-jourdain-unen-fuerzas-dentro-de-la-super-copa\\\/\"},\"wordCount\":167,\"publisher\":{\"@id\":\"https:\\\/\\\/canal7slp.tv\\\/2021\\\/#organization\"},\"image\":{\"@id\":\"https:\\\/\\\/canal7slp.tv\\\/2021\\\/michael-andretti-y-michel-jourdain-unen-fuerzas-dentro-de-la-super-copa\\\/#primaryimage\"},\"thumbnailUrl\":\"https:\\\/\\\/canal7slp.tv\\\/2021\\\/wp-content\\\/uploads\\\/2021\\\/02\\\/Carritos.png\",\"articleSection\":[\"DEPORTES\",\"DESTACADAS\"],\"inLanguage\":\"es\"},{\"@type\":\"WebPage\",\"@id\":\"https:\\\/\\\/canal7slp.tv\\\/2021\\\/michael-andretti-y-michel-jourdain-unen-fuerzas-dentro-de-la-super-copa\\\/\",\"url\":\"https:\\\/\\\/canal7slp.tv\\\/2021\\\/michael-andretti-y-michel-jourdain-unen-fuerzas-dentro-de-la-super-copa\\\/\",\"name\":\"Michael Andretti y Michel Jourdain unen fuerzas dentro de la S\u00faper Copa. - Canal 7 SLP - 2021\",\"isPartOf\":{\"@id\":\"https:\\\/\\\/canal7slp.tv\\\/2021\\\/#website\"},\"primaryImageOfPage\":{\"@id\":\"https:\\\/\\\/canal7slp.tv\\\/2021\\\/michael-andretti-y-michel-jourdain-unen-fuerzas-dentro-de-la-super-copa\\\/#primaryimage\"},\"image\":{\"@id\":\"https:\\\/\\\/canal7slp.tv\\\/2021\\\/michael-andretti-y-michel-jourdain-unen-fuerzas-dentro-de-la-super-copa\\\/#primaryimage\"},\"thumbnailUrl\":\"https:\\\/\\\/canal7slp.tv\\\/2021\\\/wp-content\\\/uploads\\\/2021\\\/02\\\/Carritos.png\",\"datePublished\":\"2021-02-18T20:41:23+00:00\",\"breadcrumb\":{\"@id\":\"https:\\\/\\\/canal7slp.tv\\\/2021\\\/michael-andretti-y-michel-jourdain-unen-fuerzas-dentro-de-la-super-copa\\\/#breadcrumb\"},\"inLanguage\":\"es\",\"potentialAction\":[{\"@type\":\"ReadAction\",\"target\":[\"https:\\\/\\\/canal7slp.tv\\\/2021\\\/michael-andretti-y-michel-jourdain-unen-fuerzas-dentro-de-la-super-copa\\\/\"]}]},{\"@type\":\"ImageObject\",\"inLanguage\":\"es\",\"@id\":\"https:\\\/\\\/canal7slp.tv\\\/2021\\\/michael-andretti-y-michel-jourdain-unen-fuerzas-dentro-de-la-super-copa\\\/#primaryimage\",\"url\":\"https:\\\/\\\/canal7slp.tv\\\/2021\\\/wp-content\\\/uploads\\\/2021\\\/02\\\/Carritos.png\",\"contentUrl\":\"https:\\\/\\\/canal7slp.tv\\\/2021\\\/wp-content\\\/uploads\\\/2021\\\/02\\\/Carritos.png\",\"width\":748,\"height\":410},{\"@type\":\"BreadcrumbList\",\"@id\":\"https:\\\/\\\/canal7slp.tv\\\/2021\\\/michael-andretti-y-michel-jourdain-unen-fuerzas-dentro-de-la-super-copa\\\/#breadcrumb\",\"itemListElement\":[{\"@type\":\"ListItem\",\"position\":1,\"name\":\"Portada\",\"item\":\"https:\\\/\\\/canal7slp.tv\\\/2021\\\/\"},{\"@type\":\"ListItem\",\"position\":2,\"name\":\"Michael Andretti y Michel Jourdain unen fuerzas dentro de la S\u00faper Copa.\"}]},{\"@type\":\"WebSite\",\"@id\":\"https:\\\/\\\/canal7slp.tv\\\/2021\\\/#website\",\"url\":\"https:\\\/\\\/canal7slp.tv\\\/2021\\\/\",\"name\":\"N7 - Noticieros Canal 7\",\"description\":\"Somos Televisi\u00f3n\",\"publisher\":{\"@id\":\"https:\\\/\\\/canal7slp.tv\\\/2021\\\/#organization\"},\"potentialAction\":[{\"@type\":\"SearchAction\",\"target\":{\"@type\":\"EntryPoint\",\"urlTemplate\":\"https:\\\/\\\/canal7slp.tv\\\/2021\\\/?s={search_term_string}\"},\"query-input\":{\"@type\":\"PropertyValueSpecification\",\"valueRequired\":true,\"valueName\":\"search_term_string\"}}],\"inLanguage\":\"es\"},{\"@type\":\"Organization\",\"@id\":\"https:\\\/\\\/canal7slp.tv\\\/2021\\\/#organization\",\"name\":\"Noticieros Canal 7\",\"url\":\"https:\\\/\\\/canal7slp.tv\\\/2021\\\/\",\"logo\":{\"@type\":\"ImageObject\",\"inLanguage\":\"es\",\"@id\":\"https:\\\/\\\/canal7slp.tv\\\/2021\\\/#\\\/schema\\\/logo\\\/image\\\/\",\"url\":\"https:\\\/\\\/canal7slp.tv\\\/2021\\\/wp-content\\\/uploads\\\/2021\\\/01\\\/logo-noticieros@2x.png\",\"contentUrl\":\"https:\\\/\\\/canal7slp.tv\\\/2021\\\/wp-content\\\/uploads\\\/2021\\\/01\\\/logo-noticieros@2x.png\",\"width\":1017,\"height\":268,\"caption\":\"Noticieros Canal 7\"},\"image\":{\"@id\":\"https:\\\/\\\/canal7slp.tv\\\/2021\\\/#\\\/schema\\\/logo\\\/image\\\/\"},\"sameAs\":[\"https:\\\/\\\/www.facebook.com\\\/noticieroscanalsiete\",\"https:\\\/\\\/x.com\\\/NOTICIEROS7\",\"https:\\\/\\\/www.instagram.com\\\/canal7_slp\",\"https:\\\/\\\/www.youtube.com\\\/channel\\\/UCliiYs-gP3JfJeqdPrNdd5A\"]},{\"@type\":\"Person\",\"@id\":\"https:\\\/\\\/canal7slp.tv\\\/2021\\\/#\\\/schema\\\/person\\\/28a12b0491d3b6f41a854d062961bdc7\",\"name\":\"Edici\u00f3n Web\",\"image\":{\"@type\":\"ImageObject\",\"inLanguage\":\"es\",\"@id\":\"https:\\\/\\\/secure.gravatar.com\\\/avatar\\\/eee448fc3f7164808013b816ba91ac7e43bbe82a70bebac296f8bc6f0addaa1a?s=96&d=mm&r=g\",\"url\":\"https:\\\/\\\/secure.gravatar.com\\\/avatar\\\/eee448fc3f7164808013b816ba91ac7e43bbe82a70bebac296f8bc6f0addaa1a?s=96&d=mm&r=g\",\"contentUrl\":\"https:\\\/\\\/secure.gravatar.com\\\/avatar\\\/eee448fc3f7164808013b816ba91ac7e43bbe82a70bebac296f8bc6f0addaa1a?s=96&d=mm&r=g\",\"caption\":\"Edici\u00f3n Web\"},\"url\":\"https:\\\/\\\/canal7slp.tv\\\/2021\\\/author\\\/edicionweb\\\/\"}]}<\/script>\n<!-- \/ Yoast SEO plugin. -->","yoast_head_json":{"title":"Michael Andretti y Michel Jourdain unen fuerzas dentro de la S\u00faper Copa. - Canal 7 SLP - 2021","robots":{"index":"index","follow":"follow","max-snippet":"max-snippet:-1","max-image-preview":"max-image-preview:large","max-video-preview":"max-video-preview:-1"},"canonical":"https:\/\/canal7slp.tv\/2021\/michael-andretti-y-michel-jourdain-unen-fuerzas-dentro-de-la-super-copa\/","og_locale":"es_ES","og_type":"article","og_title":"Michael Andretti y Michel Jourdain unen fuerzas dentro de la S\u00faper Copa. - Canal 7 SLP - 2021","og_description":"SLP.- El nuevo equipo formado por Andretti-Jourdain, tendr\u00e1 como sede M\u00e9xico y competir\u00e1 el autom\u00f3vil No. 1 en la divisi\u00f3n de autos de la Copa Mercedes. Este nuevo esfuerzo, marca la s\u00e9ptima disciplina dentro del automovilismo deportivo para Andretti, marca que ya compite en la SERIE NTT INDYCAR, Indy Lights y los prototipos IMSA LMP3, en adici\u00f3n a operar de manera internacional en el Campeonato FIA de la F\u00f3rmula E, Extreme E y Australian Supercars. \u201cEsta es una oportunidad realmente emocionante para Andretti Autosport\u201d dijo el CEO Michael Andretti. \u201cEstamos creciendo y expandiendo r\u00e1pidamente nuestros esfuerzos a nivel global y [&hellip;]","og_url":"https:\/\/canal7slp.tv\/2021\/michael-andretti-y-michel-jourdain-unen-fuerzas-dentro-de-la-super-copa\/","og_site_name":"Canal 7 SLP - 2021","article_publisher":"https:\/\/www.facebook.com\/noticieroscanalsiete","article_published_time":"2021-02-18T20:41:23+00:00","og_image":[{"width":748,"height":410,"url":"https:\/\/canal7slp.tv\/2021\/wp-content\/uploads\/2021\/02\/Carritos.png","type":"image\/png"}],"author":"Edici\u00f3n Web","twitter_card":"summary_large_image","twitter_creator":"@NOTICIEROS7","twitter_site":"@NOTICIEROS7","twitter_misc":{"Escrito por":"Edici\u00f3n Web","Tiempo de lectura":"1 minuto"},"schema":{"@context":"https:\/\/schema.org","@graph":[{"@type":"Article","@id":"https:\/\/canal7slp.tv\/2021\/michael-andretti-y-michel-jourdain-unen-fuerzas-dentro-de-la-super-copa\/#article","isPartOf":{"@id":"https:\/\/canal7slp.tv\/2021\/michael-andretti-y-michel-jourdain-unen-fuerzas-dentro-de-la-super-copa\/"},"author":{"name":"Edici\u00f3n Web","@id":"https:\/\/canal7slp.tv\/2021\/#\/schema\/person\/28a12b0491d3b6f41a854d062961bdc7"},"headline":"Michael Andretti y Michel Jourdain unen fuerzas dentro de la S\u00faper Copa.","datePublished":"2021-02-18T20:41:23+00:00","mainEntityOfPage":{"@id":"https:\/\/canal7slp.tv\/2021\/michael-andretti-y-michel-jourdain-unen-fuerzas-dentro-de-la-super-copa\/"},"wordCount":167,"publisher":{"@id":"https:\/\/canal7slp.tv\/2021\/#organization"},"image":{"@id":"https:\/\/canal7slp.tv\/2021\/michael-andretti-y-michel-jourdain-unen-fuerzas-dentro-de-la-super-copa\/#primaryimage"},"thumbnailUrl":"https:\/\/canal7slp.tv\/2021\/wp-content\/uploads\/2021\/02\/Carritos.png","articleSection":["DEPORTES","DESTACADAS"],"inLanguage":"es"},{"@type":"WebPage","@id":"https:\/\/canal7slp.tv\/2021\/michael-andretti-y-michel-jourdain-unen-fuerzas-dentro-de-la-super-copa\/","url":"https:\/\/canal7slp.tv\/2021\/michael-andretti-y-michel-jourdain-unen-fuerzas-dentro-de-la-super-copa\/","name":"Michael Andretti y Michel Jourdain unen fuerzas dentro de la S\u00faper Copa. - Canal 7 SLP - 2021","isPartOf":{"@id":"https:\/\/canal7slp.tv\/2021\/#website"},"primaryImageOfPage":{"@id":"https:\/\/canal7slp.tv\/2021\/michael-andretti-y-michel-jourdain-unen-fuerzas-dentro-de-la-super-copa\/#primaryimage"},"image":{"@id":"https:\/\/canal7slp.tv\/2021\/michael-andretti-y-michel-jourdain-unen-fuerzas-dentro-de-la-super-copa\/#primaryimage"},"thumbnailUrl":"https:\/\/canal7slp.tv\/2021\/wp-content\/uploads\/2021\/02\/Carritos.png","datePublished":"2021-02-18T20:41:23+00:00","breadcrumb":{"@id":"https:\/\/canal7slp.tv\/2021\/michael-andretti-y-michel-jourdain-unen-fuerzas-dentro-de-la-super-copa\/#breadcrumb"},"inLanguage":"es","potentialAction":[{"@type":"ReadAction","target":["https:\/\/canal7slp.tv\/2021\/michael-andretti-y-michel-jourdain-unen-fuerzas-dentro-de-la-super-copa\/"]}]},{"@type":"ImageObject","inLanguage":"es","@id":"https:\/\/canal7slp.tv\/2021\/michael-andretti-y-michel-jourdain-unen-fuerzas-dentro-de-la-super-copa\/#primaryimage","url":"https:\/\/canal7slp.tv\/2021\/wp-content\/uploads\/2021\/02\/Carritos.png","contentUrl":"https:\/\/canal7slp.tv\/2021\/wp-content\/uploads\/2021\/02\/Carritos.png","width":748,"height":410},{"@type":"BreadcrumbList","@id":"https:\/\/canal7slp.tv\/2021\/michael-andretti-y-michel-jourdain-unen-fuerzas-dentro-de-la-super-copa\/#breadcrumb","itemListElement":[{"@type":"ListItem","position":1,"name":"Portada","item":"https:\/\/canal7slp.tv\/2021\/"},{"@type":"ListItem","position":2,"name":"Michael Andretti y Michel Jourdain unen fuerzas dentro de la S\u00faper Copa."}]},{"@type":"WebSite","@id":"https:\/\/canal7slp.tv\/2021\/#website","url":"https:\/\/canal7slp.tv\/2021\/","name":"N7 - Noticieros Canal 7","description":"Somos Televisi\u00f3n","publisher":{"@id":"https:\/\/canal7slp.tv\/2021\/#organization"},"potentialAction":[{"@type":"SearchAction","target":{"@type":"EntryPoint","urlTemplate":"https:\/\/canal7slp.tv\/2021\/?s={search_term_string}"},"query-input":{"@type":"PropertyValueSpecification","valueRequired":true,"valueName":"search_term_string"}}],"inLanguage":"es"},{"@type":"Organization","@id":"https:\/\/canal7slp.tv\/2021\/#organization","name":"Noticieros Canal 7","url":"https:\/\/canal7slp.tv\/2021\/","logo":{"@type":"ImageObject","inLanguage":"es","@id":"https:\/\/canal7slp.tv\/2021\/#\/schema\/logo\/image\/","url":"https:\/\/canal7slp.tv\/2021\/wp-content\/uploads\/2021\/01\/logo-noticieros@2x.png","contentUrl":"https:\/\/canal7slp.tv\/2021\/wp-content\/uploads\/2021\/01\/logo-noticieros@2x.png","width":1017,"height":268,"caption":"Noticieros Canal 7"},"image":{"@id":"https:\/\/canal7slp.tv\/2021\/#\/schema\/logo\/image\/"},"sameAs":["https:\/\/www.facebook.com\/noticieroscanalsiete","https:\/\/x.com\/NOTICIEROS7","https:\/\/www.instagram.com\/canal7_slp","https:\/\/www.youtube.com\/channel\/UCliiYs-gP3JfJeqdPrNdd5A"]},{"@type":"Person","@id":"https:\/\/canal7slp.tv\/2021\/#\/schema\/person\/28a12b0491d3b6f41a854d062961bdc7","name":"Edici\u00f3n Web","image":{"@type":"ImageObject","inLanguage":"es","@id":"https:\/\/secure.gravatar.com\/avatar\/eee448fc3f7164808013b816ba91ac7e43bbe82a70bebac296f8bc6f0addaa1a?s=96&d=mm&r=g","url":"https:\/\/secure.gravatar.com\/avatar\/eee448fc3f7164808013b816ba91ac7e43bbe82a70bebac296f8bc6f0addaa1a?s=96&d=mm&r=g","contentUrl":"https:\/\/secure.gravatar.com\/avatar\/eee448fc3f7164808013b816ba91ac7e43bbe82a70bebac296f8bc6f0addaa1a?s=96&d=mm&r=g","caption":"Edici\u00f3n Web"},"url":"https:\/\/canal7slp.tv\/2021\/author\/edicionweb\/"}]}},"_links":{"self":[{"href":"https:\/\/canal7slp.tv\/2021\/wp-json\/wp\/v2\/posts\/4725","targetHints":{"allow":["GET"]}}],"collection":[{"href":"https:\/\/canal7slp.tv\/2021\/wp-json\/wp\/v2\/posts"}],"about":[{"href":"https:\/\/canal7slp.tv\/2021\/wp-json\/wp\/v2\/types\/post"}],"author":[{"embeddable":true,"href":"https:\/\/canal7slp.tv\/2021\/wp-json\/wp\/v2\/users\/2"}],"replies":[{"embeddable":true,"href":"https:\/\/canal7slp.tv\/2021\/wp-json\/wp\/v2\/comments?post=4725"}],"version-history":[{"count":1,"href":"https:\/\/canal7slp.tv\/2021\/wp-json\/wp\/v2\/posts\/4725\/revisions"}],"predecessor-version":[{"id":4727,"href":"https:\/\/canal7slp.tv\/2021\/wp-json\/wp\/v2\/posts\/4725\/revisions\/4727"}],"wp:featuredmedia":[{"embeddable":true,"href":"https:\/\/canal7slp.tv\/2021\/wp-json\/wp\/v2\/media\/4726"}],"wp:attachment":[{"href":"https:\/\/canal7slp.tv\/2021\/wp-json\/wp\/v2\/media?parent=4725"}],"wp:term":[{"taxonomy":"category","embeddable":true,"href":"https:\/\/canal7slp.tv\/2021\/wp-json\/wp\/v2\/categories?post=4725"},{"taxonomy":"post_tag","embeddable":true,"href":"https:\/\/canal7slp.tv\/2021\/wp-json\/wp\/v2\/tags?post=4725"}],"curies":[{"name":"wp","href":"https:\/\/api.w.org\/{rel}","templated":true}]}}