{"id":47204,"date":"2021-12-31T18:07:16","date_gmt":"2022-01-01T00:07:16","guid":{"rendered":"https:\/\/canal7slp.tv\/2021\/?p=47204"},"modified":"2021-12-31T18:07:16","modified_gmt":"2022-01-01T00:07:16","slug":"los-sucesos-relevantes-de-2021-sobre-el-ayuntamiento-capitalino","status":"publish","type":"post","link":"https:\/\/canal7slp.tv\/2021\/los-sucesos-relevantes-de-2021-sobre-el-ayuntamiento-capitalino\/","title":{"rendered":"Los sucesos relevantes de 2021 sobre el Ayuntamiento Capitalino."},"content":{"rendered":"<p style=\"text-align: justify;\">SLP.-<\/p>\n<p style=\"text-align: justify;\">ENERO<\/p>\n<p style=\"text-align: justify;\">*Miembros del Partido Acci\u00f3n Nacional (PAN) que laboraban en el Ayuntamiento Capitalino denunciaron haber sido despedidos por no sumarse al proyecto del alcalde con licencia, Xavier Nava Palacios -quien participa en el proceso interno del blanquiazul a la gubernatura-.<\/p>\n<p style=\"text-align: justify;\">*Persecuci\u00f3n electoral del Ayuntamiento Capitalino, denuncia la regidora Ver\u00f3nica Rodr\u00edguez Hern\u00e1ndez despu\u00e9s que se le removiera de la presidencia de la Comisi\u00f3n de Gobernaci\u00f3n.<\/p>\n<p style=\"text-align: justify;\">*Con publicaciones en Twitter que elimin\u00f3 y reemplaz\u00f3, el alcalde con licencia Xavier Nava Palacios admiti\u00f3 que la tendencia de la votaci\u00f3n en el proceso interno del Partido Acci\u00f3n Nacional (PAN) rumbo la gubernatura, no le favorec\u00eda.<\/p>\n<p style=\"text-align: justify;\">*Agenda llena de aplicaci\u00f3n de pruebas de COVID-19 registr\u00f3 la Unidad Monitora Auxiliar del Ayuntamiento Capitalino. Fue un per\u00edodo sin espacio.<\/p>\n<p style=\"text-align: justify;\">FEBRERO<\/p>\n<p style=\"text-align: justify;\">*Un an\u00e1lisis sobre el pol\u00edgono sur de la capital potosina -de forma precisa, la avenida Salk- arroj\u00f3 que mujeres e infantes son m\u00e1s susceptibles a la violencia y delincuencia; no solamente por robo a transe\u00fante o asalto, sino acoso sexual y callejero.<\/p>\n<p style=\"text-align: justify;\">*Las \u00e1reas de Recursos Humanos y Oficial\u00eda Mayor fueron violentadas en la Unidad Administrativa Municipal (UAM), lo cual propici\u00f3 que personal de Servicios Periciales acudieran al sitio y se abriera una carpeta de investigaci\u00f3n.<\/p>\n<p style=\"text-align: justify;\">*El horno crematorio del pante\u00f3n de Milpillas entr\u00f3 en operaci\u00f3n y ya fue empleado en tres servicios.<\/p>\n<p style=\"text-align: justify;\">*Culmin\u00f3 la operaci\u00f3n de la Estancia Transitoria Municipal para Personas en Situaci\u00f3n de Calle, que en dos meses de funcionamiento tuvo cerca de 600 ingresos.<\/p>\n<p style=\"text-align: justify;\">*Adriana Urbina Aguilar confirm\u00f3 su renuncia como Directora del Sistema Municipal para el Desarrollo Integral de la Familia (DIF) para participar en el proceso electoral.<\/p>\n<p style=\"text-align: justify;\">MARZO<\/p>\n<p style=\"text-align: justify;\">*Debido a proyectos pol\u00edticos vinculados al proceso electoral, comenz\u00f3 la emisi\u00f3n de licencias de integrantes del cabildo en la capital potosina.<\/p>\n<p style=\"text-align: justify;\">ABRIL<\/p>\n<p style=\"text-align: justify;\">*Con la presentaci\u00f3n del plan \u201cAct\u00edvate San Luis\u201d, la promesa de iluminar m\u00e1s espacios y fortalecer el sistema hidr\u00e1ulico, as\u00ed como el se\u00f1alamiento de que adversarios pactan para dificultar el triunfo, el primer minuto del domingo cuatro de abril en la Plaza de los Fundadores arranc\u00f3 campa\u00f1a Xavier Nava Palacios -candidato a la alcald\u00eda capitalina por Movimiento Regeneraci\u00f3n Nacional (MORENA)-.<\/p>\n<p style=\"text-align: justify;\">*M\u00e1s de un centenar de agentes de Polic\u00eda Vial desplegaron un operativo por el arranque de la vacunaci\u00f3n contra COVID-19 a personas adultas mayores de la capital potosina.<\/p>\n<p style=\"text-align: justify;\">*La revocaci\u00f3n de la candidatura a la alcald\u00eda capitalina por el Tribunal Electoral de San Luis Potos\u00ed motiv\u00f3 a Xavier Nava Palacios a convocar este fin de semana a la resistencia civil, con la visi\u00f3n de emprender una lucha, como en 1991 hizo Salvador Nava Mart\u00ednez con la marcha por la dignidad.<\/p>\n<p style=\"text-align: justify;\">*Acompa\u00f1ado por el presidente nacional de Movimiento Regeneraci\u00f3n Nacional (MORENA) Mario Delgado Carrillo y despu\u00e9s que el Tribunal Electoral de San Luis Potos\u00ed revocara su candidatura a la alcald\u00eda capitalina, Xavier Nava Palacios se present\u00f3 en las instalaciones para impugnar la sentencia.<\/p>\n<p style=\"text-align: justify;\">AGOSTO<\/p>\n<p style=\"text-align: justify;\">*En Palacio Municipal se llev\u00f3 a cabo el acto protocolario de inicio del proceso de entrega-recepci\u00f3n en el Ayuntamiento Capitalino.<\/p>\n<p style=\"text-align: justify;\">SEPTIEMBRE<\/p>\n<p style=\"text-align: justify;\">*Comerciantes informales se pronunciaron contra el desmantelamiento del puente peatonal de avenida Reforma con 16 de septiembre, al externar que a diferencia del sector establecido, no les fue presentado el proyecto y existe incertidumbre en cuanto a si se intentar\u00e1 removerles por la adecuaci\u00f3n de la zona.<\/p>\n<p style=\"text-align: justify;\">*En la tarde del 22 de septiembre, el alcalde de la capital potosina, Xavier Nava Palacios, rindi\u00f3 el \u00faltimo informe en el Centro Deportivo de Sim\u00f3n D\u00edaz.<\/p>\n<p style=\"text-align: justify;\">*Autoridades inauguraron el puente Rocha Cordero, obra con la que se ten\u00eda previsto agilizar la circulaci\u00f3n y remediar el tr\u00e1fico de la carretera 57.<\/p>\n<p style=\"text-align: justify;\">*\u2019El mejor deporte es aquel que se practica sin miedo\u2019\u2019, as\u00ed lo expresaron exempleadas de la Direcci\u00f3n de Deporte municipal. Se manifestaron contra el titular del \u00e1rea por presunto acoso sexual y actos de discriminaci\u00f3n.<br \/>\n*A las 23:50 horas del viernes 30 de septiembre, inici\u00f3 la ceremonia de cambio de mando de la Direcci\u00f3n General de Seguridad P\u00fablica Municipal en Plaza de Armas. Enrique Galindo Ceballos, encabez\u00f3 el acto protocolario. (\u00c9STA VIENE EN LA CARPETA DE OCTUBRE PERO ES DE SEPTIEMBRE POR LA HORA)<\/p>\n<p style=\"text-align: justify;\">OCTUBRE<\/p>\n<p style=\"text-align: justify;\">*Con sala llena, el primero de octubre Enrique Galindo Ceballos, tom\u00f3 protesta como presidente municipal por el per\u00edodo 2021-2024, en el Centro de Convenciones de San Luis Potos\u00ed.<\/p>\n<p style=\"text-align: justify;\">*El mismo d\u00eda se llev\u00f3 a cabo el nombramiento y toma de protesta de integrantes en sesi\u00f3n de Cabildo.<\/p>\n<p style=\"text-align: justify;\">*Al d\u00eda siguiente en Plaza del Carmen, se llev\u00f3 a cabo la presentaci\u00f3n del Gabinete Capitalino.<\/p>\n<p style=\"text-align: justify;\">*Un robo fue registrado en la Unidad de Gesti\u00f3n del Centro Hist\u00f3rico que consisti\u00f3 en equipo de c\u00f3mputo con informaci\u00f3n jur\u00eddica, de programas y n\u00f3mina.<\/p>\n<p style=\"text-align: justify;\">NOVIEMBRE<\/p>\n<p style=\"text-align: justify;\">*Una propuesta de ajuste de 6.97 por ciento a la tarifa del servicio de agua potable, alcantarillado y saneamiento fue aprobada por la Junta de Gobierno de Interapas, la cual tuvo como plazo de env\u00edo al Congreso del Estado el cinco de noviembre para que ah\u00ed se tomara una decisi\u00f3n.<\/p>\n<p style=\"text-align: justify;\">* En promedio 15 millones de pesos tendr\u00edan que invertirse en el rastro de Pe\u00f1asco, al considerar maquinaria y nuevas obras o herramientas -ello, independientemente del presupuesto operativo anual que ronda en cinco millones de pesos; advirtieron autoridades-.<\/p>\n<p style=\"text-align: justify;\">*Un mill\u00f3n de metros cuadrados de pavimentaci\u00f3n y repavimentaci\u00f3n -con una inversi\u00f3n de mil 500 millones de pesos-; aunado a obras de infraestructura para movilidad anunci\u00f3 el alcalde de la capital, Enrique Galindo Ceballos como parte del programa Vialidades PotoS\u00cdnas.<\/p>\n<p style=\"text-align: justify;\">*Dos agentes de la Direcci\u00f3n General de Seguridad P\u00fablica Municipal (DGSPM) fueron detenidos por su presunta participaci\u00f3n en el asesinato de una compa\u00f1era.<\/p>\n<p style=\"text-align: justify;\">La v\u00edctima recibi\u00f3 varios disparos de arma de fuego a bordo de su veh\u00edculo el pasado 28 de septiembre, mientras custodiaba un inmueble ubicado en el fraccionamiento San \u00c1ngel.<\/p>\n<p style=\"text-align: justify;\">Casi dos meses despu\u00e9s, se dio la detenci\u00f3n de los presuntos de parte de la Fiscal\u00eda General del Estado (FGE).<\/p>\n<p style=\"text-align: justify;\">*Una disculpa p\u00fablica ofreci\u00f3 el Ayuntamiento de la Capital a extrabajadoras de la Direcci\u00f3n de Deporte por la violaci\u00f3n de sus derechos humanos cuando laboraron en la gesti\u00f3n 2018-2021.<\/p>\n<p style=\"text-align: justify;\">DICIEMBRE<\/p>\n<p style=\"text-align: justify;\">*En sesi\u00f3n solemne, el Cabildo de la Capital entreg\u00f3 el Premio Municipal de Derechos Humanos 2021 \u201cEleanor Roosevelt\u201d a M\u00f3nica Ruiz Rivera -quien durante 12 a\u00f1os ha trabajado por la dignificaci\u00f3n de las personas con enfermedades psicosociales- y se encuentra frente la Casa de Salud Mental Dina Belanger.<\/p>\n<p style=\"text-align: justify;\">*En sesi\u00f3n de la Comisi\u00f3n de Polic\u00eda Preventiva, Vialidad y Transporte del Cabildo Capitalino, fue presentado el Operativo Conducci\u00f3n Segura por la Direcci\u00f3n General de Seguridad P\u00fablica Municipal (DGSPM).<\/p>\n<p style=\"text-align: justify;\">*Una vez que el Congreso del Estado determin\u00f3 inhabilitar por 18 a\u00f1os al exalcalde de la capital, Xavier Nava Palacios derivado de un juicio pol\u00edtico; adem\u00e1s de proceder contra el regidor Alfredo Lujambio Cata\u00f1o y ocho exintegrantes del Cabildo, funcionarios de la administraci\u00f3n 2018-2021 emitieron un posicionamiento.<\/p>\n<p style=\"text-align: justify;\">Xavier Nava Palacios enfatiz\u00f3 que lo sucedido tuvo y tiene una motivaci\u00f3n pol\u00edtica -no jur\u00eddica-.<\/p>\n<p style=\"text-align: justify;\">*El 24 de diciembre arranc\u00f3 en San Luis Potos\u00ed el Operativo Cohet\u00f3n en la Estaci\u00f3n Central de Bomberos con la participaci\u00f3n de autoridades de los tres \u00f3rdenes de gobierno e instituciones de rescate y atenci\u00f3n de emergencias. En la capital potosina se concedieron 741 anuencias.<\/p>\n<p style=\"text-align: justify;\">*Un elemento de la Direcci\u00f3n General de Seguridad P\u00fablica Municipal (DGSPM) fue privado de la vida por impacto de arma de fuego en calles de la colonia Sim\u00f3n D\u00edaz. La corporaci\u00f3n lament\u00f3 lo sucedido.<br \/>\n*Para evitar m\u00e1s accidentes tr\u00e1gicos en la zona, autoridades dieron banderazo de arranque a la obra de rehabilitaci\u00f3n de avenida Chapultepec -en el tramo de la calle Cartaya a perif\u00e9rico, o bien libramiento sur-.<br \/>\n*Un tiradero clandestino en la colonia Tercera Grande fue clausurado por la Direcci\u00f3n de Gesti\u00f3n Ecol\u00f3gica y Manejo de Residuos, derivado de una denuncia ciudadana y cinco personas fueron detenidas.<\/p>\n<p style=\"text-align: justify;\">Por: Paulina Rodr\u00edguez<\/p>\n","protected":false},"excerpt":{"rendered":"<p>SLP.- ENERO *Miembros del Partido Acci\u00f3n Nacional (PAN) que laboraban en el Ayuntamiento Capitalino denunciaron haber sido despedidos por no sumarse al proyecto del alcalde con licencia, Xavier Nava Palacios -quien participa en el proceso interno del blanquiazul a la gubernatura-. *Persecuci\u00f3n electoral del Ayuntamiento Capitalino, denuncia la regidora Ver\u00f3nica Rodr\u00edguez Hern\u00e1ndez despu\u00e9s que se le removiera de la presidencia de la Comisi\u00f3n de Gobernaci\u00f3n. *Con publicaciones en Twitter que elimin\u00f3 y reemplaz\u00f3, el alcalde con licencia Xavier Nava Palacios admiti\u00f3 que la tendencia de la votaci\u00f3n en el proceso interno del Partido Acci\u00f3n Nacional (PAN) rumbo la gubernatura, no [&hellip;]<\/p>\n","protected":false},"author":2,"featured_media":47226,"comment_status":"closed","ping_status":"closed","sticky":false,"template":"","format":"video","meta":{"footnotes":""},"categories":[5,45],"tags":[],"class_list":["post-47204","post","type-post","status-publish","format-video","has-post-thumbnail","hentry","category-destacadas","category-localesyregionales","post_format-post-format-video","post--single"],"yoast_head":"<!-- This site is optimized with the Yoast SEO plugin v27.5 - https:\/\/yoast.com\/product\/yoast-seo-wordpress\/ -->\n<title>Los sucesos relevantes de 2021 sobre el Ayuntamiento Capitalino. - Canal 7 SLP - 2021<\/title>\n<meta name=\"robots\" content=\"index, follow, max-snippet:-1, max-image-preview:large, max-video-preview:-1\" \/>\n<link rel=\"canonical\" href=\"https:\/\/canal7slp.tv\/2021\/los-sucesos-relevantes-de-2021-sobre-el-ayuntamiento-capitalino\/\" \/>\n<meta property=\"og:locale\" content=\"es_ES\" \/>\n<meta property=\"og:type\" content=\"article\" \/>\n<meta property=\"og:title\" content=\"Los sucesos relevantes de 2021 sobre el Ayuntamiento Capitalino. - Canal 7 SLP - 2021\" \/>\n<meta property=\"og:description\" content=\"SLP.- ENERO *Miembros del Partido Acci\u00f3n Nacional (PAN) que laboraban en el Ayuntamiento Capitalino denunciaron haber sido despedidos por no sumarse al proyecto del alcalde con licencia, Xavier Nava Palacios -quien participa en el proceso interno del blanquiazul a la gubernatura-. *Persecuci\u00f3n electoral del Ayuntamiento Capitalino, denuncia la regidora Ver\u00f3nica Rodr\u00edguez Hern\u00e1ndez despu\u00e9s que se le removiera de la presidencia de la Comisi\u00f3n de Gobernaci\u00f3n. *Con publicaciones en Twitter que elimin\u00f3 y reemplaz\u00f3, el alcalde con licencia Xavier Nava Palacios admiti\u00f3 que la tendencia de la votaci\u00f3n en el proceso interno del Partido Acci\u00f3n Nacional (PAN) rumbo la gubernatura, no [&hellip;]\" \/>\n<meta property=\"og:url\" content=\"https:\/\/canal7slp.tv\/2021\/los-sucesos-relevantes-de-2021-sobre-el-ayuntamiento-capitalino\/\" \/>\n<meta property=\"og:site_name\" content=\"Canal 7 SLP - 2021\" \/>\n<meta property=\"article:publisher\" content=\"https:\/\/www.facebook.com\/noticieroscanalsiete\" \/>\n<meta property=\"article:published_time\" content=\"2022-01-01T00:07:16+00:00\" \/>\n<meta property=\"og:image\" content=\"https:\/\/canal7slp.tv\/2021\/wp-content\/uploads\/2021\/12\/Pau06ResumenAyto.jpg\" \/>\n\t<meta property=\"og:image:width\" content=\"888\" \/>\n\t<meta property=\"og:image:height\" content=\"500\" \/>\n\t<meta property=\"og:image:type\" content=\"image\/jpeg\" \/>\n<meta name=\"author\" content=\"Edici\u00f3n Web\" \/>\n<meta name=\"twitter:card\" content=\"summary_large_image\" \/>\n<meta name=\"twitter:creator\" content=\"@NOTICIEROS7\" \/>\n<meta name=\"twitter:site\" content=\"@NOTICIEROS7\" \/>\n<meta name=\"twitter:label1\" content=\"Escrito por\" \/>\n\t<meta name=\"twitter:data1\" content=\"Edici\u00f3n Web\" \/>\n\t<meta name=\"twitter:label2\" content=\"Tiempo de lectura\" \/>\n\t<meta name=\"twitter:data2\" content=\"6 minutos\" \/>\n<script type=\"application\/ld+json\" class=\"yoast-schema-graph\">{\"@context\":\"https:\\\/\\\/schema.org\",\"@graph\":[{\"@type\":\"Article\",\"@id\":\"https:\\\/\\\/canal7slp.tv\\\/2021\\\/los-sucesos-relevantes-de-2021-sobre-el-ayuntamiento-capitalino\\\/#article\",\"isPartOf\":{\"@id\":\"https:\\\/\\\/canal7slp.tv\\\/2021\\\/los-sucesos-relevantes-de-2021-sobre-el-ayuntamiento-capitalino\\\/\"},\"author\":{\"name\":\"Edici\u00f3n Web\",\"@id\":\"https:\\\/\\\/canal7slp.tv\\\/2021\\\/#\\\/schema\\\/person\\\/28a12b0491d3b6f41a854d062961bdc7\"},\"headline\":\"Los sucesos relevantes de 2021 sobre el Ayuntamiento Capitalino.\",\"datePublished\":\"2022-01-01T00:07:16+00:00\",\"mainEntityOfPage\":{\"@id\":\"https:\\\/\\\/canal7slp.tv\\\/2021\\\/los-sucesos-relevantes-de-2021-sobre-el-ayuntamiento-capitalino\\\/\"},\"wordCount\":1397,\"publisher\":{\"@id\":\"https:\\\/\\\/canal7slp.tv\\\/2021\\\/#organization\"},\"image\":{\"@id\":\"https:\\\/\\\/canal7slp.tv\\\/2021\\\/los-sucesos-relevantes-de-2021-sobre-el-ayuntamiento-capitalino\\\/#primaryimage\"},\"thumbnailUrl\":\"https:\\\/\\\/canal7slp.tv\\\/2021\\\/wp-content\\\/uploads\\\/2021\\\/12\\\/Pau06ResumenAyto.jpg\",\"articleSection\":[\"DESTACADAS\",\"LOCALES Y REGIONALES\"],\"inLanguage\":\"es\"},{\"@type\":\"WebPage\",\"@id\":\"https:\\\/\\\/canal7slp.tv\\\/2021\\\/los-sucesos-relevantes-de-2021-sobre-el-ayuntamiento-capitalino\\\/\",\"url\":\"https:\\\/\\\/canal7slp.tv\\\/2021\\\/los-sucesos-relevantes-de-2021-sobre-el-ayuntamiento-capitalino\\\/\",\"name\":\"Los sucesos relevantes de 2021 sobre el Ayuntamiento Capitalino. - Canal 7 SLP - 2021\",\"isPartOf\":{\"@id\":\"https:\\\/\\\/canal7slp.tv\\\/2021\\\/#website\"},\"primaryImageOfPage\":{\"@id\":\"https:\\\/\\\/canal7slp.tv\\\/2021\\\/los-sucesos-relevantes-de-2021-sobre-el-ayuntamiento-capitalino\\\/#primaryimage\"},\"image\":{\"@id\":\"https:\\\/\\\/canal7slp.tv\\\/2021\\\/los-sucesos-relevantes-de-2021-sobre-el-ayuntamiento-capitalino\\\/#primaryimage\"},\"thumbnailUrl\":\"https:\\\/\\\/canal7slp.tv\\\/2021\\\/wp-content\\\/uploads\\\/2021\\\/12\\\/Pau06ResumenAyto.jpg\",\"datePublished\":\"2022-01-01T00:07:16+00:00\",\"breadcrumb\":{\"@id\":\"https:\\\/\\\/canal7slp.tv\\\/2021\\\/los-sucesos-relevantes-de-2021-sobre-el-ayuntamiento-capitalino\\\/#breadcrumb\"},\"inLanguage\":\"es\",\"potentialAction\":[{\"@type\":\"ReadAction\",\"target\":[\"https:\\\/\\\/canal7slp.tv\\\/2021\\\/los-sucesos-relevantes-de-2021-sobre-el-ayuntamiento-capitalino\\\/\"]}]},{\"@type\":\"ImageObject\",\"inLanguage\":\"es\",\"@id\":\"https:\\\/\\\/canal7slp.tv\\\/2021\\\/los-sucesos-relevantes-de-2021-sobre-el-ayuntamiento-capitalino\\\/#primaryimage\",\"url\":\"https:\\\/\\\/canal7slp.tv\\\/2021\\\/wp-content\\\/uploads\\\/2021\\\/12\\\/Pau06ResumenAyto.jpg\",\"contentUrl\":\"https:\\\/\\\/canal7slp.tv\\\/2021\\\/wp-content\\\/uploads\\\/2021\\\/12\\\/Pau06ResumenAyto.jpg\",\"width\":888,\"height\":500},{\"@type\":\"BreadcrumbList\",\"@id\":\"https:\\\/\\\/canal7slp.tv\\\/2021\\\/los-sucesos-relevantes-de-2021-sobre-el-ayuntamiento-capitalino\\\/#breadcrumb\",\"itemListElement\":[{\"@type\":\"ListItem\",\"position\":1,\"name\":\"Portada\",\"item\":\"https:\\\/\\\/canal7slp.tv\\\/2021\\\/\"},{\"@type\":\"ListItem\",\"position\":2,\"name\":\"Los sucesos relevantes de 2021 sobre el Ayuntamiento Capitalino.\"}]},{\"@type\":\"WebSite\",\"@id\":\"https:\\\/\\\/canal7slp.tv\\\/2021\\\/#website\",\"url\":\"https:\\\/\\\/canal7slp.tv\\\/2021\\\/\",\"name\":\"N7 - Noticieros Canal 7\",\"description\":\"Somos Televisi\u00f3n\",\"publisher\":{\"@id\":\"https:\\\/\\\/canal7slp.tv\\\/2021\\\/#organization\"},\"potentialAction\":[{\"@type\":\"SearchAction\",\"target\":{\"@type\":\"EntryPoint\",\"urlTemplate\":\"https:\\\/\\\/canal7slp.tv\\\/2021\\\/?s={search_term_string}\"},\"query-input\":{\"@type\":\"PropertyValueSpecification\",\"valueRequired\":true,\"valueName\":\"search_term_string\"}}],\"inLanguage\":\"es\"},{\"@type\":\"Organization\",\"@id\":\"https:\\\/\\\/canal7slp.tv\\\/2021\\\/#organization\",\"name\":\"Noticieros Canal 7\",\"url\":\"https:\\\/\\\/canal7slp.tv\\\/2021\\\/\",\"logo\":{\"@type\":\"ImageObject\",\"inLanguage\":\"es\",\"@id\":\"https:\\\/\\\/canal7slp.tv\\\/2021\\\/#\\\/schema\\\/logo\\\/image\\\/\",\"url\":\"https:\\\/\\\/canal7slp.tv\\\/2021\\\/wp-content\\\/uploads\\\/2021\\\/01\\\/logo-noticieros@2x.png\",\"contentUrl\":\"https:\\\/\\\/canal7slp.tv\\\/2021\\\/wp-content\\\/uploads\\\/2021\\\/01\\\/logo-noticieros@2x.png\",\"width\":1017,\"height\":268,\"caption\":\"Noticieros Canal 7\"},\"image\":{\"@id\":\"https:\\\/\\\/canal7slp.tv\\\/2021\\\/#\\\/schema\\\/logo\\\/image\\\/\"},\"sameAs\":[\"https:\\\/\\\/www.facebook.com\\\/noticieroscanalsiete\",\"https:\\\/\\\/x.com\\\/NOTICIEROS7\",\"https:\\\/\\\/www.instagram.com\\\/canal7_slp\",\"https:\\\/\\\/www.youtube.com\\\/channel\\\/UCliiYs-gP3JfJeqdPrNdd5A\"]},{\"@type\":\"Person\",\"@id\":\"https:\\\/\\\/canal7slp.tv\\\/2021\\\/#\\\/schema\\\/person\\\/28a12b0491d3b6f41a854d062961bdc7\",\"name\":\"Edici\u00f3n Web\",\"image\":{\"@type\":\"ImageObject\",\"inLanguage\":\"es\",\"@id\":\"https:\\\/\\\/secure.gravatar.com\\\/avatar\\\/eee448fc3f7164808013b816ba91ac7e43bbe82a70bebac296f8bc6f0addaa1a?s=96&d=mm&r=g\",\"url\":\"https:\\\/\\\/secure.gravatar.com\\\/avatar\\\/eee448fc3f7164808013b816ba91ac7e43bbe82a70bebac296f8bc6f0addaa1a?s=96&d=mm&r=g\",\"contentUrl\":\"https:\\\/\\\/secure.gravatar.com\\\/avatar\\\/eee448fc3f7164808013b816ba91ac7e43bbe82a70bebac296f8bc6f0addaa1a?s=96&d=mm&r=g\",\"caption\":\"Edici\u00f3n Web\"},\"url\":\"https:\\\/\\\/canal7slp.tv\\\/2021\\\/author\\\/edicionweb\\\/\"}]}<\/script>\n<!-- \/ Yoast SEO plugin. -->","yoast_head_json":{"title":"Los sucesos relevantes de 2021 sobre el Ayuntamiento Capitalino. - Canal 7 SLP - 2021","robots":{"index":"index","follow":"follow","max-snippet":"max-snippet:-1","max-image-preview":"max-image-preview:large","max-video-preview":"max-video-preview:-1"},"canonical":"https:\/\/canal7slp.tv\/2021\/los-sucesos-relevantes-de-2021-sobre-el-ayuntamiento-capitalino\/","og_locale":"es_ES","og_type":"article","og_title":"Los sucesos relevantes de 2021 sobre el Ayuntamiento Capitalino. - Canal 7 SLP - 2021","og_description":"SLP.- ENERO *Miembros del Partido Acci\u00f3n Nacional (PAN) que laboraban en el Ayuntamiento Capitalino denunciaron haber sido despedidos por no sumarse al proyecto del alcalde con licencia, Xavier Nava Palacios -quien participa en el proceso interno del blanquiazul a la gubernatura-. *Persecuci\u00f3n electoral del Ayuntamiento Capitalino, denuncia la regidora Ver\u00f3nica Rodr\u00edguez Hern\u00e1ndez despu\u00e9s que se le removiera de la presidencia de la Comisi\u00f3n de Gobernaci\u00f3n. *Con publicaciones en Twitter que elimin\u00f3 y reemplaz\u00f3, el alcalde con licencia Xavier Nava Palacios admiti\u00f3 que la tendencia de la votaci\u00f3n en el proceso interno del Partido Acci\u00f3n Nacional (PAN) rumbo la gubernatura, no [&hellip;]","og_url":"https:\/\/canal7slp.tv\/2021\/los-sucesos-relevantes-de-2021-sobre-el-ayuntamiento-capitalino\/","og_site_name":"Canal 7 SLP - 2021","article_publisher":"https:\/\/www.facebook.com\/noticieroscanalsiete","article_published_time":"2022-01-01T00:07:16+00:00","og_image":[{"width":888,"height":500,"url":"https:\/\/canal7slp.tv\/2021\/wp-content\/uploads\/2021\/12\/Pau06ResumenAyto.jpg","type":"image\/jpeg"}],"author":"Edici\u00f3n Web","twitter_card":"summary_large_image","twitter_creator":"@NOTICIEROS7","twitter_site":"@NOTICIEROS7","twitter_misc":{"Escrito por":"Edici\u00f3n Web","Tiempo de lectura":"6 minutos"},"schema":{"@context":"https:\/\/schema.org","@graph":[{"@type":"Article","@id":"https:\/\/canal7slp.tv\/2021\/los-sucesos-relevantes-de-2021-sobre-el-ayuntamiento-capitalino\/#article","isPartOf":{"@id":"https:\/\/canal7slp.tv\/2021\/los-sucesos-relevantes-de-2021-sobre-el-ayuntamiento-capitalino\/"},"author":{"name":"Edici\u00f3n Web","@id":"https:\/\/canal7slp.tv\/2021\/#\/schema\/person\/28a12b0491d3b6f41a854d062961bdc7"},"headline":"Los sucesos relevantes de 2021 sobre el Ayuntamiento Capitalino.","datePublished":"2022-01-01T00:07:16+00:00","mainEntityOfPage":{"@id":"https:\/\/canal7slp.tv\/2021\/los-sucesos-relevantes-de-2021-sobre-el-ayuntamiento-capitalino\/"},"wordCount":1397,"publisher":{"@id":"https:\/\/canal7slp.tv\/2021\/#organization"},"image":{"@id":"https:\/\/canal7slp.tv\/2021\/los-sucesos-relevantes-de-2021-sobre-el-ayuntamiento-capitalino\/#primaryimage"},"thumbnailUrl":"https:\/\/canal7slp.tv\/2021\/wp-content\/uploads\/2021\/12\/Pau06ResumenAyto.jpg","articleSection":["DESTACADAS","LOCALES Y REGIONALES"],"inLanguage":"es"},{"@type":"WebPage","@id":"https:\/\/canal7slp.tv\/2021\/los-sucesos-relevantes-de-2021-sobre-el-ayuntamiento-capitalino\/","url":"https:\/\/canal7slp.tv\/2021\/los-sucesos-relevantes-de-2021-sobre-el-ayuntamiento-capitalino\/","name":"Los sucesos relevantes de 2021 sobre el Ayuntamiento Capitalino. - Canal 7 SLP - 2021","isPartOf":{"@id":"https:\/\/canal7slp.tv\/2021\/#website"},"primaryImageOfPage":{"@id":"https:\/\/canal7slp.tv\/2021\/los-sucesos-relevantes-de-2021-sobre-el-ayuntamiento-capitalino\/#primaryimage"},"image":{"@id":"https:\/\/canal7slp.tv\/2021\/los-sucesos-relevantes-de-2021-sobre-el-ayuntamiento-capitalino\/#primaryimage"},"thumbnailUrl":"https:\/\/canal7slp.tv\/2021\/wp-content\/uploads\/2021\/12\/Pau06ResumenAyto.jpg","datePublished":"2022-01-01T00:07:16+00:00","breadcrumb":{"@id":"https:\/\/canal7slp.tv\/2021\/los-sucesos-relevantes-de-2021-sobre-el-ayuntamiento-capitalino\/#breadcrumb"},"inLanguage":"es","potentialAction":[{"@type":"ReadAction","target":["https:\/\/canal7slp.tv\/2021\/los-sucesos-relevantes-de-2021-sobre-el-ayuntamiento-capitalino\/"]}]},{"@type":"ImageObject","inLanguage":"es","@id":"https:\/\/canal7slp.tv\/2021\/los-sucesos-relevantes-de-2021-sobre-el-ayuntamiento-capitalino\/#primaryimage","url":"https:\/\/canal7slp.tv\/2021\/wp-content\/uploads\/2021\/12\/Pau06ResumenAyto.jpg","contentUrl":"https:\/\/canal7slp.tv\/2021\/wp-content\/uploads\/2021\/12\/Pau06ResumenAyto.jpg","width":888,"height":500},{"@type":"BreadcrumbList","@id":"https:\/\/canal7slp.tv\/2021\/los-sucesos-relevantes-de-2021-sobre-el-ayuntamiento-capitalino\/#breadcrumb","itemListElement":[{"@type":"ListItem","position":1,"name":"Portada","item":"https:\/\/canal7slp.tv\/2021\/"},{"@type":"ListItem","position":2,"name":"Los sucesos relevantes de 2021 sobre el Ayuntamiento Capitalino."}]},{"@type":"WebSite","@id":"https:\/\/canal7slp.tv\/2021\/#website","url":"https:\/\/canal7slp.tv\/2021\/","name":"N7 - Noticieros Canal 7","description":"Somos Televisi\u00f3n","publisher":{"@id":"https:\/\/canal7slp.tv\/2021\/#organization"},"potentialAction":[{"@type":"SearchAction","target":{"@type":"EntryPoint","urlTemplate":"https:\/\/canal7slp.tv\/2021\/?s={search_term_string}"},"query-input":{"@type":"PropertyValueSpecification","valueRequired":true,"valueName":"search_term_string"}}],"inLanguage":"es"},{"@type":"Organization","@id":"https:\/\/canal7slp.tv\/2021\/#organization","name":"Noticieros Canal 7","url":"https:\/\/canal7slp.tv\/2021\/","logo":{"@type":"ImageObject","inLanguage":"es","@id":"https:\/\/canal7slp.tv\/2021\/#\/schema\/logo\/image\/","url":"https:\/\/canal7slp.tv\/2021\/wp-content\/uploads\/2021\/01\/logo-noticieros@2x.png","contentUrl":"https:\/\/canal7slp.tv\/2021\/wp-content\/uploads\/2021\/01\/logo-noticieros@2x.png","width":1017,"height":268,"caption":"Noticieros Canal 7"},"image":{"@id":"https:\/\/canal7slp.tv\/2021\/#\/schema\/logo\/image\/"},"sameAs":["https:\/\/www.facebook.com\/noticieroscanalsiete","https:\/\/x.com\/NOTICIEROS7","https:\/\/www.instagram.com\/canal7_slp","https:\/\/www.youtube.com\/channel\/UCliiYs-gP3JfJeqdPrNdd5A"]},{"@type":"Person","@id":"https:\/\/canal7slp.tv\/2021\/#\/schema\/person\/28a12b0491d3b6f41a854d062961bdc7","name":"Edici\u00f3n Web","image":{"@type":"ImageObject","inLanguage":"es","@id":"https:\/\/secure.gravatar.com\/avatar\/eee448fc3f7164808013b816ba91ac7e43bbe82a70bebac296f8bc6f0addaa1a?s=96&d=mm&r=g","url":"https:\/\/secure.gravatar.com\/avatar\/eee448fc3f7164808013b816ba91ac7e43bbe82a70bebac296f8bc6f0addaa1a?s=96&d=mm&r=g","contentUrl":"https:\/\/secure.gravatar.com\/avatar\/eee448fc3f7164808013b816ba91ac7e43bbe82a70bebac296f8bc6f0addaa1a?s=96&d=mm&r=g","caption":"Edici\u00f3n Web"},"url":"https:\/\/canal7slp.tv\/2021\/author\/edicionweb\/"}]}},"_links":{"self":[{"href":"https:\/\/canal7slp.tv\/2021\/wp-json\/wp\/v2\/posts\/47204","targetHints":{"allow":["GET"]}}],"collection":[{"href":"https:\/\/canal7slp.tv\/2021\/wp-json\/wp\/v2\/posts"}],"about":[{"href":"https:\/\/canal7slp.tv\/2021\/wp-json\/wp\/v2\/types\/post"}],"author":[{"embeddable":true,"href":"https:\/\/canal7slp.tv\/2021\/wp-json\/wp\/v2\/users\/2"}],"replies":[{"embeddable":true,"href":"https:\/\/canal7slp.tv\/2021\/wp-json\/wp\/v2\/comments?post=47204"}],"version-history":[{"count":3,"href":"https:\/\/canal7slp.tv\/2021\/wp-json\/wp\/v2\/posts\/47204\/revisions"}],"predecessor-version":[{"id":47227,"href":"https:\/\/canal7slp.tv\/2021\/wp-json\/wp\/v2\/posts\/47204\/revisions\/47227"}],"wp:featuredmedia":[{"embeddable":true,"href":"https:\/\/canal7slp.tv\/2021\/wp-json\/wp\/v2\/media\/47226"}],"wp:attachment":[{"href":"https:\/\/canal7slp.tv\/2021\/wp-json\/wp\/v2\/media?parent=47204"}],"wp:term":[{"taxonomy":"category","embeddable":true,"href":"https:\/\/canal7slp.tv\/2021\/wp-json\/wp\/v2\/categories?post=47204"},{"taxonomy":"post_tag","embeddable":true,"href":"https:\/\/canal7slp.tv\/2021\/wp-json\/wp\/v2\/tags?post=47204"}],"curies":[{"name":"wp","href":"https:\/\/api.w.org\/{rel}","templated":true}]}}