{"id":46656,"date":"2021-12-26T15:51:41","date_gmt":"2021-12-26T21:51:41","guid":{"rendered":"https:\/\/canal7slp.tv\/2021\/?p=46656"},"modified":"2021-12-26T15:51:41","modified_gmt":"2021-12-26T21:51:41","slug":"son-detectadas-particulas-de-microplastico-en-el-aire-del-monte-everest","status":"publish","type":"post","link":"https:\/\/canal7slp.tv\/2021\/son-detectadas-particulas-de-microplastico-en-el-aire-del-monte-everest\/","title":{"rendered":"Son detectadas part\u00edculas de micropl\u00e1stico en el aire del Monte Everest"},"content":{"rendered":"<p style=\"text-align: justify;\">China.- Fueron encontrados pedazos de pl\u00e1stico de menos de cinco mil\u00edmetros, en el aire del monte Everest y Los pirineos, donde la velocidad del viento permite avanzar grandes distancias. Los micropl\u00e1sticos provienen de envases, ropa, veh\u00edculos y otras fuentes, y se han detectado en la tierra, el agua y el aire, de acuerdo con investigaciones realizadas.<\/p>\n<p style=\"text-align: justify;\">Expertos del Centro Nacional para la investigaci\u00f3n Cient\u00edfica de Francia, tomaron muestras del aire en el Observatorio del Pic du Midi, en los Pirineos franceses, una de las denominadas \u201cestaciones limpias\u201d por la escasa influencia que ejercen sobre ella el clima y el entorno.<\/p>\n<p style=\"text-align: justify;\">Los cient\u00edficos calcularon la trayectoria de las diferentes masas de aire de cada muestra y lograron describir que proced\u00edan de lugares muy lejanos como el Norte de \u00c1frica y Am\u00e9rica del Norte.<\/p>\n<p style=\"text-align: justify;\">Las part\u00edculas pudieron viajar esas distancias debido a que alcanzaron grandes altitudes y una vez en la trop\u00f3sfera tomaron impulso hasta llegar ah\u00ed.<\/p>\n<p style=\"text-align: justify;\">De acuerdo con investigaciones, estas indican que los micropl\u00e1sticos tambi\u00e9n provienen del Mar Mediterr\u00e1neo y el Oc\u00e9ano Atl\u00e1ntico. La presencia del pl\u00e1stico en una zona que se cre\u00eda protegida y alejada de la contaminaci\u00f3n deber\u00eda hacer reflexionar.<\/p>\n","protected":false},"excerpt":{"rendered":"<p>China.- Fueron encontrados pedazos de pl\u00e1stico de menos de cinco mil\u00edmetros, en el aire del monte Everest y Los pirineos, donde la velocidad del viento permite avanzar grandes distancias. Los micropl\u00e1sticos provienen de envases, ropa, veh\u00edculos y otras fuentes, y se han detectado en la tierra, el agua y el aire, de acuerdo con investigaciones realizadas. Expertos del Centro Nacional para la investigaci\u00f3n Cient\u00edfica de Francia, tomaron muestras del aire en el Observatorio del Pic du Midi, en los Pirineos franceses, una de las denominadas \u201cestaciones limpias\u201d por la escasa influencia que ejercen sobre ella el clima y el entorno. [&hellip;]<\/p>\n","protected":false},"author":2,"featured_media":46675,"comment_status":"closed","ping_status":"closed","sticky":false,"template":"","format":"standard","meta":{"footnotes":""},"categories":[44],"tags":[],"class_list":["post-46656","post","type-post","status-publish","format-standard","has-post-thumbnail","hentry","category-internacional","post--single"],"yoast_head":"<!-- This site is optimized with the Yoast SEO plugin v27.5 - https:\/\/yoast.com\/product\/yoast-seo-wordpress\/ -->\n<title>Son detectadas part\u00edculas de micropl\u00e1stico en el aire del Monte Everest - Canal 7 SLP - 2021<\/title>\n<meta name=\"robots\" content=\"index, follow, max-snippet:-1, max-image-preview:large, max-video-preview:-1\" \/>\n<link rel=\"canonical\" href=\"https:\/\/canal7slp.tv\/2021\/son-detectadas-particulas-de-microplastico-en-el-aire-del-monte-everest\/\" \/>\n<meta property=\"og:locale\" content=\"es_ES\" \/>\n<meta property=\"og:type\" content=\"article\" \/>\n<meta property=\"og:title\" content=\"Son detectadas part\u00edculas de micropl\u00e1stico en el aire del Monte Everest - Canal 7 SLP - 2021\" \/>\n<meta property=\"og:description\" content=\"China.- Fueron encontrados pedazos de pl\u00e1stico de menos de cinco mil\u00edmetros, en el aire del monte Everest y Los pirineos, donde la velocidad del viento permite avanzar grandes distancias. Los micropl\u00e1sticos provienen de envases, ropa, veh\u00edculos y otras fuentes, y se han detectado en la tierra, el agua y el aire, de acuerdo con investigaciones realizadas. Expertos del Centro Nacional para la investigaci\u00f3n Cient\u00edfica de Francia, tomaron muestras del aire en el Observatorio del Pic du Midi, en los Pirineos franceses, una de las denominadas \u201cestaciones limpias\u201d por la escasa influencia que ejercen sobre ella el clima y el entorno. [&hellip;]\" \/>\n<meta property=\"og:url\" content=\"https:\/\/canal7slp.tv\/2021\/son-detectadas-particulas-de-microplastico-en-el-aire-del-monte-everest\/\" \/>\n<meta property=\"og:site_name\" content=\"Canal 7 SLP - 2021\" \/>\n<meta property=\"article:publisher\" content=\"https:\/\/www.facebook.com\/noticieroscanalsiete\" \/>\n<meta property=\"article:published_time\" content=\"2021-12-26T21:51:41+00:00\" \/>\n<meta property=\"og:image\" content=\"https:\/\/canal7slp.tv\/2021\/wp-content\/uploads\/2021\/12\/05-23.jpg\" \/>\n\t<meta property=\"og:image:width\" content=\"1200\" \/>\n\t<meta property=\"og:image:height\" content=\"847\" \/>\n\t<meta property=\"og:image:type\" content=\"image\/jpeg\" \/>\n<meta name=\"author\" content=\"Edici\u00f3n Web\" \/>\n<meta name=\"twitter:card\" content=\"summary_large_image\" \/>\n<meta name=\"twitter:creator\" content=\"@NOTICIEROS7\" \/>\n<meta name=\"twitter:site\" content=\"@NOTICIEROS7\" \/>\n<meta name=\"twitter:label1\" content=\"Escrito por\" \/>\n\t<meta name=\"twitter:data1\" content=\"Edici\u00f3n Web\" \/>\n\t<meta name=\"twitter:label2\" content=\"Tiempo de lectura\" \/>\n\t<meta name=\"twitter:data2\" content=\"1 minuto\" \/>\n<script type=\"application\/ld+json\" class=\"yoast-schema-graph\">{\"@context\":\"https:\\\/\\\/schema.org\",\"@graph\":[{\"@type\":\"Article\",\"@id\":\"https:\\\/\\\/canal7slp.tv\\\/2021\\\/son-detectadas-particulas-de-microplastico-en-el-aire-del-monte-everest\\\/#article\",\"isPartOf\":{\"@id\":\"https:\\\/\\\/canal7slp.tv\\\/2021\\\/son-detectadas-particulas-de-microplastico-en-el-aire-del-monte-everest\\\/\"},\"author\":{\"name\":\"Edici\u00f3n Web\",\"@id\":\"https:\\\/\\\/canal7slp.tv\\\/2021\\\/#\\\/schema\\\/person\\\/28a12b0491d3b6f41a854d062961bdc7\"},\"headline\":\"Son detectadas part\u00edculas de micropl\u00e1stico en el aire del Monte Everest\",\"datePublished\":\"2021-12-26T21:51:41+00:00\",\"mainEntityOfPage\":{\"@id\":\"https:\\\/\\\/canal7slp.tv\\\/2021\\\/son-detectadas-particulas-de-microplastico-en-el-aire-del-monte-everest\\\/\"},\"wordCount\":226,\"publisher\":{\"@id\":\"https:\\\/\\\/canal7slp.tv\\\/2021\\\/#organization\"},\"image\":{\"@id\":\"https:\\\/\\\/canal7slp.tv\\\/2021\\\/son-detectadas-particulas-de-microplastico-en-el-aire-del-monte-everest\\\/#primaryimage\"},\"thumbnailUrl\":\"https:\\\/\\\/canal7slp.tv\\\/2021\\\/wp-content\\\/uploads\\\/2021\\\/12\\\/05-23.jpg\",\"articleSection\":[\"INTERNACIONALES\"],\"inLanguage\":\"es\"},{\"@type\":\"WebPage\",\"@id\":\"https:\\\/\\\/canal7slp.tv\\\/2021\\\/son-detectadas-particulas-de-microplastico-en-el-aire-del-monte-everest\\\/\",\"url\":\"https:\\\/\\\/canal7slp.tv\\\/2021\\\/son-detectadas-particulas-de-microplastico-en-el-aire-del-monte-everest\\\/\",\"name\":\"Son detectadas part\u00edculas de micropl\u00e1stico en el aire del Monte Everest - Canal 7 SLP - 2021\",\"isPartOf\":{\"@id\":\"https:\\\/\\\/canal7slp.tv\\\/2021\\\/#website\"},\"primaryImageOfPage\":{\"@id\":\"https:\\\/\\\/canal7slp.tv\\\/2021\\\/son-detectadas-particulas-de-microplastico-en-el-aire-del-monte-everest\\\/#primaryimage\"},\"image\":{\"@id\":\"https:\\\/\\\/canal7slp.tv\\\/2021\\\/son-detectadas-particulas-de-microplastico-en-el-aire-del-monte-everest\\\/#primaryimage\"},\"thumbnailUrl\":\"https:\\\/\\\/canal7slp.tv\\\/2021\\\/wp-content\\\/uploads\\\/2021\\\/12\\\/05-23.jpg\",\"datePublished\":\"2021-12-26T21:51:41+00:00\",\"breadcrumb\":{\"@id\":\"https:\\\/\\\/canal7slp.tv\\\/2021\\\/son-detectadas-particulas-de-microplastico-en-el-aire-del-monte-everest\\\/#breadcrumb\"},\"inLanguage\":\"es\",\"potentialAction\":[{\"@type\":\"ReadAction\",\"target\":[\"https:\\\/\\\/canal7slp.tv\\\/2021\\\/son-detectadas-particulas-de-microplastico-en-el-aire-del-monte-everest\\\/\"]}]},{\"@type\":\"ImageObject\",\"inLanguage\":\"es\",\"@id\":\"https:\\\/\\\/canal7slp.tv\\\/2021\\\/son-detectadas-particulas-de-microplastico-en-el-aire-del-monte-everest\\\/#primaryimage\",\"url\":\"https:\\\/\\\/canal7slp.tv\\\/2021\\\/wp-content\\\/uploads\\\/2021\\\/12\\\/05-23.jpg\",\"contentUrl\":\"https:\\\/\\\/canal7slp.tv\\\/2021\\\/wp-content\\\/uploads\\\/2021\\\/12\\\/05-23.jpg\",\"width\":1200,\"height\":847},{\"@type\":\"BreadcrumbList\",\"@id\":\"https:\\\/\\\/canal7slp.tv\\\/2021\\\/son-detectadas-particulas-de-microplastico-en-el-aire-del-monte-everest\\\/#breadcrumb\",\"itemListElement\":[{\"@type\":\"ListItem\",\"position\":1,\"name\":\"Portada\",\"item\":\"https:\\\/\\\/canal7slp.tv\\\/2021\\\/\"},{\"@type\":\"ListItem\",\"position\":2,\"name\":\"Son detectadas part\u00edculas de micropl\u00e1stico en el aire del Monte Everest\"}]},{\"@type\":\"WebSite\",\"@id\":\"https:\\\/\\\/canal7slp.tv\\\/2021\\\/#website\",\"url\":\"https:\\\/\\\/canal7slp.tv\\\/2021\\\/\",\"name\":\"N7 - Noticieros Canal 7\",\"description\":\"Somos Televisi\u00f3n\",\"publisher\":{\"@id\":\"https:\\\/\\\/canal7slp.tv\\\/2021\\\/#organization\"},\"potentialAction\":[{\"@type\":\"SearchAction\",\"target\":{\"@type\":\"EntryPoint\",\"urlTemplate\":\"https:\\\/\\\/canal7slp.tv\\\/2021\\\/?s={search_term_string}\"},\"query-input\":{\"@type\":\"PropertyValueSpecification\",\"valueRequired\":true,\"valueName\":\"search_term_string\"}}],\"inLanguage\":\"es\"},{\"@type\":\"Organization\",\"@id\":\"https:\\\/\\\/canal7slp.tv\\\/2021\\\/#organization\",\"name\":\"Noticieros Canal 7\",\"url\":\"https:\\\/\\\/canal7slp.tv\\\/2021\\\/\",\"logo\":{\"@type\":\"ImageObject\",\"inLanguage\":\"es\",\"@id\":\"https:\\\/\\\/canal7slp.tv\\\/2021\\\/#\\\/schema\\\/logo\\\/image\\\/\",\"url\":\"https:\\\/\\\/canal7slp.tv\\\/2021\\\/wp-content\\\/uploads\\\/2021\\\/01\\\/logo-noticieros@2x.png\",\"contentUrl\":\"https:\\\/\\\/canal7slp.tv\\\/2021\\\/wp-content\\\/uploads\\\/2021\\\/01\\\/logo-noticieros@2x.png\",\"width\":1017,\"height\":268,\"caption\":\"Noticieros Canal 7\"},\"image\":{\"@id\":\"https:\\\/\\\/canal7slp.tv\\\/2021\\\/#\\\/schema\\\/logo\\\/image\\\/\"},\"sameAs\":[\"https:\\\/\\\/www.facebook.com\\\/noticieroscanalsiete\",\"https:\\\/\\\/x.com\\\/NOTICIEROS7\",\"https:\\\/\\\/www.instagram.com\\\/canal7_slp\",\"https:\\\/\\\/www.youtube.com\\\/channel\\\/UCliiYs-gP3JfJeqdPrNdd5A\"]},{\"@type\":\"Person\",\"@id\":\"https:\\\/\\\/canal7slp.tv\\\/2021\\\/#\\\/schema\\\/person\\\/28a12b0491d3b6f41a854d062961bdc7\",\"name\":\"Edici\u00f3n Web\",\"image\":{\"@type\":\"ImageObject\",\"inLanguage\":\"es\",\"@id\":\"https:\\\/\\\/secure.gravatar.com\\\/avatar\\\/eee448fc3f7164808013b816ba91ac7e43bbe82a70bebac296f8bc6f0addaa1a?s=96&d=mm&r=g\",\"url\":\"https:\\\/\\\/secure.gravatar.com\\\/avatar\\\/eee448fc3f7164808013b816ba91ac7e43bbe82a70bebac296f8bc6f0addaa1a?s=96&d=mm&r=g\",\"contentUrl\":\"https:\\\/\\\/secure.gravatar.com\\\/avatar\\\/eee448fc3f7164808013b816ba91ac7e43bbe82a70bebac296f8bc6f0addaa1a?s=96&d=mm&r=g\",\"caption\":\"Edici\u00f3n Web\"},\"url\":\"https:\\\/\\\/canal7slp.tv\\\/2021\\\/author\\\/edicionweb\\\/\"}]}<\/script>\n<!-- \/ Yoast SEO plugin. -->","yoast_head_json":{"title":"Son detectadas part\u00edculas de micropl\u00e1stico en el aire del Monte Everest - Canal 7 SLP - 2021","robots":{"index":"index","follow":"follow","max-snippet":"max-snippet:-1","max-image-preview":"max-image-preview:large","max-video-preview":"max-video-preview:-1"},"canonical":"https:\/\/canal7slp.tv\/2021\/son-detectadas-particulas-de-microplastico-en-el-aire-del-monte-everest\/","og_locale":"es_ES","og_type":"article","og_title":"Son detectadas part\u00edculas de micropl\u00e1stico en el aire del Monte Everest - Canal 7 SLP - 2021","og_description":"China.- Fueron encontrados pedazos de pl\u00e1stico de menos de cinco mil\u00edmetros, en el aire del monte Everest y Los pirineos, donde la velocidad del viento permite avanzar grandes distancias. Los micropl\u00e1sticos provienen de envases, ropa, veh\u00edculos y otras fuentes, y se han detectado en la tierra, el agua y el aire, de acuerdo con investigaciones realizadas. Expertos del Centro Nacional para la investigaci\u00f3n Cient\u00edfica de Francia, tomaron muestras del aire en el Observatorio del Pic du Midi, en los Pirineos franceses, una de las denominadas \u201cestaciones limpias\u201d por la escasa influencia que ejercen sobre ella el clima y el entorno. [&hellip;]","og_url":"https:\/\/canal7slp.tv\/2021\/son-detectadas-particulas-de-microplastico-en-el-aire-del-monte-everest\/","og_site_name":"Canal 7 SLP - 2021","article_publisher":"https:\/\/www.facebook.com\/noticieroscanalsiete","article_published_time":"2021-12-26T21:51:41+00:00","og_image":[{"width":1200,"height":847,"url":"https:\/\/canal7slp.tv\/2021\/wp-content\/uploads\/2021\/12\/05-23.jpg","type":"image\/jpeg"}],"author":"Edici\u00f3n Web","twitter_card":"summary_large_image","twitter_creator":"@NOTICIEROS7","twitter_site":"@NOTICIEROS7","twitter_misc":{"Escrito por":"Edici\u00f3n Web","Tiempo de lectura":"1 minuto"},"schema":{"@context":"https:\/\/schema.org","@graph":[{"@type":"Article","@id":"https:\/\/canal7slp.tv\/2021\/son-detectadas-particulas-de-microplastico-en-el-aire-del-monte-everest\/#article","isPartOf":{"@id":"https:\/\/canal7slp.tv\/2021\/son-detectadas-particulas-de-microplastico-en-el-aire-del-monte-everest\/"},"author":{"name":"Edici\u00f3n Web","@id":"https:\/\/canal7slp.tv\/2021\/#\/schema\/person\/28a12b0491d3b6f41a854d062961bdc7"},"headline":"Son detectadas part\u00edculas de micropl\u00e1stico en el aire del Monte Everest","datePublished":"2021-12-26T21:51:41+00:00","mainEntityOfPage":{"@id":"https:\/\/canal7slp.tv\/2021\/son-detectadas-particulas-de-microplastico-en-el-aire-del-monte-everest\/"},"wordCount":226,"publisher":{"@id":"https:\/\/canal7slp.tv\/2021\/#organization"},"image":{"@id":"https:\/\/canal7slp.tv\/2021\/son-detectadas-particulas-de-microplastico-en-el-aire-del-monte-everest\/#primaryimage"},"thumbnailUrl":"https:\/\/canal7slp.tv\/2021\/wp-content\/uploads\/2021\/12\/05-23.jpg","articleSection":["INTERNACIONALES"],"inLanguage":"es"},{"@type":"WebPage","@id":"https:\/\/canal7slp.tv\/2021\/son-detectadas-particulas-de-microplastico-en-el-aire-del-monte-everest\/","url":"https:\/\/canal7slp.tv\/2021\/son-detectadas-particulas-de-microplastico-en-el-aire-del-monte-everest\/","name":"Son detectadas part\u00edculas de micropl\u00e1stico en el aire del Monte Everest - Canal 7 SLP - 2021","isPartOf":{"@id":"https:\/\/canal7slp.tv\/2021\/#website"},"primaryImageOfPage":{"@id":"https:\/\/canal7slp.tv\/2021\/son-detectadas-particulas-de-microplastico-en-el-aire-del-monte-everest\/#primaryimage"},"image":{"@id":"https:\/\/canal7slp.tv\/2021\/son-detectadas-particulas-de-microplastico-en-el-aire-del-monte-everest\/#primaryimage"},"thumbnailUrl":"https:\/\/canal7slp.tv\/2021\/wp-content\/uploads\/2021\/12\/05-23.jpg","datePublished":"2021-12-26T21:51:41+00:00","breadcrumb":{"@id":"https:\/\/canal7slp.tv\/2021\/son-detectadas-particulas-de-microplastico-en-el-aire-del-monte-everest\/#breadcrumb"},"inLanguage":"es","potentialAction":[{"@type":"ReadAction","target":["https:\/\/canal7slp.tv\/2021\/son-detectadas-particulas-de-microplastico-en-el-aire-del-monte-everest\/"]}]},{"@type":"ImageObject","inLanguage":"es","@id":"https:\/\/canal7slp.tv\/2021\/son-detectadas-particulas-de-microplastico-en-el-aire-del-monte-everest\/#primaryimage","url":"https:\/\/canal7slp.tv\/2021\/wp-content\/uploads\/2021\/12\/05-23.jpg","contentUrl":"https:\/\/canal7slp.tv\/2021\/wp-content\/uploads\/2021\/12\/05-23.jpg","width":1200,"height":847},{"@type":"BreadcrumbList","@id":"https:\/\/canal7slp.tv\/2021\/son-detectadas-particulas-de-microplastico-en-el-aire-del-monte-everest\/#breadcrumb","itemListElement":[{"@type":"ListItem","position":1,"name":"Portada","item":"https:\/\/canal7slp.tv\/2021\/"},{"@type":"ListItem","position":2,"name":"Son detectadas part\u00edculas de micropl\u00e1stico en el aire del Monte Everest"}]},{"@type":"WebSite","@id":"https:\/\/canal7slp.tv\/2021\/#website","url":"https:\/\/canal7slp.tv\/2021\/","name":"N7 - Noticieros Canal 7","description":"Somos Televisi\u00f3n","publisher":{"@id":"https:\/\/canal7slp.tv\/2021\/#organization"},"potentialAction":[{"@type":"SearchAction","target":{"@type":"EntryPoint","urlTemplate":"https:\/\/canal7slp.tv\/2021\/?s={search_term_string}"},"query-input":{"@type":"PropertyValueSpecification","valueRequired":true,"valueName":"search_term_string"}}],"inLanguage":"es"},{"@type":"Organization","@id":"https:\/\/canal7slp.tv\/2021\/#organization","name":"Noticieros Canal 7","url":"https:\/\/canal7slp.tv\/2021\/","logo":{"@type":"ImageObject","inLanguage":"es","@id":"https:\/\/canal7slp.tv\/2021\/#\/schema\/logo\/image\/","url":"https:\/\/canal7slp.tv\/2021\/wp-content\/uploads\/2021\/01\/logo-noticieros@2x.png","contentUrl":"https:\/\/canal7slp.tv\/2021\/wp-content\/uploads\/2021\/01\/logo-noticieros@2x.png","width":1017,"height":268,"caption":"Noticieros Canal 7"},"image":{"@id":"https:\/\/canal7slp.tv\/2021\/#\/schema\/logo\/image\/"},"sameAs":["https:\/\/www.facebook.com\/noticieroscanalsiete","https:\/\/x.com\/NOTICIEROS7","https:\/\/www.instagram.com\/canal7_slp","https:\/\/www.youtube.com\/channel\/UCliiYs-gP3JfJeqdPrNdd5A"]},{"@type":"Person","@id":"https:\/\/canal7slp.tv\/2021\/#\/schema\/person\/28a12b0491d3b6f41a854d062961bdc7","name":"Edici\u00f3n Web","image":{"@type":"ImageObject","inLanguage":"es","@id":"https:\/\/secure.gravatar.com\/avatar\/eee448fc3f7164808013b816ba91ac7e43bbe82a70bebac296f8bc6f0addaa1a?s=96&d=mm&r=g","url":"https:\/\/secure.gravatar.com\/avatar\/eee448fc3f7164808013b816ba91ac7e43bbe82a70bebac296f8bc6f0addaa1a?s=96&d=mm&r=g","contentUrl":"https:\/\/secure.gravatar.com\/avatar\/eee448fc3f7164808013b816ba91ac7e43bbe82a70bebac296f8bc6f0addaa1a?s=96&d=mm&r=g","caption":"Edici\u00f3n Web"},"url":"https:\/\/canal7slp.tv\/2021\/author\/edicionweb\/"}]}},"_links":{"self":[{"href":"https:\/\/canal7slp.tv\/2021\/wp-json\/wp\/v2\/posts\/46656","targetHints":{"allow":["GET"]}}],"collection":[{"href":"https:\/\/canal7slp.tv\/2021\/wp-json\/wp\/v2\/posts"}],"about":[{"href":"https:\/\/canal7slp.tv\/2021\/wp-json\/wp\/v2\/types\/post"}],"author":[{"embeddable":true,"href":"https:\/\/canal7slp.tv\/2021\/wp-json\/wp\/v2\/users\/2"}],"replies":[{"embeddable":true,"href":"https:\/\/canal7slp.tv\/2021\/wp-json\/wp\/v2\/comments?post=46656"}],"version-history":[{"count":3,"href":"https:\/\/canal7slp.tv\/2021\/wp-json\/wp\/v2\/posts\/46656\/revisions"}],"predecessor-version":[{"id":46677,"href":"https:\/\/canal7slp.tv\/2021\/wp-json\/wp\/v2\/posts\/46656\/revisions\/46677"}],"wp:featuredmedia":[{"embeddable":true,"href":"https:\/\/canal7slp.tv\/2021\/wp-json\/wp\/v2\/media\/46675"}],"wp:attachment":[{"href":"https:\/\/canal7slp.tv\/2021\/wp-json\/wp\/v2\/media?parent=46656"}],"wp:term":[{"taxonomy":"category","embeddable":true,"href":"https:\/\/canal7slp.tv\/2021\/wp-json\/wp\/v2\/categories?post=46656"},{"taxonomy":"post_tag","embeddable":true,"href":"https:\/\/canal7slp.tv\/2021\/wp-json\/wp\/v2\/tags?post=46656"}],"curies":[{"name":"wp","href":"https:\/\/api.w.org\/{rel}","templated":true}]}}