{"id":46182,"date":"2021-12-21T13:47:56","date_gmt":"2021-12-21T19:47:56","guid":{"rendered":"https:\/\/canal7slp.tv\/2021\/?p=46182"},"modified":"2021-12-21T13:47:56","modified_gmt":"2021-12-21T19:47:56","slug":"oms-pide-cancelar-festejos-navidenos","status":"publish","type":"post","link":"https:\/\/canal7slp.tv\/2021\/oms-pide-cancelar-festejos-navidenos\/","title":{"rendered":"OMS pide cancelar festejos navide\u00f1os"},"content":{"rendered":"<p style=\"text-align: justify;\">Ginebra.- La Organizaci\u00f3n Mundial de la Salud (OMS) realiz\u00f3 un llamado a las autoridades de todo el mundo a fin de cancelar todos los festejos por la Navidad y el A\u00f1o Nuevo, esto a fin de frenar el avance del COVID-19.<\/p>\n<p style=\"text-align: justify;\">Tedros Adhanom Ghebreyesus, director general de la OMS, asegur\u00f3 que se contin\u00faa analizando toda la informaci\u00f3n de la variante \u00d3micron, la cual circula con mayor velocidad que sus homologas.<\/p>\n<p style=\"text-align: justify;\">Agreg\u00f3 que debido a esta nueva versi\u00f3n del Coronavirus, es posible que aquellos que tanto aquellos que ya est\u00e1n vacunados como aquellos que se han curado de la enfermedad puedan infectarse o re infectarse.<\/p>\n<p style=\"text-align: justify;\">\u201cEsto es muy serio y estamos muy preocupados por \u00d3micron\u201d, recalc\u00f3 Tedros.<\/p>\n<p style=\"text-align: justify;\">Actualmente, Estados Unidos, uno de los pa\u00edses m\u00e1s afectados por el COVID-19, ya detecta m\u00e1s casos positivos de \u00d3micron, que de Delta.<\/p>\n","protected":false},"excerpt":{"rendered":"<p>Ginebra.- La Organizaci\u00f3n Mundial de la Salud (OMS) realiz\u00f3 un llamado a las autoridades de todo el mundo a fin de cancelar todos los festejos por la Navidad y el A\u00f1o Nuevo, esto a fin de frenar el avance del COVID-19. Tedros Adhanom Ghebreyesus, director general de la OMS, asegur\u00f3 que se contin\u00faa analizando toda la informaci\u00f3n de la variante \u00d3micron, la cual circula con mayor velocidad que sus homologas. Agreg\u00f3 que debido a esta nueva versi\u00f3n del Coronavirus, es posible que aquellos que tanto aquellos que ya est\u00e1n vacunados como aquellos que se han curado de la enfermedad puedan [&hellip;]<\/p>\n","protected":false},"author":2,"featured_media":46194,"comment_status":"closed","ping_status":"closed","sticky":false,"template":"","format":"standard","meta":{"footnotes":""},"categories":[4,44],"tags":[],"class_list":["post-46182","post","type-post","status-publish","format-standard","has-post-thumbnail","hentry","category-covid-19","category-internacional","post--single"],"yoast_head":"<!-- This site is optimized with the Yoast SEO plugin v27.5 - https:\/\/yoast.com\/product\/yoast-seo-wordpress\/ -->\n<title>OMS pide cancelar festejos navide\u00f1os - Canal 7 SLP - 2021<\/title>\n<meta name=\"robots\" content=\"index, follow, max-snippet:-1, max-image-preview:large, max-video-preview:-1\" \/>\n<link rel=\"canonical\" href=\"https:\/\/canal7slp.tv\/2021\/oms-pide-cancelar-festejos-navidenos\/\" \/>\n<meta property=\"og:locale\" content=\"es_ES\" \/>\n<meta property=\"og:type\" content=\"article\" \/>\n<meta property=\"og:title\" content=\"OMS pide cancelar festejos navide\u00f1os - Canal 7 SLP - 2021\" \/>\n<meta property=\"og:description\" content=\"Ginebra.- La Organizaci\u00f3n Mundial de la Salud (OMS) realiz\u00f3 un llamado a las autoridades de todo el mundo a fin de cancelar todos los festejos por la Navidad y el A\u00f1o Nuevo, esto a fin de frenar el avance del COVID-19. Tedros Adhanom Ghebreyesus, director general de la OMS, asegur\u00f3 que se contin\u00faa analizando toda la informaci\u00f3n de la variante \u00d3micron, la cual circula con mayor velocidad que sus homologas. Agreg\u00f3 que debido a esta nueva versi\u00f3n del Coronavirus, es posible que aquellos que tanto aquellos que ya est\u00e1n vacunados como aquellos que se han curado de la enfermedad puedan [&hellip;]\" \/>\n<meta property=\"og:url\" content=\"https:\/\/canal7slp.tv\/2021\/oms-pide-cancelar-festejos-navidenos\/\" \/>\n<meta property=\"og:site_name\" content=\"Canal 7 SLP - 2021\" \/>\n<meta property=\"article:publisher\" content=\"https:\/\/www.facebook.com\/noticieroscanalsiete\" \/>\n<meta property=\"article:published_time\" content=\"2021-12-21T19:47:56+00:00\" \/>\n<meta property=\"og:image\" content=\"https:\/\/canal7slp.tv\/2021\/wp-content\/uploads\/2021\/12\/06-7.jpg\" \/>\n\t<meta property=\"og:image:width\" content=\"960\" \/>\n\t<meta property=\"og:image:height\" content=\"640\" \/>\n\t<meta property=\"og:image:type\" content=\"image\/jpeg\" \/>\n<meta name=\"author\" content=\"Edici\u00f3n Web\" \/>\n<meta name=\"twitter:card\" content=\"summary_large_image\" \/>\n<meta name=\"twitter:creator\" content=\"@NOTICIEROS7\" \/>\n<meta name=\"twitter:site\" content=\"@NOTICIEROS7\" \/>\n<meta name=\"twitter:label1\" content=\"Escrito por\" \/>\n\t<meta name=\"twitter:data1\" content=\"Edici\u00f3n Web\" \/>\n\t<meta name=\"twitter:label2\" content=\"Tiempo de lectura\" \/>\n\t<meta name=\"twitter:data2\" content=\"1 minuto\" \/>\n<script type=\"application\/ld+json\" class=\"yoast-schema-graph\">{\"@context\":\"https:\\\/\\\/schema.org\",\"@graph\":[{\"@type\":\"Article\",\"@id\":\"https:\\\/\\\/canal7slp.tv\\\/2021\\\/oms-pide-cancelar-festejos-navidenos\\\/#article\",\"isPartOf\":{\"@id\":\"https:\\\/\\\/canal7slp.tv\\\/2021\\\/oms-pide-cancelar-festejos-navidenos\\\/\"},\"author\":{\"name\":\"Edici\u00f3n Web\",\"@id\":\"https:\\\/\\\/canal7slp.tv\\\/2021\\\/#\\\/schema\\\/person\\\/28a12b0491d3b6f41a854d062961bdc7\"},\"headline\":\"OMS pide cancelar festejos navide\u00f1os\",\"datePublished\":\"2021-12-21T19:47:56+00:00\",\"mainEntityOfPage\":{\"@id\":\"https:\\\/\\\/canal7slp.tv\\\/2021\\\/oms-pide-cancelar-festejos-navidenos\\\/\"},\"wordCount\":154,\"publisher\":{\"@id\":\"https:\\\/\\\/canal7slp.tv\\\/2021\\\/#organization\"},\"image\":{\"@id\":\"https:\\\/\\\/canal7slp.tv\\\/2021\\\/oms-pide-cancelar-festejos-navidenos\\\/#primaryimage\"},\"thumbnailUrl\":\"https:\\\/\\\/canal7slp.tv\\\/2021\\\/wp-content\\\/uploads\\\/2021\\\/12\\\/06-7.jpg\",\"articleSection\":[\"COVID-19\",\"INTERNACIONALES\"],\"inLanguage\":\"es\"},{\"@type\":\"WebPage\",\"@id\":\"https:\\\/\\\/canal7slp.tv\\\/2021\\\/oms-pide-cancelar-festejos-navidenos\\\/\",\"url\":\"https:\\\/\\\/canal7slp.tv\\\/2021\\\/oms-pide-cancelar-festejos-navidenos\\\/\",\"name\":\"OMS pide cancelar festejos navide\u00f1os - Canal 7 SLP - 2021\",\"isPartOf\":{\"@id\":\"https:\\\/\\\/canal7slp.tv\\\/2021\\\/#website\"},\"primaryImageOfPage\":{\"@id\":\"https:\\\/\\\/canal7slp.tv\\\/2021\\\/oms-pide-cancelar-festejos-navidenos\\\/#primaryimage\"},\"image\":{\"@id\":\"https:\\\/\\\/canal7slp.tv\\\/2021\\\/oms-pide-cancelar-festejos-navidenos\\\/#primaryimage\"},\"thumbnailUrl\":\"https:\\\/\\\/canal7slp.tv\\\/2021\\\/wp-content\\\/uploads\\\/2021\\\/12\\\/06-7.jpg\",\"datePublished\":\"2021-12-21T19:47:56+00:00\",\"breadcrumb\":{\"@id\":\"https:\\\/\\\/canal7slp.tv\\\/2021\\\/oms-pide-cancelar-festejos-navidenos\\\/#breadcrumb\"},\"inLanguage\":\"es\",\"potentialAction\":[{\"@type\":\"ReadAction\",\"target\":[\"https:\\\/\\\/canal7slp.tv\\\/2021\\\/oms-pide-cancelar-festejos-navidenos\\\/\"]}]},{\"@type\":\"ImageObject\",\"inLanguage\":\"es\",\"@id\":\"https:\\\/\\\/canal7slp.tv\\\/2021\\\/oms-pide-cancelar-festejos-navidenos\\\/#primaryimage\",\"url\":\"https:\\\/\\\/canal7slp.tv\\\/2021\\\/wp-content\\\/uploads\\\/2021\\\/12\\\/06-7.jpg\",\"contentUrl\":\"https:\\\/\\\/canal7slp.tv\\\/2021\\\/wp-content\\\/uploads\\\/2021\\\/12\\\/06-7.jpg\",\"width\":960,\"height\":640},{\"@type\":\"BreadcrumbList\",\"@id\":\"https:\\\/\\\/canal7slp.tv\\\/2021\\\/oms-pide-cancelar-festejos-navidenos\\\/#breadcrumb\",\"itemListElement\":[{\"@type\":\"ListItem\",\"position\":1,\"name\":\"Portada\",\"item\":\"https:\\\/\\\/canal7slp.tv\\\/2021\\\/\"},{\"@type\":\"ListItem\",\"position\":2,\"name\":\"OMS pide cancelar festejos navide\u00f1os\"}]},{\"@type\":\"WebSite\",\"@id\":\"https:\\\/\\\/canal7slp.tv\\\/2021\\\/#website\",\"url\":\"https:\\\/\\\/canal7slp.tv\\\/2021\\\/\",\"name\":\"N7 - Noticieros Canal 7\",\"description\":\"Somos Televisi\u00f3n\",\"publisher\":{\"@id\":\"https:\\\/\\\/canal7slp.tv\\\/2021\\\/#organization\"},\"potentialAction\":[{\"@type\":\"SearchAction\",\"target\":{\"@type\":\"EntryPoint\",\"urlTemplate\":\"https:\\\/\\\/canal7slp.tv\\\/2021\\\/?s={search_term_string}\"},\"query-input\":{\"@type\":\"PropertyValueSpecification\",\"valueRequired\":true,\"valueName\":\"search_term_string\"}}],\"inLanguage\":\"es\"},{\"@type\":\"Organization\",\"@id\":\"https:\\\/\\\/canal7slp.tv\\\/2021\\\/#organization\",\"name\":\"Noticieros Canal 7\",\"url\":\"https:\\\/\\\/canal7slp.tv\\\/2021\\\/\",\"logo\":{\"@type\":\"ImageObject\",\"inLanguage\":\"es\",\"@id\":\"https:\\\/\\\/canal7slp.tv\\\/2021\\\/#\\\/schema\\\/logo\\\/image\\\/\",\"url\":\"https:\\\/\\\/canal7slp.tv\\\/2021\\\/wp-content\\\/uploads\\\/2021\\\/01\\\/logo-noticieros@2x.png\",\"contentUrl\":\"https:\\\/\\\/canal7slp.tv\\\/2021\\\/wp-content\\\/uploads\\\/2021\\\/01\\\/logo-noticieros@2x.png\",\"width\":1017,\"height\":268,\"caption\":\"Noticieros Canal 7\"},\"image\":{\"@id\":\"https:\\\/\\\/canal7slp.tv\\\/2021\\\/#\\\/schema\\\/logo\\\/image\\\/\"},\"sameAs\":[\"https:\\\/\\\/www.facebook.com\\\/noticieroscanalsiete\",\"https:\\\/\\\/x.com\\\/NOTICIEROS7\",\"https:\\\/\\\/www.instagram.com\\\/canal7_slp\",\"https:\\\/\\\/www.youtube.com\\\/channel\\\/UCliiYs-gP3JfJeqdPrNdd5A\"]},{\"@type\":\"Person\",\"@id\":\"https:\\\/\\\/canal7slp.tv\\\/2021\\\/#\\\/schema\\\/person\\\/28a12b0491d3b6f41a854d062961bdc7\",\"name\":\"Edici\u00f3n Web\",\"image\":{\"@type\":\"ImageObject\",\"inLanguage\":\"es\",\"@id\":\"https:\\\/\\\/secure.gravatar.com\\\/avatar\\\/eee448fc3f7164808013b816ba91ac7e43bbe82a70bebac296f8bc6f0addaa1a?s=96&d=mm&r=g\",\"url\":\"https:\\\/\\\/secure.gravatar.com\\\/avatar\\\/eee448fc3f7164808013b816ba91ac7e43bbe82a70bebac296f8bc6f0addaa1a?s=96&d=mm&r=g\",\"contentUrl\":\"https:\\\/\\\/secure.gravatar.com\\\/avatar\\\/eee448fc3f7164808013b816ba91ac7e43bbe82a70bebac296f8bc6f0addaa1a?s=96&d=mm&r=g\",\"caption\":\"Edici\u00f3n Web\"},\"url\":\"https:\\\/\\\/canal7slp.tv\\\/2021\\\/author\\\/edicionweb\\\/\"}]}<\/script>\n<!-- \/ Yoast SEO plugin. -->","yoast_head_json":{"title":"OMS pide cancelar festejos navide\u00f1os - Canal 7 SLP - 2021","robots":{"index":"index","follow":"follow","max-snippet":"max-snippet:-1","max-image-preview":"max-image-preview:large","max-video-preview":"max-video-preview:-1"},"canonical":"https:\/\/canal7slp.tv\/2021\/oms-pide-cancelar-festejos-navidenos\/","og_locale":"es_ES","og_type":"article","og_title":"OMS pide cancelar festejos navide\u00f1os - Canal 7 SLP - 2021","og_description":"Ginebra.- La Organizaci\u00f3n Mundial de la Salud (OMS) realiz\u00f3 un llamado a las autoridades de todo el mundo a fin de cancelar todos los festejos por la Navidad y el A\u00f1o Nuevo, esto a fin de frenar el avance del COVID-19. Tedros Adhanom Ghebreyesus, director general de la OMS, asegur\u00f3 que se contin\u00faa analizando toda la informaci\u00f3n de la variante \u00d3micron, la cual circula con mayor velocidad que sus homologas. Agreg\u00f3 que debido a esta nueva versi\u00f3n del Coronavirus, es posible que aquellos que tanto aquellos que ya est\u00e1n vacunados como aquellos que se han curado de la enfermedad puedan [&hellip;]","og_url":"https:\/\/canal7slp.tv\/2021\/oms-pide-cancelar-festejos-navidenos\/","og_site_name":"Canal 7 SLP - 2021","article_publisher":"https:\/\/www.facebook.com\/noticieroscanalsiete","article_published_time":"2021-12-21T19:47:56+00:00","og_image":[{"width":960,"height":640,"url":"https:\/\/canal7slp.tv\/2021\/wp-content\/uploads\/2021\/12\/06-7.jpg","type":"image\/jpeg"}],"author":"Edici\u00f3n Web","twitter_card":"summary_large_image","twitter_creator":"@NOTICIEROS7","twitter_site":"@NOTICIEROS7","twitter_misc":{"Escrito por":"Edici\u00f3n Web","Tiempo de lectura":"1 minuto"},"schema":{"@context":"https:\/\/schema.org","@graph":[{"@type":"Article","@id":"https:\/\/canal7slp.tv\/2021\/oms-pide-cancelar-festejos-navidenos\/#article","isPartOf":{"@id":"https:\/\/canal7slp.tv\/2021\/oms-pide-cancelar-festejos-navidenos\/"},"author":{"name":"Edici\u00f3n Web","@id":"https:\/\/canal7slp.tv\/2021\/#\/schema\/person\/28a12b0491d3b6f41a854d062961bdc7"},"headline":"OMS pide cancelar festejos navide\u00f1os","datePublished":"2021-12-21T19:47:56+00:00","mainEntityOfPage":{"@id":"https:\/\/canal7slp.tv\/2021\/oms-pide-cancelar-festejos-navidenos\/"},"wordCount":154,"publisher":{"@id":"https:\/\/canal7slp.tv\/2021\/#organization"},"image":{"@id":"https:\/\/canal7slp.tv\/2021\/oms-pide-cancelar-festejos-navidenos\/#primaryimage"},"thumbnailUrl":"https:\/\/canal7slp.tv\/2021\/wp-content\/uploads\/2021\/12\/06-7.jpg","articleSection":["COVID-19","INTERNACIONALES"],"inLanguage":"es"},{"@type":"WebPage","@id":"https:\/\/canal7slp.tv\/2021\/oms-pide-cancelar-festejos-navidenos\/","url":"https:\/\/canal7slp.tv\/2021\/oms-pide-cancelar-festejos-navidenos\/","name":"OMS pide cancelar festejos navide\u00f1os - Canal 7 SLP - 2021","isPartOf":{"@id":"https:\/\/canal7slp.tv\/2021\/#website"},"primaryImageOfPage":{"@id":"https:\/\/canal7slp.tv\/2021\/oms-pide-cancelar-festejos-navidenos\/#primaryimage"},"image":{"@id":"https:\/\/canal7slp.tv\/2021\/oms-pide-cancelar-festejos-navidenos\/#primaryimage"},"thumbnailUrl":"https:\/\/canal7slp.tv\/2021\/wp-content\/uploads\/2021\/12\/06-7.jpg","datePublished":"2021-12-21T19:47:56+00:00","breadcrumb":{"@id":"https:\/\/canal7slp.tv\/2021\/oms-pide-cancelar-festejos-navidenos\/#breadcrumb"},"inLanguage":"es","potentialAction":[{"@type":"ReadAction","target":["https:\/\/canal7slp.tv\/2021\/oms-pide-cancelar-festejos-navidenos\/"]}]},{"@type":"ImageObject","inLanguage":"es","@id":"https:\/\/canal7slp.tv\/2021\/oms-pide-cancelar-festejos-navidenos\/#primaryimage","url":"https:\/\/canal7slp.tv\/2021\/wp-content\/uploads\/2021\/12\/06-7.jpg","contentUrl":"https:\/\/canal7slp.tv\/2021\/wp-content\/uploads\/2021\/12\/06-7.jpg","width":960,"height":640},{"@type":"BreadcrumbList","@id":"https:\/\/canal7slp.tv\/2021\/oms-pide-cancelar-festejos-navidenos\/#breadcrumb","itemListElement":[{"@type":"ListItem","position":1,"name":"Portada","item":"https:\/\/canal7slp.tv\/2021\/"},{"@type":"ListItem","position":2,"name":"OMS pide cancelar festejos navide\u00f1os"}]},{"@type":"WebSite","@id":"https:\/\/canal7slp.tv\/2021\/#website","url":"https:\/\/canal7slp.tv\/2021\/","name":"N7 - Noticieros Canal 7","description":"Somos Televisi\u00f3n","publisher":{"@id":"https:\/\/canal7slp.tv\/2021\/#organization"},"potentialAction":[{"@type":"SearchAction","target":{"@type":"EntryPoint","urlTemplate":"https:\/\/canal7slp.tv\/2021\/?s={search_term_string}"},"query-input":{"@type":"PropertyValueSpecification","valueRequired":true,"valueName":"search_term_string"}}],"inLanguage":"es"},{"@type":"Organization","@id":"https:\/\/canal7slp.tv\/2021\/#organization","name":"Noticieros Canal 7","url":"https:\/\/canal7slp.tv\/2021\/","logo":{"@type":"ImageObject","inLanguage":"es","@id":"https:\/\/canal7slp.tv\/2021\/#\/schema\/logo\/image\/","url":"https:\/\/canal7slp.tv\/2021\/wp-content\/uploads\/2021\/01\/logo-noticieros@2x.png","contentUrl":"https:\/\/canal7slp.tv\/2021\/wp-content\/uploads\/2021\/01\/logo-noticieros@2x.png","width":1017,"height":268,"caption":"Noticieros Canal 7"},"image":{"@id":"https:\/\/canal7slp.tv\/2021\/#\/schema\/logo\/image\/"},"sameAs":["https:\/\/www.facebook.com\/noticieroscanalsiete","https:\/\/x.com\/NOTICIEROS7","https:\/\/www.instagram.com\/canal7_slp","https:\/\/www.youtube.com\/channel\/UCliiYs-gP3JfJeqdPrNdd5A"]},{"@type":"Person","@id":"https:\/\/canal7slp.tv\/2021\/#\/schema\/person\/28a12b0491d3b6f41a854d062961bdc7","name":"Edici\u00f3n Web","image":{"@type":"ImageObject","inLanguage":"es","@id":"https:\/\/secure.gravatar.com\/avatar\/eee448fc3f7164808013b816ba91ac7e43bbe82a70bebac296f8bc6f0addaa1a?s=96&d=mm&r=g","url":"https:\/\/secure.gravatar.com\/avatar\/eee448fc3f7164808013b816ba91ac7e43bbe82a70bebac296f8bc6f0addaa1a?s=96&d=mm&r=g","contentUrl":"https:\/\/secure.gravatar.com\/avatar\/eee448fc3f7164808013b816ba91ac7e43bbe82a70bebac296f8bc6f0addaa1a?s=96&d=mm&r=g","caption":"Edici\u00f3n Web"},"url":"https:\/\/canal7slp.tv\/2021\/author\/edicionweb\/"}]}},"_links":{"self":[{"href":"https:\/\/canal7slp.tv\/2021\/wp-json\/wp\/v2\/posts\/46182","targetHints":{"allow":["GET"]}}],"collection":[{"href":"https:\/\/canal7slp.tv\/2021\/wp-json\/wp\/v2\/posts"}],"about":[{"href":"https:\/\/canal7slp.tv\/2021\/wp-json\/wp\/v2\/types\/post"}],"author":[{"embeddable":true,"href":"https:\/\/canal7slp.tv\/2021\/wp-json\/wp\/v2\/users\/2"}],"replies":[{"embeddable":true,"href":"https:\/\/canal7slp.tv\/2021\/wp-json\/wp\/v2\/comments?post=46182"}],"version-history":[{"count":2,"href":"https:\/\/canal7slp.tv\/2021\/wp-json\/wp\/v2\/posts\/46182\/revisions"}],"predecessor-version":[{"id":46199,"href":"https:\/\/canal7slp.tv\/2021\/wp-json\/wp\/v2\/posts\/46182\/revisions\/46199"}],"wp:featuredmedia":[{"embeddable":true,"href":"https:\/\/canal7slp.tv\/2021\/wp-json\/wp\/v2\/media\/46194"}],"wp:attachment":[{"href":"https:\/\/canal7slp.tv\/2021\/wp-json\/wp\/v2\/media?parent=46182"}],"wp:term":[{"taxonomy":"category","embeddable":true,"href":"https:\/\/canal7slp.tv\/2021\/wp-json\/wp\/v2\/categories?post=46182"},{"taxonomy":"post_tag","embeddable":true,"href":"https:\/\/canal7slp.tv\/2021\/wp-json\/wp\/v2\/tags?post=46182"}],"curies":[{"name":"wp","href":"https:\/\/api.w.org\/{rel}","templated":true}]}}