{"id":43311,"date":"2021-11-23T19:12:22","date_gmt":"2021-11-24T01:12:22","guid":{"rendered":"https:\/\/canal7slp.tv\/2021\/?p=43311"},"modified":"2021-11-23T19:12:22","modified_gmt":"2021-11-24T01:12:22","slug":"capturan-a-senalado-de-un-homicidio-en-san-ciro-de-acosta","status":"publish","type":"post","link":"https:\/\/canal7slp.tv\/2021\/capturan-a-senalado-de-un-homicidio-en-san-ciro-de-acosta\/","title":{"rendered":"Capturan a se\u00f1alado de un homicidio en San Ciro de Acosta"},"content":{"rendered":"<ul>\n<li style=\"text-align: justify;\">La v\u00edctima perdi\u00f3 la vida por lesiones punzocortantes<\/li>\n<\/ul>\n<p style=\"text-align: justify;\">San Ciro de Acosta.- Un sujeto de 40 a\u00f1os de edad se\u00f1alado de homicidio simple intencional en San Ciro de Acosta fue detenido por agentes de la Fiscal\u00eda General del Estado (FGESLP).<\/p>\n<p style=\"text-align: justify;\">Los elementos de la Polic\u00eda de Investigaci\u00f3n (PDI) realizaron las indagatorias, tras ser informados del deceso de un hombre por lesiones producidas con arma blanca en un hospital de la regi\u00f3n Media de la entidad, el 21 de enero de 2020.<\/p>\n<p style=\"text-align: justify;\">El personal policial determin\u00f3 que la v\u00edctima habr\u00eda sido agredida al exterior de una tienda de abarrotes ubicada sobre la calle Vicente Guerrero de la comunidad La Trinidad y establecieron a un probable responsable de nombre Jos\u00e9 \u201cN\u201d.<\/p>\n<p style=\"text-align: justify;\">La judicializaci\u00f3n de la carpeta de investigaci\u00f3n, luego de labores implementadas por la Fiscal\u00eda, deriv\u00f3 a una orden de aprehensi\u00f3n librada por un Juez de Control, y as\u00ed se inici\u00f3 la b\u00fasqueda del individuo.<\/p>\n<p style=\"text-align: justify;\">Con las indagatorias se obtuvo que el indiciado estaba en una cl\u00ednica del municipio de Rioverde hasta donde le cumplimentaron el mandamiento y de esa forma qued\u00f3 a disposici\u00f3n de la autoridad judicial que lo solicit\u00f3.<\/p>\n","protected":false},"excerpt":{"rendered":"<p>La v\u00edctima perdi\u00f3 la vida por lesiones punzocortantes San Ciro de Acosta.- Un sujeto de 40 a\u00f1os de edad se\u00f1alado de homicidio simple intencional en San Ciro de Acosta fue detenido por agentes de la Fiscal\u00eda General del Estado (FGESLP). Los elementos de la Polic\u00eda de Investigaci\u00f3n (PDI) realizaron las indagatorias, tras ser informados del deceso de un hombre por lesiones producidas con arma blanca en un hospital de la regi\u00f3n Media de la entidad, el 21 de enero de 2020. El personal policial determin\u00f3 que la v\u00edctima habr\u00eda sido agredida al exterior de una tienda de abarrotes ubicada sobre [&hellip;]<\/p>\n","protected":false},"author":2,"featured_media":43313,"comment_status":"closed","ping_status":"closed","sticky":false,"template":"","format":"standard","meta":{"footnotes":""},"categories":[48],"tags":[],"class_list":["post-43311","post","type-post","status-publish","format-standard","has-post-thumbnail","hentry","category-reporte7","post--single"],"yoast_head":"<!-- This site is optimized with the Yoast SEO plugin v27.5 - https:\/\/yoast.com\/product\/yoast-seo-wordpress\/ -->\n<title>Capturan a se\u00f1alado de un homicidio en San Ciro de Acosta - Canal 7 SLP - 2021<\/title>\n<meta name=\"robots\" content=\"index, follow, max-snippet:-1, max-image-preview:large, max-video-preview:-1\" \/>\n<link rel=\"canonical\" href=\"https:\/\/canal7slp.tv\/2021\/capturan-a-senalado-de-un-homicidio-en-san-ciro-de-acosta\/\" \/>\n<meta property=\"og:locale\" content=\"es_ES\" \/>\n<meta property=\"og:type\" content=\"article\" \/>\n<meta property=\"og:title\" content=\"Capturan a se\u00f1alado de un homicidio en San Ciro de Acosta - Canal 7 SLP - 2021\" \/>\n<meta property=\"og:description\" content=\"La v\u00edctima perdi\u00f3 la vida por lesiones punzocortantes San Ciro de Acosta.- Un sujeto de 40 a\u00f1os de edad se\u00f1alado de homicidio simple intencional en San Ciro de Acosta fue detenido por agentes de la Fiscal\u00eda General del Estado (FGESLP). Los elementos de la Polic\u00eda de Investigaci\u00f3n (PDI) realizaron las indagatorias, tras ser informados del deceso de un hombre por lesiones producidas con arma blanca en un hospital de la regi\u00f3n Media de la entidad, el 21 de enero de 2020. El personal policial determin\u00f3 que la v\u00edctima habr\u00eda sido agredida al exterior de una tienda de abarrotes ubicada sobre [&hellip;]\" \/>\n<meta property=\"og:url\" content=\"https:\/\/canal7slp.tv\/2021\/capturan-a-senalado-de-un-homicidio-en-san-ciro-de-acosta\/\" \/>\n<meta property=\"og:site_name\" content=\"Canal 7 SLP - 2021\" \/>\n<meta property=\"article:publisher\" content=\"https:\/\/www.facebook.com\/noticieroscanalsiete\" \/>\n<meta property=\"article:published_time\" content=\"2021-11-24T01:12:22+00:00\" \/>\n<meta property=\"og:image\" content=\"https:\/\/canal7slp.tv\/2021\/wp-content\/uploads\/2021\/11\/zz2b-2.png\" \/>\n\t<meta property=\"og:image:width\" content=\"894\" \/>\n\t<meta property=\"og:image:height\" content=\"558\" \/>\n\t<meta property=\"og:image:type\" content=\"image\/png\" \/>\n<meta name=\"author\" content=\"Edici\u00f3n Web\" \/>\n<meta name=\"twitter:card\" content=\"summary_large_image\" \/>\n<meta name=\"twitter:creator\" content=\"@NOTICIEROS7\" \/>\n<meta name=\"twitter:site\" content=\"@NOTICIEROS7\" \/>\n<meta name=\"twitter:label1\" content=\"Escrito por\" \/>\n\t<meta name=\"twitter:data1\" content=\"Edici\u00f3n Web\" \/>\n\t<meta name=\"twitter:label2\" content=\"Tiempo de lectura\" \/>\n\t<meta name=\"twitter:data2\" content=\"1 minuto\" \/>\n<script type=\"application\/ld+json\" class=\"yoast-schema-graph\">{\"@context\":\"https:\\\/\\\/schema.org\",\"@graph\":[{\"@type\":\"Article\",\"@id\":\"https:\\\/\\\/canal7slp.tv\\\/2021\\\/capturan-a-senalado-de-un-homicidio-en-san-ciro-de-acosta\\\/#article\",\"isPartOf\":{\"@id\":\"https:\\\/\\\/canal7slp.tv\\\/2021\\\/capturan-a-senalado-de-un-homicidio-en-san-ciro-de-acosta\\\/\"},\"author\":{\"name\":\"Edici\u00f3n Web\",\"@id\":\"https:\\\/\\\/canal7slp.tv\\\/2021\\\/#\\\/schema\\\/person\\\/28a12b0491d3b6f41a854d062961bdc7\"},\"headline\":\"Capturan a se\u00f1alado de un homicidio en San Ciro de Acosta\",\"datePublished\":\"2021-11-24T01:12:22+00:00\",\"mainEntityOfPage\":{\"@id\":\"https:\\\/\\\/canal7slp.tv\\\/2021\\\/capturan-a-senalado-de-un-homicidio-en-san-ciro-de-acosta\\\/\"},\"wordCount\":215,\"publisher\":{\"@id\":\"https:\\\/\\\/canal7slp.tv\\\/2021\\\/#organization\"},\"image\":{\"@id\":\"https:\\\/\\\/canal7slp.tv\\\/2021\\\/capturan-a-senalado-de-un-homicidio-en-san-ciro-de-acosta\\\/#primaryimage\"},\"thumbnailUrl\":\"https:\\\/\\\/canal7slp.tv\\\/2021\\\/wp-content\\\/uploads\\\/2021\\\/11\\\/zz2b-2.png\",\"articleSection\":[\"REPORTE 7\"],\"inLanguage\":\"es\"},{\"@type\":\"WebPage\",\"@id\":\"https:\\\/\\\/canal7slp.tv\\\/2021\\\/capturan-a-senalado-de-un-homicidio-en-san-ciro-de-acosta\\\/\",\"url\":\"https:\\\/\\\/canal7slp.tv\\\/2021\\\/capturan-a-senalado-de-un-homicidio-en-san-ciro-de-acosta\\\/\",\"name\":\"Capturan a se\u00f1alado de un homicidio en San Ciro de Acosta - Canal 7 SLP - 2021\",\"isPartOf\":{\"@id\":\"https:\\\/\\\/canal7slp.tv\\\/2021\\\/#website\"},\"primaryImageOfPage\":{\"@id\":\"https:\\\/\\\/canal7slp.tv\\\/2021\\\/capturan-a-senalado-de-un-homicidio-en-san-ciro-de-acosta\\\/#primaryimage\"},\"image\":{\"@id\":\"https:\\\/\\\/canal7slp.tv\\\/2021\\\/capturan-a-senalado-de-un-homicidio-en-san-ciro-de-acosta\\\/#primaryimage\"},\"thumbnailUrl\":\"https:\\\/\\\/canal7slp.tv\\\/2021\\\/wp-content\\\/uploads\\\/2021\\\/11\\\/zz2b-2.png\",\"datePublished\":\"2021-11-24T01:12:22+00:00\",\"breadcrumb\":{\"@id\":\"https:\\\/\\\/canal7slp.tv\\\/2021\\\/capturan-a-senalado-de-un-homicidio-en-san-ciro-de-acosta\\\/#breadcrumb\"},\"inLanguage\":\"es\",\"potentialAction\":[{\"@type\":\"ReadAction\",\"target\":[\"https:\\\/\\\/canal7slp.tv\\\/2021\\\/capturan-a-senalado-de-un-homicidio-en-san-ciro-de-acosta\\\/\"]}]},{\"@type\":\"ImageObject\",\"inLanguage\":\"es\",\"@id\":\"https:\\\/\\\/canal7slp.tv\\\/2021\\\/capturan-a-senalado-de-un-homicidio-en-san-ciro-de-acosta\\\/#primaryimage\",\"url\":\"https:\\\/\\\/canal7slp.tv\\\/2021\\\/wp-content\\\/uploads\\\/2021\\\/11\\\/zz2b-2.png\",\"contentUrl\":\"https:\\\/\\\/canal7slp.tv\\\/2021\\\/wp-content\\\/uploads\\\/2021\\\/11\\\/zz2b-2.png\",\"width\":894,\"height\":558},{\"@type\":\"BreadcrumbList\",\"@id\":\"https:\\\/\\\/canal7slp.tv\\\/2021\\\/capturan-a-senalado-de-un-homicidio-en-san-ciro-de-acosta\\\/#breadcrumb\",\"itemListElement\":[{\"@type\":\"ListItem\",\"position\":1,\"name\":\"Portada\",\"item\":\"https:\\\/\\\/canal7slp.tv\\\/2021\\\/\"},{\"@type\":\"ListItem\",\"position\":2,\"name\":\"Capturan a se\u00f1alado de un homicidio en San Ciro de Acosta\"}]},{\"@type\":\"WebSite\",\"@id\":\"https:\\\/\\\/canal7slp.tv\\\/2021\\\/#website\",\"url\":\"https:\\\/\\\/canal7slp.tv\\\/2021\\\/\",\"name\":\"N7 - Noticieros Canal 7\",\"description\":\"Somos Televisi\u00f3n\",\"publisher\":{\"@id\":\"https:\\\/\\\/canal7slp.tv\\\/2021\\\/#organization\"},\"potentialAction\":[{\"@type\":\"SearchAction\",\"target\":{\"@type\":\"EntryPoint\",\"urlTemplate\":\"https:\\\/\\\/canal7slp.tv\\\/2021\\\/?s={search_term_string}\"},\"query-input\":{\"@type\":\"PropertyValueSpecification\",\"valueRequired\":true,\"valueName\":\"search_term_string\"}}],\"inLanguage\":\"es\"},{\"@type\":\"Organization\",\"@id\":\"https:\\\/\\\/canal7slp.tv\\\/2021\\\/#organization\",\"name\":\"Noticieros Canal 7\",\"url\":\"https:\\\/\\\/canal7slp.tv\\\/2021\\\/\",\"logo\":{\"@type\":\"ImageObject\",\"inLanguage\":\"es\",\"@id\":\"https:\\\/\\\/canal7slp.tv\\\/2021\\\/#\\\/schema\\\/logo\\\/image\\\/\",\"url\":\"https:\\\/\\\/canal7slp.tv\\\/2021\\\/wp-content\\\/uploads\\\/2021\\\/01\\\/logo-noticieros@2x.png\",\"contentUrl\":\"https:\\\/\\\/canal7slp.tv\\\/2021\\\/wp-content\\\/uploads\\\/2021\\\/01\\\/logo-noticieros@2x.png\",\"width\":1017,\"height\":268,\"caption\":\"Noticieros Canal 7\"},\"image\":{\"@id\":\"https:\\\/\\\/canal7slp.tv\\\/2021\\\/#\\\/schema\\\/logo\\\/image\\\/\"},\"sameAs\":[\"https:\\\/\\\/www.facebook.com\\\/noticieroscanalsiete\",\"https:\\\/\\\/x.com\\\/NOTICIEROS7\",\"https:\\\/\\\/www.instagram.com\\\/canal7_slp\",\"https:\\\/\\\/www.youtube.com\\\/channel\\\/UCliiYs-gP3JfJeqdPrNdd5A\"]},{\"@type\":\"Person\",\"@id\":\"https:\\\/\\\/canal7slp.tv\\\/2021\\\/#\\\/schema\\\/person\\\/28a12b0491d3b6f41a854d062961bdc7\",\"name\":\"Edici\u00f3n Web\",\"image\":{\"@type\":\"ImageObject\",\"inLanguage\":\"es\",\"@id\":\"https:\\\/\\\/secure.gravatar.com\\\/avatar\\\/eee448fc3f7164808013b816ba91ac7e43bbe82a70bebac296f8bc6f0addaa1a?s=96&d=mm&r=g\",\"url\":\"https:\\\/\\\/secure.gravatar.com\\\/avatar\\\/eee448fc3f7164808013b816ba91ac7e43bbe82a70bebac296f8bc6f0addaa1a?s=96&d=mm&r=g\",\"contentUrl\":\"https:\\\/\\\/secure.gravatar.com\\\/avatar\\\/eee448fc3f7164808013b816ba91ac7e43bbe82a70bebac296f8bc6f0addaa1a?s=96&d=mm&r=g\",\"caption\":\"Edici\u00f3n Web\"},\"url\":\"https:\\\/\\\/canal7slp.tv\\\/2021\\\/author\\\/edicionweb\\\/\"}]}<\/script>\n<!-- \/ Yoast SEO plugin. -->","yoast_head_json":{"title":"Capturan a se\u00f1alado de un homicidio en San Ciro de Acosta - Canal 7 SLP - 2021","robots":{"index":"index","follow":"follow","max-snippet":"max-snippet:-1","max-image-preview":"max-image-preview:large","max-video-preview":"max-video-preview:-1"},"canonical":"https:\/\/canal7slp.tv\/2021\/capturan-a-senalado-de-un-homicidio-en-san-ciro-de-acosta\/","og_locale":"es_ES","og_type":"article","og_title":"Capturan a se\u00f1alado de un homicidio en San Ciro de Acosta - Canal 7 SLP - 2021","og_description":"La v\u00edctima perdi\u00f3 la vida por lesiones punzocortantes San Ciro de Acosta.- Un sujeto de 40 a\u00f1os de edad se\u00f1alado de homicidio simple intencional en San Ciro de Acosta fue detenido por agentes de la Fiscal\u00eda General del Estado (FGESLP). Los elementos de la Polic\u00eda de Investigaci\u00f3n (PDI) realizaron las indagatorias, tras ser informados del deceso de un hombre por lesiones producidas con arma blanca en un hospital de la regi\u00f3n Media de la entidad, el 21 de enero de 2020. El personal policial determin\u00f3 que la v\u00edctima habr\u00eda sido agredida al exterior de una tienda de abarrotes ubicada sobre [&hellip;]","og_url":"https:\/\/canal7slp.tv\/2021\/capturan-a-senalado-de-un-homicidio-en-san-ciro-de-acosta\/","og_site_name":"Canal 7 SLP - 2021","article_publisher":"https:\/\/www.facebook.com\/noticieroscanalsiete","article_published_time":"2021-11-24T01:12:22+00:00","og_image":[{"width":894,"height":558,"url":"https:\/\/canal7slp.tv\/2021\/wp-content\/uploads\/2021\/11\/zz2b-2.png","type":"image\/png"}],"author":"Edici\u00f3n Web","twitter_card":"summary_large_image","twitter_creator":"@NOTICIEROS7","twitter_site":"@NOTICIEROS7","twitter_misc":{"Escrito por":"Edici\u00f3n Web","Tiempo de lectura":"1 minuto"},"schema":{"@context":"https:\/\/schema.org","@graph":[{"@type":"Article","@id":"https:\/\/canal7slp.tv\/2021\/capturan-a-senalado-de-un-homicidio-en-san-ciro-de-acosta\/#article","isPartOf":{"@id":"https:\/\/canal7slp.tv\/2021\/capturan-a-senalado-de-un-homicidio-en-san-ciro-de-acosta\/"},"author":{"name":"Edici\u00f3n Web","@id":"https:\/\/canal7slp.tv\/2021\/#\/schema\/person\/28a12b0491d3b6f41a854d062961bdc7"},"headline":"Capturan a se\u00f1alado de un homicidio en San Ciro de Acosta","datePublished":"2021-11-24T01:12:22+00:00","mainEntityOfPage":{"@id":"https:\/\/canal7slp.tv\/2021\/capturan-a-senalado-de-un-homicidio-en-san-ciro-de-acosta\/"},"wordCount":215,"publisher":{"@id":"https:\/\/canal7slp.tv\/2021\/#organization"},"image":{"@id":"https:\/\/canal7slp.tv\/2021\/capturan-a-senalado-de-un-homicidio-en-san-ciro-de-acosta\/#primaryimage"},"thumbnailUrl":"https:\/\/canal7slp.tv\/2021\/wp-content\/uploads\/2021\/11\/zz2b-2.png","articleSection":["REPORTE 7"],"inLanguage":"es"},{"@type":"WebPage","@id":"https:\/\/canal7slp.tv\/2021\/capturan-a-senalado-de-un-homicidio-en-san-ciro-de-acosta\/","url":"https:\/\/canal7slp.tv\/2021\/capturan-a-senalado-de-un-homicidio-en-san-ciro-de-acosta\/","name":"Capturan a se\u00f1alado de un homicidio en San Ciro de Acosta - Canal 7 SLP - 2021","isPartOf":{"@id":"https:\/\/canal7slp.tv\/2021\/#website"},"primaryImageOfPage":{"@id":"https:\/\/canal7slp.tv\/2021\/capturan-a-senalado-de-un-homicidio-en-san-ciro-de-acosta\/#primaryimage"},"image":{"@id":"https:\/\/canal7slp.tv\/2021\/capturan-a-senalado-de-un-homicidio-en-san-ciro-de-acosta\/#primaryimage"},"thumbnailUrl":"https:\/\/canal7slp.tv\/2021\/wp-content\/uploads\/2021\/11\/zz2b-2.png","datePublished":"2021-11-24T01:12:22+00:00","breadcrumb":{"@id":"https:\/\/canal7slp.tv\/2021\/capturan-a-senalado-de-un-homicidio-en-san-ciro-de-acosta\/#breadcrumb"},"inLanguage":"es","potentialAction":[{"@type":"ReadAction","target":["https:\/\/canal7slp.tv\/2021\/capturan-a-senalado-de-un-homicidio-en-san-ciro-de-acosta\/"]}]},{"@type":"ImageObject","inLanguage":"es","@id":"https:\/\/canal7slp.tv\/2021\/capturan-a-senalado-de-un-homicidio-en-san-ciro-de-acosta\/#primaryimage","url":"https:\/\/canal7slp.tv\/2021\/wp-content\/uploads\/2021\/11\/zz2b-2.png","contentUrl":"https:\/\/canal7slp.tv\/2021\/wp-content\/uploads\/2021\/11\/zz2b-2.png","width":894,"height":558},{"@type":"BreadcrumbList","@id":"https:\/\/canal7slp.tv\/2021\/capturan-a-senalado-de-un-homicidio-en-san-ciro-de-acosta\/#breadcrumb","itemListElement":[{"@type":"ListItem","position":1,"name":"Portada","item":"https:\/\/canal7slp.tv\/2021\/"},{"@type":"ListItem","position":2,"name":"Capturan a se\u00f1alado de un homicidio en San Ciro de Acosta"}]},{"@type":"WebSite","@id":"https:\/\/canal7slp.tv\/2021\/#website","url":"https:\/\/canal7slp.tv\/2021\/","name":"N7 - Noticieros Canal 7","description":"Somos Televisi\u00f3n","publisher":{"@id":"https:\/\/canal7slp.tv\/2021\/#organization"},"potentialAction":[{"@type":"SearchAction","target":{"@type":"EntryPoint","urlTemplate":"https:\/\/canal7slp.tv\/2021\/?s={search_term_string}"},"query-input":{"@type":"PropertyValueSpecification","valueRequired":true,"valueName":"search_term_string"}}],"inLanguage":"es"},{"@type":"Organization","@id":"https:\/\/canal7slp.tv\/2021\/#organization","name":"Noticieros Canal 7","url":"https:\/\/canal7slp.tv\/2021\/","logo":{"@type":"ImageObject","inLanguage":"es","@id":"https:\/\/canal7slp.tv\/2021\/#\/schema\/logo\/image\/","url":"https:\/\/canal7slp.tv\/2021\/wp-content\/uploads\/2021\/01\/logo-noticieros@2x.png","contentUrl":"https:\/\/canal7slp.tv\/2021\/wp-content\/uploads\/2021\/01\/logo-noticieros@2x.png","width":1017,"height":268,"caption":"Noticieros Canal 7"},"image":{"@id":"https:\/\/canal7slp.tv\/2021\/#\/schema\/logo\/image\/"},"sameAs":["https:\/\/www.facebook.com\/noticieroscanalsiete","https:\/\/x.com\/NOTICIEROS7","https:\/\/www.instagram.com\/canal7_slp","https:\/\/www.youtube.com\/channel\/UCliiYs-gP3JfJeqdPrNdd5A"]},{"@type":"Person","@id":"https:\/\/canal7slp.tv\/2021\/#\/schema\/person\/28a12b0491d3b6f41a854d062961bdc7","name":"Edici\u00f3n Web","image":{"@type":"ImageObject","inLanguage":"es","@id":"https:\/\/secure.gravatar.com\/avatar\/eee448fc3f7164808013b816ba91ac7e43bbe82a70bebac296f8bc6f0addaa1a?s=96&d=mm&r=g","url":"https:\/\/secure.gravatar.com\/avatar\/eee448fc3f7164808013b816ba91ac7e43bbe82a70bebac296f8bc6f0addaa1a?s=96&d=mm&r=g","contentUrl":"https:\/\/secure.gravatar.com\/avatar\/eee448fc3f7164808013b816ba91ac7e43bbe82a70bebac296f8bc6f0addaa1a?s=96&d=mm&r=g","caption":"Edici\u00f3n Web"},"url":"https:\/\/canal7slp.tv\/2021\/author\/edicionweb\/"}]}},"_links":{"self":[{"href":"https:\/\/canal7slp.tv\/2021\/wp-json\/wp\/v2\/posts\/43311","targetHints":{"allow":["GET"]}}],"collection":[{"href":"https:\/\/canal7slp.tv\/2021\/wp-json\/wp\/v2\/posts"}],"about":[{"href":"https:\/\/canal7slp.tv\/2021\/wp-json\/wp\/v2\/types\/post"}],"author":[{"embeddable":true,"href":"https:\/\/canal7slp.tv\/2021\/wp-json\/wp\/v2\/users\/2"}],"replies":[{"embeddable":true,"href":"https:\/\/canal7slp.tv\/2021\/wp-json\/wp\/v2\/comments?post=43311"}],"version-history":[{"count":1,"href":"https:\/\/canal7slp.tv\/2021\/wp-json\/wp\/v2\/posts\/43311\/revisions"}],"predecessor-version":[{"id":43315,"href":"https:\/\/canal7slp.tv\/2021\/wp-json\/wp\/v2\/posts\/43311\/revisions\/43315"}],"wp:featuredmedia":[{"embeddable":true,"href":"https:\/\/canal7slp.tv\/2021\/wp-json\/wp\/v2\/media\/43313"}],"wp:attachment":[{"href":"https:\/\/canal7slp.tv\/2021\/wp-json\/wp\/v2\/media?parent=43311"}],"wp:term":[{"taxonomy":"category","embeddable":true,"href":"https:\/\/canal7slp.tv\/2021\/wp-json\/wp\/v2\/categories?post=43311"},{"taxonomy":"post_tag","embeddable":true,"href":"https:\/\/canal7slp.tv\/2021\/wp-json\/wp\/v2\/tags?post=43311"}],"curies":[{"name":"wp","href":"https:\/\/api.w.org\/{rel}","templated":true}]}}