{"id":24118,"date":"2021-07-11T14:23:59","date_gmt":"2021-07-11T20:23:59","guid":{"rendered":"https:\/\/canal7slp.tv\/2021\/?p=24118"},"modified":"2021-07-11T14:23:59","modified_gmt":"2021-07-11T20:23:59","slug":"por-presunta-violencia-familiar-fge-logro-vinculacion-a-proceso-de-un-individuo","status":"publish","type":"post","link":"https:\/\/canal7slp.tv\/2021\/por-presunta-violencia-familiar-fge-logro-vinculacion-a-proceso-de-un-individuo\/","title":{"rendered":"Por presunta violencia familiar, FGE logr\u00f3 vinculaci\u00f3n a proceso de un individuo"},"content":{"rendered":"<div style=\"text-align: justify;\">\u2022 Su pareja y su hija fueron agredidas en su domicilio en Ciudad Valles<\/div>\n<div style=\"text-align: justify;\"><\/div>\n<div style=\"text-align: justify;\">Ciudad Valles. \u2013 Abogados de la S\u00e9ptima Delegaci\u00f3n de la Fiscal\u00eda General del Estado de San Luis Potos\u00ed (FGESLP), formularon la imputaci\u00f3n del delito de violencia familiar a un individuo y consiguieron que fuera vinculado a proceso por la autoridad judicial en Ciudad Valles.<\/div>\n<div style=\"text-align: justify;\"><\/div>\n<div style=\"text-align: justify;\">Los litigadores de la FGESLP y la defensa del se\u00f1alado tuvieron conocimiento que, de este asunto, las investigaciones complementarias se realizar\u00e1n en un periodo de tres meses, por lo que podr\u00e1n incluir m\u00e1s medios de prueba en ese lapso.<\/div>\n<div style=\"text-align: justify;\"><\/div>\n<div style=\"text-align: justify;\">Juan \u201cN\u201d es considerado probable part\u00edcipe en lo acontecido el 6 de abril de 2021, d\u00eda en que la afectada se encontraba en su domicilio en el ejido Laguna del Mante del municipio referido y lleg\u00f3 dicho individuo; con supuestos insultos le dijo que se fuera de la casa junto con su hija.<\/div>\n<div style=\"text-align: justify;\"><\/div>\n<div style=\"text-align: justify;\">No obstante, la afectada ignor\u00f3 los comentarios del presunto, sin embargo, al pasar cerca de \u00e9l sobre la sala del inmueble, el hombre presumiblemente intent\u00f3 pegarle cerca de los brazos y la amag\u00f3 dici\u00e9ndole que no se atravesara por donde \u00e9l estaba.<\/div>\n<div style=\"text-align: justify;\"><\/div>\n<div style=\"text-align: justify;\">Estos actos fueron denunciados ante las autoridades de la Fiscal\u00eda, quienes asesoraron a la v\u00edctima y la apoyaron para que se iniciaran las acciones jur\u00eddicas correspondientes, hasta que un Juez de Control solicit\u00f3 al indiciado por medio de un oficio de citaci\u00f3n ante \u00e9l.<\/div>\n<div style=\"text-align: justify;\"><\/div>\n<div style=\"text-align: justify;\">Cuando acat\u00f3 lo ordenado por la autoridad judicial, Juan \u201cN\u201d enfrent\u00f3 su procedimiento legal en el que los litigadores de procuraci\u00f3n de justicia de la Huasteca Norte realizaron lo necesario para que fuera vinculado a proceso, sin medida cautelar.<\/div>\n","protected":false},"excerpt":{"rendered":"<p>\u2022 Su pareja y su hija fueron agredidas en su domicilio en Ciudad Valles Ciudad Valles. \u2013 Abogados de la S\u00e9ptima Delegaci\u00f3n de la Fiscal\u00eda General del Estado de San Luis Potos\u00ed (FGESLP), formularon la imputaci\u00f3n del delito de violencia familiar a un individuo y consiguieron que fuera vinculado a proceso por la autoridad judicial en Ciudad Valles. Los litigadores de la FGESLP y la defensa del se\u00f1alado tuvieron conocimiento que, de este asunto, las investigaciones complementarias se realizar\u00e1n en un periodo de tres meses, por lo que podr\u00e1n incluir m\u00e1s medios de prueba en ese lapso. Juan \u201cN\u201d es [&hellip;]<\/p>\n","protected":false},"author":2,"featured_media":5402,"comment_status":"closed","ping_status":"closed","sticky":false,"template":"","format":"standard","meta":{"footnotes":""},"categories":[48],"tags":[],"class_list":["post-24118","post","type-post","status-publish","format-standard","has-post-thumbnail","hentry","category-reporte7","post--single"],"yoast_head":"<!-- This site is optimized with the Yoast SEO plugin v27.4 - https:\/\/yoast.com\/product\/yoast-seo-wordpress\/ -->\n<title>Por presunta violencia familiar, FGE logr\u00f3 vinculaci\u00f3n a proceso de un individuo - Canal 7 SLP - 2021<\/title>\n<meta name=\"robots\" content=\"index, follow, max-snippet:-1, max-image-preview:large, max-video-preview:-1\" \/>\n<link rel=\"canonical\" href=\"https:\/\/canal7slp.tv\/2021\/por-presunta-violencia-familiar-fge-logro-vinculacion-a-proceso-de-un-individuo\/\" \/>\n<meta property=\"og:locale\" content=\"es_ES\" \/>\n<meta property=\"og:type\" content=\"article\" \/>\n<meta property=\"og:title\" content=\"Por presunta violencia familiar, FGE logr\u00f3 vinculaci\u00f3n a proceso de un individuo - Canal 7 SLP - 2021\" \/>\n<meta property=\"og:description\" content=\"\u2022 Su pareja y su hija fueron agredidas en su domicilio en Ciudad Valles Ciudad Valles. \u2013 Abogados de la S\u00e9ptima Delegaci\u00f3n de la Fiscal\u00eda General del Estado de San Luis Potos\u00ed (FGESLP), formularon la imputaci\u00f3n del delito de violencia familiar a un individuo y consiguieron que fuera vinculado a proceso por la autoridad judicial en Ciudad Valles. Los litigadores de la FGESLP y la defensa del se\u00f1alado tuvieron conocimiento que, de este asunto, las investigaciones complementarias se realizar\u00e1n en un periodo de tres meses, por lo que podr\u00e1n incluir m\u00e1s medios de prueba en ese lapso. Juan \u201cN\u201d es [&hellip;]\" \/>\n<meta property=\"og:url\" content=\"https:\/\/canal7slp.tv\/2021\/por-presunta-violencia-familiar-fge-logro-vinculacion-a-proceso-de-un-individuo\/\" \/>\n<meta property=\"og:site_name\" content=\"Canal 7 SLP - 2021\" \/>\n<meta property=\"article:publisher\" content=\"https:\/\/www.facebook.com\/noticieroscanalsiete\" \/>\n<meta property=\"article:published_time\" content=\"2021-07-11T20:23:59+00:00\" \/>\n<meta property=\"og:image\" content=\"https:\/\/canal7slp.tv\/2021\/wp-content\/uploads\/2021\/02\/Fiscalia-1.jpg\" \/>\n\t<meta property=\"og:image:width\" content=\"861\" \/>\n\t<meta property=\"og:image:height\" content=\"500\" \/>\n\t<meta property=\"og:image:type\" content=\"image\/jpeg\" \/>\n<meta name=\"author\" content=\"Edici\u00f3n Web\" \/>\n<meta name=\"twitter:card\" content=\"summary_large_image\" \/>\n<meta name=\"twitter:creator\" content=\"@NOTICIEROS7\" \/>\n<meta name=\"twitter:site\" content=\"@NOTICIEROS7\" \/>\n<meta name=\"twitter:label1\" content=\"Escrito por\" \/>\n\t<meta name=\"twitter:data1\" content=\"Edici\u00f3n Web\" \/>\n\t<meta name=\"twitter:label2\" content=\"Tiempo de lectura\" \/>\n\t<meta name=\"twitter:data2\" content=\"2 minutos\" \/>\n<script type=\"application\/ld+json\" class=\"yoast-schema-graph\">{\"@context\":\"https:\\\/\\\/schema.org\",\"@graph\":[{\"@type\":\"Article\",\"@id\":\"https:\\\/\\\/canal7slp.tv\\\/2021\\\/por-presunta-violencia-familiar-fge-logro-vinculacion-a-proceso-de-un-individuo\\\/#article\",\"isPartOf\":{\"@id\":\"https:\\\/\\\/canal7slp.tv\\\/2021\\\/por-presunta-violencia-familiar-fge-logro-vinculacion-a-proceso-de-un-individuo\\\/\"},\"author\":{\"name\":\"Edici\u00f3n Web\",\"@id\":\"https:\\\/\\\/canal7slp.tv\\\/2021\\\/#\\\/schema\\\/person\\\/28a12b0491d3b6f41a854d062961bdc7\"},\"headline\":\"Por presunta violencia familiar, FGE logr\u00f3 vinculaci\u00f3n a proceso de un individuo\",\"datePublished\":\"2021-07-11T20:23:59+00:00\",\"mainEntityOfPage\":{\"@id\":\"https:\\\/\\\/canal7slp.tv\\\/2021\\\/por-presunta-violencia-familiar-fge-logro-vinculacion-a-proceso-de-un-individuo\\\/\"},\"wordCount\":300,\"publisher\":{\"@id\":\"https:\\\/\\\/canal7slp.tv\\\/2021\\\/#organization\"},\"image\":{\"@id\":\"https:\\\/\\\/canal7slp.tv\\\/2021\\\/por-presunta-violencia-familiar-fge-logro-vinculacion-a-proceso-de-un-individuo\\\/#primaryimage\"},\"thumbnailUrl\":\"https:\\\/\\\/canal7slp.tv\\\/2021\\\/wp-content\\\/uploads\\\/2021\\\/02\\\/Fiscalia-1.jpg\",\"articleSection\":[\"REPORTE 7\"],\"inLanguage\":\"es\"},{\"@type\":\"WebPage\",\"@id\":\"https:\\\/\\\/canal7slp.tv\\\/2021\\\/por-presunta-violencia-familiar-fge-logro-vinculacion-a-proceso-de-un-individuo\\\/\",\"url\":\"https:\\\/\\\/canal7slp.tv\\\/2021\\\/por-presunta-violencia-familiar-fge-logro-vinculacion-a-proceso-de-un-individuo\\\/\",\"name\":\"Por presunta violencia familiar, FGE logr\u00f3 vinculaci\u00f3n a proceso de un individuo - Canal 7 SLP - 2021\",\"isPartOf\":{\"@id\":\"https:\\\/\\\/canal7slp.tv\\\/2021\\\/#website\"},\"primaryImageOfPage\":{\"@id\":\"https:\\\/\\\/canal7slp.tv\\\/2021\\\/por-presunta-violencia-familiar-fge-logro-vinculacion-a-proceso-de-un-individuo\\\/#primaryimage\"},\"image\":{\"@id\":\"https:\\\/\\\/canal7slp.tv\\\/2021\\\/por-presunta-violencia-familiar-fge-logro-vinculacion-a-proceso-de-un-individuo\\\/#primaryimage\"},\"thumbnailUrl\":\"https:\\\/\\\/canal7slp.tv\\\/2021\\\/wp-content\\\/uploads\\\/2021\\\/02\\\/Fiscalia-1.jpg\",\"datePublished\":\"2021-07-11T20:23:59+00:00\",\"breadcrumb\":{\"@id\":\"https:\\\/\\\/canal7slp.tv\\\/2021\\\/por-presunta-violencia-familiar-fge-logro-vinculacion-a-proceso-de-un-individuo\\\/#breadcrumb\"},\"inLanguage\":\"es\",\"potentialAction\":[{\"@type\":\"ReadAction\",\"target\":[\"https:\\\/\\\/canal7slp.tv\\\/2021\\\/por-presunta-violencia-familiar-fge-logro-vinculacion-a-proceso-de-un-individuo\\\/\"]}]},{\"@type\":\"ImageObject\",\"inLanguage\":\"es\",\"@id\":\"https:\\\/\\\/canal7slp.tv\\\/2021\\\/por-presunta-violencia-familiar-fge-logro-vinculacion-a-proceso-de-un-individuo\\\/#primaryimage\",\"url\":\"https:\\\/\\\/canal7slp.tv\\\/2021\\\/wp-content\\\/uploads\\\/2021\\\/02\\\/Fiscalia-1.jpg\",\"contentUrl\":\"https:\\\/\\\/canal7slp.tv\\\/2021\\\/wp-content\\\/uploads\\\/2021\\\/02\\\/Fiscalia-1.jpg\",\"width\":861,\"height\":500},{\"@type\":\"BreadcrumbList\",\"@id\":\"https:\\\/\\\/canal7slp.tv\\\/2021\\\/por-presunta-violencia-familiar-fge-logro-vinculacion-a-proceso-de-un-individuo\\\/#breadcrumb\",\"itemListElement\":[{\"@type\":\"ListItem\",\"position\":1,\"name\":\"Portada\",\"item\":\"https:\\\/\\\/canal7slp.tv\\\/2021\\\/\"},{\"@type\":\"ListItem\",\"position\":2,\"name\":\"Por presunta violencia familiar, FGE logr\u00f3 vinculaci\u00f3n a proceso de un individuo\"}]},{\"@type\":\"WebSite\",\"@id\":\"https:\\\/\\\/canal7slp.tv\\\/2021\\\/#website\",\"url\":\"https:\\\/\\\/canal7slp.tv\\\/2021\\\/\",\"name\":\"N7 - Noticieros Canal 7\",\"description\":\"Somos Televisi\u00f3n\",\"publisher\":{\"@id\":\"https:\\\/\\\/canal7slp.tv\\\/2021\\\/#organization\"},\"potentialAction\":[{\"@type\":\"SearchAction\",\"target\":{\"@type\":\"EntryPoint\",\"urlTemplate\":\"https:\\\/\\\/canal7slp.tv\\\/2021\\\/?s={search_term_string}\"},\"query-input\":{\"@type\":\"PropertyValueSpecification\",\"valueRequired\":true,\"valueName\":\"search_term_string\"}}],\"inLanguage\":\"es\"},{\"@type\":\"Organization\",\"@id\":\"https:\\\/\\\/canal7slp.tv\\\/2021\\\/#organization\",\"name\":\"Noticieros Canal 7\",\"url\":\"https:\\\/\\\/canal7slp.tv\\\/2021\\\/\",\"logo\":{\"@type\":\"ImageObject\",\"inLanguage\":\"es\",\"@id\":\"https:\\\/\\\/canal7slp.tv\\\/2021\\\/#\\\/schema\\\/logo\\\/image\\\/\",\"url\":\"https:\\\/\\\/canal7slp.tv\\\/2021\\\/wp-content\\\/uploads\\\/2021\\\/01\\\/logo-noticieros@2x.png\",\"contentUrl\":\"https:\\\/\\\/canal7slp.tv\\\/2021\\\/wp-content\\\/uploads\\\/2021\\\/01\\\/logo-noticieros@2x.png\",\"width\":1017,\"height\":268,\"caption\":\"Noticieros Canal 7\"},\"image\":{\"@id\":\"https:\\\/\\\/canal7slp.tv\\\/2021\\\/#\\\/schema\\\/logo\\\/image\\\/\"},\"sameAs\":[\"https:\\\/\\\/www.facebook.com\\\/noticieroscanalsiete\",\"https:\\\/\\\/x.com\\\/NOTICIEROS7\",\"https:\\\/\\\/www.instagram.com\\\/canal7_slp\",\"https:\\\/\\\/www.youtube.com\\\/channel\\\/UCliiYs-gP3JfJeqdPrNdd5A\"]},{\"@type\":\"Person\",\"@id\":\"https:\\\/\\\/canal7slp.tv\\\/2021\\\/#\\\/schema\\\/person\\\/28a12b0491d3b6f41a854d062961bdc7\",\"name\":\"Edici\u00f3n Web\",\"image\":{\"@type\":\"ImageObject\",\"inLanguage\":\"es\",\"@id\":\"https:\\\/\\\/secure.gravatar.com\\\/avatar\\\/eee448fc3f7164808013b816ba91ac7e43bbe82a70bebac296f8bc6f0addaa1a?s=96&d=mm&r=g\",\"url\":\"https:\\\/\\\/secure.gravatar.com\\\/avatar\\\/eee448fc3f7164808013b816ba91ac7e43bbe82a70bebac296f8bc6f0addaa1a?s=96&d=mm&r=g\",\"contentUrl\":\"https:\\\/\\\/secure.gravatar.com\\\/avatar\\\/eee448fc3f7164808013b816ba91ac7e43bbe82a70bebac296f8bc6f0addaa1a?s=96&d=mm&r=g\",\"caption\":\"Edici\u00f3n Web\"},\"url\":\"https:\\\/\\\/canal7slp.tv\\\/2021\\\/author\\\/edicionweb\\\/\"}]}<\/script>\n<!-- \/ Yoast SEO plugin. -->","yoast_head_json":{"title":"Por presunta violencia familiar, FGE logr\u00f3 vinculaci\u00f3n a proceso de un individuo - Canal 7 SLP - 2021","robots":{"index":"index","follow":"follow","max-snippet":"max-snippet:-1","max-image-preview":"max-image-preview:large","max-video-preview":"max-video-preview:-1"},"canonical":"https:\/\/canal7slp.tv\/2021\/por-presunta-violencia-familiar-fge-logro-vinculacion-a-proceso-de-un-individuo\/","og_locale":"es_ES","og_type":"article","og_title":"Por presunta violencia familiar, FGE logr\u00f3 vinculaci\u00f3n a proceso de un individuo - Canal 7 SLP - 2021","og_description":"\u2022 Su pareja y su hija fueron agredidas en su domicilio en Ciudad Valles Ciudad Valles. \u2013 Abogados de la S\u00e9ptima Delegaci\u00f3n de la Fiscal\u00eda General del Estado de San Luis Potos\u00ed (FGESLP), formularon la imputaci\u00f3n del delito de violencia familiar a un individuo y consiguieron que fuera vinculado a proceso por la autoridad judicial en Ciudad Valles. Los litigadores de la FGESLP y la defensa del se\u00f1alado tuvieron conocimiento que, de este asunto, las investigaciones complementarias se realizar\u00e1n en un periodo de tres meses, por lo que podr\u00e1n incluir m\u00e1s medios de prueba en ese lapso. Juan \u201cN\u201d es [&hellip;]","og_url":"https:\/\/canal7slp.tv\/2021\/por-presunta-violencia-familiar-fge-logro-vinculacion-a-proceso-de-un-individuo\/","og_site_name":"Canal 7 SLP - 2021","article_publisher":"https:\/\/www.facebook.com\/noticieroscanalsiete","article_published_time":"2021-07-11T20:23:59+00:00","og_image":[{"width":861,"height":500,"url":"https:\/\/canal7slp.tv\/2021\/wp-content\/uploads\/2021\/02\/Fiscalia-1.jpg","type":"image\/jpeg"}],"author":"Edici\u00f3n Web","twitter_card":"summary_large_image","twitter_creator":"@NOTICIEROS7","twitter_site":"@NOTICIEROS7","twitter_misc":{"Escrito por":"Edici\u00f3n Web","Tiempo de lectura":"2 minutos"},"schema":{"@context":"https:\/\/schema.org","@graph":[{"@type":"Article","@id":"https:\/\/canal7slp.tv\/2021\/por-presunta-violencia-familiar-fge-logro-vinculacion-a-proceso-de-un-individuo\/#article","isPartOf":{"@id":"https:\/\/canal7slp.tv\/2021\/por-presunta-violencia-familiar-fge-logro-vinculacion-a-proceso-de-un-individuo\/"},"author":{"name":"Edici\u00f3n Web","@id":"https:\/\/canal7slp.tv\/2021\/#\/schema\/person\/28a12b0491d3b6f41a854d062961bdc7"},"headline":"Por presunta violencia familiar, FGE logr\u00f3 vinculaci\u00f3n a proceso de un individuo","datePublished":"2021-07-11T20:23:59+00:00","mainEntityOfPage":{"@id":"https:\/\/canal7slp.tv\/2021\/por-presunta-violencia-familiar-fge-logro-vinculacion-a-proceso-de-un-individuo\/"},"wordCount":300,"publisher":{"@id":"https:\/\/canal7slp.tv\/2021\/#organization"},"image":{"@id":"https:\/\/canal7slp.tv\/2021\/por-presunta-violencia-familiar-fge-logro-vinculacion-a-proceso-de-un-individuo\/#primaryimage"},"thumbnailUrl":"https:\/\/canal7slp.tv\/2021\/wp-content\/uploads\/2021\/02\/Fiscalia-1.jpg","articleSection":["REPORTE 7"],"inLanguage":"es"},{"@type":"WebPage","@id":"https:\/\/canal7slp.tv\/2021\/por-presunta-violencia-familiar-fge-logro-vinculacion-a-proceso-de-un-individuo\/","url":"https:\/\/canal7slp.tv\/2021\/por-presunta-violencia-familiar-fge-logro-vinculacion-a-proceso-de-un-individuo\/","name":"Por presunta violencia familiar, FGE logr\u00f3 vinculaci\u00f3n a proceso de un individuo - Canal 7 SLP - 2021","isPartOf":{"@id":"https:\/\/canal7slp.tv\/2021\/#website"},"primaryImageOfPage":{"@id":"https:\/\/canal7slp.tv\/2021\/por-presunta-violencia-familiar-fge-logro-vinculacion-a-proceso-de-un-individuo\/#primaryimage"},"image":{"@id":"https:\/\/canal7slp.tv\/2021\/por-presunta-violencia-familiar-fge-logro-vinculacion-a-proceso-de-un-individuo\/#primaryimage"},"thumbnailUrl":"https:\/\/canal7slp.tv\/2021\/wp-content\/uploads\/2021\/02\/Fiscalia-1.jpg","datePublished":"2021-07-11T20:23:59+00:00","breadcrumb":{"@id":"https:\/\/canal7slp.tv\/2021\/por-presunta-violencia-familiar-fge-logro-vinculacion-a-proceso-de-un-individuo\/#breadcrumb"},"inLanguage":"es","potentialAction":[{"@type":"ReadAction","target":["https:\/\/canal7slp.tv\/2021\/por-presunta-violencia-familiar-fge-logro-vinculacion-a-proceso-de-un-individuo\/"]}]},{"@type":"ImageObject","inLanguage":"es","@id":"https:\/\/canal7slp.tv\/2021\/por-presunta-violencia-familiar-fge-logro-vinculacion-a-proceso-de-un-individuo\/#primaryimage","url":"https:\/\/canal7slp.tv\/2021\/wp-content\/uploads\/2021\/02\/Fiscalia-1.jpg","contentUrl":"https:\/\/canal7slp.tv\/2021\/wp-content\/uploads\/2021\/02\/Fiscalia-1.jpg","width":861,"height":500},{"@type":"BreadcrumbList","@id":"https:\/\/canal7slp.tv\/2021\/por-presunta-violencia-familiar-fge-logro-vinculacion-a-proceso-de-un-individuo\/#breadcrumb","itemListElement":[{"@type":"ListItem","position":1,"name":"Portada","item":"https:\/\/canal7slp.tv\/2021\/"},{"@type":"ListItem","position":2,"name":"Por presunta violencia familiar, FGE logr\u00f3 vinculaci\u00f3n a proceso de un individuo"}]},{"@type":"WebSite","@id":"https:\/\/canal7slp.tv\/2021\/#website","url":"https:\/\/canal7slp.tv\/2021\/","name":"N7 - Noticieros Canal 7","description":"Somos Televisi\u00f3n","publisher":{"@id":"https:\/\/canal7slp.tv\/2021\/#organization"},"potentialAction":[{"@type":"SearchAction","target":{"@type":"EntryPoint","urlTemplate":"https:\/\/canal7slp.tv\/2021\/?s={search_term_string}"},"query-input":{"@type":"PropertyValueSpecification","valueRequired":true,"valueName":"search_term_string"}}],"inLanguage":"es"},{"@type":"Organization","@id":"https:\/\/canal7slp.tv\/2021\/#organization","name":"Noticieros Canal 7","url":"https:\/\/canal7slp.tv\/2021\/","logo":{"@type":"ImageObject","inLanguage":"es","@id":"https:\/\/canal7slp.tv\/2021\/#\/schema\/logo\/image\/","url":"https:\/\/canal7slp.tv\/2021\/wp-content\/uploads\/2021\/01\/logo-noticieros@2x.png","contentUrl":"https:\/\/canal7slp.tv\/2021\/wp-content\/uploads\/2021\/01\/logo-noticieros@2x.png","width":1017,"height":268,"caption":"Noticieros Canal 7"},"image":{"@id":"https:\/\/canal7slp.tv\/2021\/#\/schema\/logo\/image\/"},"sameAs":["https:\/\/www.facebook.com\/noticieroscanalsiete","https:\/\/x.com\/NOTICIEROS7","https:\/\/www.instagram.com\/canal7_slp","https:\/\/www.youtube.com\/channel\/UCliiYs-gP3JfJeqdPrNdd5A"]},{"@type":"Person","@id":"https:\/\/canal7slp.tv\/2021\/#\/schema\/person\/28a12b0491d3b6f41a854d062961bdc7","name":"Edici\u00f3n Web","image":{"@type":"ImageObject","inLanguage":"es","@id":"https:\/\/secure.gravatar.com\/avatar\/eee448fc3f7164808013b816ba91ac7e43bbe82a70bebac296f8bc6f0addaa1a?s=96&d=mm&r=g","url":"https:\/\/secure.gravatar.com\/avatar\/eee448fc3f7164808013b816ba91ac7e43bbe82a70bebac296f8bc6f0addaa1a?s=96&d=mm&r=g","contentUrl":"https:\/\/secure.gravatar.com\/avatar\/eee448fc3f7164808013b816ba91ac7e43bbe82a70bebac296f8bc6f0addaa1a?s=96&d=mm&r=g","caption":"Edici\u00f3n Web"},"url":"https:\/\/canal7slp.tv\/2021\/author\/edicionweb\/"}]}},"_links":{"self":[{"href":"https:\/\/canal7slp.tv\/2021\/wp-json\/wp\/v2\/posts\/24118","targetHints":{"allow":["GET"]}}],"collection":[{"href":"https:\/\/canal7slp.tv\/2021\/wp-json\/wp\/v2\/posts"}],"about":[{"href":"https:\/\/canal7slp.tv\/2021\/wp-json\/wp\/v2\/types\/post"}],"author":[{"embeddable":true,"href":"https:\/\/canal7slp.tv\/2021\/wp-json\/wp\/v2\/users\/2"}],"replies":[{"embeddable":true,"href":"https:\/\/canal7slp.tv\/2021\/wp-json\/wp\/v2\/comments?post=24118"}],"version-history":[{"count":2,"href":"https:\/\/canal7slp.tv\/2021\/wp-json\/wp\/v2\/posts\/24118\/revisions"}],"predecessor-version":[{"id":24126,"href":"https:\/\/canal7slp.tv\/2021\/wp-json\/wp\/v2\/posts\/24118\/revisions\/24126"}],"wp:featuredmedia":[{"embeddable":true,"href":"https:\/\/canal7slp.tv\/2021\/wp-json\/wp\/v2\/media\/5402"}],"wp:attachment":[{"href":"https:\/\/canal7slp.tv\/2021\/wp-json\/wp\/v2\/media?parent=24118"}],"wp:term":[{"taxonomy":"category","embeddable":true,"href":"https:\/\/canal7slp.tv\/2021\/wp-json\/wp\/v2\/categories?post=24118"},{"taxonomy":"post_tag","embeddable":true,"href":"https:\/\/canal7slp.tv\/2021\/wp-json\/wp\/v2\/tags?post=24118"}],"curies":[{"name":"wp","href":"https:\/\/api.w.org\/{rel}","templated":true}]}}