{"id":24117,"date":"2021-07-11T14:23:57","date_gmt":"2021-07-11T20:23:57","guid":{"rendered":"https:\/\/canal7slp.tv\/2021\/?p=24117"},"modified":"2021-07-11T14:23:57","modified_gmt":"2021-07-11T20:23:57","slug":"agentes-de-la-fiscalia-detienen-a-hombre-por-presunto-robo-en-villa-de-arista","status":"publish","type":"post","link":"https:\/\/canal7slp.tv\/2021\/agentes-de-la-fiscalia-detienen-a-hombre-por-presunto-robo-en-villa-de-arista\/","title":{"rendered":"Agentes de la Fiscal\u00eda detienen a hombre por presunto robo en Villa de Arista"},"content":{"rendered":"<div style=\"text-align: justify;\">\u2022 La v\u00edctima fue despojada de sus pertenencias con violencia<\/div>\n<div style=\"text-align: justify;\"><\/div>\n<div style=\"text-align: justify;\">Villa de Arista. &#8211; Un sujeto de 20 a\u00f1os de edad fue detenido por agentes de la Polic\u00eda de Investigaci\u00f3n (PDI), tras ser se\u00f1alado como probable responsable del delito de robo calificado en el municipio de Villa de Arista.<\/div>\n<div style=\"text-align: justify;\"><\/div>\n<div style=\"text-align: justify;\">La Fiscal\u00eda General del Estado de San Luis Potos\u00ed (FGESLP) inform\u00f3 que los hechos ocurrieron el 24 de agosto del 2020, cuando la v\u00edctima acudi\u00f3 a denunciar que un hombre lo hab\u00eda despojado con violencia de varios art\u00edculos personales, entre los que se encontraba su tel\u00e9fono celular.<\/div>\n<div style=\"text-align: justify;\"><\/div>\n<div style=\"text-align: justify;\">los elementos de la PDI se abocaron a realizar las investigaciones correspondientes, logrando identificar a Jos\u00e9 Carlos \u201cN\u201d como posible responsable del il\u00edcito, aportando los datos de prueba a la carpeta correspondiente.<\/div>\n<div style=\"text-align: justify;\"><\/div>\n<div style=\"text-align: justify;\">Con esta informaci\u00f3n el agente del Ministerio P\u00fablico acudi\u00f3 ente el Juez de Control a quien solicit\u00f3 obsequiara la orden de aprehensi\u00f3n en contra del hombre.<\/div>\n<div style=\"text-align: justify;\"><\/div>\n<div style=\"text-align: justify;\">El personal de la Direcci\u00f3n General de M\u00e9todos de Investigaci\u00f3n se aboc\u00f3 a la localizaci\u00f3n del presunto, logrando su detenci\u00f3n en el mismo municipio en el que ocurrieron los hechos.<\/div>\n<div style=\"text-align: justify;\"><\/div>\n<div style=\"text-align: justify;\">Posteriormente, se le inform\u00f3 de los derechos que lo asisten y fue llevado a las instalaciones de la corporaci\u00f3n para trasladarlo al centro de reinserci\u00f3n social de Matehuala en donde se encuentra a la espera de la audiencia inicial.<\/div>\n","protected":false},"excerpt":{"rendered":"<p>\u2022 La v\u00edctima fue despojada de sus pertenencias con violencia Villa de Arista. &#8211; Un sujeto de 20 a\u00f1os de edad fue detenido por agentes de la Polic\u00eda de Investigaci\u00f3n (PDI), tras ser se\u00f1alado como probable responsable del delito de robo calificado en el municipio de Villa de Arista. La Fiscal\u00eda General del Estado de San Luis Potos\u00ed (FGESLP) inform\u00f3 que los hechos ocurrieron el 24 de agosto del 2020, cuando la v\u00edctima acudi\u00f3 a denunciar que un hombre lo hab\u00eda despojado con violencia de varios art\u00edculos personales, entre los que se encontraba su tel\u00e9fono celular. los elementos de la [&hellip;]<\/p>\n","protected":false},"author":2,"featured_media":24125,"comment_status":"closed","ping_status":"closed","sticky":false,"template":"","format":"standard","meta":{"footnotes":""},"categories":[48],"tags":[],"class_list":["post-24117","post","type-post","status-publish","format-standard","has-post-thumbnail","hentry","category-reporte7","post--single"],"yoast_head":"<!-- This site is optimized with the Yoast SEO plugin v27.4 - https:\/\/yoast.com\/product\/yoast-seo-wordpress\/ -->\n<title>Agentes de la Fiscal\u00eda detienen a hombre por presunto robo en Villa de Arista - Canal 7 SLP - 2021<\/title>\n<meta name=\"robots\" content=\"index, follow, max-snippet:-1, max-image-preview:large, max-video-preview:-1\" \/>\n<link rel=\"canonical\" href=\"https:\/\/canal7slp.tv\/2021\/agentes-de-la-fiscalia-detienen-a-hombre-por-presunto-robo-en-villa-de-arista\/\" \/>\n<meta property=\"og:locale\" content=\"es_ES\" \/>\n<meta property=\"og:type\" content=\"article\" \/>\n<meta property=\"og:title\" content=\"Agentes de la Fiscal\u00eda detienen a hombre por presunto robo en Villa de Arista - Canal 7 SLP - 2021\" \/>\n<meta property=\"og:description\" content=\"\u2022 La v\u00edctima fue despojada de sus pertenencias con violencia Villa de Arista. &#8211; Un sujeto de 20 a\u00f1os de edad fue detenido por agentes de la Polic\u00eda de Investigaci\u00f3n (PDI), tras ser se\u00f1alado como probable responsable del delito de robo calificado en el municipio de Villa de Arista. La Fiscal\u00eda General del Estado de San Luis Potos\u00ed (FGESLP) inform\u00f3 que los hechos ocurrieron el 24 de agosto del 2020, cuando la v\u00edctima acudi\u00f3 a denunciar que un hombre lo hab\u00eda despojado con violencia de varios art\u00edculos personales, entre los que se encontraba su tel\u00e9fono celular. los elementos de la [&hellip;]\" \/>\n<meta property=\"og:url\" content=\"https:\/\/canal7slp.tv\/2021\/agentes-de-la-fiscalia-detienen-a-hombre-por-presunto-robo-en-villa-de-arista\/\" \/>\n<meta property=\"og:site_name\" content=\"Canal 7 SLP - 2021\" \/>\n<meta property=\"article:publisher\" content=\"https:\/\/www.facebook.com\/noticieroscanalsiete\" \/>\n<meta property=\"article:published_time\" content=\"2021-07-11T20:23:57+00:00\" \/>\n<meta property=\"og:image\" content=\"https:\/\/canal7slp.tv\/2021\/wp-content\/uploads\/2021\/07\/zz2b-9.png\" \/>\n\t<meta property=\"og:image:width\" content=\"894\" \/>\n\t<meta property=\"og:image:height\" content=\"558\" \/>\n\t<meta property=\"og:image:type\" content=\"image\/png\" \/>\n<meta name=\"author\" content=\"Edici\u00f3n Web\" \/>\n<meta name=\"twitter:card\" content=\"summary_large_image\" \/>\n<meta name=\"twitter:creator\" content=\"@NOTICIEROS7\" \/>\n<meta name=\"twitter:site\" content=\"@NOTICIEROS7\" \/>\n<meta name=\"twitter:label1\" content=\"Escrito por\" \/>\n\t<meta name=\"twitter:data1\" content=\"Edici\u00f3n Web\" \/>\n\t<meta name=\"twitter:label2\" content=\"Tiempo de lectura\" \/>\n\t<meta name=\"twitter:data2\" content=\"1 minuto\" \/>\n<script type=\"application\/ld+json\" class=\"yoast-schema-graph\">{\"@context\":\"https:\\\/\\\/schema.org\",\"@graph\":[{\"@type\":\"Article\",\"@id\":\"https:\\\/\\\/canal7slp.tv\\\/2021\\\/agentes-de-la-fiscalia-detienen-a-hombre-por-presunto-robo-en-villa-de-arista\\\/#article\",\"isPartOf\":{\"@id\":\"https:\\\/\\\/canal7slp.tv\\\/2021\\\/agentes-de-la-fiscalia-detienen-a-hombre-por-presunto-robo-en-villa-de-arista\\\/\"},\"author\":{\"name\":\"Edici\u00f3n Web\",\"@id\":\"https:\\\/\\\/canal7slp.tv\\\/2021\\\/#\\\/schema\\\/person\\\/28a12b0491d3b6f41a854d062961bdc7\"},\"headline\":\"Agentes de la Fiscal\u00eda detienen a hombre por presunto robo en Villa de Arista\",\"datePublished\":\"2021-07-11T20:23:57+00:00\",\"mainEntityOfPage\":{\"@id\":\"https:\\\/\\\/canal7slp.tv\\\/2021\\\/agentes-de-la-fiscalia-detienen-a-hombre-por-presunto-robo-en-villa-de-arista\\\/\"},\"wordCount\":255,\"publisher\":{\"@id\":\"https:\\\/\\\/canal7slp.tv\\\/2021\\\/#organization\"},\"image\":{\"@id\":\"https:\\\/\\\/canal7slp.tv\\\/2021\\\/agentes-de-la-fiscalia-detienen-a-hombre-por-presunto-robo-en-villa-de-arista\\\/#primaryimage\"},\"thumbnailUrl\":\"https:\\\/\\\/canal7slp.tv\\\/2021\\\/wp-content\\\/uploads\\\/2021\\\/07\\\/zz2b-9.png\",\"articleSection\":[\"REPORTE 7\"],\"inLanguage\":\"es\"},{\"@type\":\"WebPage\",\"@id\":\"https:\\\/\\\/canal7slp.tv\\\/2021\\\/agentes-de-la-fiscalia-detienen-a-hombre-por-presunto-robo-en-villa-de-arista\\\/\",\"url\":\"https:\\\/\\\/canal7slp.tv\\\/2021\\\/agentes-de-la-fiscalia-detienen-a-hombre-por-presunto-robo-en-villa-de-arista\\\/\",\"name\":\"Agentes de la Fiscal\u00eda detienen a hombre por presunto robo en Villa de Arista - Canal 7 SLP - 2021\",\"isPartOf\":{\"@id\":\"https:\\\/\\\/canal7slp.tv\\\/2021\\\/#website\"},\"primaryImageOfPage\":{\"@id\":\"https:\\\/\\\/canal7slp.tv\\\/2021\\\/agentes-de-la-fiscalia-detienen-a-hombre-por-presunto-robo-en-villa-de-arista\\\/#primaryimage\"},\"image\":{\"@id\":\"https:\\\/\\\/canal7slp.tv\\\/2021\\\/agentes-de-la-fiscalia-detienen-a-hombre-por-presunto-robo-en-villa-de-arista\\\/#primaryimage\"},\"thumbnailUrl\":\"https:\\\/\\\/canal7slp.tv\\\/2021\\\/wp-content\\\/uploads\\\/2021\\\/07\\\/zz2b-9.png\",\"datePublished\":\"2021-07-11T20:23:57+00:00\",\"breadcrumb\":{\"@id\":\"https:\\\/\\\/canal7slp.tv\\\/2021\\\/agentes-de-la-fiscalia-detienen-a-hombre-por-presunto-robo-en-villa-de-arista\\\/#breadcrumb\"},\"inLanguage\":\"es\",\"potentialAction\":[{\"@type\":\"ReadAction\",\"target\":[\"https:\\\/\\\/canal7slp.tv\\\/2021\\\/agentes-de-la-fiscalia-detienen-a-hombre-por-presunto-robo-en-villa-de-arista\\\/\"]}]},{\"@type\":\"ImageObject\",\"inLanguage\":\"es\",\"@id\":\"https:\\\/\\\/canal7slp.tv\\\/2021\\\/agentes-de-la-fiscalia-detienen-a-hombre-por-presunto-robo-en-villa-de-arista\\\/#primaryimage\",\"url\":\"https:\\\/\\\/canal7slp.tv\\\/2021\\\/wp-content\\\/uploads\\\/2021\\\/07\\\/zz2b-9.png\",\"contentUrl\":\"https:\\\/\\\/canal7slp.tv\\\/2021\\\/wp-content\\\/uploads\\\/2021\\\/07\\\/zz2b-9.png\",\"width\":894,\"height\":558},{\"@type\":\"BreadcrumbList\",\"@id\":\"https:\\\/\\\/canal7slp.tv\\\/2021\\\/agentes-de-la-fiscalia-detienen-a-hombre-por-presunto-robo-en-villa-de-arista\\\/#breadcrumb\",\"itemListElement\":[{\"@type\":\"ListItem\",\"position\":1,\"name\":\"Portada\",\"item\":\"https:\\\/\\\/canal7slp.tv\\\/2021\\\/\"},{\"@type\":\"ListItem\",\"position\":2,\"name\":\"Agentes de la Fiscal\u00eda detienen a hombre por presunto robo en Villa de Arista\"}]},{\"@type\":\"WebSite\",\"@id\":\"https:\\\/\\\/canal7slp.tv\\\/2021\\\/#website\",\"url\":\"https:\\\/\\\/canal7slp.tv\\\/2021\\\/\",\"name\":\"N7 - Noticieros Canal 7\",\"description\":\"Somos Televisi\u00f3n\",\"publisher\":{\"@id\":\"https:\\\/\\\/canal7slp.tv\\\/2021\\\/#organization\"},\"potentialAction\":[{\"@type\":\"SearchAction\",\"target\":{\"@type\":\"EntryPoint\",\"urlTemplate\":\"https:\\\/\\\/canal7slp.tv\\\/2021\\\/?s={search_term_string}\"},\"query-input\":{\"@type\":\"PropertyValueSpecification\",\"valueRequired\":true,\"valueName\":\"search_term_string\"}}],\"inLanguage\":\"es\"},{\"@type\":\"Organization\",\"@id\":\"https:\\\/\\\/canal7slp.tv\\\/2021\\\/#organization\",\"name\":\"Noticieros Canal 7\",\"url\":\"https:\\\/\\\/canal7slp.tv\\\/2021\\\/\",\"logo\":{\"@type\":\"ImageObject\",\"inLanguage\":\"es\",\"@id\":\"https:\\\/\\\/canal7slp.tv\\\/2021\\\/#\\\/schema\\\/logo\\\/image\\\/\",\"url\":\"https:\\\/\\\/canal7slp.tv\\\/2021\\\/wp-content\\\/uploads\\\/2021\\\/01\\\/logo-noticieros@2x.png\",\"contentUrl\":\"https:\\\/\\\/canal7slp.tv\\\/2021\\\/wp-content\\\/uploads\\\/2021\\\/01\\\/logo-noticieros@2x.png\",\"width\":1017,\"height\":268,\"caption\":\"Noticieros Canal 7\"},\"image\":{\"@id\":\"https:\\\/\\\/canal7slp.tv\\\/2021\\\/#\\\/schema\\\/logo\\\/image\\\/\"},\"sameAs\":[\"https:\\\/\\\/www.facebook.com\\\/noticieroscanalsiete\",\"https:\\\/\\\/x.com\\\/NOTICIEROS7\",\"https:\\\/\\\/www.instagram.com\\\/canal7_slp\",\"https:\\\/\\\/www.youtube.com\\\/channel\\\/UCliiYs-gP3JfJeqdPrNdd5A\"]},{\"@type\":\"Person\",\"@id\":\"https:\\\/\\\/canal7slp.tv\\\/2021\\\/#\\\/schema\\\/person\\\/28a12b0491d3b6f41a854d062961bdc7\",\"name\":\"Edici\u00f3n Web\",\"image\":{\"@type\":\"ImageObject\",\"inLanguage\":\"es\",\"@id\":\"https:\\\/\\\/secure.gravatar.com\\\/avatar\\\/eee448fc3f7164808013b816ba91ac7e43bbe82a70bebac296f8bc6f0addaa1a?s=96&d=mm&r=g\",\"url\":\"https:\\\/\\\/secure.gravatar.com\\\/avatar\\\/eee448fc3f7164808013b816ba91ac7e43bbe82a70bebac296f8bc6f0addaa1a?s=96&d=mm&r=g\",\"contentUrl\":\"https:\\\/\\\/secure.gravatar.com\\\/avatar\\\/eee448fc3f7164808013b816ba91ac7e43bbe82a70bebac296f8bc6f0addaa1a?s=96&d=mm&r=g\",\"caption\":\"Edici\u00f3n Web\"},\"url\":\"https:\\\/\\\/canal7slp.tv\\\/2021\\\/author\\\/edicionweb\\\/\"}]}<\/script>\n<!-- \/ Yoast SEO plugin. -->","yoast_head_json":{"title":"Agentes de la Fiscal\u00eda detienen a hombre por presunto robo en Villa de Arista - Canal 7 SLP - 2021","robots":{"index":"index","follow":"follow","max-snippet":"max-snippet:-1","max-image-preview":"max-image-preview:large","max-video-preview":"max-video-preview:-1"},"canonical":"https:\/\/canal7slp.tv\/2021\/agentes-de-la-fiscalia-detienen-a-hombre-por-presunto-robo-en-villa-de-arista\/","og_locale":"es_ES","og_type":"article","og_title":"Agentes de la Fiscal\u00eda detienen a hombre por presunto robo en Villa de Arista - Canal 7 SLP - 2021","og_description":"\u2022 La v\u00edctima fue despojada de sus pertenencias con violencia Villa de Arista. &#8211; Un sujeto de 20 a\u00f1os de edad fue detenido por agentes de la Polic\u00eda de Investigaci\u00f3n (PDI), tras ser se\u00f1alado como probable responsable del delito de robo calificado en el municipio de Villa de Arista. La Fiscal\u00eda General del Estado de San Luis Potos\u00ed (FGESLP) inform\u00f3 que los hechos ocurrieron el 24 de agosto del 2020, cuando la v\u00edctima acudi\u00f3 a denunciar que un hombre lo hab\u00eda despojado con violencia de varios art\u00edculos personales, entre los que se encontraba su tel\u00e9fono celular. los elementos de la [&hellip;]","og_url":"https:\/\/canal7slp.tv\/2021\/agentes-de-la-fiscalia-detienen-a-hombre-por-presunto-robo-en-villa-de-arista\/","og_site_name":"Canal 7 SLP - 2021","article_publisher":"https:\/\/www.facebook.com\/noticieroscanalsiete","article_published_time":"2021-07-11T20:23:57+00:00","og_image":[{"width":894,"height":558,"url":"https:\/\/canal7slp.tv\/2021\/wp-content\/uploads\/2021\/07\/zz2b-9.png","type":"image\/png"}],"author":"Edici\u00f3n Web","twitter_card":"summary_large_image","twitter_creator":"@NOTICIEROS7","twitter_site":"@NOTICIEROS7","twitter_misc":{"Escrito por":"Edici\u00f3n Web","Tiempo de lectura":"1 minuto"},"schema":{"@context":"https:\/\/schema.org","@graph":[{"@type":"Article","@id":"https:\/\/canal7slp.tv\/2021\/agentes-de-la-fiscalia-detienen-a-hombre-por-presunto-robo-en-villa-de-arista\/#article","isPartOf":{"@id":"https:\/\/canal7slp.tv\/2021\/agentes-de-la-fiscalia-detienen-a-hombre-por-presunto-robo-en-villa-de-arista\/"},"author":{"name":"Edici\u00f3n Web","@id":"https:\/\/canal7slp.tv\/2021\/#\/schema\/person\/28a12b0491d3b6f41a854d062961bdc7"},"headline":"Agentes de la Fiscal\u00eda detienen a hombre por presunto robo en Villa de Arista","datePublished":"2021-07-11T20:23:57+00:00","mainEntityOfPage":{"@id":"https:\/\/canal7slp.tv\/2021\/agentes-de-la-fiscalia-detienen-a-hombre-por-presunto-robo-en-villa-de-arista\/"},"wordCount":255,"publisher":{"@id":"https:\/\/canal7slp.tv\/2021\/#organization"},"image":{"@id":"https:\/\/canal7slp.tv\/2021\/agentes-de-la-fiscalia-detienen-a-hombre-por-presunto-robo-en-villa-de-arista\/#primaryimage"},"thumbnailUrl":"https:\/\/canal7slp.tv\/2021\/wp-content\/uploads\/2021\/07\/zz2b-9.png","articleSection":["REPORTE 7"],"inLanguage":"es"},{"@type":"WebPage","@id":"https:\/\/canal7slp.tv\/2021\/agentes-de-la-fiscalia-detienen-a-hombre-por-presunto-robo-en-villa-de-arista\/","url":"https:\/\/canal7slp.tv\/2021\/agentes-de-la-fiscalia-detienen-a-hombre-por-presunto-robo-en-villa-de-arista\/","name":"Agentes de la Fiscal\u00eda detienen a hombre por presunto robo en Villa de Arista - Canal 7 SLP - 2021","isPartOf":{"@id":"https:\/\/canal7slp.tv\/2021\/#website"},"primaryImageOfPage":{"@id":"https:\/\/canal7slp.tv\/2021\/agentes-de-la-fiscalia-detienen-a-hombre-por-presunto-robo-en-villa-de-arista\/#primaryimage"},"image":{"@id":"https:\/\/canal7slp.tv\/2021\/agentes-de-la-fiscalia-detienen-a-hombre-por-presunto-robo-en-villa-de-arista\/#primaryimage"},"thumbnailUrl":"https:\/\/canal7slp.tv\/2021\/wp-content\/uploads\/2021\/07\/zz2b-9.png","datePublished":"2021-07-11T20:23:57+00:00","breadcrumb":{"@id":"https:\/\/canal7slp.tv\/2021\/agentes-de-la-fiscalia-detienen-a-hombre-por-presunto-robo-en-villa-de-arista\/#breadcrumb"},"inLanguage":"es","potentialAction":[{"@type":"ReadAction","target":["https:\/\/canal7slp.tv\/2021\/agentes-de-la-fiscalia-detienen-a-hombre-por-presunto-robo-en-villa-de-arista\/"]}]},{"@type":"ImageObject","inLanguage":"es","@id":"https:\/\/canal7slp.tv\/2021\/agentes-de-la-fiscalia-detienen-a-hombre-por-presunto-robo-en-villa-de-arista\/#primaryimage","url":"https:\/\/canal7slp.tv\/2021\/wp-content\/uploads\/2021\/07\/zz2b-9.png","contentUrl":"https:\/\/canal7slp.tv\/2021\/wp-content\/uploads\/2021\/07\/zz2b-9.png","width":894,"height":558},{"@type":"BreadcrumbList","@id":"https:\/\/canal7slp.tv\/2021\/agentes-de-la-fiscalia-detienen-a-hombre-por-presunto-robo-en-villa-de-arista\/#breadcrumb","itemListElement":[{"@type":"ListItem","position":1,"name":"Portada","item":"https:\/\/canal7slp.tv\/2021\/"},{"@type":"ListItem","position":2,"name":"Agentes de la Fiscal\u00eda detienen a hombre por presunto robo en Villa de Arista"}]},{"@type":"WebSite","@id":"https:\/\/canal7slp.tv\/2021\/#website","url":"https:\/\/canal7slp.tv\/2021\/","name":"N7 - Noticieros Canal 7","description":"Somos Televisi\u00f3n","publisher":{"@id":"https:\/\/canal7slp.tv\/2021\/#organization"},"potentialAction":[{"@type":"SearchAction","target":{"@type":"EntryPoint","urlTemplate":"https:\/\/canal7slp.tv\/2021\/?s={search_term_string}"},"query-input":{"@type":"PropertyValueSpecification","valueRequired":true,"valueName":"search_term_string"}}],"inLanguage":"es"},{"@type":"Organization","@id":"https:\/\/canal7slp.tv\/2021\/#organization","name":"Noticieros Canal 7","url":"https:\/\/canal7slp.tv\/2021\/","logo":{"@type":"ImageObject","inLanguage":"es","@id":"https:\/\/canal7slp.tv\/2021\/#\/schema\/logo\/image\/","url":"https:\/\/canal7slp.tv\/2021\/wp-content\/uploads\/2021\/01\/logo-noticieros@2x.png","contentUrl":"https:\/\/canal7slp.tv\/2021\/wp-content\/uploads\/2021\/01\/logo-noticieros@2x.png","width":1017,"height":268,"caption":"Noticieros Canal 7"},"image":{"@id":"https:\/\/canal7slp.tv\/2021\/#\/schema\/logo\/image\/"},"sameAs":["https:\/\/www.facebook.com\/noticieroscanalsiete","https:\/\/x.com\/NOTICIEROS7","https:\/\/www.instagram.com\/canal7_slp","https:\/\/www.youtube.com\/channel\/UCliiYs-gP3JfJeqdPrNdd5A"]},{"@type":"Person","@id":"https:\/\/canal7slp.tv\/2021\/#\/schema\/person\/28a12b0491d3b6f41a854d062961bdc7","name":"Edici\u00f3n Web","image":{"@type":"ImageObject","inLanguage":"es","@id":"https:\/\/secure.gravatar.com\/avatar\/eee448fc3f7164808013b816ba91ac7e43bbe82a70bebac296f8bc6f0addaa1a?s=96&d=mm&r=g","url":"https:\/\/secure.gravatar.com\/avatar\/eee448fc3f7164808013b816ba91ac7e43bbe82a70bebac296f8bc6f0addaa1a?s=96&d=mm&r=g","contentUrl":"https:\/\/secure.gravatar.com\/avatar\/eee448fc3f7164808013b816ba91ac7e43bbe82a70bebac296f8bc6f0addaa1a?s=96&d=mm&r=g","caption":"Edici\u00f3n Web"},"url":"https:\/\/canal7slp.tv\/2021\/author\/edicionweb\/"}]}},"_links":{"self":[{"href":"https:\/\/canal7slp.tv\/2021\/wp-json\/wp\/v2\/posts\/24117","targetHints":{"allow":["GET"]}}],"collection":[{"href":"https:\/\/canal7slp.tv\/2021\/wp-json\/wp\/v2\/posts"}],"about":[{"href":"https:\/\/canal7slp.tv\/2021\/wp-json\/wp\/v2\/types\/post"}],"author":[{"embeddable":true,"href":"https:\/\/canal7slp.tv\/2021\/wp-json\/wp\/v2\/users\/2"}],"replies":[{"embeddable":true,"href":"https:\/\/canal7slp.tv\/2021\/wp-json\/wp\/v2\/comments?post=24117"}],"version-history":[{"count":1,"href":"https:\/\/canal7slp.tv\/2021\/wp-json\/wp\/v2\/posts\/24117\/revisions"}],"predecessor-version":[{"id":24121,"href":"https:\/\/canal7slp.tv\/2021\/wp-json\/wp\/v2\/posts\/24117\/revisions\/24121"}],"wp:featuredmedia":[{"embeddable":true,"href":"https:\/\/canal7slp.tv\/2021\/wp-json\/wp\/v2\/media\/24125"}],"wp:attachment":[{"href":"https:\/\/canal7slp.tv\/2021\/wp-json\/wp\/v2\/media?parent=24117"}],"wp:term":[{"taxonomy":"category","embeddable":true,"href":"https:\/\/canal7slp.tv\/2021\/wp-json\/wp\/v2\/categories?post=24117"},{"taxonomy":"post_tag","embeddable":true,"href":"https:\/\/canal7slp.tv\/2021\/wp-json\/wp\/v2\/tags?post=24117"}],"curies":[{"name":"wp","href":"https:\/\/api.w.org\/{rel}","templated":true}]}}