{"id":24105,"date":"2021-07-10T20:31:12","date_gmt":"2021-07-11T02:31:12","guid":{"rendered":"https:\/\/canal7slp.tv\/2021\/?p=24105"},"modified":"2021-07-10T20:31:12","modified_gmt":"2021-07-11T02:31:12","slug":"se-registro-lluvia-intensa-en-la-zona-metropolitana-de-slp","status":"publish","type":"post","link":"https:\/\/canal7slp.tv\/2021\/se-registro-lluvia-intensa-en-la-zona-metropolitana-de-slp\/","title":{"rendered":"Se registr\u00f3 lluvia intensa en la zona metropolitana de SLP"},"content":{"rendered":"<ul>\n<li style=\"text-align: justify;\"><strong>El saldo son \u00e1rboles ca\u00eddos e inundaciones en diferentes calles.<\/strong><\/li>\n<li style=\"text-align: justify;\"><strong>Adem\u00e1s, se inform\u00f3 de la volcadura de una pipa conteniendo acrinolitrilo en la carretera 80 Huizache-Ciudad del Ma\u00edz, se reporta un muerto y un herido.<\/strong><\/li>\n<\/ul>\n<p style=\"text-align: justify;\">SLP.-\u00a0El director general de la Coordinaci\u00f3n Estatal de Protecci\u00f3n Civil, Jos\u00e9 Ignacio Benavente Duque, inform\u00f3 los saldos que dej\u00f3 la reciente lluvia que se registr\u00f3 la tarde de este s\u00e1bado en la zona metropolitana de San Luis Potos\u00ed, en donde se detallan la ca\u00edda de \u00e1rboles, aguas negras saliendo de ca\u00f1er\u00edas, as\u00ed como inundaciones en diversas calles.<\/p>\n<p style=\"text-align: justify;\">\n<p style=\"text-align: justify;\">El funcionario estatal explic\u00f3 que, debido a la lluvia puntual intensa, fue cerrado nuevamente a la circulaci\u00f3n el Bulevar R\u00edo Santiago, no obstante, algunos veh\u00edculos fueron sorprendidos por la corriente y fue necesario rescatar a sus ocupantes, por parte de personal de Bomberos.<\/p>\n<p style=\"text-align: justify;\">\n<p style=\"text-align: justify;\">Las precipitaciones causaron diversos incidentes, entre ellos un pino se cay\u00f3 sobre un veh\u00edculo en privada Buenos Aires n\u00famero 132, entre Valle del Sur y R\u00edo de Plata, en el fraccionamiento Buenos Aires; un \u00e1rbol cay\u00f3 de lado a lado de la calle y jal\u00f3 cables de telefon\u00eda e Internet y del suministro de energ\u00eda el\u00e9ctrica de algunos domicilios de la colonia San Angel Inn; se reportaron aguas negras saliendo de ca\u00f1er\u00edas en calle Bugambilias n\u00famero 210 y Centauro del Norte, colonia Saucito; en Calle Sol 160, colonia Viller\u00edas, un \u00e1rbol de 15 metros de altura, cay\u00f3 dentro del residencial y afect\u00f3 tres veh\u00edculos cerca del edificio K.<\/p>\n<p style=\"text-align: justify;\">\n<p style=\"text-align: justify;\">En calle Trabe, colonia Villas del Saucito, se report\u00f3 un \u00e1rbol ca\u00eddo sobre la vialidad; un \u00e1rbol cay\u00f3 sobre un auto en Segunda Privada Del Sol no. 420, colonia Rural Atlas; un trampol\u00edn cay\u00f3 en los cables de electricidad, muy cercas de un transformador, y cuando hizo contacto provoc\u00f3 un corto circuito en Primer Paseo de Jacarandas n\u00famero 148.<\/p>\n<p style=\"text-align: justify;\">\n<p style=\"text-align: justify;\">Se reportaron \u00e1rboles ca\u00eddos en Tezontle s\/n entre calle Arroyo de las V\u00edrgenes, colonia Las Piedras, tambi\u00e9n en Hern\u00e1n Cortes y Avenida Morales Saucito, colonia Morales; en calle San Fabi\u00e1n n\u00famero 408-A y San Marcelo, colonia Juan Pablo y en calle San Gustavo n\u00famero 7 y calle San Vicente M\u00e1rtir, fraccionamiento Sauzalito.<\/p>\n<p style=\"text-align: justify;\">\n<p style=\"text-align: justify;\">Se reportaron inundaciones en calle 5 de Junio y Convenci\u00f3n de Aguascalientes, en Fracci\u00f3n de Rivera.<\/p>\n<p style=\"text-align: justify;\">\n<p style=\"text-align: justify;\">Benavente Duque solicit\u00f3 a la ciudadan\u00eda continuar tomando medidas preventivas para evitar accidentes, como evitar salir de su domicilio en caso de tormenta, y si tienen que hacerlo, manejar con cuidado, encender las luces, verificar que los parabrisas est\u00e9n en \u00f3ptimas condiciones; usar paraguas y cruzar calles solo en esquinas.<\/p>\n<p style=\"text-align: justify;\">\n<p style=\"text-align: justify;\">Adem\u00e1s, el coordinador de Protecci\u00f3n Civil estatal dio a conocer que una pipa conteniendo acrinolitrilo, de acuerdo con su rombo de seguridad, volc\u00f3 esta tarde en la carretera 80 Huizache-Ciudad del Ma\u00edz, a 18 kil\u00f3metros de la comunidad Santo Domingo.<\/p>\n<p style=\"text-align: justify;\">\n<p style=\"text-align: justify;\">En el accidente falleci\u00f3 una persona y otra m\u00e1s result\u00f3 herida, quien fue trasladada de emergencia a la cl\u00ednica 50 del IMSS, en una ambulancia del Servicio Estatal de Urgencias M\u00e9dicas de la Secretar\u00eda de Salud.<\/p>\n<p style=\"text-align: justify;\">\n","protected":false},"excerpt":{"rendered":"<p>El saldo son \u00e1rboles ca\u00eddos e inundaciones en diferentes calles. Adem\u00e1s, se inform\u00f3 de la volcadura de una pipa conteniendo acrinolitrilo en la carretera 80 Huizache-Ciudad del Ma\u00edz, se reporta un muerto y un herido. SLP.-\u00a0El director general de la Coordinaci\u00f3n Estatal de Protecci\u00f3n Civil, Jos\u00e9 Ignacio Benavente Duque, inform\u00f3 los saldos que dej\u00f3 la reciente lluvia que se registr\u00f3 la tarde de este s\u00e1bado en la zona metropolitana de San Luis Potos\u00ed, en donde se detallan la ca\u00edda de \u00e1rboles, aguas negras saliendo de ca\u00f1er\u00edas, as\u00ed como inundaciones en diversas calles. El funcionario estatal explic\u00f3 que, debido a la [&hellip;]<\/p>\n","protected":false},"author":2,"featured_media":24106,"comment_status":"closed","ping_status":"closed","sticky":false,"template":"","format":"standard","meta":{"footnotes":""},"categories":[45],"tags":[],"class_list":["post-24105","post","type-post","status-publish","format-standard","has-post-thumbnail","hentry","category-localesyregionales","post--single"],"yoast_head":"<!-- This site is optimized with the Yoast SEO plugin v27.4 - https:\/\/yoast.com\/product\/yoast-seo-wordpress\/ -->\n<title>Se registr\u00f3 lluvia intensa en la zona metropolitana de SLP - Canal 7 SLP - 2021<\/title>\n<meta name=\"robots\" content=\"index, follow, max-snippet:-1, max-image-preview:large, max-video-preview:-1\" \/>\n<link rel=\"canonical\" href=\"https:\/\/canal7slp.tv\/2021\/se-registro-lluvia-intensa-en-la-zona-metropolitana-de-slp\/\" \/>\n<meta property=\"og:locale\" content=\"es_ES\" \/>\n<meta property=\"og:type\" content=\"article\" \/>\n<meta property=\"og:title\" content=\"Se registr\u00f3 lluvia intensa en la zona metropolitana de SLP - Canal 7 SLP - 2021\" \/>\n<meta property=\"og:description\" content=\"El saldo son \u00e1rboles ca\u00eddos e inundaciones en diferentes calles. Adem\u00e1s, se inform\u00f3 de la volcadura de una pipa conteniendo acrinolitrilo en la carretera 80 Huizache-Ciudad del Ma\u00edz, se reporta un muerto y un herido. SLP.-\u00a0El director general de la Coordinaci\u00f3n Estatal de Protecci\u00f3n Civil, Jos\u00e9 Ignacio Benavente Duque, inform\u00f3 los saldos que dej\u00f3 la reciente lluvia que se registr\u00f3 la tarde de este s\u00e1bado en la zona metropolitana de San Luis Potos\u00ed, en donde se detallan la ca\u00edda de \u00e1rboles, aguas negras saliendo de ca\u00f1er\u00edas, as\u00ed como inundaciones en diversas calles. El funcionario estatal explic\u00f3 que, debido a la [&hellip;]\" \/>\n<meta property=\"og:url\" content=\"https:\/\/canal7slp.tv\/2021\/se-registro-lluvia-intensa-en-la-zona-metropolitana-de-slp\/\" \/>\n<meta property=\"og:site_name\" content=\"Canal 7 SLP - 2021\" \/>\n<meta property=\"article:publisher\" content=\"https:\/\/www.facebook.com\/noticieroscanalsiete\" \/>\n<meta property=\"article:published_time\" content=\"2021-07-11T02:31:12+00:00\" \/>\n<meta property=\"og:image\" content=\"https:\/\/canal7slp.tv\/2021\/wp-content\/uploads\/2021\/07\/corrienteaguab.jpg\" \/>\n\t<meta property=\"og:image:width\" content=\"812\" \/>\n\t<meta property=\"og:image:height\" content=\"450\" \/>\n\t<meta property=\"og:image:type\" content=\"image\/jpeg\" \/>\n<meta name=\"author\" content=\"Edici\u00f3n Web\" \/>\n<meta name=\"twitter:card\" content=\"summary_large_image\" \/>\n<meta name=\"twitter:creator\" content=\"@NOTICIEROS7\" \/>\n<meta name=\"twitter:site\" content=\"@NOTICIEROS7\" \/>\n<meta name=\"twitter:label1\" content=\"Escrito por\" \/>\n\t<meta name=\"twitter:data1\" content=\"Edici\u00f3n Web\" \/>\n\t<meta name=\"twitter:label2\" content=\"Tiempo de lectura\" \/>\n\t<meta name=\"twitter:data2\" content=\"3 minutos\" \/>\n<script type=\"application\/ld+json\" class=\"yoast-schema-graph\">{\"@context\":\"https:\\\/\\\/schema.org\",\"@graph\":[{\"@type\":\"Article\",\"@id\":\"https:\\\/\\\/canal7slp.tv\\\/2021\\\/se-registro-lluvia-intensa-en-la-zona-metropolitana-de-slp\\\/#article\",\"isPartOf\":{\"@id\":\"https:\\\/\\\/canal7slp.tv\\\/2021\\\/se-registro-lluvia-intensa-en-la-zona-metropolitana-de-slp\\\/\"},\"author\":{\"name\":\"Edici\u00f3n Web\",\"@id\":\"https:\\\/\\\/canal7slp.tv\\\/2021\\\/#\\\/schema\\\/person\\\/28a12b0491d3b6f41a854d062961bdc7\"},\"headline\":\"Se registr\u00f3 lluvia intensa en la zona metropolitana de SLP\",\"datePublished\":\"2021-07-11T02:31:12+00:00\",\"mainEntityOfPage\":{\"@id\":\"https:\\\/\\\/canal7slp.tv\\\/2021\\\/se-registro-lluvia-intensa-en-la-zona-metropolitana-de-slp\\\/\"},\"wordCount\":543,\"publisher\":{\"@id\":\"https:\\\/\\\/canal7slp.tv\\\/2021\\\/#organization\"},\"image\":{\"@id\":\"https:\\\/\\\/canal7slp.tv\\\/2021\\\/se-registro-lluvia-intensa-en-la-zona-metropolitana-de-slp\\\/#primaryimage\"},\"thumbnailUrl\":\"https:\\\/\\\/canal7slp.tv\\\/2021\\\/wp-content\\\/uploads\\\/2021\\\/07\\\/corrienteaguab.jpg\",\"articleSection\":[\"LOCALES Y REGIONALES\"],\"inLanguage\":\"es\"},{\"@type\":\"WebPage\",\"@id\":\"https:\\\/\\\/canal7slp.tv\\\/2021\\\/se-registro-lluvia-intensa-en-la-zona-metropolitana-de-slp\\\/\",\"url\":\"https:\\\/\\\/canal7slp.tv\\\/2021\\\/se-registro-lluvia-intensa-en-la-zona-metropolitana-de-slp\\\/\",\"name\":\"Se registr\u00f3 lluvia intensa en la zona metropolitana de SLP - Canal 7 SLP - 2021\",\"isPartOf\":{\"@id\":\"https:\\\/\\\/canal7slp.tv\\\/2021\\\/#website\"},\"primaryImageOfPage\":{\"@id\":\"https:\\\/\\\/canal7slp.tv\\\/2021\\\/se-registro-lluvia-intensa-en-la-zona-metropolitana-de-slp\\\/#primaryimage\"},\"image\":{\"@id\":\"https:\\\/\\\/canal7slp.tv\\\/2021\\\/se-registro-lluvia-intensa-en-la-zona-metropolitana-de-slp\\\/#primaryimage\"},\"thumbnailUrl\":\"https:\\\/\\\/canal7slp.tv\\\/2021\\\/wp-content\\\/uploads\\\/2021\\\/07\\\/corrienteaguab.jpg\",\"datePublished\":\"2021-07-11T02:31:12+00:00\",\"breadcrumb\":{\"@id\":\"https:\\\/\\\/canal7slp.tv\\\/2021\\\/se-registro-lluvia-intensa-en-la-zona-metropolitana-de-slp\\\/#breadcrumb\"},\"inLanguage\":\"es\",\"potentialAction\":[{\"@type\":\"ReadAction\",\"target\":[\"https:\\\/\\\/canal7slp.tv\\\/2021\\\/se-registro-lluvia-intensa-en-la-zona-metropolitana-de-slp\\\/\"]}]},{\"@type\":\"ImageObject\",\"inLanguage\":\"es\",\"@id\":\"https:\\\/\\\/canal7slp.tv\\\/2021\\\/se-registro-lluvia-intensa-en-la-zona-metropolitana-de-slp\\\/#primaryimage\",\"url\":\"https:\\\/\\\/canal7slp.tv\\\/2021\\\/wp-content\\\/uploads\\\/2021\\\/07\\\/corrienteaguab.jpg\",\"contentUrl\":\"https:\\\/\\\/canal7slp.tv\\\/2021\\\/wp-content\\\/uploads\\\/2021\\\/07\\\/corrienteaguab.jpg\",\"width\":812,\"height\":450},{\"@type\":\"BreadcrumbList\",\"@id\":\"https:\\\/\\\/canal7slp.tv\\\/2021\\\/se-registro-lluvia-intensa-en-la-zona-metropolitana-de-slp\\\/#breadcrumb\",\"itemListElement\":[{\"@type\":\"ListItem\",\"position\":1,\"name\":\"Portada\",\"item\":\"https:\\\/\\\/canal7slp.tv\\\/2021\\\/\"},{\"@type\":\"ListItem\",\"position\":2,\"name\":\"Se registr\u00f3 lluvia intensa en la zona metropolitana de SLP\"}]},{\"@type\":\"WebSite\",\"@id\":\"https:\\\/\\\/canal7slp.tv\\\/2021\\\/#website\",\"url\":\"https:\\\/\\\/canal7slp.tv\\\/2021\\\/\",\"name\":\"N7 - Noticieros Canal 7\",\"description\":\"Somos Televisi\u00f3n\",\"publisher\":{\"@id\":\"https:\\\/\\\/canal7slp.tv\\\/2021\\\/#organization\"},\"potentialAction\":[{\"@type\":\"SearchAction\",\"target\":{\"@type\":\"EntryPoint\",\"urlTemplate\":\"https:\\\/\\\/canal7slp.tv\\\/2021\\\/?s={search_term_string}\"},\"query-input\":{\"@type\":\"PropertyValueSpecification\",\"valueRequired\":true,\"valueName\":\"search_term_string\"}}],\"inLanguage\":\"es\"},{\"@type\":\"Organization\",\"@id\":\"https:\\\/\\\/canal7slp.tv\\\/2021\\\/#organization\",\"name\":\"Noticieros Canal 7\",\"url\":\"https:\\\/\\\/canal7slp.tv\\\/2021\\\/\",\"logo\":{\"@type\":\"ImageObject\",\"inLanguage\":\"es\",\"@id\":\"https:\\\/\\\/canal7slp.tv\\\/2021\\\/#\\\/schema\\\/logo\\\/image\\\/\",\"url\":\"https:\\\/\\\/canal7slp.tv\\\/2021\\\/wp-content\\\/uploads\\\/2021\\\/01\\\/logo-noticieros@2x.png\",\"contentUrl\":\"https:\\\/\\\/canal7slp.tv\\\/2021\\\/wp-content\\\/uploads\\\/2021\\\/01\\\/logo-noticieros@2x.png\",\"width\":1017,\"height\":268,\"caption\":\"Noticieros Canal 7\"},\"image\":{\"@id\":\"https:\\\/\\\/canal7slp.tv\\\/2021\\\/#\\\/schema\\\/logo\\\/image\\\/\"},\"sameAs\":[\"https:\\\/\\\/www.facebook.com\\\/noticieroscanalsiete\",\"https:\\\/\\\/x.com\\\/NOTICIEROS7\",\"https:\\\/\\\/www.instagram.com\\\/canal7_slp\",\"https:\\\/\\\/www.youtube.com\\\/channel\\\/UCliiYs-gP3JfJeqdPrNdd5A\"]},{\"@type\":\"Person\",\"@id\":\"https:\\\/\\\/canal7slp.tv\\\/2021\\\/#\\\/schema\\\/person\\\/28a12b0491d3b6f41a854d062961bdc7\",\"name\":\"Edici\u00f3n Web\",\"image\":{\"@type\":\"ImageObject\",\"inLanguage\":\"es\",\"@id\":\"https:\\\/\\\/secure.gravatar.com\\\/avatar\\\/eee448fc3f7164808013b816ba91ac7e43bbe82a70bebac296f8bc6f0addaa1a?s=96&d=mm&r=g\",\"url\":\"https:\\\/\\\/secure.gravatar.com\\\/avatar\\\/eee448fc3f7164808013b816ba91ac7e43bbe82a70bebac296f8bc6f0addaa1a?s=96&d=mm&r=g\",\"contentUrl\":\"https:\\\/\\\/secure.gravatar.com\\\/avatar\\\/eee448fc3f7164808013b816ba91ac7e43bbe82a70bebac296f8bc6f0addaa1a?s=96&d=mm&r=g\",\"caption\":\"Edici\u00f3n Web\"},\"url\":\"https:\\\/\\\/canal7slp.tv\\\/2021\\\/author\\\/edicionweb\\\/\"}]}<\/script>\n<!-- \/ Yoast SEO plugin. -->","yoast_head_json":{"title":"Se registr\u00f3 lluvia intensa en la zona metropolitana de SLP - Canal 7 SLP - 2021","robots":{"index":"index","follow":"follow","max-snippet":"max-snippet:-1","max-image-preview":"max-image-preview:large","max-video-preview":"max-video-preview:-1"},"canonical":"https:\/\/canal7slp.tv\/2021\/se-registro-lluvia-intensa-en-la-zona-metropolitana-de-slp\/","og_locale":"es_ES","og_type":"article","og_title":"Se registr\u00f3 lluvia intensa en la zona metropolitana de SLP - Canal 7 SLP - 2021","og_description":"El saldo son \u00e1rboles ca\u00eddos e inundaciones en diferentes calles. Adem\u00e1s, se inform\u00f3 de la volcadura de una pipa conteniendo acrinolitrilo en la carretera 80 Huizache-Ciudad del Ma\u00edz, se reporta un muerto y un herido. SLP.-\u00a0El director general de la Coordinaci\u00f3n Estatal de Protecci\u00f3n Civil, Jos\u00e9 Ignacio Benavente Duque, inform\u00f3 los saldos que dej\u00f3 la reciente lluvia que se registr\u00f3 la tarde de este s\u00e1bado en la zona metropolitana de San Luis Potos\u00ed, en donde se detallan la ca\u00edda de \u00e1rboles, aguas negras saliendo de ca\u00f1er\u00edas, as\u00ed como inundaciones en diversas calles. El funcionario estatal explic\u00f3 que, debido a la [&hellip;]","og_url":"https:\/\/canal7slp.tv\/2021\/se-registro-lluvia-intensa-en-la-zona-metropolitana-de-slp\/","og_site_name":"Canal 7 SLP - 2021","article_publisher":"https:\/\/www.facebook.com\/noticieroscanalsiete","article_published_time":"2021-07-11T02:31:12+00:00","og_image":[{"width":812,"height":450,"url":"https:\/\/canal7slp.tv\/2021\/wp-content\/uploads\/2021\/07\/corrienteaguab.jpg","type":"image\/jpeg"}],"author":"Edici\u00f3n Web","twitter_card":"summary_large_image","twitter_creator":"@NOTICIEROS7","twitter_site":"@NOTICIEROS7","twitter_misc":{"Escrito por":"Edici\u00f3n Web","Tiempo de lectura":"3 minutos"},"schema":{"@context":"https:\/\/schema.org","@graph":[{"@type":"Article","@id":"https:\/\/canal7slp.tv\/2021\/se-registro-lluvia-intensa-en-la-zona-metropolitana-de-slp\/#article","isPartOf":{"@id":"https:\/\/canal7slp.tv\/2021\/se-registro-lluvia-intensa-en-la-zona-metropolitana-de-slp\/"},"author":{"name":"Edici\u00f3n Web","@id":"https:\/\/canal7slp.tv\/2021\/#\/schema\/person\/28a12b0491d3b6f41a854d062961bdc7"},"headline":"Se registr\u00f3 lluvia intensa en la zona metropolitana de SLP","datePublished":"2021-07-11T02:31:12+00:00","mainEntityOfPage":{"@id":"https:\/\/canal7slp.tv\/2021\/se-registro-lluvia-intensa-en-la-zona-metropolitana-de-slp\/"},"wordCount":543,"publisher":{"@id":"https:\/\/canal7slp.tv\/2021\/#organization"},"image":{"@id":"https:\/\/canal7slp.tv\/2021\/se-registro-lluvia-intensa-en-la-zona-metropolitana-de-slp\/#primaryimage"},"thumbnailUrl":"https:\/\/canal7slp.tv\/2021\/wp-content\/uploads\/2021\/07\/corrienteaguab.jpg","articleSection":["LOCALES Y REGIONALES"],"inLanguage":"es"},{"@type":"WebPage","@id":"https:\/\/canal7slp.tv\/2021\/se-registro-lluvia-intensa-en-la-zona-metropolitana-de-slp\/","url":"https:\/\/canal7slp.tv\/2021\/se-registro-lluvia-intensa-en-la-zona-metropolitana-de-slp\/","name":"Se registr\u00f3 lluvia intensa en la zona metropolitana de SLP - Canal 7 SLP - 2021","isPartOf":{"@id":"https:\/\/canal7slp.tv\/2021\/#website"},"primaryImageOfPage":{"@id":"https:\/\/canal7slp.tv\/2021\/se-registro-lluvia-intensa-en-la-zona-metropolitana-de-slp\/#primaryimage"},"image":{"@id":"https:\/\/canal7slp.tv\/2021\/se-registro-lluvia-intensa-en-la-zona-metropolitana-de-slp\/#primaryimage"},"thumbnailUrl":"https:\/\/canal7slp.tv\/2021\/wp-content\/uploads\/2021\/07\/corrienteaguab.jpg","datePublished":"2021-07-11T02:31:12+00:00","breadcrumb":{"@id":"https:\/\/canal7slp.tv\/2021\/se-registro-lluvia-intensa-en-la-zona-metropolitana-de-slp\/#breadcrumb"},"inLanguage":"es","potentialAction":[{"@type":"ReadAction","target":["https:\/\/canal7slp.tv\/2021\/se-registro-lluvia-intensa-en-la-zona-metropolitana-de-slp\/"]}]},{"@type":"ImageObject","inLanguage":"es","@id":"https:\/\/canal7slp.tv\/2021\/se-registro-lluvia-intensa-en-la-zona-metropolitana-de-slp\/#primaryimage","url":"https:\/\/canal7slp.tv\/2021\/wp-content\/uploads\/2021\/07\/corrienteaguab.jpg","contentUrl":"https:\/\/canal7slp.tv\/2021\/wp-content\/uploads\/2021\/07\/corrienteaguab.jpg","width":812,"height":450},{"@type":"BreadcrumbList","@id":"https:\/\/canal7slp.tv\/2021\/se-registro-lluvia-intensa-en-la-zona-metropolitana-de-slp\/#breadcrumb","itemListElement":[{"@type":"ListItem","position":1,"name":"Portada","item":"https:\/\/canal7slp.tv\/2021\/"},{"@type":"ListItem","position":2,"name":"Se registr\u00f3 lluvia intensa en la zona metropolitana de SLP"}]},{"@type":"WebSite","@id":"https:\/\/canal7slp.tv\/2021\/#website","url":"https:\/\/canal7slp.tv\/2021\/","name":"N7 - Noticieros Canal 7","description":"Somos Televisi\u00f3n","publisher":{"@id":"https:\/\/canal7slp.tv\/2021\/#organization"},"potentialAction":[{"@type":"SearchAction","target":{"@type":"EntryPoint","urlTemplate":"https:\/\/canal7slp.tv\/2021\/?s={search_term_string}"},"query-input":{"@type":"PropertyValueSpecification","valueRequired":true,"valueName":"search_term_string"}}],"inLanguage":"es"},{"@type":"Organization","@id":"https:\/\/canal7slp.tv\/2021\/#organization","name":"Noticieros Canal 7","url":"https:\/\/canal7slp.tv\/2021\/","logo":{"@type":"ImageObject","inLanguage":"es","@id":"https:\/\/canal7slp.tv\/2021\/#\/schema\/logo\/image\/","url":"https:\/\/canal7slp.tv\/2021\/wp-content\/uploads\/2021\/01\/logo-noticieros@2x.png","contentUrl":"https:\/\/canal7slp.tv\/2021\/wp-content\/uploads\/2021\/01\/logo-noticieros@2x.png","width":1017,"height":268,"caption":"Noticieros Canal 7"},"image":{"@id":"https:\/\/canal7slp.tv\/2021\/#\/schema\/logo\/image\/"},"sameAs":["https:\/\/www.facebook.com\/noticieroscanalsiete","https:\/\/x.com\/NOTICIEROS7","https:\/\/www.instagram.com\/canal7_slp","https:\/\/www.youtube.com\/channel\/UCliiYs-gP3JfJeqdPrNdd5A"]},{"@type":"Person","@id":"https:\/\/canal7slp.tv\/2021\/#\/schema\/person\/28a12b0491d3b6f41a854d062961bdc7","name":"Edici\u00f3n Web","image":{"@type":"ImageObject","inLanguage":"es","@id":"https:\/\/secure.gravatar.com\/avatar\/eee448fc3f7164808013b816ba91ac7e43bbe82a70bebac296f8bc6f0addaa1a?s=96&d=mm&r=g","url":"https:\/\/secure.gravatar.com\/avatar\/eee448fc3f7164808013b816ba91ac7e43bbe82a70bebac296f8bc6f0addaa1a?s=96&d=mm&r=g","contentUrl":"https:\/\/secure.gravatar.com\/avatar\/eee448fc3f7164808013b816ba91ac7e43bbe82a70bebac296f8bc6f0addaa1a?s=96&d=mm&r=g","caption":"Edici\u00f3n Web"},"url":"https:\/\/canal7slp.tv\/2021\/author\/edicionweb\/"}]}},"_links":{"self":[{"href":"https:\/\/canal7slp.tv\/2021\/wp-json\/wp\/v2\/posts\/24105","targetHints":{"allow":["GET"]}}],"collection":[{"href":"https:\/\/canal7slp.tv\/2021\/wp-json\/wp\/v2\/posts"}],"about":[{"href":"https:\/\/canal7slp.tv\/2021\/wp-json\/wp\/v2\/types\/post"}],"author":[{"embeddable":true,"href":"https:\/\/canal7slp.tv\/2021\/wp-json\/wp\/v2\/users\/2"}],"replies":[{"embeddable":true,"href":"https:\/\/canal7slp.tv\/2021\/wp-json\/wp\/v2\/comments?post=24105"}],"version-history":[{"count":1,"href":"https:\/\/canal7slp.tv\/2021\/wp-json\/wp\/v2\/posts\/24105\/revisions"}],"predecessor-version":[{"id":24107,"href":"https:\/\/canal7slp.tv\/2021\/wp-json\/wp\/v2\/posts\/24105\/revisions\/24107"}],"wp:featuredmedia":[{"embeddable":true,"href":"https:\/\/canal7slp.tv\/2021\/wp-json\/wp\/v2\/media\/24106"}],"wp:attachment":[{"href":"https:\/\/canal7slp.tv\/2021\/wp-json\/wp\/v2\/media?parent=24105"}],"wp:term":[{"taxonomy":"category","embeddable":true,"href":"https:\/\/canal7slp.tv\/2021\/wp-json\/wp\/v2\/categories?post=24105"},{"taxonomy":"post_tag","embeddable":true,"href":"https:\/\/canal7slp.tv\/2021\/wp-json\/wp\/v2\/tags?post=24105"}],"curies":[{"name":"wp","href":"https:\/\/api.w.org\/{rel}","templated":true}]}}