{"id":23448,"date":"2021-07-06T15:54:31","date_gmt":"2021-07-06T21:54:31","guid":{"rendered":"https:\/\/canal7slp.tv\/2021\/?p=23448"},"modified":"2021-07-06T15:54:31","modified_gmt":"2021-07-06T21:54:31","slug":"en-ciudad-valles-fge-obtuvo-prision-preventiva-para-dos-hombres-por-dispararle-a-una-familia","status":"publish","type":"post","link":"https:\/\/canal7slp.tv\/2021\/en-ciudad-valles-fge-obtuvo-prision-preventiva-para-dos-hombres-por-dispararle-a-una-familia\/","title":{"rendered":"En Ciudad Valles, FGE obtuvo prisi\u00f3n preventiva para dos hombres por dispararle a una familia"},"content":{"rendered":"<p style=\"text-align: justify;\">\u2022 Fueron vinculados a proceso por homicidio y tentativa de homicidio<\/p>\n<p style=\"text-align: justify;\">Ciudad Valles. \u2013 La Fiscal\u00eda General del Estado de San Luis Potos\u00ed (FGESLP), por medio de sus abogados de la Delegaci\u00f3n S\u00e9ptima, consigui\u00f3 que fueran vinculados a proceso dos sujetos que presuntamente dispararon en contra de una familia de la que perdieron la vida dos personas adultas y resultaron lesionados tres menores de edad en Ciudad Valles.<\/p>\n<p style=\"text-align: justify;\">La Fiscal\u00eda le solicit\u00f3 al Juez de Control la medida cautelar de prisi\u00f3n preventiva oficiosa para los dos se\u00f1alados, luego de que se les imputaron los delitos de homicidio calificado y homicidio calificado en grado de tentativa.<\/p>\n<p style=\"text-align: justify;\">Asimismo, se dio a conocer que, para este asunto, las investigaciones complementarias se efectuar\u00e1n en un lapso de tiempo de seis meses.<\/p>\n<p style=\"text-align: justify;\">Gerardo Ram\u00f3n \u201cN\u201d de 28 a\u00f1os y Juan de Dios \u201cN\u201d 23 a\u00f1os de edad, son considerados probables part\u00edcipes en el hecho que se present\u00f3 el 3 de mayo de 2021, en la calle Ixtapa del fraccionamiento Villas del Sol, lugar donde transitaban las v\u00edctimas en una camioneta.<\/p>\n<p style=\"text-align: justify;\">Posteriormente, fueron interceptados por unos individuos que presuntamente abrieron fuego en contra del veh\u00edculo de los afectados. A consecuencia de este suceso, perdi\u00f3 la vida en el lugar un hombre de 30 a\u00f1os y una mujer de 29 a\u00f1os de edad.<\/p>\n<p style=\"text-align: justify;\">Tambi\u00e9n tres menores de edad fueron heridos por los proyectiles de arma de fuego, por lo que de inmediato los trasladaron a recibir atenci\u00f3n m\u00e9dica a un hospital de la zona.<\/p>\n<p style=\"text-align: justify;\">Personal operativo de la FGESLP se aboc\u00f3 a establecer a los probables responsables por medio de labores de campo, mismas que arrojaron la identificaci\u00f3n de los ahora imputados.<\/p>\n<p style=\"text-align: justify;\">Del mismo modo, fue el agente del Ministerio P\u00fablico de Delegaci\u00f3n S\u00e9ptima el que realiz\u00f3 lo propio para que fuera librada una orden de aprehensi\u00f3n por los delitos de homicidio calificado y lesiones calificadas.<\/p>\n<p style=\"text-align: justify;\">El mandato fue cumplimentado por elementos de la Polic\u00eda de Investigaci\u00f3n (PDI) en el penal de Ciudad Valles, donde los indiciados ya se encontraban enfrentaron un proceso penal por otros il\u00edcitos.<\/p>\n<p style=\"text-align: justify;\">No obstante, se llev\u00f3 a cabo la audiencia inicial por este caso y la Fiscal\u00eda reuni\u00f3 m\u00e1s datos de prueba en contra de Gerardo Ram\u00f3n \u201cN\u201d y Juan de Dios \u201cN\u201d, que solicitaron al Juez de Control que reclasificara el delito de lesiones calificadas por el de homicidio calificado en grado de tentativa y obtuvieron una respuesta positiva.<\/p>\n<p style=\"text-align: justify;\">Finalmente, estos sujetos fueron vinculados a proceso por los delitos referidos y quedaron internos en el centro penitenciario de la Huasteca Norte, como parte de la prisi\u00f3n preventiva oficiosa como medida cautelar para todo el procedimiento legal.<\/p>\n","protected":false},"excerpt":{"rendered":"<p>\u2022 Fueron vinculados a proceso por homicidio y tentativa de homicidio Ciudad Valles. \u2013 La Fiscal\u00eda General del Estado de San Luis Potos\u00ed (FGESLP), por medio de sus abogados de la Delegaci\u00f3n S\u00e9ptima, consigui\u00f3 que fueran vinculados a proceso dos sujetos que presuntamente dispararon en contra de una familia de la que perdieron la vida dos personas adultas y resultaron lesionados tres menores de edad en Ciudad Valles. La Fiscal\u00eda le solicit\u00f3 al Juez de Control la medida cautelar de prisi\u00f3n preventiva oficiosa para los dos se\u00f1alados, luego de que se les imputaron los delitos de homicidio calificado y homicidio [&hellip;]<\/p>\n","protected":false},"author":2,"featured_media":23454,"comment_status":"closed","ping_status":"closed","sticky":false,"template":"","format":"standard","meta":{"footnotes":""},"categories":[48],"tags":[],"class_list":["post-23448","post","type-post","status-publish","format-standard","has-post-thumbnail","hentry","category-reporte7","post--single"],"yoast_head":"<!-- This site is optimized with the Yoast SEO plugin v27.4 - https:\/\/yoast.com\/product\/yoast-seo-wordpress\/ -->\n<title>En Ciudad Valles, FGE obtuvo prisi\u00f3n preventiva para dos hombres por dispararle a una familia - Canal 7 SLP - 2021<\/title>\n<meta name=\"robots\" content=\"index, follow, max-snippet:-1, max-image-preview:large, max-video-preview:-1\" \/>\n<link rel=\"canonical\" href=\"https:\/\/canal7slp.tv\/2021\/en-ciudad-valles-fge-obtuvo-prision-preventiva-para-dos-hombres-por-dispararle-a-una-familia\/\" \/>\n<meta property=\"og:locale\" content=\"es_ES\" \/>\n<meta property=\"og:type\" content=\"article\" \/>\n<meta property=\"og:title\" content=\"En Ciudad Valles, FGE obtuvo prisi\u00f3n preventiva para dos hombres por dispararle a una familia - Canal 7 SLP - 2021\" \/>\n<meta property=\"og:description\" content=\"\u2022 Fueron vinculados a proceso por homicidio y tentativa de homicidio Ciudad Valles. \u2013 La Fiscal\u00eda General del Estado de San Luis Potos\u00ed (FGESLP), por medio de sus abogados de la Delegaci\u00f3n S\u00e9ptima, consigui\u00f3 que fueran vinculados a proceso dos sujetos que presuntamente dispararon en contra de una familia de la que perdieron la vida dos personas adultas y resultaron lesionados tres menores de edad en Ciudad Valles. La Fiscal\u00eda le solicit\u00f3 al Juez de Control la medida cautelar de prisi\u00f3n preventiva oficiosa para los dos se\u00f1alados, luego de que se les imputaron los delitos de homicidio calificado y homicidio [&hellip;]\" \/>\n<meta property=\"og:url\" content=\"https:\/\/canal7slp.tv\/2021\/en-ciudad-valles-fge-obtuvo-prision-preventiva-para-dos-hombres-por-dispararle-a-una-familia\/\" \/>\n<meta property=\"og:site_name\" content=\"Canal 7 SLP - 2021\" \/>\n<meta property=\"article:publisher\" content=\"https:\/\/www.facebook.com\/noticieroscanalsiete\" \/>\n<meta property=\"article:published_time\" content=\"2021-07-06T21:54:31+00:00\" \/>\n<meta property=\"og:image\" content=\"https:\/\/canal7slp.tv\/2021\/wp-content\/uploads\/2021\/07\/zz1.jpg\" \/>\n\t<meta property=\"og:image:width\" content=\"792\" \/>\n\t<meta property=\"og:image:height\" content=\"554\" \/>\n\t<meta property=\"og:image:type\" content=\"image\/jpeg\" \/>\n<meta name=\"author\" content=\"Edici\u00f3n Web\" \/>\n<meta name=\"twitter:card\" content=\"summary_large_image\" \/>\n<meta name=\"twitter:creator\" content=\"@NOTICIEROS7\" \/>\n<meta name=\"twitter:site\" content=\"@NOTICIEROS7\" \/>\n<meta name=\"twitter:label1\" content=\"Escrito por\" \/>\n\t<meta name=\"twitter:data1\" content=\"Edici\u00f3n Web\" \/>\n\t<meta name=\"twitter:label2\" content=\"Tiempo de lectura\" \/>\n\t<meta name=\"twitter:data2\" content=\"2 minutos\" \/>\n<script type=\"application\/ld+json\" class=\"yoast-schema-graph\">{\"@context\":\"https:\\\/\\\/schema.org\",\"@graph\":[{\"@type\":\"Article\",\"@id\":\"https:\\\/\\\/canal7slp.tv\\\/2021\\\/en-ciudad-valles-fge-obtuvo-prision-preventiva-para-dos-hombres-por-dispararle-a-una-familia\\\/#article\",\"isPartOf\":{\"@id\":\"https:\\\/\\\/canal7slp.tv\\\/2021\\\/en-ciudad-valles-fge-obtuvo-prision-preventiva-para-dos-hombres-por-dispararle-a-una-familia\\\/\"},\"author\":{\"name\":\"Edici\u00f3n Web\",\"@id\":\"https:\\\/\\\/canal7slp.tv\\\/2021\\\/#\\\/schema\\\/person\\\/28a12b0491d3b6f41a854d062961bdc7\"},\"headline\":\"En Ciudad Valles, FGE obtuvo prisi\u00f3n preventiva para dos hombres por dispararle a una familia\",\"datePublished\":\"2021-07-06T21:54:31+00:00\",\"mainEntityOfPage\":{\"@id\":\"https:\\\/\\\/canal7slp.tv\\\/2021\\\/en-ciudad-valles-fge-obtuvo-prision-preventiva-para-dos-hombres-por-dispararle-a-una-familia\\\/\"},\"wordCount\":473,\"publisher\":{\"@id\":\"https:\\\/\\\/canal7slp.tv\\\/2021\\\/#organization\"},\"image\":{\"@id\":\"https:\\\/\\\/canal7slp.tv\\\/2021\\\/en-ciudad-valles-fge-obtuvo-prision-preventiva-para-dos-hombres-por-dispararle-a-una-familia\\\/#primaryimage\"},\"thumbnailUrl\":\"https:\\\/\\\/canal7slp.tv\\\/2021\\\/wp-content\\\/uploads\\\/2021\\\/07\\\/zz1.jpg\",\"articleSection\":[\"REPORTE 7\"],\"inLanguage\":\"es\"},{\"@type\":\"WebPage\",\"@id\":\"https:\\\/\\\/canal7slp.tv\\\/2021\\\/en-ciudad-valles-fge-obtuvo-prision-preventiva-para-dos-hombres-por-dispararle-a-una-familia\\\/\",\"url\":\"https:\\\/\\\/canal7slp.tv\\\/2021\\\/en-ciudad-valles-fge-obtuvo-prision-preventiva-para-dos-hombres-por-dispararle-a-una-familia\\\/\",\"name\":\"En Ciudad Valles, FGE obtuvo prisi\u00f3n preventiva para dos hombres por dispararle a una familia - Canal 7 SLP - 2021\",\"isPartOf\":{\"@id\":\"https:\\\/\\\/canal7slp.tv\\\/2021\\\/#website\"},\"primaryImageOfPage\":{\"@id\":\"https:\\\/\\\/canal7slp.tv\\\/2021\\\/en-ciudad-valles-fge-obtuvo-prision-preventiva-para-dos-hombres-por-dispararle-a-una-familia\\\/#primaryimage\"},\"image\":{\"@id\":\"https:\\\/\\\/canal7slp.tv\\\/2021\\\/en-ciudad-valles-fge-obtuvo-prision-preventiva-para-dos-hombres-por-dispararle-a-una-familia\\\/#primaryimage\"},\"thumbnailUrl\":\"https:\\\/\\\/canal7slp.tv\\\/2021\\\/wp-content\\\/uploads\\\/2021\\\/07\\\/zz1.jpg\",\"datePublished\":\"2021-07-06T21:54:31+00:00\",\"breadcrumb\":{\"@id\":\"https:\\\/\\\/canal7slp.tv\\\/2021\\\/en-ciudad-valles-fge-obtuvo-prision-preventiva-para-dos-hombres-por-dispararle-a-una-familia\\\/#breadcrumb\"},\"inLanguage\":\"es\",\"potentialAction\":[{\"@type\":\"ReadAction\",\"target\":[\"https:\\\/\\\/canal7slp.tv\\\/2021\\\/en-ciudad-valles-fge-obtuvo-prision-preventiva-para-dos-hombres-por-dispararle-a-una-familia\\\/\"]}]},{\"@type\":\"ImageObject\",\"inLanguage\":\"es\",\"@id\":\"https:\\\/\\\/canal7slp.tv\\\/2021\\\/en-ciudad-valles-fge-obtuvo-prision-preventiva-para-dos-hombres-por-dispararle-a-una-familia\\\/#primaryimage\",\"url\":\"https:\\\/\\\/canal7slp.tv\\\/2021\\\/wp-content\\\/uploads\\\/2021\\\/07\\\/zz1.jpg\",\"contentUrl\":\"https:\\\/\\\/canal7slp.tv\\\/2021\\\/wp-content\\\/uploads\\\/2021\\\/07\\\/zz1.jpg\",\"width\":792,\"height\":554},{\"@type\":\"BreadcrumbList\",\"@id\":\"https:\\\/\\\/canal7slp.tv\\\/2021\\\/en-ciudad-valles-fge-obtuvo-prision-preventiva-para-dos-hombres-por-dispararle-a-una-familia\\\/#breadcrumb\",\"itemListElement\":[{\"@type\":\"ListItem\",\"position\":1,\"name\":\"Portada\",\"item\":\"https:\\\/\\\/canal7slp.tv\\\/2021\\\/\"},{\"@type\":\"ListItem\",\"position\":2,\"name\":\"En Ciudad Valles, FGE obtuvo prisi\u00f3n preventiva para dos hombres por dispararle a una familia\"}]},{\"@type\":\"WebSite\",\"@id\":\"https:\\\/\\\/canal7slp.tv\\\/2021\\\/#website\",\"url\":\"https:\\\/\\\/canal7slp.tv\\\/2021\\\/\",\"name\":\"N7 - Noticieros Canal 7\",\"description\":\"Somos Televisi\u00f3n\",\"publisher\":{\"@id\":\"https:\\\/\\\/canal7slp.tv\\\/2021\\\/#organization\"},\"potentialAction\":[{\"@type\":\"SearchAction\",\"target\":{\"@type\":\"EntryPoint\",\"urlTemplate\":\"https:\\\/\\\/canal7slp.tv\\\/2021\\\/?s={search_term_string}\"},\"query-input\":{\"@type\":\"PropertyValueSpecification\",\"valueRequired\":true,\"valueName\":\"search_term_string\"}}],\"inLanguage\":\"es\"},{\"@type\":\"Organization\",\"@id\":\"https:\\\/\\\/canal7slp.tv\\\/2021\\\/#organization\",\"name\":\"Noticieros Canal 7\",\"url\":\"https:\\\/\\\/canal7slp.tv\\\/2021\\\/\",\"logo\":{\"@type\":\"ImageObject\",\"inLanguage\":\"es\",\"@id\":\"https:\\\/\\\/canal7slp.tv\\\/2021\\\/#\\\/schema\\\/logo\\\/image\\\/\",\"url\":\"https:\\\/\\\/canal7slp.tv\\\/2021\\\/wp-content\\\/uploads\\\/2021\\\/01\\\/logo-noticieros@2x.png\",\"contentUrl\":\"https:\\\/\\\/canal7slp.tv\\\/2021\\\/wp-content\\\/uploads\\\/2021\\\/01\\\/logo-noticieros@2x.png\",\"width\":1017,\"height\":268,\"caption\":\"Noticieros Canal 7\"},\"image\":{\"@id\":\"https:\\\/\\\/canal7slp.tv\\\/2021\\\/#\\\/schema\\\/logo\\\/image\\\/\"},\"sameAs\":[\"https:\\\/\\\/www.facebook.com\\\/noticieroscanalsiete\",\"https:\\\/\\\/x.com\\\/NOTICIEROS7\",\"https:\\\/\\\/www.instagram.com\\\/canal7_slp\",\"https:\\\/\\\/www.youtube.com\\\/channel\\\/UCliiYs-gP3JfJeqdPrNdd5A\"]},{\"@type\":\"Person\",\"@id\":\"https:\\\/\\\/canal7slp.tv\\\/2021\\\/#\\\/schema\\\/person\\\/28a12b0491d3b6f41a854d062961bdc7\",\"name\":\"Edici\u00f3n Web\",\"image\":{\"@type\":\"ImageObject\",\"inLanguage\":\"es\",\"@id\":\"https:\\\/\\\/secure.gravatar.com\\\/avatar\\\/eee448fc3f7164808013b816ba91ac7e43bbe82a70bebac296f8bc6f0addaa1a?s=96&d=mm&r=g\",\"url\":\"https:\\\/\\\/secure.gravatar.com\\\/avatar\\\/eee448fc3f7164808013b816ba91ac7e43bbe82a70bebac296f8bc6f0addaa1a?s=96&d=mm&r=g\",\"contentUrl\":\"https:\\\/\\\/secure.gravatar.com\\\/avatar\\\/eee448fc3f7164808013b816ba91ac7e43bbe82a70bebac296f8bc6f0addaa1a?s=96&d=mm&r=g\",\"caption\":\"Edici\u00f3n Web\"},\"url\":\"https:\\\/\\\/canal7slp.tv\\\/2021\\\/author\\\/edicionweb\\\/\"}]}<\/script>\n<!-- \/ Yoast SEO plugin. -->","yoast_head_json":{"title":"En Ciudad Valles, FGE obtuvo prisi\u00f3n preventiva para dos hombres por dispararle a una familia - Canal 7 SLP - 2021","robots":{"index":"index","follow":"follow","max-snippet":"max-snippet:-1","max-image-preview":"max-image-preview:large","max-video-preview":"max-video-preview:-1"},"canonical":"https:\/\/canal7slp.tv\/2021\/en-ciudad-valles-fge-obtuvo-prision-preventiva-para-dos-hombres-por-dispararle-a-una-familia\/","og_locale":"es_ES","og_type":"article","og_title":"En Ciudad Valles, FGE obtuvo prisi\u00f3n preventiva para dos hombres por dispararle a una familia - Canal 7 SLP - 2021","og_description":"\u2022 Fueron vinculados a proceso por homicidio y tentativa de homicidio Ciudad Valles. \u2013 La Fiscal\u00eda General del Estado de San Luis Potos\u00ed (FGESLP), por medio de sus abogados de la Delegaci\u00f3n S\u00e9ptima, consigui\u00f3 que fueran vinculados a proceso dos sujetos que presuntamente dispararon en contra de una familia de la que perdieron la vida dos personas adultas y resultaron lesionados tres menores de edad en Ciudad Valles. La Fiscal\u00eda le solicit\u00f3 al Juez de Control la medida cautelar de prisi\u00f3n preventiva oficiosa para los dos se\u00f1alados, luego de que se les imputaron los delitos de homicidio calificado y homicidio [&hellip;]","og_url":"https:\/\/canal7slp.tv\/2021\/en-ciudad-valles-fge-obtuvo-prision-preventiva-para-dos-hombres-por-dispararle-a-una-familia\/","og_site_name":"Canal 7 SLP - 2021","article_publisher":"https:\/\/www.facebook.com\/noticieroscanalsiete","article_published_time":"2021-07-06T21:54:31+00:00","og_image":[{"width":792,"height":554,"url":"https:\/\/canal7slp.tv\/2021\/wp-content\/uploads\/2021\/07\/zz1.jpg","type":"image\/jpeg"}],"author":"Edici\u00f3n Web","twitter_card":"summary_large_image","twitter_creator":"@NOTICIEROS7","twitter_site":"@NOTICIEROS7","twitter_misc":{"Escrito por":"Edici\u00f3n Web","Tiempo de lectura":"2 minutos"},"schema":{"@context":"https:\/\/schema.org","@graph":[{"@type":"Article","@id":"https:\/\/canal7slp.tv\/2021\/en-ciudad-valles-fge-obtuvo-prision-preventiva-para-dos-hombres-por-dispararle-a-una-familia\/#article","isPartOf":{"@id":"https:\/\/canal7slp.tv\/2021\/en-ciudad-valles-fge-obtuvo-prision-preventiva-para-dos-hombres-por-dispararle-a-una-familia\/"},"author":{"name":"Edici\u00f3n Web","@id":"https:\/\/canal7slp.tv\/2021\/#\/schema\/person\/28a12b0491d3b6f41a854d062961bdc7"},"headline":"En Ciudad Valles, FGE obtuvo prisi\u00f3n preventiva para dos hombres por dispararle a una familia","datePublished":"2021-07-06T21:54:31+00:00","mainEntityOfPage":{"@id":"https:\/\/canal7slp.tv\/2021\/en-ciudad-valles-fge-obtuvo-prision-preventiva-para-dos-hombres-por-dispararle-a-una-familia\/"},"wordCount":473,"publisher":{"@id":"https:\/\/canal7slp.tv\/2021\/#organization"},"image":{"@id":"https:\/\/canal7slp.tv\/2021\/en-ciudad-valles-fge-obtuvo-prision-preventiva-para-dos-hombres-por-dispararle-a-una-familia\/#primaryimage"},"thumbnailUrl":"https:\/\/canal7slp.tv\/2021\/wp-content\/uploads\/2021\/07\/zz1.jpg","articleSection":["REPORTE 7"],"inLanguage":"es"},{"@type":"WebPage","@id":"https:\/\/canal7slp.tv\/2021\/en-ciudad-valles-fge-obtuvo-prision-preventiva-para-dos-hombres-por-dispararle-a-una-familia\/","url":"https:\/\/canal7slp.tv\/2021\/en-ciudad-valles-fge-obtuvo-prision-preventiva-para-dos-hombres-por-dispararle-a-una-familia\/","name":"En Ciudad Valles, FGE obtuvo prisi\u00f3n preventiva para dos hombres por dispararle a una familia - Canal 7 SLP - 2021","isPartOf":{"@id":"https:\/\/canal7slp.tv\/2021\/#website"},"primaryImageOfPage":{"@id":"https:\/\/canal7slp.tv\/2021\/en-ciudad-valles-fge-obtuvo-prision-preventiva-para-dos-hombres-por-dispararle-a-una-familia\/#primaryimage"},"image":{"@id":"https:\/\/canal7slp.tv\/2021\/en-ciudad-valles-fge-obtuvo-prision-preventiva-para-dos-hombres-por-dispararle-a-una-familia\/#primaryimage"},"thumbnailUrl":"https:\/\/canal7slp.tv\/2021\/wp-content\/uploads\/2021\/07\/zz1.jpg","datePublished":"2021-07-06T21:54:31+00:00","breadcrumb":{"@id":"https:\/\/canal7slp.tv\/2021\/en-ciudad-valles-fge-obtuvo-prision-preventiva-para-dos-hombres-por-dispararle-a-una-familia\/#breadcrumb"},"inLanguage":"es","potentialAction":[{"@type":"ReadAction","target":["https:\/\/canal7slp.tv\/2021\/en-ciudad-valles-fge-obtuvo-prision-preventiva-para-dos-hombres-por-dispararle-a-una-familia\/"]}]},{"@type":"ImageObject","inLanguage":"es","@id":"https:\/\/canal7slp.tv\/2021\/en-ciudad-valles-fge-obtuvo-prision-preventiva-para-dos-hombres-por-dispararle-a-una-familia\/#primaryimage","url":"https:\/\/canal7slp.tv\/2021\/wp-content\/uploads\/2021\/07\/zz1.jpg","contentUrl":"https:\/\/canal7slp.tv\/2021\/wp-content\/uploads\/2021\/07\/zz1.jpg","width":792,"height":554},{"@type":"BreadcrumbList","@id":"https:\/\/canal7slp.tv\/2021\/en-ciudad-valles-fge-obtuvo-prision-preventiva-para-dos-hombres-por-dispararle-a-una-familia\/#breadcrumb","itemListElement":[{"@type":"ListItem","position":1,"name":"Portada","item":"https:\/\/canal7slp.tv\/2021\/"},{"@type":"ListItem","position":2,"name":"En Ciudad Valles, FGE obtuvo prisi\u00f3n preventiva para dos hombres por dispararle a una familia"}]},{"@type":"WebSite","@id":"https:\/\/canal7slp.tv\/2021\/#website","url":"https:\/\/canal7slp.tv\/2021\/","name":"N7 - Noticieros Canal 7","description":"Somos Televisi\u00f3n","publisher":{"@id":"https:\/\/canal7slp.tv\/2021\/#organization"},"potentialAction":[{"@type":"SearchAction","target":{"@type":"EntryPoint","urlTemplate":"https:\/\/canal7slp.tv\/2021\/?s={search_term_string}"},"query-input":{"@type":"PropertyValueSpecification","valueRequired":true,"valueName":"search_term_string"}}],"inLanguage":"es"},{"@type":"Organization","@id":"https:\/\/canal7slp.tv\/2021\/#organization","name":"Noticieros Canal 7","url":"https:\/\/canal7slp.tv\/2021\/","logo":{"@type":"ImageObject","inLanguage":"es","@id":"https:\/\/canal7slp.tv\/2021\/#\/schema\/logo\/image\/","url":"https:\/\/canal7slp.tv\/2021\/wp-content\/uploads\/2021\/01\/logo-noticieros@2x.png","contentUrl":"https:\/\/canal7slp.tv\/2021\/wp-content\/uploads\/2021\/01\/logo-noticieros@2x.png","width":1017,"height":268,"caption":"Noticieros Canal 7"},"image":{"@id":"https:\/\/canal7slp.tv\/2021\/#\/schema\/logo\/image\/"},"sameAs":["https:\/\/www.facebook.com\/noticieroscanalsiete","https:\/\/x.com\/NOTICIEROS7","https:\/\/www.instagram.com\/canal7_slp","https:\/\/www.youtube.com\/channel\/UCliiYs-gP3JfJeqdPrNdd5A"]},{"@type":"Person","@id":"https:\/\/canal7slp.tv\/2021\/#\/schema\/person\/28a12b0491d3b6f41a854d062961bdc7","name":"Edici\u00f3n Web","image":{"@type":"ImageObject","inLanguage":"es","@id":"https:\/\/secure.gravatar.com\/avatar\/eee448fc3f7164808013b816ba91ac7e43bbe82a70bebac296f8bc6f0addaa1a?s=96&d=mm&r=g","url":"https:\/\/secure.gravatar.com\/avatar\/eee448fc3f7164808013b816ba91ac7e43bbe82a70bebac296f8bc6f0addaa1a?s=96&d=mm&r=g","contentUrl":"https:\/\/secure.gravatar.com\/avatar\/eee448fc3f7164808013b816ba91ac7e43bbe82a70bebac296f8bc6f0addaa1a?s=96&d=mm&r=g","caption":"Edici\u00f3n Web"},"url":"https:\/\/canal7slp.tv\/2021\/author\/edicionweb\/"}]}},"_links":{"self":[{"href":"https:\/\/canal7slp.tv\/2021\/wp-json\/wp\/v2\/posts\/23448","targetHints":{"allow":["GET"]}}],"collection":[{"href":"https:\/\/canal7slp.tv\/2021\/wp-json\/wp\/v2\/posts"}],"about":[{"href":"https:\/\/canal7slp.tv\/2021\/wp-json\/wp\/v2\/types\/post"}],"author":[{"embeddable":true,"href":"https:\/\/canal7slp.tv\/2021\/wp-json\/wp\/v2\/users\/2"}],"replies":[{"embeddable":true,"href":"https:\/\/canal7slp.tv\/2021\/wp-json\/wp\/v2\/comments?post=23448"}],"version-history":[{"count":3,"href":"https:\/\/canal7slp.tv\/2021\/wp-json\/wp\/v2\/posts\/23448\/revisions"}],"predecessor-version":[{"id":23642,"href":"https:\/\/canal7slp.tv\/2021\/wp-json\/wp\/v2\/posts\/23448\/revisions\/23642"}],"wp:featuredmedia":[{"embeddable":true,"href":"https:\/\/canal7slp.tv\/2021\/wp-json\/wp\/v2\/media\/23454"}],"wp:attachment":[{"href":"https:\/\/canal7slp.tv\/2021\/wp-json\/wp\/v2\/media?parent=23448"}],"wp:term":[{"taxonomy":"category","embeddable":true,"href":"https:\/\/canal7slp.tv\/2021\/wp-json\/wp\/v2\/categories?post=23448"},{"taxonomy":"post_tag","embeddable":true,"href":"https:\/\/canal7slp.tv\/2021\/wp-json\/wp\/v2\/tags?post=23448"}],"curies":[{"name":"wp","href":"https:\/\/api.w.org\/{rel}","templated":true}]}}