{"id":23405,"date":"2021-07-06T13:43:24","date_gmt":"2021-07-06T19:43:24","guid":{"rendered":"https:\/\/canal7slp.tv\/2021\/?p=23405"},"modified":"2021-07-06T13:43:24","modified_gmt":"2021-07-06T19:43:24","slug":"salvador-de-alba-jr-probara-un-indy-light","status":"publish","type":"post","link":"https:\/\/canal7slp.tv\/2021\/salvador-de-alba-jr-probara-un-indy-light\/","title":{"rendered":"Salvador de Alba Jr. probar\u00e1 un Indy Light."},"content":{"rendered":"<p style=\"text-align: justify;\">SLP.- Andretti Autosport anunci\u00f3 que Salvador de Alba Jr, tendr\u00e1 su primera prueba en el Road to Indy con una prueba en la categor\u00eda de Indy Lights en el circuito de Mid-Ohio Sports Car Course el 7 de Julio.<\/p>\n<p style=\"text-align: justify;\">La prueba de Mid-Ohio para de Alba Jr. refleja ese compromiso al promover el joven talento del automovilismo mexicano trabajando para llegar al Road to Indy y eventualmente a la SERIE NTT INDYCAR.<\/p>\n<p style=\"text-align: justify;\">Esto se da de la nueva sociedad formada entre Michael Andretti y Michel Jourdain con el equipo que forma parte de la S\u00faper Copa en M\u00e9xico, esta uni\u00f3n se ha propuesto dar oportunidades a j\u00f3venes pilotos mexicanos y de toda Latinoam\u00e9rica.<\/p>\n","protected":false},"excerpt":{"rendered":"<p>SLP.- Andretti Autosport anunci\u00f3 que Salvador de Alba Jr, tendr\u00e1 su primera prueba en el Road to Indy con una prueba en la categor\u00eda de Indy Lights en el circuito de Mid-Ohio Sports Car Course el 7 de Julio. La prueba de Mid-Ohio para de Alba Jr. refleja ese compromiso al promover el joven talento del automovilismo mexicano trabajando para llegar al Road to Indy y eventualmente a la SERIE NTT INDYCAR. Esto se da de la nueva sociedad formada entre Michael Andretti y Michel Jourdain con el equipo que forma parte de la S\u00faper Copa en M\u00e9xico, esta uni\u00f3n [&hellip;]<\/p>\n","protected":false},"author":2,"featured_media":23414,"comment_status":"closed","ping_status":"closed","sticky":false,"template":"","format":"video","meta":{"footnotes":""},"categories":[7,5],"tags":[],"class_list":["post-23405","post","type-post","status-publish","format-video","has-post-thumbnail","hentry","category-deportes","category-destacadas","post_format-post-format-video","post--single"],"yoast_head":"<!-- This site is optimized with the Yoast SEO plugin v27.4 - https:\/\/yoast.com\/product\/yoast-seo-wordpress\/ -->\n<title>Salvador de Alba Jr. probar\u00e1 un Indy Light. - Canal 7 SLP - 2021<\/title>\n<meta name=\"robots\" content=\"index, follow, max-snippet:-1, max-image-preview:large, max-video-preview:-1\" \/>\n<link rel=\"canonical\" href=\"https:\/\/canal7slp.tv\/2021\/salvador-de-alba-jr-probara-un-indy-light\/\" \/>\n<meta property=\"og:locale\" content=\"es_ES\" \/>\n<meta property=\"og:type\" content=\"article\" \/>\n<meta property=\"og:title\" content=\"Salvador de Alba Jr. probar\u00e1 un Indy Light. - Canal 7 SLP - 2021\" \/>\n<meta property=\"og:description\" content=\"SLP.- Andretti Autosport anunci\u00f3 que Salvador de Alba Jr, tendr\u00e1 su primera prueba en el Road to Indy con una prueba en la categor\u00eda de Indy Lights en el circuito de Mid-Ohio Sports Car Course el 7 de Julio. La prueba de Mid-Ohio para de Alba Jr. refleja ese compromiso al promover el joven talento del automovilismo mexicano trabajando para llegar al Road to Indy y eventualmente a la SERIE NTT INDYCAR. Esto se da de la nueva sociedad formada entre Michael Andretti y Michel Jourdain con el equipo que forma parte de la S\u00faper Copa en M\u00e9xico, esta uni\u00f3n [&hellip;]\" \/>\n<meta property=\"og:url\" content=\"https:\/\/canal7slp.tv\/2021\/salvador-de-alba-jr-probara-un-indy-light\/\" \/>\n<meta property=\"og:site_name\" content=\"Canal 7 SLP - 2021\" \/>\n<meta property=\"article:publisher\" content=\"https:\/\/www.facebook.com\/noticieroscanalsiete\" \/>\n<meta property=\"article:published_time\" content=\"2021-07-06T19:43:24+00:00\" \/>\n<meta property=\"og:image\" content=\"https:\/\/canal7slp.tv\/2021\/wp-content\/uploads\/2021\/07\/Salvador-De-Alba-Jr.-Probara-Un-Indy-Light-.png\" \/>\n\t<meta property=\"og:image:width\" content=\"919\" \/>\n\t<meta property=\"og:image:height\" content=\"450\" \/>\n\t<meta property=\"og:image:type\" content=\"image\/png\" \/>\n<meta name=\"author\" content=\"Edici\u00f3n Web\" \/>\n<meta name=\"twitter:card\" content=\"summary_large_image\" \/>\n<meta name=\"twitter:creator\" content=\"@NOTICIEROS7\" \/>\n<meta name=\"twitter:site\" content=\"@NOTICIEROS7\" \/>\n<meta name=\"twitter:label1\" content=\"Escrito por\" \/>\n\t<meta name=\"twitter:data1\" content=\"Edici\u00f3n Web\" \/>\n\t<meta name=\"twitter:label2\" content=\"Tiempo de lectura\" \/>\n\t<meta name=\"twitter:data2\" content=\"1 minuto\" \/>\n<script type=\"application\/ld+json\" class=\"yoast-schema-graph\">{\"@context\":\"https:\\\/\\\/schema.org\",\"@graph\":[{\"@type\":\"Article\",\"@id\":\"https:\\\/\\\/canal7slp.tv\\\/2021\\\/salvador-de-alba-jr-probara-un-indy-light\\\/#article\",\"isPartOf\":{\"@id\":\"https:\\\/\\\/canal7slp.tv\\\/2021\\\/salvador-de-alba-jr-probara-un-indy-light\\\/\"},\"author\":{\"name\":\"Edici\u00f3n Web\",\"@id\":\"https:\\\/\\\/canal7slp.tv\\\/2021\\\/#\\\/schema\\\/person\\\/28a12b0491d3b6f41a854d062961bdc7\"},\"headline\":\"Salvador de Alba Jr. probar\u00e1 un Indy Light.\",\"datePublished\":\"2021-07-06T19:43:24+00:00\",\"mainEntityOfPage\":{\"@id\":\"https:\\\/\\\/canal7slp.tv\\\/2021\\\/salvador-de-alba-jr-probara-un-indy-light\\\/\"},\"wordCount\":127,\"publisher\":{\"@id\":\"https:\\\/\\\/canal7slp.tv\\\/2021\\\/#organization\"},\"image\":{\"@id\":\"https:\\\/\\\/canal7slp.tv\\\/2021\\\/salvador-de-alba-jr-probara-un-indy-light\\\/#primaryimage\"},\"thumbnailUrl\":\"https:\\\/\\\/canal7slp.tv\\\/2021\\\/wp-content\\\/uploads\\\/2021\\\/07\\\/Salvador-De-Alba-Jr.-Probara-Un-Indy-Light-.png\",\"articleSection\":[\"DEPORTES\",\"DESTACADAS\"],\"inLanguage\":\"es\"},{\"@type\":\"WebPage\",\"@id\":\"https:\\\/\\\/canal7slp.tv\\\/2021\\\/salvador-de-alba-jr-probara-un-indy-light\\\/\",\"url\":\"https:\\\/\\\/canal7slp.tv\\\/2021\\\/salvador-de-alba-jr-probara-un-indy-light\\\/\",\"name\":\"Salvador de Alba Jr. probar\u00e1 un Indy Light. - Canal 7 SLP - 2021\",\"isPartOf\":{\"@id\":\"https:\\\/\\\/canal7slp.tv\\\/2021\\\/#website\"},\"primaryImageOfPage\":{\"@id\":\"https:\\\/\\\/canal7slp.tv\\\/2021\\\/salvador-de-alba-jr-probara-un-indy-light\\\/#primaryimage\"},\"image\":{\"@id\":\"https:\\\/\\\/canal7slp.tv\\\/2021\\\/salvador-de-alba-jr-probara-un-indy-light\\\/#primaryimage\"},\"thumbnailUrl\":\"https:\\\/\\\/canal7slp.tv\\\/2021\\\/wp-content\\\/uploads\\\/2021\\\/07\\\/Salvador-De-Alba-Jr.-Probara-Un-Indy-Light-.png\",\"datePublished\":\"2021-07-06T19:43:24+00:00\",\"breadcrumb\":{\"@id\":\"https:\\\/\\\/canal7slp.tv\\\/2021\\\/salvador-de-alba-jr-probara-un-indy-light\\\/#breadcrumb\"},\"inLanguage\":\"es\",\"potentialAction\":[{\"@type\":\"ReadAction\",\"target\":[\"https:\\\/\\\/canal7slp.tv\\\/2021\\\/salvador-de-alba-jr-probara-un-indy-light\\\/\"]}]},{\"@type\":\"ImageObject\",\"inLanguage\":\"es\",\"@id\":\"https:\\\/\\\/canal7slp.tv\\\/2021\\\/salvador-de-alba-jr-probara-un-indy-light\\\/#primaryimage\",\"url\":\"https:\\\/\\\/canal7slp.tv\\\/2021\\\/wp-content\\\/uploads\\\/2021\\\/07\\\/Salvador-De-Alba-Jr.-Probara-Un-Indy-Light-.png\",\"contentUrl\":\"https:\\\/\\\/canal7slp.tv\\\/2021\\\/wp-content\\\/uploads\\\/2021\\\/07\\\/Salvador-De-Alba-Jr.-Probara-Un-Indy-Light-.png\",\"width\":919,\"height\":450},{\"@type\":\"BreadcrumbList\",\"@id\":\"https:\\\/\\\/canal7slp.tv\\\/2021\\\/salvador-de-alba-jr-probara-un-indy-light\\\/#breadcrumb\",\"itemListElement\":[{\"@type\":\"ListItem\",\"position\":1,\"name\":\"Portada\",\"item\":\"https:\\\/\\\/canal7slp.tv\\\/2021\\\/\"},{\"@type\":\"ListItem\",\"position\":2,\"name\":\"Salvador de Alba Jr. probar\u00e1 un Indy Light.\"}]},{\"@type\":\"WebSite\",\"@id\":\"https:\\\/\\\/canal7slp.tv\\\/2021\\\/#website\",\"url\":\"https:\\\/\\\/canal7slp.tv\\\/2021\\\/\",\"name\":\"N7 - Noticieros Canal 7\",\"description\":\"Somos Televisi\u00f3n\",\"publisher\":{\"@id\":\"https:\\\/\\\/canal7slp.tv\\\/2021\\\/#organization\"},\"potentialAction\":[{\"@type\":\"SearchAction\",\"target\":{\"@type\":\"EntryPoint\",\"urlTemplate\":\"https:\\\/\\\/canal7slp.tv\\\/2021\\\/?s={search_term_string}\"},\"query-input\":{\"@type\":\"PropertyValueSpecification\",\"valueRequired\":true,\"valueName\":\"search_term_string\"}}],\"inLanguage\":\"es\"},{\"@type\":\"Organization\",\"@id\":\"https:\\\/\\\/canal7slp.tv\\\/2021\\\/#organization\",\"name\":\"Noticieros Canal 7\",\"url\":\"https:\\\/\\\/canal7slp.tv\\\/2021\\\/\",\"logo\":{\"@type\":\"ImageObject\",\"inLanguage\":\"es\",\"@id\":\"https:\\\/\\\/canal7slp.tv\\\/2021\\\/#\\\/schema\\\/logo\\\/image\\\/\",\"url\":\"https:\\\/\\\/canal7slp.tv\\\/2021\\\/wp-content\\\/uploads\\\/2021\\\/01\\\/logo-noticieros@2x.png\",\"contentUrl\":\"https:\\\/\\\/canal7slp.tv\\\/2021\\\/wp-content\\\/uploads\\\/2021\\\/01\\\/logo-noticieros@2x.png\",\"width\":1017,\"height\":268,\"caption\":\"Noticieros Canal 7\"},\"image\":{\"@id\":\"https:\\\/\\\/canal7slp.tv\\\/2021\\\/#\\\/schema\\\/logo\\\/image\\\/\"},\"sameAs\":[\"https:\\\/\\\/www.facebook.com\\\/noticieroscanalsiete\",\"https:\\\/\\\/x.com\\\/NOTICIEROS7\",\"https:\\\/\\\/www.instagram.com\\\/canal7_slp\",\"https:\\\/\\\/www.youtube.com\\\/channel\\\/UCliiYs-gP3JfJeqdPrNdd5A\"]},{\"@type\":\"Person\",\"@id\":\"https:\\\/\\\/canal7slp.tv\\\/2021\\\/#\\\/schema\\\/person\\\/28a12b0491d3b6f41a854d062961bdc7\",\"name\":\"Edici\u00f3n Web\",\"image\":{\"@type\":\"ImageObject\",\"inLanguage\":\"es\",\"@id\":\"https:\\\/\\\/secure.gravatar.com\\\/avatar\\\/eee448fc3f7164808013b816ba91ac7e43bbe82a70bebac296f8bc6f0addaa1a?s=96&d=mm&r=g\",\"url\":\"https:\\\/\\\/secure.gravatar.com\\\/avatar\\\/eee448fc3f7164808013b816ba91ac7e43bbe82a70bebac296f8bc6f0addaa1a?s=96&d=mm&r=g\",\"contentUrl\":\"https:\\\/\\\/secure.gravatar.com\\\/avatar\\\/eee448fc3f7164808013b816ba91ac7e43bbe82a70bebac296f8bc6f0addaa1a?s=96&d=mm&r=g\",\"caption\":\"Edici\u00f3n Web\"},\"url\":\"https:\\\/\\\/canal7slp.tv\\\/2021\\\/author\\\/edicionweb\\\/\"}]}<\/script>\n<!-- \/ Yoast SEO plugin. -->","yoast_head_json":{"title":"Salvador de Alba Jr. probar\u00e1 un Indy Light. - Canal 7 SLP - 2021","robots":{"index":"index","follow":"follow","max-snippet":"max-snippet:-1","max-image-preview":"max-image-preview:large","max-video-preview":"max-video-preview:-1"},"canonical":"https:\/\/canal7slp.tv\/2021\/salvador-de-alba-jr-probara-un-indy-light\/","og_locale":"es_ES","og_type":"article","og_title":"Salvador de Alba Jr. probar\u00e1 un Indy Light. - Canal 7 SLP - 2021","og_description":"SLP.- Andretti Autosport anunci\u00f3 que Salvador de Alba Jr, tendr\u00e1 su primera prueba en el Road to Indy con una prueba en la categor\u00eda de Indy Lights en el circuito de Mid-Ohio Sports Car Course el 7 de Julio. La prueba de Mid-Ohio para de Alba Jr. refleja ese compromiso al promover el joven talento del automovilismo mexicano trabajando para llegar al Road to Indy y eventualmente a la SERIE NTT INDYCAR. Esto se da de la nueva sociedad formada entre Michael Andretti y Michel Jourdain con el equipo que forma parte de la S\u00faper Copa en M\u00e9xico, esta uni\u00f3n [&hellip;]","og_url":"https:\/\/canal7slp.tv\/2021\/salvador-de-alba-jr-probara-un-indy-light\/","og_site_name":"Canal 7 SLP - 2021","article_publisher":"https:\/\/www.facebook.com\/noticieroscanalsiete","article_published_time":"2021-07-06T19:43:24+00:00","og_image":[{"width":919,"height":450,"url":"https:\/\/canal7slp.tv\/2021\/wp-content\/uploads\/2021\/07\/Salvador-De-Alba-Jr.-Probara-Un-Indy-Light-.png","type":"image\/png"}],"author":"Edici\u00f3n Web","twitter_card":"summary_large_image","twitter_creator":"@NOTICIEROS7","twitter_site":"@NOTICIEROS7","twitter_misc":{"Escrito por":"Edici\u00f3n Web","Tiempo de lectura":"1 minuto"},"schema":{"@context":"https:\/\/schema.org","@graph":[{"@type":"Article","@id":"https:\/\/canal7slp.tv\/2021\/salvador-de-alba-jr-probara-un-indy-light\/#article","isPartOf":{"@id":"https:\/\/canal7slp.tv\/2021\/salvador-de-alba-jr-probara-un-indy-light\/"},"author":{"name":"Edici\u00f3n Web","@id":"https:\/\/canal7slp.tv\/2021\/#\/schema\/person\/28a12b0491d3b6f41a854d062961bdc7"},"headline":"Salvador de Alba Jr. probar\u00e1 un Indy Light.","datePublished":"2021-07-06T19:43:24+00:00","mainEntityOfPage":{"@id":"https:\/\/canal7slp.tv\/2021\/salvador-de-alba-jr-probara-un-indy-light\/"},"wordCount":127,"publisher":{"@id":"https:\/\/canal7slp.tv\/2021\/#organization"},"image":{"@id":"https:\/\/canal7slp.tv\/2021\/salvador-de-alba-jr-probara-un-indy-light\/#primaryimage"},"thumbnailUrl":"https:\/\/canal7slp.tv\/2021\/wp-content\/uploads\/2021\/07\/Salvador-De-Alba-Jr.-Probara-Un-Indy-Light-.png","articleSection":["DEPORTES","DESTACADAS"],"inLanguage":"es"},{"@type":"WebPage","@id":"https:\/\/canal7slp.tv\/2021\/salvador-de-alba-jr-probara-un-indy-light\/","url":"https:\/\/canal7slp.tv\/2021\/salvador-de-alba-jr-probara-un-indy-light\/","name":"Salvador de Alba Jr. probar\u00e1 un Indy Light. - Canal 7 SLP - 2021","isPartOf":{"@id":"https:\/\/canal7slp.tv\/2021\/#website"},"primaryImageOfPage":{"@id":"https:\/\/canal7slp.tv\/2021\/salvador-de-alba-jr-probara-un-indy-light\/#primaryimage"},"image":{"@id":"https:\/\/canal7slp.tv\/2021\/salvador-de-alba-jr-probara-un-indy-light\/#primaryimage"},"thumbnailUrl":"https:\/\/canal7slp.tv\/2021\/wp-content\/uploads\/2021\/07\/Salvador-De-Alba-Jr.-Probara-Un-Indy-Light-.png","datePublished":"2021-07-06T19:43:24+00:00","breadcrumb":{"@id":"https:\/\/canal7slp.tv\/2021\/salvador-de-alba-jr-probara-un-indy-light\/#breadcrumb"},"inLanguage":"es","potentialAction":[{"@type":"ReadAction","target":["https:\/\/canal7slp.tv\/2021\/salvador-de-alba-jr-probara-un-indy-light\/"]}]},{"@type":"ImageObject","inLanguage":"es","@id":"https:\/\/canal7slp.tv\/2021\/salvador-de-alba-jr-probara-un-indy-light\/#primaryimage","url":"https:\/\/canal7slp.tv\/2021\/wp-content\/uploads\/2021\/07\/Salvador-De-Alba-Jr.-Probara-Un-Indy-Light-.png","contentUrl":"https:\/\/canal7slp.tv\/2021\/wp-content\/uploads\/2021\/07\/Salvador-De-Alba-Jr.-Probara-Un-Indy-Light-.png","width":919,"height":450},{"@type":"BreadcrumbList","@id":"https:\/\/canal7slp.tv\/2021\/salvador-de-alba-jr-probara-un-indy-light\/#breadcrumb","itemListElement":[{"@type":"ListItem","position":1,"name":"Portada","item":"https:\/\/canal7slp.tv\/2021\/"},{"@type":"ListItem","position":2,"name":"Salvador de Alba Jr. probar\u00e1 un Indy Light."}]},{"@type":"WebSite","@id":"https:\/\/canal7slp.tv\/2021\/#website","url":"https:\/\/canal7slp.tv\/2021\/","name":"N7 - Noticieros Canal 7","description":"Somos Televisi\u00f3n","publisher":{"@id":"https:\/\/canal7slp.tv\/2021\/#organization"},"potentialAction":[{"@type":"SearchAction","target":{"@type":"EntryPoint","urlTemplate":"https:\/\/canal7slp.tv\/2021\/?s={search_term_string}"},"query-input":{"@type":"PropertyValueSpecification","valueRequired":true,"valueName":"search_term_string"}}],"inLanguage":"es"},{"@type":"Organization","@id":"https:\/\/canal7slp.tv\/2021\/#organization","name":"Noticieros Canal 7","url":"https:\/\/canal7slp.tv\/2021\/","logo":{"@type":"ImageObject","inLanguage":"es","@id":"https:\/\/canal7slp.tv\/2021\/#\/schema\/logo\/image\/","url":"https:\/\/canal7slp.tv\/2021\/wp-content\/uploads\/2021\/01\/logo-noticieros@2x.png","contentUrl":"https:\/\/canal7slp.tv\/2021\/wp-content\/uploads\/2021\/01\/logo-noticieros@2x.png","width":1017,"height":268,"caption":"Noticieros Canal 7"},"image":{"@id":"https:\/\/canal7slp.tv\/2021\/#\/schema\/logo\/image\/"},"sameAs":["https:\/\/www.facebook.com\/noticieroscanalsiete","https:\/\/x.com\/NOTICIEROS7","https:\/\/www.instagram.com\/canal7_slp","https:\/\/www.youtube.com\/channel\/UCliiYs-gP3JfJeqdPrNdd5A"]},{"@type":"Person","@id":"https:\/\/canal7slp.tv\/2021\/#\/schema\/person\/28a12b0491d3b6f41a854d062961bdc7","name":"Edici\u00f3n Web","image":{"@type":"ImageObject","inLanguage":"es","@id":"https:\/\/secure.gravatar.com\/avatar\/eee448fc3f7164808013b816ba91ac7e43bbe82a70bebac296f8bc6f0addaa1a?s=96&d=mm&r=g","url":"https:\/\/secure.gravatar.com\/avatar\/eee448fc3f7164808013b816ba91ac7e43bbe82a70bebac296f8bc6f0addaa1a?s=96&d=mm&r=g","contentUrl":"https:\/\/secure.gravatar.com\/avatar\/eee448fc3f7164808013b816ba91ac7e43bbe82a70bebac296f8bc6f0addaa1a?s=96&d=mm&r=g","caption":"Edici\u00f3n Web"},"url":"https:\/\/canal7slp.tv\/2021\/author\/edicionweb\/"}]}},"_links":{"self":[{"href":"https:\/\/canal7slp.tv\/2021\/wp-json\/wp\/v2\/posts\/23405","targetHints":{"allow":["GET"]}}],"collection":[{"href":"https:\/\/canal7slp.tv\/2021\/wp-json\/wp\/v2\/posts"}],"about":[{"href":"https:\/\/canal7slp.tv\/2021\/wp-json\/wp\/v2\/types\/post"}],"author":[{"embeddable":true,"href":"https:\/\/canal7slp.tv\/2021\/wp-json\/wp\/v2\/users\/2"}],"replies":[{"embeddable":true,"href":"https:\/\/canal7slp.tv\/2021\/wp-json\/wp\/v2\/comments?post=23405"}],"version-history":[{"count":2,"href":"https:\/\/canal7slp.tv\/2021\/wp-json\/wp\/v2\/posts\/23405\/revisions"}],"predecessor-version":[{"id":23417,"href":"https:\/\/canal7slp.tv\/2021\/wp-json\/wp\/v2\/posts\/23405\/revisions\/23417"}],"wp:featuredmedia":[{"embeddable":true,"href":"https:\/\/canal7slp.tv\/2021\/wp-json\/wp\/v2\/media\/23414"}],"wp:attachment":[{"href":"https:\/\/canal7slp.tv\/2021\/wp-json\/wp\/v2\/media?parent=23405"}],"wp:term":[{"taxonomy":"category","embeddable":true,"href":"https:\/\/canal7slp.tv\/2021\/wp-json\/wp\/v2\/categories?post=23405"},{"taxonomy":"post_tag","embeddable":true,"href":"https:\/\/canal7slp.tv\/2021\/wp-json\/wp\/v2\/tags?post=23405"}],"curies":[{"name":"wp","href":"https:\/\/api.w.org\/{rel}","templated":true}]}}