{"id":23380,"date":"2021-07-06T12:44:32","date_gmt":"2021-07-06T18:44:32","guid":{"rendered":"https:\/\/canal7slp.tv\/2021\/?p=23380"},"modified":"2021-07-06T12:44:32","modified_gmt":"2021-07-06T18:44:32","slug":"revelan-causas-del-apagon-masivo-del-28-de-diciembre-de-2020","status":"publish","type":"post","link":"https:\/\/canal7slp.tv\/2021\/revelan-causas-del-apagon-masivo-del-28-de-diciembre-de-2020\/","title":{"rendered":"Revelan causas del apag\u00f3n masivo del 28 de diciembre de 2020"},"content":{"rendered":"<p style=\"text-align: justify;\">M\u00e9xico.- Un dictamen independiente presentado hoy por la Comisi\u00f3n Federal de Electricidad atribuy\u00f3 parte de la responsabilidad del apag\u00f3n masivo del 28 de diciembre a la \u201cinserci\u00f3n indiscriminada\u201d de los generadores de renovables al sistema.<\/p>\n<p style=\"text-align: justify;\">As\u00ed mismo, el documento confirm\u00f3 que el incendio reportado a finales de 2020 fue otra de las causas del apag\u00f3n que dej\u00f3 sin luz a m\u00e1s de 10 millones de usuarios.<\/p>\n<p style=\"text-align: justify;\">\u201cLa falla fue debido a un incendio en esta zona, hab\u00eda un basurero local de las comunidades que habitan cerca. Hubo un incendio que produce una columna de aire caliente que se ioniza y produce una descarga al tener contacto con la l\u00ednea de transmisi\u00f3n\u201d, coment\u00f3 Octavio Mota Palomino, experto en el \u00e1rea de la operaci\u00f3n y planeaci\u00f3n en sistemas de potencia y sistemas interconectados.<\/p>\n<p style=\"text-align: justify;\">Aunado, el dictamen puntualiz\u00f3 que la falla en el sistema el\u00e9ctrico ocurri\u00f3 cuando hab\u00eda muy baja demanda y una gran generaci\u00f3n de energ\u00eda e\u00f3lica y fotovoltaica.<\/p>\n<p style=\"text-align: justify;\">Debido a esto, se asever\u00f3 que \u201cincumplimientos\u201d por parte de la espa\u00f1ola Acciona contribuyeron a generar las intermitencias y fallas.<\/p>\n<p style=\"text-align: justify;\">Mota Palomino, doctor en Filosof\u00eda en Ingenier\u00eda El\u00e9ctrica, indic\u00f3 que las plantas renovables intermitentes ten\u00edan una alta cuota de participaci\u00f3n ese d\u00eda, lo que produjo una saturaci\u00f3n en las l\u00edneas de transmisi\u00f3n entre el norte y el sur del pa\u00eds.<\/p>\n<p style=\"text-align: justify;\">A pesar de que en un inicio los sistemas de protecci\u00f3n operaron correctamente, diversas condiciones llevaron a la p\u00e9rdida de estabilidad de la Red Nacional de Transmisi\u00f3n y la desconexi\u00f3n de seis l\u00edneas de transmisi\u00f3n, indic\u00f3 el experto.<\/p>\n","protected":false},"excerpt":{"rendered":"<p>M\u00e9xico.- Un dictamen independiente presentado hoy por la Comisi\u00f3n Federal de Electricidad atribuy\u00f3 parte de la responsabilidad del apag\u00f3n masivo del 28 de diciembre a la \u201cinserci\u00f3n indiscriminada\u201d de los generadores de renovables al sistema. As\u00ed mismo, el documento confirm\u00f3 que el incendio reportado a finales de 2020 fue otra de las causas del apag\u00f3n que dej\u00f3 sin luz a m\u00e1s de 10 millones de usuarios. \u201cLa falla fue debido a un incendio en esta zona, hab\u00eda un basurero local de las comunidades que habitan cerca. Hubo un incendio que produce una columna de aire caliente que se ioniza y [&hellip;]<\/p>\n","protected":false},"author":2,"featured_media":23393,"comment_status":"closed","ping_status":"closed","sticky":false,"template":"","format":"standard","meta":{"footnotes":""},"categories":[46],"tags":[],"class_list":["post-23380","post","type-post","status-publish","format-standard","has-post-thumbnail","hentry","category-nacional","post--single"],"yoast_head":"<!-- This site is optimized with the Yoast SEO plugin v27.4 - https:\/\/yoast.com\/product\/yoast-seo-wordpress\/ -->\n<title>Revelan causas del apag\u00f3n masivo del 28 de diciembre de 2020 - Canal 7 SLP - 2021<\/title>\n<meta name=\"robots\" content=\"index, follow, max-snippet:-1, max-image-preview:large, max-video-preview:-1\" \/>\n<link rel=\"canonical\" href=\"https:\/\/canal7slp.tv\/2021\/revelan-causas-del-apagon-masivo-del-28-de-diciembre-de-2020\/\" \/>\n<meta property=\"og:locale\" content=\"es_ES\" \/>\n<meta property=\"og:type\" content=\"article\" \/>\n<meta property=\"og:title\" content=\"Revelan causas del apag\u00f3n masivo del 28 de diciembre de 2020 - Canal 7 SLP - 2021\" \/>\n<meta property=\"og:description\" content=\"M\u00e9xico.- Un dictamen independiente presentado hoy por la Comisi\u00f3n Federal de Electricidad atribuy\u00f3 parte de la responsabilidad del apag\u00f3n masivo del 28 de diciembre a la \u201cinserci\u00f3n indiscriminada\u201d de los generadores de renovables al sistema. As\u00ed mismo, el documento confirm\u00f3 que el incendio reportado a finales de 2020 fue otra de las causas del apag\u00f3n que dej\u00f3 sin luz a m\u00e1s de 10 millones de usuarios. \u201cLa falla fue debido a un incendio en esta zona, hab\u00eda un basurero local de las comunidades que habitan cerca. Hubo un incendio que produce una columna de aire caliente que se ioniza y [&hellip;]\" \/>\n<meta property=\"og:url\" content=\"https:\/\/canal7slp.tv\/2021\/revelan-causas-del-apagon-masivo-del-28-de-diciembre-de-2020\/\" \/>\n<meta property=\"og:site_name\" content=\"Canal 7 SLP - 2021\" \/>\n<meta property=\"article:publisher\" content=\"https:\/\/www.facebook.com\/noticieroscanalsiete\" \/>\n<meta property=\"article:published_time\" content=\"2021-07-06T18:44:32+00:00\" \/>\n<meta property=\"og:image\" content=\"https:\/\/canal7slp.tv\/2021\/wp-content\/uploads\/2021\/07\/03-4.jpg\" \/>\n\t<meta property=\"og:image:width\" content=\"840\" \/>\n\t<meta property=\"og:image:height\" content=\"560\" \/>\n\t<meta property=\"og:image:type\" content=\"image\/jpeg\" \/>\n<meta name=\"author\" content=\"Edici\u00f3n Web\" \/>\n<meta name=\"twitter:card\" content=\"summary_large_image\" \/>\n<meta name=\"twitter:creator\" content=\"@NOTICIEROS7\" \/>\n<meta name=\"twitter:site\" content=\"@NOTICIEROS7\" \/>\n<meta name=\"twitter:label1\" content=\"Escrito por\" \/>\n\t<meta name=\"twitter:data1\" content=\"Edici\u00f3n Web\" \/>\n\t<meta name=\"twitter:label2\" content=\"Tiempo de lectura\" \/>\n\t<meta name=\"twitter:data2\" content=\"2 minutos\" \/>\n<script type=\"application\/ld+json\" class=\"yoast-schema-graph\">{\"@context\":\"https:\\\/\\\/schema.org\",\"@graph\":[{\"@type\":\"Article\",\"@id\":\"https:\\\/\\\/canal7slp.tv\\\/2021\\\/revelan-causas-del-apagon-masivo-del-28-de-diciembre-de-2020\\\/#article\",\"isPartOf\":{\"@id\":\"https:\\\/\\\/canal7slp.tv\\\/2021\\\/revelan-causas-del-apagon-masivo-del-28-de-diciembre-de-2020\\\/\"},\"author\":{\"name\":\"Edici\u00f3n Web\",\"@id\":\"https:\\\/\\\/canal7slp.tv\\\/2021\\\/#\\\/schema\\\/person\\\/28a12b0491d3b6f41a854d062961bdc7\"},\"headline\":\"Revelan causas del apag\u00f3n masivo del 28 de diciembre de 2020\",\"datePublished\":\"2021-07-06T18:44:32+00:00\",\"mainEntityOfPage\":{\"@id\":\"https:\\\/\\\/canal7slp.tv\\\/2021\\\/revelan-causas-del-apagon-masivo-del-28-de-diciembre-de-2020\\\/\"},\"wordCount\":296,\"publisher\":{\"@id\":\"https:\\\/\\\/canal7slp.tv\\\/2021\\\/#organization\"},\"image\":{\"@id\":\"https:\\\/\\\/canal7slp.tv\\\/2021\\\/revelan-causas-del-apagon-masivo-del-28-de-diciembre-de-2020\\\/#primaryimage\"},\"thumbnailUrl\":\"https:\\\/\\\/canal7slp.tv\\\/2021\\\/wp-content\\\/uploads\\\/2021\\\/07\\\/03-4.jpg\",\"articleSection\":[\"NACIONALES\"],\"inLanguage\":\"es\"},{\"@type\":\"WebPage\",\"@id\":\"https:\\\/\\\/canal7slp.tv\\\/2021\\\/revelan-causas-del-apagon-masivo-del-28-de-diciembre-de-2020\\\/\",\"url\":\"https:\\\/\\\/canal7slp.tv\\\/2021\\\/revelan-causas-del-apagon-masivo-del-28-de-diciembre-de-2020\\\/\",\"name\":\"Revelan causas del apag\u00f3n masivo del 28 de diciembre de 2020 - Canal 7 SLP - 2021\",\"isPartOf\":{\"@id\":\"https:\\\/\\\/canal7slp.tv\\\/2021\\\/#website\"},\"primaryImageOfPage\":{\"@id\":\"https:\\\/\\\/canal7slp.tv\\\/2021\\\/revelan-causas-del-apagon-masivo-del-28-de-diciembre-de-2020\\\/#primaryimage\"},\"image\":{\"@id\":\"https:\\\/\\\/canal7slp.tv\\\/2021\\\/revelan-causas-del-apagon-masivo-del-28-de-diciembre-de-2020\\\/#primaryimage\"},\"thumbnailUrl\":\"https:\\\/\\\/canal7slp.tv\\\/2021\\\/wp-content\\\/uploads\\\/2021\\\/07\\\/03-4.jpg\",\"datePublished\":\"2021-07-06T18:44:32+00:00\",\"breadcrumb\":{\"@id\":\"https:\\\/\\\/canal7slp.tv\\\/2021\\\/revelan-causas-del-apagon-masivo-del-28-de-diciembre-de-2020\\\/#breadcrumb\"},\"inLanguage\":\"es\",\"potentialAction\":[{\"@type\":\"ReadAction\",\"target\":[\"https:\\\/\\\/canal7slp.tv\\\/2021\\\/revelan-causas-del-apagon-masivo-del-28-de-diciembre-de-2020\\\/\"]}]},{\"@type\":\"ImageObject\",\"inLanguage\":\"es\",\"@id\":\"https:\\\/\\\/canal7slp.tv\\\/2021\\\/revelan-causas-del-apagon-masivo-del-28-de-diciembre-de-2020\\\/#primaryimage\",\"url\":\"https:\\\/\\\/canal7slp.tv\\\/2021\\\/wp-content\\\/uploads\\\/2021\\\/07\\\/03-4.jpg\",\"contentUrl\":\"https:\\\/\\\/canal7slp.tv\\\/2021\\\/wp-content\\\/uploads\\\/2021\\\/07\\\/03-4.jpg\",\"width\":840,\"height\":560},{\"@type\":\"BreadcrumbList\",\"@id\":\"https:\\\/\\\/canal7slp.tv\\\/2021\\\/revelan-causas-del-apagon-masivo-del-28-de-diciembre-de-2020\\\/#breadcrumb\",\"itemListElement\":[{\"@type\":\"ListItem\",\"position\":1,\"name\":\"Portada\",\"item\":\"https:\\\/\\\/canal7slp.tv\\\/2021\\\/\"},{\"@type\":\"ListItem\",\"position\":2,\"name\":\"Revelan causas del apag\u00f3n masivo del 28 de diciembre de 2020\"}]},{\"@type\":\"WebSite\",\"@id\":\"https:\\\/\\\/canal7slp.tv\\\/2021\\\/#website\",\"url\":\"https:\\\/\\\/canal7slp.tv\\\/2021\\\/\",\"name\":\"N7 - Noticieros Canal 7\",\"description\":\"Somos Televisi\u00f3n\",\"publisher\":{\"@id\":\"https:\\\/\\\/canal7slp.tv\\\/2021\\\/#organization\"},\"potentialAction\":[{\"@type\":\"SearchAction\",\"target\":{\"@type\":\"EntryPoint\",\"urlTemplate\":\"https:\\\/\\\/canal7slp.tv\\\/2021\\\/?s={search_term_string}\"},\"query-input\":{\"@type\":\"PropertyValueSpecification\",\"valueRequired\":true,\"valueName\":\"search_term_string\"}}],\"inLanguage\":\"es\"},{\"@type\":\"Organization\",\"@id\":\"https:\\\/\\\/canal7slp.tv\\\/2021\\\/#organization\",\"name\":\"Noticieros Canal 7\",\"url\":\"https:\\\/\\\/canal7slp.tv\\\/2021\\\/\",\"logo\":{\"@type\":\"ImageObject\",\"inLanguage\":\"es\",\"@id\":\"https:\\\/\\\/canal7slp.tv\\\/2021\\\/#\\\/schema\\\/logo\\\/image\\\/\",\"url\":\"https:\\\/\\\/canal7slp.tv\\\/2021\\\/wp-content\\\/uploads\\\/2021\\\/01\\\/logo-noticieros@2x.png\",\"contentUrl\":\"https:\\\/\\\/canal7slp.tv\\\/2021\\\/wp-content\\\/uploads\\\/2021\\\/01\\\/logo-noticieros@2x.png\",\"width\":1017,\"height\":268,\"caption\":\"Noticieros Canal 7\"},\"image\":{\"@id\":\"https:\\\/\\\/canal7slp.tv\\\/2021\\\/#\\\/schema\\\/logo\\\/image\\\/\"},\"sameAs\":[\"https:\\\/\\\/www.facebook.com\\\/noticieroscanalsiete\",\"https:\\\/\\\/x.com\\\/NOTICIEROS7\",\"https:\\\/\\\/www.instagram.com\\\/canal7_slp\",\"https:\\\/\\\/www.youtube.com\\\/channel\\\/UCliiYs-gP3JfJeqdPrNdd5A\"]},{\"@type\":\"Person\",\"@id\":\"https:\\\/\\\/canal7slp.tv\\\/2021\\\/#\\\/schema\\\/person\\\/28a12b0491d3b6f41a854d062961bdc7\",\"name\":\"Edici\u00f3n Web\",\"image\":{\"@type\":\"ImageObject\",\"inLanguage\":\"es\",\"@id\":\"https:\\\/\\\/secure.gravatar.com\\\/avatar\\\/eee448fc3f7164808013b816ba91ac7e43bbe82a70bebac296f8bc6f0addaa1a?s=96&d=mm&r=g\",\"url\":\"https:\\\/\\\/secure.gravatar.com\\\/avatar\\\/eee448fc3f7164808013b816ba91ac7e43bbe82a70bebac296f8bc6f0addaa1a?s=96&d=mm&r=g\",\"contentUrl\":\"https:\\\/\\\/secure.gravatar.com\\\/avatar\\\/eee448fc3f7164808013b816ba91ac7e43bbe82a70bebac296f8bc6f0addaa1a?s=96&d=mm&r=g\",\"caption\":\"Edici\u00f3n Web\"},\"url\":\"https:\\\/\\\/canal7slp.tv\\\/2021\\\/author\\\/edicionweb\\\/\"}]}<\/script>\n<!-- \/ Yoast SEO plugin. -->","yoast_head_json":{"title":"Revelan causas del apag\u00f3n masivo del 28 de diciembre de 2020 - Canal 7 SLP - 2021","robots":{"index":"index","follow":"follow","max-snippet":"max-snippet:-1","max-image-preview":"max-image-preview:large","max-video-preview":"max-video-preview:-1"},"canonical":"https:\/\/canal7slp.tv\/2021\/revelan-causas-del-apagon-masivo-del-28-de-diciembre-de-2020\/","og_locale":"es_ES","og_type":"article","og_title":"Revelan causas del apag\u00f3n masivo del 28 de diciembre de 2020 - Canal 7 SLP - 2021","og_description":"M\u00e9xico.- Un dictamen independiente presentado hoy por la Comisi\u00f3n Federal de Electricidad atribuy\u00f3 parte de la responsabilidad del apag\u00f3n masivo del 28 de diciembre a la \u201cinserci\u00f3n indiscriminada\u201d de los generadores de renovables al sistema. As\u00ed mismo, el documento confirm\u00f3 que el incendio reportado a finales de 2020 fue otra de las causas del apag\u00f3n que dej\u00f3 sin luz a m\u00e1s de 10 millones de usuarios. \u201cLa falla fue debido a un incendio en esta zona, hab\u00eda un basurero local de las comunidades que habitan cerca. Hubo un incendio que produce una columna de aire caliente que se ioniza y [&hellip;]","og_url":"https:\/\/canal7slp.tv\/2021\/revelan-causas-del-apagon-masivo-del-28-de-diciembre-de-2020\/","og_site_name":"Canal 7 SLP - 2021","article_publisher":"https:\/\/www.facebook.com\/noticieroscanalsiete","article_published_time":"2021-07-06T18:44:32+00:00","og_image":[{"width":840,"height":560,"url":"https:\/\/canal7slp.tv\/2021\/wp-content\/uploads\/2021\/07\/03-4.jpg","type":"image\/jpeg"}],"author":"Edici\u00f3n Web","twitter_card":"summary_large_image","twitter_creator":"@NOTICIEROS7","twitter_site":"@NOTICIEROS7","twitter_misc":{"Escrito por":"Edici\u00f3n Web","Tiempo de lectura":"2 minutos"},"schema":{"@context":"https:\/\/schema.org","@graph":[{"@type":"Article","@id":"https:\/\/canal7slp.tv\/2021\/revelan-causas-del-apagon-masivo-del-28-de-diciembre-de-2020\/#article","isPartOf":{"@id":"https:\/\/canal7slp.tv\/2021\/revelan-causas-del-apagon-masivo-del-28-de-diciembre-de-2020\/"},"author":{"name":"Edici\u00f3n Web","@id":"https:\/\/canal7slp.tv\/2021\/#\/schema\/person\/28a12b0491d3b6f41a854d062961bdc7"},"headline":"Revelan causas del apag\u00f3n masivo del 28 de diciembre de 2020","datePublished":"2021-07-06T18:44:32+00:00","mainEntityOfPage":{"@id":"https:\/\/canal7slp.tv\/2021\/revelan-causas-del-apagon-masivo-del-28-de-diciembre-de-2020\/"},"wordCount":296,"publisher":{"@id":"https:\/\/canal7slp.tv\/2021\/#organization"},"image":{"@id":"https:\/\/canal7slp.tv\/2021\/revelan-causas-del-apagon-masivo-del-28-de-diciembre-de-2020\/#primaryimage"},"thumbnailUrl":"https:\/\/canal7slp.tv\/2021\/wp-content\/uploads\/2021\/07\/03-4.jpg","articleSection":["NACIONALES"],"inLanguage":"es"},{"@type":"WebPage","@id":"https:\/\/canal7slp.tv\/2021\/revelan-causas-del-apagon-masivo-del-28-de-diciembre-de-2020\/","url":"https:\/\/canal7slp.tv\/2021\/revelan-causas-del-apagon-masivo-del-28-de-diciembre-de-2020\/","name":"Revelan causas del apag\u00f3n masivo del 28 de diciembre de 2020 - Canal 7 SLP - 2021","isPartOf":{"@id":"https:\/\/canal7slp.tv\/2021\/#website"},"primaryImageOfPage":{"@id":"https:\/\/canal7slp.tv\/2021\/revelan-causas-del-apagon-masivo-del-28-de-diciembre-de-2020\/#primaryimage"},"image":{"@id":"https:\/\/canal7slp.tv\/2021\/revelan-causas-del-apagon-masivo-del-28-de-diciembre-de-2020\/#primaryimage"},"thumbnailUrl":"https:\/\/canal7slp.tv\/2021\/wp-content\/uploads\/2021\/07\/03-4.jpg","datePublished":"2021-07-06T18:44:32+00:00","breadcrumb":{"@id":"https:\/\/canal7slp.tv\/2021\/revelan-causas-del-apagon-masivo-del-28-de-diciembre-de-2020\/#breadcrumb"},"inLanguage":"es","potentialAction":[{"@type":"ReadAction","target":["https:\/\/canal7slp.tv\/2021\/revelan-causas-del-apagon-masivo-del-28-de-diciembre-de-2020\/"]}]},{"@type":"ImageObject","inLanguage":"es","@id":"https:\/\/canal7slp.tv\/2021\/revelan-causas-del-apagon-masivo-del-28-de-diciembre-de-2020\/#primaryimage","url":"https:\/\/canal7slp.tv\/2021\/wp-content\/uploads\/2021\/07\/03-4.jpg","contentUrl":"https:\/\/canal7slp.tv\/2021\/wp-content\/uploads\/2021\/07\/03-4.jpg","width":840,"height":560},{"@type":"BreadcrumbList","@id":"https:\/\/canal7slp.tv\/2021\/revelan-causas-del-apagon-masivo-del-28-de-diciembre-de-2020\/#breadcrumb","itemListElement":[{"@type":"ListItem","position":1,"name":"Portada","item":"https:\/\/canal7slp.tv\/2021\/"},{"@type":"ListItem","position":2,"name":"Revelan causas del apag\u00f3n masivo del 28 de diciembre de 2020"}]},{"@type":"WebSite","@id":"https:\/\/canal7slp.tv\/2021\/#website","url":"https:\/\/canal7slp.tv\/2021\/","name":"N7 - Noticieros Canal 7","description":"Somos Televisi\u00f3n","publisher":{"@id":"https:\/\/canal7slp.tv\/2021\/#organization"},"potentialAction":[{"@type":"SearchAction","target":{"@type":"EntryPoint","urlTemplate":"https:\/\/canal7slp.tv\/2021\/?s={search_term_string}"},"query-input":{"@type":"PropertyValueSpecification","valueRequired":true,"valueName":"search_term_string"}}],"inLanguage":"es"},{"@type":"Organization","@id":"https:\/\/canal7slp.tv\/2021\/#organization","name":"Noticieros Canal 7","url":"https:\/\/canal7slp.tv\/2021\/","logo":{"@type":"ImageObject","inLanguage":"es","@id":"https:\/\/canal7slp.tv\/2021\/#\/schema\/logo\/image\/","url":"https:\/\/canal7slp.tv\/2021\/wp-content\/uploads\/2021\/01\/logo-noticieros@2x.png","contentUrl":"https:\/\/canal7slp.tv\/2021\/wp-content\/uploads\/2021\/01\/logo-noticieros@2x.png","width":1017,"height":268,"caption":"Noticieros Canal 7"},"image":{"@id":"https:\/\/canal7slp.tv\/2021\/#\/schema\/logo\/image\/"},"sameAs":["https:\/\/www.facebook.com\/noticieroscanalsiete","https:\/\/x.com\/NOTICIEROS7","https:\/\/www.instagram.com\/canal7_slp","https:\/\/www.youtube.com\/channel\/UCliiYs-gP3JfJeqdPrNdd5A"]},{"@type":"Person","@id":"https:\/\/canal7slp.tv\/2021\/#\/schema\/person\/28a12b0491d3b6f41a854d062961bdc7","name":"Edici\u00f3n Web","image":{"@type":"ImageObject","inLanguage":"es","@id":"https:\/\/secure.gravatar.com\/avatar\/eee448fc3f7164808013b816ba91ac7e43bbe82a70bebac296f8bc6f0addaa1a?s=96&d=mm&r=g","url":"https:\/\/secure.gravatar.com\/avatar\/eee448fc3f7164808013b816ba91ac7e43bbe82a70bebac296f8bc6f0addaa1a?s=96&d=mm&r=g","contentUrl":"https:\/\/secure.gravatar.com\/avatar\/eee448fc3f7164808013b816ba91ac7e43bbe82a70bebac296f8bc6f0addaa1a?s=96&d=mm&r=g","caption":"Edici\u00f3n Web"},"url":"https:\/\/canal7slp.tv\/2021\/author\/edicionweb\/"}]}},"_links":{"self":[{"href":"https:\/\/canal7slp.tv\/2021\/wp-json\/wp\/v2\/posts\/23380","targetHints":{"allow":["GET"]}}],"collection":[{"href":"https:\/\/canal7slp.tv\/2021\/wp-json\/wp\/v2\/posts"}],"about":[{"href":"https:\/\/canal7slp.tv\/2021\/wp-json\/wp\/v2\/types\/post"}],"author":[{"embeddable":true,"href":"https:\/\/canal7slp.tv\/2021\/wp-json\/wp\/v2\/users\/2"}],"replies":[{"embeddable":true,"href":"https:\/\/canal7slp.tv\/2021\/wp-json\/wp\/v2\/comments?post=23380"}],"version-history":[{"count":1,"href":"https:\/\/canal7slp.tv\/2021\/wp-json\/wp\/v2\/posts\/23380\/revisions"}],"predecessor-version":[{"id":23387,"href":"https:\/\/canal7slp.tv\/2021\/wp-json\/wp\/v2\/posts\/23380\/revisions\/23387"}],"wp:featuredmedia":[{"embeddable":true,"href":"https:\/\/canal7slp.tv\/2021\/wp-json\/wp\/v2\/media\/23393"}],"wp:attachment":[{"href":"https:\/\/canal7slp.tv\/2021\/wp-json\/wp\/v2\/media?parent=23380"}],"wp:term":[{"taxonomy":"category","embeddable":true,"href":"https:\/\/canal7slp.tv\/2021\/wp-json\/wp\/v2\/categories?post=23380"},{"taxonomy":"post_tag","embeddable":true,"href":"https:\/\/canal7slp.tv\/2021\/wp-json\/wp\/v2\/tags?post=23380"}],"curies":[{"name":"wp","href":"https:\/\/api.w.org\/{rel}","templated":true}]}}