{"id":23379,"date":"2021-07-06T12:44:32","date_gmt":"2021-07-06T18:44:32","guid":{"rendered":"https:\/\/canal7slp.tv\/2021\/?p=23379"},"modified":"2021-07-06T12:44:32","modified_gmt":"2021-07-06T18:44:32","slug":"autoridades-abren-registro-para-personas-mayores-de-18-anos-interesadas-en-vacunarse-contra-el-covid-19","status":"publish","type":"post","link":"https:\/\/canal7slp.tv\/2021\/autoridades-abren-registro-para-personas-mayores-de-18-anos-interesadas-en-vacunarse-contra-el-covid-19\/","title":{"rendered":"Autoridades abren registro para personas mayores de 18 a\u00f1os interesadas en vacunarse contra el Covid-19"},"content":{"rendered":"<p style=\"text-align: justify;\">M\u00e9xico.- La plataforma \u201cMi Vacuna\u201d ya permite el registro de personas mayores de 18 a\u00f1os para que puedan recibir la vacuna contra el SARS-COV-2.<\/p>\n<p style=\"text-align: justify;\">Para entrar en la planeaci\u00f3n de la campa\u00f1a de vacunaci\u00f3n, los interesados deben ingresar su CURP, datos de residencia y de contacto en la p\u00e1gina:<\/p>\n<p style=\"text-align: justify;\">https:\/\/mivacuna.salud.gob.mx\/index.php<\/p>\n<p style=\"text-align: justify;\">Cabe se\u00f1alar que el procedimiento no es una cita para ser vacunado, solo forma parte registro para que las autoridades comuniquen cuando pueden recibir el medicamento.<\/p>\n<p style=\"text-align: justify;\">As\u00ed mismo, se acelero el registro debido a la presencia de la variante Delta en M\u00e9xico.<\/p>\n","protected":false},"excerpt":{"rendered":"<p>M\u00e9xico.- La plataforma \u201cMi Vacuna\u201d ya permite el registro de personas mayores de 18 a\u00f1os para que puedan recibir la vacuna contra el SARS-COV-2. Para entrar en la planeaci\u00f3n de la campa\u00f1a de vacunaci\u00f3n, los interesados deben ingresar su CURP, datos de residencia y de contacto en la p\u00e1gina: https:\/\/mivacuna.salud.gob.mx\/index.php Cabe se\u00f1alar que el procedimiento no es una cita para ser vacunado, solo forma parte registro para que las autoridades comuniquen cuando pueden recibir el medicamento. As\u00ed mismo, se acelero el registro debido a la presencia de la variante Delta en M\u00e9xico.<\/p>\n","protected":false},"author":2,"featured_media":23392,"comment_status":"closed","ping_status":"closed","sticky":false,"template":"","format":"standard","meta":{"footnotes":""},"categories":[4,46],"tags":[],"class_list":["post-23379","post","type-post","status-publish","format-standard","has-post-thumbnail","hentry","category-covid-19","category-nacional","post--single"],"yoast_head":"<!-- This site is optimized with the Yoast SEO plugin v27.4 - https:\/\/yoast.com\/product\/yoast-seo-wordpress\/ -->\n<title>Autoridades abren registro para personas mayores de 18 a\u00f1os interesadas en vacunarse contra el Covid-19 - Canal 7 SLP - 2021<\/title>\n<meta name=\"robots\" content=\"index, follow, max-snippet:-1, max-image-preview:large, max-video-preview:-1\" \/>\n<link rel=\"canonical\" href=\"https:\/\/canal7slp.tv\/2021\/autoridades-abren-registro-para-personas-mayores-de-18-anos-interesadas-en-vacunarse-contra-el-covid-19\/\" \/>\n<meta property=\"og:locale\" content=\"es_ES\" \/>\n<meta property=\"og:type\" content=\"article\" \/>\n<meta property=\"og:title\" content=\"Autoridades abren registro para personas mayores de 18 a\u00f1os interesadas en vacunarse contra el Covid-19 - Canal 7 SLP - 2021\" \/>\n<meta property=\"og:description\" content=\"M\u00e9xico.- La plataforma \u201cMi Vacuna\u201d ya permite el registro de personas mayores de 18 a\u00f1os para que puedan recibir la vacuna contra el SARS-COV-2. Para entrar en la planeaci\u00f3n de la campa\u00f1a de vacunaci\u00f3n, los interesados deben ingresar su CURP, datos de residencia y de contacto en la p\u00e1gina: https:\/\/mivacuna.salud.gob.mx\/index.php Cabe se\u00f1alar que el procedimiento no es una cita para ser vacunado, solo forma parte registro para que las autoridades comuniquen cuando pueden recibir el medicamento. As\u00ed mismo, se acelero el registro debido a la presencia de la variante Delta en M\u00e9xico.\" \/>\n<meta property=\"og:url\" content=\"https:\/\/canal7slp.tv\/2021\/autoridades-abren-registro-para-personas-mayores-de-18-anos-interesadas-en-vacunarse-contra-el-covid-19\/\" \/>\n<meta property=\"og:site_name\" content=\"Canal 7 SLP - 2021\" \/>\n<meta property=\"article:publisher\" content=\"https:\/\/www.facebook.com\/noticieroscanalsiete\" \/>\n<meta property=\"article:published_time\" content=\"2021-07-06T18:44:32+00:00\" \/>\n<meta property=\"og:image\" content=\"https:\/\/canal7slp.tv\/2021\/wp-content\/uploads\/2021\/07\/02-1.jpeg\" \/>\n\t<meta property=\"og:image:width\" content=\"1024\" \/>\n\t<meta property=\"og:image:height\" content=\"735\" \/>\n\t<meta property=\"og:image:type\" content=\"image\/jpeg\" \/>\n<meta name=\"author\" content=\"Edici\u00f3n Web\" \/>\n<meta name=\"twitter:card\" content=\"summary_large_image\" \/>\n<meta name=\"twitter:creator\" content=\"@NOTICIEROS7\" \/>\n<meta name=\"twitter:site\" content=\"@NOTICIEROS7\" \/>\n<meta name=\"twitter:label1\" content=\"Escrito por\" \/>\n\t<meta name=\"twitter:data1\" content=\"Edici\u00f3n Web\" \/>\n\t<meta name=\"twitter:label2\" content=\"Tiempo de lectura\" \/>\n\t<meta name=\"twitter:data2\" content=\"1 minuto\" \/>\n<script type=\"application\/ld+json\" class=\"yoast-schema-graph\">{\"@context\":\"https:\\\/\\\/schema.org\",\"@graph\":[{\"@type\":\"Article\",\"@id\":\"https:\\\/\\\/canal7slp.tv\\\/2021\\\/autoridades-abren-registro-para-personas-mayores-de-18-anos-interesadas-en-vacunarse-contra-el-covid-19\\\/#article\",\"isPartOf\":{\"@id\":\"https:\\\/\\\/canal7slp.tv\\\/2021\\\/autoridades-abren-registro-para-personas-mayores-de-18-anos-interesadas-en-vacunarse-contra-el-covid-19\\\/\"},\"author\":{\"name\":\"Edici\u00f3n Web\",\"@id\":\"https:\\\/\\\/canal7slp.tv\\\/2021\\\/#\\\/schema\\\/person\\\/28a12b0491d3b6f41a854d062961bdc7\"},\"headline\":\"Autoridades abren registro para personas mayores de 18 a\u00f1os interesadas en vacunarse contra el Covid-19\",\"datePublished\":\"2021-07-06T18:44:32+00:00\",\"mainEntityOfPage\":{\"@id\":\"https:\\\/\\\/canal7slp.tv\\\/2021\\\/autoridades-abren-registro-para-personas-mayores-de-18-anos-interesadas-en-vacunarse-contra-el-covid-19\\\/\"},\"wordCount\":121,\"publisher\":{\"@id\":\"https:\\\/\\\/canal7slp.tv\\\/2021\\\/#organization\"},\"image\":{\"@id\":\"https:\\\/\\\/canal7slp.tv\\\/2021\\\/autoridades-abren-registro-para-personas-mayores-de-18-anos-interesadas-en-vacunarse-contra-el-covid-19\\\/#primaryimage\"},\"thumbnailUrl\":\"https:\\\/\\\/canal7slp.tv\\\/2021\\\/wp-content\\\/uploads\\\/2021\\\/07\\\/02-1.jpeg\",\"articleSection\":[\"COVID-19\",\"NACIONALES\"],\"inLanguage\":\"es\"},{\"@type\":\"WebPage\",\"@id\":\"https:\\\/\\\/canal7slp.tv\\\/2021\\\/autoridades-abren-registro-para-personas-mayores-de-18-anos-interesadas-en-vacunarse-contra-el-covid-19\\\/\",\"url\":\"https:\\\/\\\/canal7slp.tv\\\/2021\\\/autoridades-abren-registro-para-personas-mayores-de-18-anos-interesadas-en-vacunarse-contra-el-covid-19\\\/\",\"name\":\"Autoridades abren registro para personas mayores de 18 a\u00f1os interesadas en vacunarse contra el Covid-19 - Canal 7 SLP - 2021\",\"isPartOf\":{\"@id\":\"https:\\\/\\\/canal7slp.tv\\\/2021\\\/#website\"},\"primaryImageOfPage\":{\"@id\":\"https:\\\/\\\/canal7slp.tv\\\/2021\\\/autoridades-abren-registro-para-personas-mayores-de-18-anos-interesadas-en-vacunarse-contra-el-covid-19\\\/#primaryimage\"},\"image\":{\"@id\":\"https:\\\/\\\/canal7slp.tv\\\/2021\\\/autoridades-abren-registro-para-personas-mayores-de-18-anos-interesadas-en-vacunarse-contra-el-covid-19\\\/#primaryimage\"},\"thumbnailUrl\":\"https:\\\/\\\/canal7slp.tv\\\/2021\\\/wp-content\\\/uploads\\\/2021\\\/07\\\/02-1.jpeg\",\"datePublished\":\"2021-07-06T18:44:32+00:00\",\"breadcrumb\":{\"@id\":\"https:\\\/\\\/canal7slp.tv\\\/2021\\\/autoridades-abren-registro-para-personas-mayores-de-18-anos-interesadas-en-vacunarse-contra-el-covid-19\\\/#breadcrumb\"},\"inLanguage\":\"es\",\"potentialAction\":[{\"@type\":\"ReadAction\",\"target\":[\"https:\\\/\\\/canal7slp.tv\\\/2021\\\/autoridades-abren-registro-para-personas-mayores-de-18-anos-interesadas-en-vacunarse-contra-el-covid-19\\\/\"]}]},{\"@type\":\"ImageObject\",\"inLanguage\":\"es\",\"@id\":\"https:\\\/\\\/canal7slp.tv\\\/2021\\\/autoridades-abren-registro-para-personas-mayores-de-18-anos-interesadas-en-vacunarse-contra-el-covid-19\\\/#primaryimage\",\"url\":\"https:\\\/\\\/canal7slp.tv\\\/2021\\\/wp-content\\\/uploads\\\/2021\\\/07\\\/02-1.jpeg\",\"contentUrl\":\"https:\\\/\\\/canal7slp.tv\\\/2021\\\/wp-content\\\/uploads\\\/2021\\\/07\\\/02-1.jpeg\",\"width\":1024,\"height\":735},{\"@type\":\"BreadcrumbList\",\"@id\":\"https:\\\/\\\/canal7slp.tv\\\/2021\\\/autoridades-abren-registro-para-personas-mayores-de-18-anos-interesadas-en-vacunarse-contra-el-covid-19\\\/#breadcrumb\",\"itemListElement\":[{\"@type\":\"ListItem\",\"position\":1,\"name\":\"Portada\",\"item\":\"https:\\\/\\\/canal7slp.tv\\\/2021\\\/\"},{\"@type\":\"ListItem\",\"position\":2,\"name\":\"Autoridades abren registro para personas mayores de 18 a\u00f1os interesadas en vacunarse contra el Covid-19\"}]},{\"@type\":\"WebSite\",\"@id\":\"https:\\\/\\\/canal7slp.tv\\\/2021\\\/#website\",\"url\":\"https:\\\/\\\/canal7slp.tv\\\/2021\\\/\",\"name\":\"N7 - Noticieros Canal 7\",\"description\":\"Somos Televisi\u00f3n\",\"publisher\":{\"@id\":\"https:\\\/\\\/canal7slp.tv\\\/2021\\\/#organization\"},\"potentialAction\":[{\"@type\":\"SearchAction\",\"target\":{\"@type\":\"EntryPoint\",\"urlTemplate\":\"https:\\\/\\\/canal7slp.tv\\\/2021\\\/?s={search_term_string}\"},\"query-input\":{\"@type\":\"PropertyValueSpecification\",\"valueRequired\":true,\"valueName\":\"search_term_string\"}}],\"inLanguage\":\"es\"},{\"@type\":\"Organization\",\"@id\":\"https:\\\/\\\/canal7slp.tv\\\/2021\\\/#organization\",\"name\":\"Noticieros Canal 7\",\"url\":\"https:\\\/\\\/canal7slp.tv\\\/2021\\\/\",\"logo\":{\"@type\":\"ImageObject\",\"inLanguage\":\"es\",\"@id\":\"https:\\\/\\\/canal7slp.tv\\\/2021\\\/#\\\/schema\\\/logo\\\/image\\\/\",\"url\":\"https:\\\/\\\/canal7slp.tv\\\/2021\\\/wp-content\\\/uploads\\\/2021\\\/01\\\/logo-noticieros@2x.png\",\"contentUrl\":\"https:\\\/\\\/canal7slp.tv\\\/2021\\\/wp-content\\\/uploads\\\/2021\\\/01\\\/logo-noticieros@2x.png\",\"width\":1017,\"height\":268,\"caption\":\"Noticieros Canal 7\"},\"image\":{\"@id\":\"https:\\\/\\\/canal7slp.tv\\\/2021\\\/#\\\/schema\\\/logo\\\/image\\\/\"},\"sameAs\":[\"https:\\\/\\\/www.facebook.com\\\/noticieroscanalsiete\",\"https:\\\/\\\/x.com\\\/NOTICIEROS7\",\"https:\\\/\\\/www.instagram.com\\\/canal7_slp\",\"https:\\\/\\\/www.youtube.com\\\/channel\\\/UCliiYs-gP3JfJeqdPrNdd5A\"]},{\"@type\":\"Person\",\"@id\":\"https:\\\/\\\/canal7slp.tv\\\/2021\\\/#\\\/schema\\\/person\\\/28a12b0491d3b6f41a854d062961bdc7\",\"name\":\"Edici\u00f3n Web\",\"image\":{\"@type\":\"ImageObject\",\"inLanguage\":\"es\",\"@id\":\"https:\\\/\\\/secure.gravatar.com\\\/avatar\\\/eee448fc3f7164808013b816ba91ac7e43bbe82a70bebac296f8bc6f0addaa1a?s=96&d=mm&r=g\",\"url\":\"https:\\\/\\\/secure.gravatar.com\\\/avatar\\\/eee448fc3f7164808013b816ba91ac7e43bbe82a70bebac296f8bc6f0addaa1a?s=96&d=mm&r=g\",\"contentUrl\":\"https:\\\/\\\/secure.gravatar.com\\\/avatar\\\/eee448fc3f7164808013b816ba91ac7e43bbe82a70bebac296f8bc6f0addaa1a?s=96&d=mm&r=g\",\"caption\":\"Edici\u00f3n Web\"},\"url\":\"https:\\\/\\\/canal7slp.tv\\\/2021\\\/author\\\/edicionweb\\\/\"}]}<\/script>\n<!-- \/ Yoast SEO plugin. -->","yoast_head_json":{"title":"Autoridades abren registro para personas mayores de 18 a\u00f1os interesadas en vacunarse contra el Covid-19 - Canal 7 SLP - 2021","robots":{"index":"index","follow":"follow","max-snippet":"max-snippet:-1","max-image-preview":"max-image-preview:large","max-video-preview":"max-video-preview:-1"},"canonical":"https:\/\/canal7slp.tv\/2021\/autoridades-abren-registro-para-personas-mayores-de-18-anos-interesadas-en-vacunarse-contra-el-covid-19\/","og_locale":"es_ES","og_type":"article","og_title":"Autoridades abren registro para personas mayores de 18 a\u00f1os interesadas en vacunarse contra el Covid-19 - Canal 7 SLP - 2021","og_description":"M\u00e9xico.- La plataforma \u201cMi Vacuna\u201d ya permite el registro de personas mayores de 18 a\u00f1os para que puedan recibir la vacuna contra el SARS-COV-2. Para entrar en la planeaci\u00f3n de la campa\u00f1a de vacunaci\u00f3n, los interesados deben ingresar su CURP, datos de residencia y de contacto en la p\u00e1gina: https:\/\/mivacuna.salud.gob.mx\/index.php Cabe se\u00f1alar que el procedimiento no es una cita para ser vacunado, solo forma parte registro para que las autoridades comuniquen cuando pueden recibir el medicamento. As\u00ed mismo, se acelero el registro debido a la presencia de la variante Delta en M\u00e9xico.","og_url":"https:\/\/canal7slp.tv\/2021\/autoridades-abren-registro-para-personas-mayores-de-18-anos-interesadas-en-vacunarse-contra-el-covid-19\/","og_site_name":"Canal 7 SLP - 2021","article_publisher":"https:\/\/www.facebook.com\/noticieroscanalsiete","article_published_time":"2021-07-06T18:44:32+00:00","og_image":[{"width":1024,"height":735,"url":"https:\/\/canal7slp.tv\/2021\/wp-content\/uploads\/2021\/07\/02-1.jpeg","type":"image\/jpeg"}],"author":"Edici\u00f3n Web","twitter_card":"summary_large_image","twitter_creator":"@NOTICIEROS7","twitter_site":"@NOTICIEROS7","twitter_misc":{"Escrito por":"Edici\u00f3n Web","Tiempo de lectura":"1 minuto"},"schema":{"@context":"https:\/\/schema.org","@graph":[{"@type":"Article","@id":"https:\/\/canal7slp.tv\/2021\/autoridades-abren-registro-para-personas-mayores-de-18-anos-interesadas-en-vacunarse-contra-el-covid-19\/#article","isPartOf":{"@id":"https:\/\/canal7slp.tv\/2021\/autoridades-abren-registro-para-personas-mayores-de-18-anos-interesadas-en-vacunarse-contra-el-covid-19\/"},"author":{"name":"Edici\u00f3n Web","@id":"https:\/\/canal7slp.tv\/2021\/#\/schema\/person\/28a12b0491d3b6f41a854d062961bdc7"},"headline":"Autoridades abren registro para personas mayores de 18 a\u00f1os interesadas en vacunarse contra el Covid-19","datePublished":"2021-07-06T18:44:32+00:00","mainEntityOfPage":{"@id":"https:\/\/canal7slp.tv\/2021\/autoridades-abren-registro-para-personas-mayores-de-18-anos-interesadas-en-vacunarse-contra-el-covid-19\/"},"wordCount":121,"publisher":{"@id":"https:\/\/canal7slp.tv\/2021\/#organization"},"image":{"@id":"https:\/\/canal7slp.tv\/2021\/autoridades-abren-registro-para-personas-mayores-de-18-anos-interesadas-en-vacunarse-contra-el-covid-19\/#primaryimage"},"thumbnailUrl":"https:\/\/canal7slp.tv\/2021\/wp-content\/uploads\/2021\/07\/02-1.jpeg","articleSection":["COVID-19","NACIONALES"],"inLanguage":"es"},{"@type":"WebPage","@id":"https:\/\/canal7slp.tv\/2021\/autoridades-abren-registro-para-personas-mayores-de-18-anos-interesadas-en-vacunarse-contra-el-covid-19\/","url":"https:\/\/canal7slp.tv\/2021\/autoridades-abren-registro-para-personas-mayores-de-18-anos-interesadas-en-vacunarse-contra-el-covid-19\/","name":"Autoridades abren registro para personas mayores de 18 a\u00f1os interesadas en vacunarse contra el Covid-19 - Canal 7 SLP - 2021","isPartOf":{"@id":"https:\/\/canal7slp.tv\/2021\/#website"},"primaryImageOfPage":{"@id":"https:\/\/canal7slp.tv\/2021\/autoridades-abren-registro-para-personas-mayores-de-18-anos-interesadas-en-vacunarse-contra-el-covid-19\/#primaryimage"},"image":{"@id":"https:\/\/canal7slp.tv\/2021\/autoridades-abren-registro-para-personas-mayores-de-18-anos-interesadas-en-vacunarse-contra-el-covid-19\/#primaryimage"},"thumbnailUrl":"https:\/\/canal7slp.tv\/2021\/wp-content\/uploads\/2021\/07\/02-1.jpeg","datePublished":"2021-07-06T18:44:32+00:00","breadcrumb":{"@id":"https:\/\/canal7slp.tv\/2021\/autoridades-abren-registro-para-personas-mayores-de-18-anos-interesadas-en-vacunarse-contra-el-covid-19\/#breadcrumb"},"inLanguage":"es","potentialAction":[{"@type":"ReadAction","target":["https:\/\/canal7slp.tv\/2021\/autoridades-abren-registro-para-personas-mayores-de-18-anos-interesadas-en-vacunarse-contra-el-covid-19\/"]}]},{"@type":"ImageObject","inLanguage":"es","@id":"https:\/\/canal7slp.tv\/2021\/autoridades-abren-registro-para-personas-mayores-de-18-anos-interesadas-en-vacunarse-contra-el-covid-19\/#primaryimage","url":"https:\/\/canal7slp.tv\/2021\/wp-content\/uploads\/2021\/07\/02-1.jpeg","contentUrl":"https:\/\/canal7slp.tv\/2021\/wp-content\/uploads\/2021\/07\/02-1.jpeg","width":1024,"height":735},{"@type":"BreadcrumbList","@id":"https:\/\/canal7slp.tv\/2021\/autoridades-abren-registro-para-personas-mayores-de-18-anos-interesadas-en-vacunarse-contra-el-covid-19\/#breadcrumb","itemListElement":[{"@type":"ListItem","position":1,"name":"Portada","item":"https:\/\/canal7slp.tv\/2021\/"},{"@type":"ListItem","position":2,"name":"Autoridades abren registro para personas mayores de 18 a\u00f1os interesadas en vacunarse contra el Covid-19"}]},{"@type":"WebSite","@id":"https:\/\/canal7slp.tv\/2021\/#website","url":"https:\/\/canal7slp.tv\/2021\/","name":"N7 - Noticieros Canal 7","description":"Somos Televisi\u00f3n","publisher":{"@id":"https:\/\/canal7slp.tv\/2021\/#organization"},"potentialAction":[{"@type":"SearchAction","target":{"@type":"EntryPoint","urlTemplate":"https:\/\/canal7slp.tv\/2021\/?s={search_term_string}"},"query-input":{"@type":"PropertyValueSpecification","valueRequired":true,"valueName":"search_term_string"}}],"inLanguage":"es"},{"@type":"Organization","@id":"https:\/\/canal7slp.tv\/2021\/#organization","name":"Noticieros Canal 7","url":"https:\/\/canal7slp.tv\/2021\/","logo":{"@type":"ImageObject","inLanguage":"es","@id":"https:\/\/canal7slp.tv\/2021\/#\/schema\/logo\/image\/","url":"https:\/\/canal7slp.tv\/2021\/wp-content\/uploads\/2021\/01\/logo-noticieros@2x.png","contentUrl":"https:\/\/canal7slp.tv\/2021\/wp-content\/uploads\/2021\/01\/logo-noticieros@2x.png","width":1017,"height":268,"caption":"Noticieros Canal 7"},"image":{"@id":"https:\/\/canal7slp.tv\/2021\/#\/schema\/logo\/image\/"},"sameAs":["https:\/\/www.facebook.com\/noticieroscanalsiete","https:\/\/x.com\/NOTICIEROS7","https:\/\/www.instagram.com\/canal7_slp","https:\/\/www.youtube.com\/channel\/UCliiYs-gP3JfJeqdPrNdd5A"]},{"@type":"Person","@id":"https:\/\/canal7slp.tv\/2021\/#\/schema\/person\/28a12b0491d3b6f41a854d062961bdc7","name":"Edici\u00f3n Web","image":{"@type":"ImageObject","inLanguage":"es","@id":"https:\/\/secure.gravatar.com\/avatar\/eee448fc3f7164808013b816ba91ac7e43bbe82a70bebac296f8bc6f0addaa1a?s=96&d=mm&r=g","url":"https:\/\/secure.gravatar.com\/avatar\/eee448fc3f7164808013b816ba91ac7e43bbe82a70bebac296f8bc6f0addaa1a?s=96&d=mm&r=g","contentUrl":"https:\/\/secure.gravatar.com\/avatar\/eee448fc3f7164808013b816ba91ac7e43bbe82a70bebac296f8bc6f0addaa1a?s=96&d=mm&r=g","caption":"Edici\u00f3n Web"},"url":"https:\/\/canal7slp.tv\/2021\/author\/edicionweb\/"}]}},"_links":{"self":[{"href":"https:\/\/canal7slp.tv\/2021\/wp-json\/wp\/v2\/posts\/23379","targetHints":{"allow":["GET"]}}],"collection":[{"href":"https:\/\/canal7slp.tv\/2021\/wp-json\/wp\/v2\/posts"}],"about":[{"href":"https:\/\/canal7slp.tv\/2021\/wp-json\/wp\/v2\/types\/post"}],"author":[{"embeddable":true,"href":"https:\/\/canal7slp.tv\/2021\/wp-json\/wp\/v2\/users\/2"}],"replies":[{"embeddable":true,"href":"https:\/\/canal7slp.tv\/2021\/wp-json\/wp\/v2\/comments?post=23379"}],"version-history":[{"count":2,"href":"https:\/\/canal7slp.tv\/2021\/wp-json\/wp\/v2\/posts\/23379\/revisions"}],"predecessor-version":[{"id":23402,"href":"https:\/\/canal7slp.tv\/2021\/wp-json\/wp\/v2\/posts\/23379\/revisions\/23402"}],"wp:featuredmedia":[{"embeddable":true,"href":"https:\/\/canal7slp.tv\/2021\/wp-json\/wp\/v2\/media\/23392"}],"wp:attachment":[{"href":"https:\/\/canal7slp.tv\/2021\/wp-json\/wp\/v2\/media?parent=23379"}],"wp:term":[{"taxonomy":"category","embeddable":true,"href":"https:\/\/canal7slp.tv\/2021\/wp-json\/wp\/v2\/categories?post=23379"},{"taxonomy":"post_tag","embeddable":true,"href":"https:\/\/canal7slp.tv\/2021\/wp-json\/wp\/v2\/tags?post=23379"}],"curies":[{"name":"wp","href":"https:\/\/api.w.org\/{rel}","templated":true}]}}