{"id":20210,"date":"2021-06-11T16:28:38","date_gmt":"2021-06-11T22:28:38","guid":{"rendered":"https:\/\/canal7slp.tv\/2021\/?p=20210"},"modified":"2021-06-11T16:28:38","modified_gmt":"2021-06-11T22:28:38","slug":"autoridades-de-salud-de-slp-analizan-posibilidad-de-suspender-ruedas-de-prensa-sobre-covid-19","status":"publish","type":"post","link":"https:\/\/canal7slp.tv\/2021\/autoridades-de-salud-de-slp-analizan-posibilidad-de-suspender-ruedas-de-prensa-sobre-covid-19\/","title":{"rendered":"Autoridades de Salud de SLP analizan posibilidad de suspender Ruedas de Prensa sobre Covid-19."},"content":{"rendered":"<p style=\"text-align: justify;\">SLP.- El secretario de salud del Gobierno de San Luis Potos\u00ed, Miguel \u00c1ngel Lutzow Steiner, inform\u00f3 que se analizar\u00e1 la posibilidad de suspender o no las ruedas de prensa que diariamente se ofrecen sobre la actualizaci\u00f3n de la Covid-19 en el estado.<\/p>\n<p style=\"text-align: justify;\">Dichas declaraciones surgen luego de que el subsecretario de salud federal, Hugo L\u00f3pez Gatell, confirmara que este viernes 11 de junio ser\u00e1 la ultima conferencia de formato diario que se lleva cabo a nivel nacional.<\/p>\n<p style=\"text-align: justify;\">\u00abEsto nos lleva a recordarles que en San Luis Potos\u00ed, como en todo el mundo, se estableci\u00f3 un plan de acci\u00f3n para atacar o atender el tema de la epidemia y dentro de ese plan de acci\u00f3n, no estamos improvisando, hay una l\u00ednea que tiene que ver con comunicaci\u00f3n social y comunicaci\u00f3n de riesgo y dentro de esa l\u00ednea estrat\u00e9gica se determin\u00f3 tener informes diarios as\u00ed lo instruy\u00f3 el se\u00f1or gobernador del estado desde el 13 de marzo\u00bb, detall\u00f3.<\/p>\n<p style=\"text-align: justify;\">El funcionario explic\u00f3 que esta decisi\u00f3n se analizar\u00e1 por parte del Gobernador, Juan Manuel Carreras L\u00f3pez en coordinaci\u00f3n con el Comit\u00e9 Estatal para la Seguridad en Salud de San Luis Potos\u00ed.<\/p>\n<p style=\"text-align: justify;\">\u00abEsta actividad es parte de un plan de acci\u00f3n que se mantendr\u00e1 y que se ajustar\u00e1 como todas las medidas en funci\u00f3n del comportamiento de la epidemia y de las necesidades de comunicaci\u00f3n que nosotros observamos como funcionarios y como autoridades\u00bb, explic\u00f3.<\/p>\n<p style=\"text-align: justify;\">En caso de haber alguna modificaci\u00f3n, la misma se dar\u00e1 a conocer en su momento por parte de las autoridades correspondientes.<\/p>\n<p style=\"text-align: justify;\">\u00abSi hubiera alg\u00fan ajuste en el mecanismo lo daremos a conocer, tomando en cuenta estos argumentos y que se trata de una l\u00ednea de acci\u00f3n de un plan que tiene como objetivo contener la epidemia disminuir los riesgos y desde luego tratar de salvar vidas\u00bb, termin\u00f3.<\/p>\n<p style=\"text-align: justify;\">Por: Jos\u00e9 Luis V\u00e1zquez<\/p>\n","protected":false},"excerpt":{"rendered":"<p>SLP.- El secretario de salud del Gobierno de San Luis Potos\u00ed, Miguel \u00c1ngel Lutzow Steiner, inform\u00f3 que se analizar\u00e1 la posibilidad de suspender o no las ruedas de prensa que diariamente se ofrecen sobre la actualizaci\u00f3n de la Covid-19 en el estado. Dichas declaraciones surgen luego de que el subsecretario de salud federal, Hugo L\u00f3pez Gatell, confirmara que este viernes 11 de junio ser\u00e1 la ultima conferencia de formato diario que se lleva cabo a nivel nacional. \u00abEsto nos lleva a recordarles que en San Luis Potos\u00ed, como en todo el mundo, se estableci\u00f3 un plan de acci\u00f3n para atacar [&hellip;]<\/p>\n","protected":false},"author":2,"featured_media":20244,"comment_status":"closed","ping_status":"closed","sticky":false,"template":"","format":"video","meta":{"footnotes":""},"categories":[4,5,45],"tags":[50],"class_list":["post-20210","post","type-post","status-publish","format-video","has-post-thumbnail","hentry","category-covid-19","category-destacadas","category-localesyregionales","tag-gobierno-slp","post_format-post-format-video","post--single"],"yoast_head":"<!-- This site is optimized with the Yoast SEO plugin v27.4 - https:\/\/yoast.com\/product\/yoast-seo-wordpress\/ -->\n<title>Autoridades de Salud de SLP analizan posibilidad de suspender Ruedas de Prensa sobre Covid-19. - Canal 7 SLP - 2021<\/title>\n<meta name=\"robots\" content=\"index, follow, max-snippet:-1, max-image-preview:large, max-video-preview:-1\" \/>\n<link rel=\"canonical\" href=\"https:\/\/canal7slp.tv\/2021\/autoridades-de-salud-de-slp-analizan-posibilidad-de-suspender-ruedas-de-prensa-sobre-covid-19\/\" \/>\n<meta property=\"og:locale\" content=\"es_ES\" \/>\n<meta property=\"og:type\" content=\"article\" \/>\n<meta property=\"og:title\" content=\"Autoridades de Salud de SLP analizan posibilidad de suspender Ruedas de Prensa sobre Covid-19. - Canal 7 SLP - 2021\" \/>\n<meta property=\"og:description\" content=\"SLP.- El secretario de salud del Gobierno de San Luis Potos\u00ed, Miguel \u00c1ngel Lutzow Steiner, inform\u00f3 que se analizar\u00e1 la posibilidad de suspender o no las ruedas de prensa que diariamente se ofrecen sobre la actualizaci\u00f3n de la Covid-19 en el estado. Dichas declaraciones surgen luego de que el subsecretario de salud federal, Hugo L\u00f3pez Gatell, confirmara que este viernes 11 de junio ser\u00e1 la ultima conferencia de formato diario que se lleva cabo a nivel nacional. \u00abEsto nos lleva a recordarles que en San Luis Potos\u00ed, como en todo el mundo, se estableci\u00f3 un plan de acci\u00f3n para atacar [&hellip;]\" \/>\n<meta property=\"og:url\" content=\"https:\/\/canal7slp.tv\/2021\/autoridades-de-salud-de-slp-analizan-posibilidad-de-suspender-ruedas-de-prensa-sobre-covid-19\/\" \/>\n<meta property=\"og:site_name\" content=\"Canal 7 SLP - 2021\" \/>\n<meta property=\"article:publisher\" content=\"https:\/\/www.facebook.com\/noticieroscanalsiete\" \/>\n<meta property=\"article:published_time\" content=\"2021-06-11T22:28:38+00:00\" \/>\n<meta property=\"og:image\" content=\"https:\/\/canal7slp.tv\/2021\/wp-content\/uploads\/2021\/06\/Vazquez03RuedaSalud.jpg\" \/>\n\t<meta property=\"og:image:width\" content=\"888\" \/>\n\t<meta property=\"og:image:height\" content=\"500\" \/>\n\t<meta property=\"og:image:type\" content=\"image\/jpeg\" \/>\n<meta name=\"author\" content=\"Edici\u00f3n Web\" \/>\n<meta name=\"twitter:card\" content=\"summary_large_image\" \/>\n<meta name=\"twitter:creator\" content=\"@NOTICIEROS7\" \/>\n<meta name=\"twitter:site\" content=\"@NOTICIEROS7\" \/>\n<meta name=\"twitter:label1\" content=\"Escrito por\" \/>\n\t<meta name=\"twitter:data1\" content=\"Edici\u00f3n Web\" \/>\n\t<meta name=\"twitter:label2\" content=\"Tiempo de lectura\" \/>\n\t<meta name=\"twitter:data2\" content=\"2 minutos\" \/>\n<script type=\"application\/ld+json\" class=\"yoast-schema-graph\">{\"@context\":\"https:\\\/\\\/schema.org\",\"@graph\":[{\"@type\":\"Article\",\"@id\":\"https:\\\/\\\/canal7slp.tv\\\/2021\\\/autoridades-de-salud-de-slp-analizan-posibilidad-de-suspender-ruedas-de-prensa-sobre-covid-19\\\/#article\",\"isPartOf\":{\"@id\":\"https:\\\/\\\/canal7slp.tv\\\/2021\\\/autoridades-de-salud-de-slp-analizan-posibilidad-de-suspender-ruedas-de-prensa-sobre-covid-19\\\/\"},\"author\":{\"name\":\"Edici\u00f3n Web\",\"@id\":\"https:\\\/\\\/canal7slp.tv\\\/2021\\\/#\\\/schema\\\/person\\\/28a12b0491d3b6f41a854d062961bdc7\"},\"headline\":\"Autoridades de Salud de SLP analizan posibilidad de suspender Ruedas de Prensa sobre Covid-19.\",\"datePublished\":\"2021-06-11T22:28:38+00:00\",\"mainEntityOfPage\":{\"@id\":\"https:\\\/\\\/canal7slp.tv\\\/2021\\\/autoridades-de-salud-de-slp-analizan-posibilidad-de-suspender-ruedas-de-prensa-sobre-covid-19\\\/\"},\"wordCount\":334,\"publisher\":{\"@id\":\"https:\\\/\\\/canal7slp.tv\\\/2021\\\/#organization\"},\"image\":{\"@id\":\"https:\\\/\\\/canal7slp.tv\\\/2021\\\/autoridades-de-salud-de-slp-analizan-posibilidad-de-suspender-ruedas-de-prensa-sobre-covid-19\\\/#primaryimage\"},\"thumbnailUrl\":\"https:\\\/\\\/canal7slp.tv\\\/2021\\\/wp-content\\\/uploads\\\/2021\\\/06\\\/Vazquez03RuedaSalud.jpg\",\"keywords\":[\"Gobierno SLP\"],\"articleSection\":[\"COVID-19\",\"DESTACADAS\",\"LOCALES Y REGIONALES\"],\"inLanguage\":\"es\"},{\"@type\":\"WebPage\",\"@id\":\"https:\\\/\\\/canal7slp.tv\\\/2021\\\/autoridades-de-salud-de-slp-analizan-posibilidad-de-suspender-ruedas-de-prensa-sobre-covid-19\\\/\",\"url\":\"https:\\\/\\\/canal7slp.tv\\\/2021\\\/autoridades-de-salud-de-slp-analizan-posibilidad-de-suspender-ruedas-de-prensa-sobre-covid-19\\\/\",\"name\":\"Autoridades de Salud de SLP analizan posibilidad de suspender Ruedas de Prensa sobre Covid-19. - Canal 7 SLP - 2021\",\"isPartOf\":{\"@id\":\"https:\\\/\\\/canal7slp.tv\\\/2021\\\/#website\"},\"primaryImageOfPage\":{\"@id\":\"https:\\\/\\\/canal7slp.tv\\\/2021\\\/autoridades-de-salud-de-slp-analizan-posibilidad-de-suspender-ruedas-de-prensa-sobre-covid-19\\\/#primaryimage\"},\"image\":{\"@id\":\"https:\\\/\\\/canal7slp.tv\\\/2021\\\/autoridades-de-salud-de-slp-analizan-posibilidad-de-suspender-ruedas-de-prensa-sobre-covid-19\\\/#primaryimage\"},\"thumbnailUrl\":\"https:\\\/\\\/canal7slp.tv\\\/2021\\\/wp-content\\\/uploads\\\/2021\\\/06\\\/Vazquez03RuedaSalud.jpg\",\"datePublished\":\"2021-06-11T22:28:38+00:00\",\"breadcrumb\":{\"@id\":\"https:\\\/\\\/canal7slp.tv\\\/2021\\\/autoridades-de-salud-de-slp-analizan-posibilidad-de-suspender-ruedas-de-prensa-sobre-covid-19\\\/#breadcrumb\"},\"inLanguage\":\"es\",\"potentialAction\":[{\"@type\":\"ReadAction\",\"target\":[\"https:\\\/\\\/canal7slp.tv\\\/2021\\\/autoridades-de-salud-de-slp-analizan-posibilidad-de-suspender-ruedas-de-prensa-sobre-covid-19\\\/\"]}]},{\"@type\":\"ImageObject\",\"inLanguage\":\"es\",\"@id\":\"https:\\\/\\\/canal7slp.tv\\\/2021\\\/autoridades-de-salud-de-slp-analizan-posibilidad-de-suspender-ruedas-de-prensa-sobre-covid-19\\\/#primaryimage\",\"url\":\"https:\\\/\\\/canal7slp.tv\\\/2021\\\/wp-content\\\/uploads\\\/2021\\\/06\\\/Vazquez03RuedaSalud.jpg\",\"contentUrl\":\"https:\\\/\\\/canal7slp.tv\\\/2021\\\/wp-content\\\/uploads\\\/2021\\\/06\\\/Vazquez03RuedaSalud.jpg\",\"width\":888,\"height\":500},{\"@type\":\"BreadcrumbList\",\"@id\":\"https:\\\/\\\/canal7slp.tv\\\/2021\\\/autoridades-de-salud-de-slp-analizan-posibilidad-de-suspender-ruedas-de-prensa-sobre-covid-19\\\/#breadcrumb\",\"itemListElement\":[{\"@type\":\"ListItem\",\"position\":1,\"name\":\"Portada\",\"item\":\"https:\\\/\\\/canal7slp.tv\\\/2021\\\/\"},{\"@type\":\"ListItem\",\"position\":2,\"name\":\"Autoridades de Salud de SLP analizan posibilidad de suspender Ruedas de Prensa sobre Covid-19.\"}]},{\"@type\":\"WebSite\",\"@id\":\"https:\\\/\\\/canal7slp.tv\\\/2021\\\/#website\",\"url\":\"https:\\\/\\\/canal7slp.tv\\\/2021\\\/\",\"name\":\"N7 - Noticieros Canal 7\",\"description\":\"Somos Televisi\u00f3n\",\"publisher\":{\"@id\":\"https:\\\/\\\/canal7slp.tv\\\/2021\\\/#organization\"},\"potentialAction\":[{\"@type\":\"SearchAction\",\"target\":{\"@type\":\"EntryPoint\",\"urlTemplate\":\"https:\\\/\\\/canal7slp.tv\\\/2021\\\/?s={search_term_string}\"},\"query-input\":{\"@type\":\"PropertyValueSpecification\",\"valueRequired\":true,\"valueName\":\"search_term_string\"}}],\"inLanguage\":\"es\"},{\"@type\":\"Organization\",\"@id\":\"https:\\\/\\\/canal7slp.tv\\\/2021\\\/#organization\",\"name\":\"Noticieros Canal 7\",\"url\":\"https:\\\/\\\/canal7slp.tv\\\/2021\\\/\",\"logo\":{\"@type\":\"ImageObject\",\"inLanguage\":\"es\",\"@id\":\"https:\\\/\\\/canal7slp.tv\\\/2021\\\/#\\\/schema\\\/logo\\\/image\\\/\",\"url\":\"https:\\\/\\\/canal7slp.tv\\\/2021\\\/wp-content\\\/uploads\\\/2021\\\/01\\\/logo-noticieros@2x.png\",\"contentUrl\":\"https:\\\/\\\/canal7slp.tv\\\/2021\\\/wp-content\\\/uploads\\\/2021\\\/01\\\/logo-noticieros@2x.png\",\"width\":1017,\"height\":268,\"caption\":\"Noticieros Canal 7\"},\"image\":{\"@id\":\"https:\\\/\\\/canal7slp.tv\\\/2021\\\/#\\\/schema\\\/logo\\\/image\\\/\"},\"sameAs\":[\"https:\\\/\\\/www.facebook.com\\\/noticieroscanalsiete\",\"https:\\\/\\\/x.com\\\/NOTICIEROS7\",\"https:\\\/\\\/www.instagram.com\\\/canal7_slp\",\"https:\\\/\\\/www.youtube.com\\\/channel\\\/UCliiYs-gP3JfJeqdPrNdd5A\"]},{\"@type\":\"Person\",\"@id\":\"https:\\\/\\\/canal7slp.tv\\\/2021\\\/#\\\/schema\\\/person\\\/28a12b0491d3b6f41a854d062961bdc7\",\"name\":\"Edici\u00f3n Web\",\"image\":{\"@type\":\"ImageObject\",\"inLanguage\":\"es\",\"@id\":\"https:\\\/\\\/secure.gravatar.com\\\/avatar\\\/eee448fc3f7164808013b816ba91ac7e43bbe82a70bebac296f8bc6f0addaa1a?s=96&d=mm&r=g\",\"url\":\"https:\\\/\\\/secure.gravatar.com\\\/avatar\\\/eee448fc3f7164808013b816ba91ac7e43bbe82a70bebac296f8bc6f0addaa1a?s=96&d=mm&r=g\",\"contentUrl\":\"https:\\\/\\\/secure.gravatar.com\\\/avatar\\\/eee448fc3f7164808013b816ba91ac7e43bbe82a70bebac296f8bc6f0addaa1a?s=96&d=mm&r=g\",\"caption\":\"Edici\u00f3n Web\"},\"url\":\"https:\\\/\\\/canal7slp.tv\\\/2021\\\/author\\\/edicionweb\\\/\"}]}<\/script>\n<!-- \/ Yoast SEO plugin. -->","yoast_head_json":{"title":"Autoridades de Salud de SLP analizan posibilidad de suspender Ruedas de Prensa sobre Covid-19. - Canal 7 SLP - 2021","robots":{"index":"index","follow":"follow","max-snippet":"max-snippet:-1","max-image-preview":"max-image-preview:large","max-video-preview":"max-video-preview:-1"},"canonical":"https:\/\/canal7slp.tv\/2021\/autoridades-de-salud-de-slp-analizan-posibilidad-de-suspender-ruedas-de-prensa-sobre-covid-19\/","og_locale":"es_ES","og_type":"article","og_title":"Autoridades de Salud de SLP analizan posibilidad de suspender Ruedas de Prensa sobre Covid-19. - Canal 7 SLP - 2021","og_description":"SLP.- El secretario de salud del Gobierno de San Luis Potos\u00ed, Miguel \u00c1ngel Lutzow Steiner, inform\u00f3 que se analizar\u00e1 la posibilidad de suspender o no las ruedas de prensa que diariamente se ofrecen sobre la actualizaci\u00f3n de la Covid-19 en el estado. Dichas declaraciones surgen luego de que el subsecretario de salud federal, Hugo L\u00f3pez Gatell, confirmara que este viernes 11 de junio ser\u00e1 la ultima conferencia de formato diario que se lleva cabo a nivel nacional. \u00abEsto nos lleva a recordarles que en San Luis Potos\u00ed, como en todo el mundo, se estableci\u00f3 un plan de acci\u00f3n para atacar [&hellip;]","og_url":"https:\/\/canal7slp.tv\/2021\/autoridades-de-salud-de-slp-analizan-posibilidad-de-suspender-ruedas-de-prensa-sobre-covid-19\/","og_site_name":"Canal 7 SLP - 2021","article_publisher":"https:\/\/www.facebook.com\/noticieroscanalsiete","article_published_time":"2021-06-11T22:28:38+00:00","og_image":[{"width":888,"height":500,"url":"https:\/\/canal7slp.tv\/2021\/wp-content\/uploads\/2021\/06\/Vazquez03RuedaSalud.jpg","type":"image\/jpeg"}],"author":"Edici\u00f3n Web","twitter_card":"summary_large_image","twitter_creator":"@NOTICIEROS7","twitter_site":"@NOTICIEROS7","twitter_misc":{"Escrito por":"Edici\u00f3n Web","Tiempo de lectura":"2 minutos"},"schema":{"@context":"https:\/\/schema.org","@graph":[{"@type":"Article","@id":"https:\/\/canal7slp.tv\/2021\/autoridades-de-salud-de-slp-analizan-posibilidad-de-suspender-ruedas-de-prensa-sobre-covid-19\/#article","isPartOf":{"@id":"https:\/\/canal7slp.tv\/2021\/autoridades-de-salud-de-slp-analizan-posibilidad-de-suspender-ruedas-de-prensa-sobre-covid-19\/"},"author":{"name":"Edici\u00f3n Web","@id":"https:\/\/canal7slp.tv\/2021\/#\/schema\/person\/28a12b0491d3b6f41a854d062961bdc7"},"headline":"Autoridades de Salud de SLP analizan posibilidad de suspender Ruedas de Prensa sobre Covid-19.","datePublished":"2021-06-11T22:28:38+00:00","mainEntityOfPage":{"@id":"https:\/\/canal7slp.tv\/2021\/autoridades-de-salud-de-slp-analizan-posibilidad-de-suspender-ruedas-de-prensa-sobre-covid-19\/"},"wordCount":334,"publisher":{"@id":"https:\/\/canal7slp.tv\/2021\/#organization"},"image":{"@id":"https:\/\/canal7slp.tv\/2021\/autoridades-de-salud-de-slp-analizan-posibilidad-de-suspender-ruedas-de-prensa-sobre-covid-19\/#primaryimage"},"thumbnailUrl":"https:\/\/canal7slp.tv\/2021\/wp-content\/uploads\/2021\/06\/Vazquez03RuedaSalud.jpg","keywords":["Gobierno SLP"],"articleSection":["COVID-19","DESTACADAS","LOCALES Y REGIONALES"],"inLanguage":"es"},{"@type":"WebPage","@id":"https:\/\/canal7slp.tv\/2021\/autoridades-de-salud-de-slp-analizan-posibilidad-de-suspender-ruedas-de-prensa-sobre-covid-19\/","url":"https:\/\/canal7slp.tv\/2021\/autoridades-de-salud-de-slp-analizan-posibilidad-de-suspender-ruedas-de-prensa-sobre-covid-19\/","name":"Autoridades de Salud de SLP analizan posibilidad de suspender Ruedas de Prensa sobre Covid-19. - Canal 7 SLP - 2021","isPartOf":{"@id":"https:\/\/canal7slp.tv\/2021\/#website"},"primaryImageOfPage":{"@id":"https:\/\/canal7slp.tv\/2021\/autoridades-de-salud-de-slp-analizan-posibilidad-de-suspender-ruedas-de-prensa-sobre-covid-19\/#primaryimage"},"image":{"@id":"https:\/\/canal7slp.tv\/2021\/autoridades-de-salud-de-slp-analizan-posibilidad-de-suspender-ruedas-de-prensa-sobre-covid-19\/#primaryimage"},"thumbnailUrl":"https:\/\/canal7slp.tv\/2021\/wp-content\/uploads\/2021\/06\/Vazquez03RuedaSalud.jpg","datePublished":"2021-06-11T22:28:38+00:00","breadcrumb":{"@id":"https:\/\/canal7slp.tv\/2021\/autoridades-de-salud-de-slp-analizan-posibilidad-de-suspender-ruedas-de-prensa-sobre-covid-19\/#breadcrumb"},"inLanguage":"es","potentialAction":[{"@type":"ReadAction","target":["https:\/\/canal7slp.tv\/2021\/autoridades-de-salud-de-slp-analizan-posibilidad-de-suspender-ruedas-de-prensa-sobre-covid-19\/"]}]},{"@type":"ImageObject","inLanguage":"es","@id":"https:\/\/canal7slp.tv\/2021\/autoridades-de-salud-de-slp-analizan-posibilidad-de-suspender-ruedas-de-prensa-sobre-covid-19\/#primaryimage","url":"https:\/\/canal7slp.tv\/2021\/wp-content\/uploads\/2021\/06\/Vazquez03RuedaSalud.jpg","contentUrl":"https:\/\/canal7slp.tv\/2021\/wp-content\/uploads\/2021\/06\/Vazquez03RuedaSalud.jpg","width":888,"height":500},{"@type":"BreadcrumbList","@id":"https:\/\/canal7slp.tv\/2021\/autoridades-de-salud-de-slp-analizan-posibilidad-de-suspender-ruedas-de-prensa-sobre-covid-19\/#breadcrumb","itemListElement":[{"@type":"ListItem","position":1,"name":"Portada","item":"https:\/\/canal7slp.tv\/2021\/"},{"@type":"ListItem","position":2,"name":"Autoridades de Salud de SLP analizan posibilidad de suspender Ruedas de Prensa sobre Covid-19."}]},{"@type":"WebSite","@id":"https:\/\/canal7slp.tv\/2021\/#website","url":"https:\/\/canal7slp.tv\/2021\/","name":"N7 - Noticieros Canal 7","description":"Somos Televisi\u00f3n","publisher":{"@id":"https:\/\/canal7slp.tv\/2021\/#organization"},"potentialAction":[{"@type":"SearchAction","target":{"@type":"EntryPoint","urlTemplate":"https:\/\/canal7slp.tv\/2021\/?s={search_term_string}"},"query-input":{"@type":"PropertyValueSpecification","valueRequired":true,"valueName":"search_term_string"}}],"inLanguage":"es"},{"@type":"Organization","@id":"https:\/\/canal7slp.tv\/2021\/#organization","name":"Noticieros Canal 7","url":"https:\/\/canal7slp.tv\/2021\/","logo":{"@type":"ImageObject","inLanguage":"es","@id":"https:\/\/canal7slp.tv\/2021\/#\/schema\/logo\/image\/","url":"https:\/\/canal7slp.tv\/2021\/wp-content\/uploads\/2021\/01\/logo-noticieros@2x.png","contentUrl":"https:\/\/canal7slp.tv\/2021\/wp-content\/uploads\/2021\/01\/logo-noticieros@2x.png","width":1017,"height":268,"caption":"Noticieros Canal 7"},"image":{"@id":"https:\/\/canal7slp.tv\/2021\/#\/schema\/logo\/image\/"},"sameAs":["https:\/\/www.facebook.com\/noticieroscanalsiete","https:\/\/x.com\/NOTICIEROS7","https:\/\/www.instagram.com\/canal7_slp","https:\/\/www.youtube.com\/channel\/UCliiYs-gP3JfJeqdPrNdd5A"]},{"@type":"Person","@id":"https:\/\/canal7slp.tv\/2021\/#\/schema\/person\/28a12b0491d3b6f41a854d062961bdc7","name":"Edici\u00f3n Web","image":{"@type":"ImageObject","inLanguage":"es","@id":"https:\/\/secure.gravatar.com\/avatar\/eee448fc3f7164808013b816ba91ac7e43bbe82a70bebac296f8bc6f0addaa1a?s=96&d=mm&r=g","url":"https:\/\/secure.gravatar.com\/avatar\/eee448fc3f7164808013b816ba91ac7e43bbe82a70bebac296f8bc6f0addaa1a?s=96&d=mm&r=g","contentUrl":"https:\/\/secure.gravatar.com\/avatar\/eee448fc3f7164808013b816ba91ac7e43bbe82a70bebac296f8bc6f0addaa1a?s=96&d=mm&r=g","caption":"Edici\u00f3n Web"},"url":"https:\/\/canal7slp.tv\/2021\/author\/edicionweb\/"}]}},"_links":{"self":[{"href":"https:\/\/canal7slp.tv\/2021\/wp-json\/wp\/v2\/posts\/20210","targetHints":{"allow":["GET"]}}],"collection":[{"href":"https:\/\/canal7slp.tv\/2021\/wp-json\/wp\/v2\/posts"}],"about":[{"href":"https:\/\/canal7slp.tv\/2021\/wp-json\/wp\/v2\/types\/post"}],"author":[{"embeddable":true,"href":"https:\/\/canal7slp.tv\/2021\/wp-json\/wp\/v2\/users\/2"}],"replies":[{"embeddable":true,"href":"https:\/\/canal7slp.tv\/2021\/wp-json\/wp\/v2\/comments?post=20210"}],"version-history":[{"count":4,"href":"https:\/\/canal7slp.tv\/2021\/wp-json\/wp\/v2\/posts\/20210\/revisions"}],"predecessor-version":[{"id":20245,"href":"https:\/\/canal7slp.tv\/2021\/wp-json\/wp\/v2\/posts\/20210\/revisions\/20245"}],"wp:featuredmedia":[{"embeddable":true,"href":"https:\/\/canal7slp.tv\/2021\/wp-json\/wp\/v2\/media\/20244"}],"wp:attachment":[{"href":"https:\/\/canal7slp.tv\/2021\/wp-json\/wp\/v2\/media?parent=20210"}],"wp:term":[{"taxonomy":"category","embeddable":true,"href":"https:\/\/canal7slp.tv\/2021\/wp-json\/wp\/v2\/categories?post=20210"},{"taxonomy":"post_tag","embeddable":true,"href":"https:\/\/canal7slp.tv\/2021\/wp-json\/wp\/v2\/tags?post=20210"}],"curies":[{"name":"wp","href":"https:\/\/api.w.org\/{rel}","templated":true}]}}