{"id":20014,"date":"2021-06-10T13:45:32","date_gmt":"2021-06-10T19:45:32","guid":{"rendered":"https:\/\/canal7slp.tv\/2021\/?p=20014"},"modified":"2021-06-10T13:45:32","modified_gmt":"2021-06-10T19:45:32","slug":"joss-garfias-debuto-en-la-f3-britanica","status":"publish","type":"post","link":"https:\/\/canal7slp.tv\/2021\/joss-garfias-debuto-en-la-f3-britanica\/","title":{"rendered":"Joss Garfias debut\u00f3 en la F3 Brit\u00e1nica."},"content":{"rendered":"<p style=\"text-align: justify;\">SLP.- Con una parrilla de m\u00e1s de 20 monoplazas dio inicio la temporada 2021 de la F\u00f3rmula 3 brit\u00e1nica.<\/p>\n<p style=\"text-align: justify;\">El piloto potosino de apenas 16 a\u00f1os de edad Joss Garfias hizo un buen debut en el viejo continente en el circuito Brands Hatch.<\/p>\n<p style=\"text-align: justify;\">\u201cFue una carrera muy exigente, nos mantuvimos lejos de los contactos tratando de hacer una competencia inteligente, vamos paso a paso para irnos adaptando a este nuevo monoplaza y hacer una temporada interesante en Europa, apunto Joss Garfias.<\/p>\n<p style=\"text-align: justify;\">La segunda carrera de la F3 brit\u00e1nica tendr\u00e1 verificativo el 26 y 27 de junio en el emblem\u00e1tico circuito de Silverstone.<\/p>\n","protected":false},"excerpt":{"rendered":"<p>SLP.- Con una parrilla de m\u00e1s de 20 monoplazas dio inicio la temporada 2021 de la F\u00f3rmula 3 brit\u00e1nica. El piloto potosino de apenas 16 a\u00f1os de edad Joss Garfias hizo un buen debut en el viejo continente en el circuito Brands Hatch. \u201cFue una carrera muy exigente, nos mantuvimos lejos de los contactos tratando de hacer una competencia inteligente, vamos paso a paso para irnos adaptando a este nuevo monoplaza y hacer una temporada interesante en Europa, apunto Joss Garfias. La segunda carrera de la F3 brit\u00e1nica tendr\u00e1 verificativo el 26 y 27 de junio en el emblem\u00e1tico circuito [&hellip;]<\/p>\n","protected":false},"author":2,"featured_media":20020,"comment_status":"closed","ping_status":"closed","sticky":false,"template":"","format":"video","meta":{"footnotes":""},"categories":[7,5],"tags":[],"class_list":["post-20014","post","type-post","status-publish","format-video","has-post-thumbnail","hentry","category-deportes","category-destacadas","post_format-post-format-video","post--single"],"yoast_head":"<!-- This site is optimized with the Yoast SEO plugin v27.4 - https:\/\/yoast.com\/product\/yoast-seo-wordpress\/ -->\n<title>Joss Garfias debut\u00f3 en la F3 Brit\u00e1nica. - Canal 7 SLP - 2021<\/title>\n<meta name=\"robots\" content=\"index, follow, max-snippet:-1, max-image-preview:large, max-video-preview:-1\" \/>\n<link rel=\"canonical\" href=\"https:\/\/canal7slp.tv\/2021\/joss-garfias-debuto-en-la-f3-britanica\/\" \/>\n<meta property=\"og:locale\" content=\"es_ES\" \/>\n<meta property=\"og:type\" content=\"article\" \/>\n<meta property=\"og:title\" content=\"Joss Garfias debut\u00f3 en la F3 Brit\u00e1nica. - Canal 7 SLP - 2021\" \/>\n<meta property=\"og:description\" content=\"SLP.- Con una parrilla de m\u00e1s de 20 monoplazas dio inicio la temporada 2021 de la F\u00f3rmula 3 brit\u00e1nica. El piloto potosino de apenas 16 a\u00f1os de edad Joss Garfias hizo un buen debut en el viejo continente en el circuito Brands Hatch. \u201cFue una carrera muy exigente, nos mantuvimos lejos de los contactos tratando de hacer una competencia inteligente, vamos paso a paso para irnos adaptando a este nuevo monoplaza y hacer una temporada interesante en Europa, apunto Joss Garfias. La segunda carrera de la F3 brit\u00e1nica tendr\u00e1 verificativo el 26 y 27 de junio en el emblem\u00e1tico circuito [&hellip;]\" \/>\n<meta property=\"og:url\" content=\"https:\/\/canal7slp.tv\/2021\/joss-garfias-debuto-en-la-f3-britanica\/\" \/>\n<meta property=\"og:site_name\" content=\"Canal 7 SLP - 2021\" \/>\n<meta property=\"article:publisher\" content=\"https:\/\/www.facebook.com\/noticieroscanalsiete\" \/>\n<meta property=\"article:published_time\" content=\"2021-06-10T19:45:32+00:00\" \/>\n<meta property=\"og:image\" content=\"https:\/\/canal7slp.tv\/2021\/wp-content\/uploads\/2021\/06\/Joss-Garfias-Debuto-En-La-F3-Britanica.png\" \/>\n\t<meta property=\"og:image:width\" content=\"913\" \/>\n\t<meta property=\"og:image:height\" content=\"450\" \/>\n\t<meta property=\"og:image:type\" content=\"image\/png\" \/>\n<meta name=\"author\" content=\"Edici\u00f3n Web\" \/>\n<meta name=\"twitter:card\" content=\"summary_large_image\" \/>\n<meta name=\"twitter:creator\" content=\"@NOTICIEROS7\" \/>\n<meta name=\"twitter:site\" content=\"@NOTICIEROS7\" \/>\n<meta name=\"twitter:label1\" content=\"Escrito por\" \/>\n\t<meta name=\"twitter:data1\" content=\"Edici\u00f3n Web\" \/>\n\t<meta name=\"twitter:label2\" content=\"Tiempo de lectura\" \/>\n\t<meta name=\"twitter:data2\" content=\"1 minuto\" \/>\n<script type=\"application\/ld+json\" class=\"yoast-schema-graph\">{\"@context\":\"https:\\\/\\\/schema.org\",\"@graph\":[{\"@type\":\"Article\",\"@id\":\"https:\\\/\\\/canal7slp.tv\\\/2021\\\/joss-garfias-debuto-en-la-f3-britanica\\\/#article\",\"isPartOf\":{\"@id\":\"https:\\\/\\\/canal7slp.tv\\\/2021\\\/joss-garfias-debuto-en-la-f3-britanica\\\/\"},\"author\":{\"name\":\"Edici\u00f3n Web\",\"@id\":\"https:\\\/\\\/canal7slp.tv\\\/2021\\\/#\\\/schema\\\/person\\\/28a12b0491d3b6f41a854d062961bdc7\"},\"headline\":\"Joss Garfias debut\u00f3 en la F3 Brit\u00e1nica.\",\"datePublished\":\"2021-06-10T19:45:32+00:00\",\"mainEntityOfPage\":{\"@id\":\"https:\\\/\\\/canal7slp.tv\\\/2021\\\/joss-garfias-debuto-en-la-f3-britanica\\\/\"},\"wordCount\":111,\"publisher\":{\"@id\":\"https:\\\/\\\/canal7slp.tv\\\/2021\\\/#organization\"},\"image\":{\"@id\":\"https:\\\/\\\/canal7slp.tv\\\/2021\\\/joss-garfias-debuto-en-la-f3-britanica\\\/#primaryimage\"},\"thumbnailUrl\":\"https:\\\/\\\/canal7slp.tv\\\/2021\\\/wp-content\\\/uploads\\\/2021\\\/06\\\/Joss-Garfias-Debuto-En-La-F3-Britanica.png\",\"articleSection\":[\"DEPORTES\",\"DESTACADAS\"],\"inLanguage\":\"es\"},{\"@type\":\"WebPage\",\"@id\":\"https:\\\/\\\/canal7slp.tv\\\/2021\\\/joss-garfias-debuto-en-la-f3-britanica\\\/\",\"url\":\"https:\\\/\\\/canal7slp.tv\\\/2021\\\/joss-garfias-debuto-en-la-f3-britanica\\\/\",\"name\":\"Joss Garfias debut\u00f3 en la F3 Brit\u00e1nica. - Canal 7 SLP - 2021\",\"isPartOf\":{\"@id\":\"https:\\\/\\\/canal7slp.tv\\\/2021\\\/#website\"},\"primaryImageOfPage\":{\"@id\":\"https:\\\/\\\/canal7slp.tv\\\/2021\\\/joss-garfias-debuto-en-la-f3-britanica\\\/#primaryimage\"},\"image\":{\"@id\":\"https:\\\/\\\/canal7slp.tv\\\/2021\\\/joss-garfias-debuto-en-la-f3-britanica\\\/#primaryimage\"},\"thumbnailUrl\":\"https:\\\/\\\/canal7slp.tv\\\/2021\\\/wp-content\\\/uploads\\\/2021\\\/06\\\/Joss-Garfias-Debuto-En-La-F3-Britanica.png\",\"datePublished\":\"2021-06-10T19:45:32+00:00\",\"breadcrumb\":{\"@id\":\"https:\\\/\\\/canal7slp.tv\\\/2021\\\/joss-garfias-debuto-en-la-f3-britanica\\\/#breadcrumb\"},\"inLanguage\":\"es\",\"potentialAction\":[{\"@type\":\"ReadAction\",\"target\":[\"https:\\\/\\\/canal7slp.tv\\\/2021\\\/joss-garfias-debuto-en-la-f3-britanica\\\/\"]}]},{\"@type\":\"ImageObject\",\"inLanguage\":\"es\",\"@id\":\"https:\\\/\\\/canal7slp.tv\\\/2021\\\/joss-garfias-debuto-en-la-f3-britanica\\\/#primaryimage\",\"url\":\"https:\\\/\\\/canal7slp.tv\\\/2021\\\/wp-content\\\/uploads\\\/2021\\\/06\\\/Joss-Garfias-Debuto-En-La-F3-Britanica.png\",\"contentUrl\":\"https:\\\/\\\/canal7slp.tv\\\/2021\\\/wp-content\\\/uploads\\\/2021\\\/06\\\/Joss-Garfias-Debuto-En-La-F3-Britanica.png\",\"width\":913,\"height\":450},{\"@type\":\"BreadcrumbList\",\"@id\":\"https:\\\/\\\/canal7slp.tv\\\/2021\\\/joss-garfias-debuto-en-la-f3-britanica\\\/#breadcrumb\",\"itemListElement\":[{\"@type\":\"ListItem\",\"position\":1,\"name\":\"Portada\",\"item\":\"https:\\\/\\\/canal7slp.tv\\\/2021\\\/\"},{\"@type\":\"ListItem\",\"position\":2,\"name\":\"Joss Garfias debut\u00f3 en la F3 Brit\u00e1nica.\"}]},{\"@type\":\"WebSite\",\"@id\":\"https:\\\/\\\/canal7slp.tv\\\/2021\\\/#website\",\"url\":\"https:\\\/\\\/canal7slp.tv\\\/2021\\\/\",\"name\":\"N7 - Noticieros Canal 7\",\"description\":\"Somos Televisi\u00f3n\",\"publisher\":{\"@id\":\"https:\\\/\\\/canal7slp.tv\\\/2021\\\/#organization\"},\"potentialAction\":[{\"@type\":\"SearchAction\",\"target\":{\"@type\":\"EntryPoint\",\"urlTemplate\":\"https:\\\/\\\/canal7slp.tv\\\/2021\\\/?s={search_term_string}\"},\"query-input\":{\"@type\":\"PropertyValueSpecification\",\"valueRequired\":true,\"valueName\":\"search_term_string\"}}],\"inLanguage\":\"es\"},{\"@type\":\"Organization\",\"@id\":\"https:\\\/\\\/canal7slp.tv\\\/2021\\\/#organization\",\"name\":\"Noticieros Canal 7\",\"url\":\"https:\\\/\\\/canal7slp.tv\\\/2021\\\/\",\"logo\":{\"@type\":\"ImageObject\",\"inLanguage\":\"es\",\"@id\":\"https:\\\/\\\/canal7slp.tv\\\/2021\\\/#\\\/schema\\\/logo\\\/image\\\/\",\"url\":\"https:\\\/\\\/canal7slp.tv\\\/2021\\\/wp-content\\\/uploads\\\/2021\\\/01\\\/logo-noticieros@2x.png\",\"contentUrl\":\"https:\\\/\\\/canal7slp.tv\\\/2021\\\/wp-content\\\/uploads\\\/2021\\\/01\\\/logo-noticieros@2x.png\",\"width\":1017,\"height\":268,\"caption\":\"Noticieros Canal 7\"},\"image\":{\"@id\":\"https:\\\/\\\/canal7slp.tv\\\/2021\\\/#\\\/schema\\\/logo\\\/image\\\/\"},\"sameAs\":[\"https:\\\/\\\/www.facebook.com\\\/noticieroscanalsiete\",\"https:\\\/\\\/x.com\\\/NOTICIEROS7\",\"https:\\\/\\\/www.instagram.com\\\/canal7_slp\",\"https:\\\/\\\/www.youtube.com\\\/channel\\\/UCliiYs-gP3JfJeqdPrNdd5A\"]},{\"@type\":\"Person\",\"@id\":\"https:\\\/\\\/canal7slp.tv\\\/2021\\\/#\\\/schema\\\/person\\\/28a12b0491d3b6f41a854d062961bdc7\",\"name\":\"Edici\u00f3n Web\",\"image\":{\"@type\":\"ImageObject\",\"inLanguage\":\"es\",\"@id\":\"https:\\\/\\\/secure.gravatar.com\\\/avatar\\\/eee448fc3f7164808013b816ba91ac7e43bbe82a70bebac296f8bc6f0addaa1a?s=96&d=mm&r=g\",\"url\":\"https:\\\/\\\/secure.gravatar.com\\\/avatar\\\/eee448fc3f7164808013b816ba91ac7e43bbe82a70bebac296f8bc6f0addaa1a?s=96&d=mm&r=g\",\"contentUrl\":\"https:\\\/\\\/secure.gravatar.com\\\/avatar\\\/eee448fc3f7164808013b816ba91ac7e43bbe82a70bebac296f8bc6f0addaa1a?s=96&d=mm&r=g\",\"caption\":\"Edici\u00f3n Web\"},\"url\":\"https:\\\/\\\/canal7slp.tv\\\/2021\\\/author\\\/edicionweb\\\/\"}]}<\/script>\n<!-- \/ Yoast SEO plugin. -->","yoast_head_json":{"title":"Joss Garfias debut\u00f3 en la F3 Brit\u00e1nica. - Canal 7 SLP - 2021","robots":{"index":"index","follow":"follow","max-snippet":"max-snippet:-1","max-image-preview":"max-image-preview:large","max-video-preview":"max-video-preview:-1"},"canonical":"https:\/\/canal7slp.tv\/2021\/joss-garfias-debuto-en-la-f3-britanica\/","og_locale":"es_ES","og_type":"article","og_title":"Joss Garfias debut\u00f3 en la F3 Brit\u00e1nica. - Canal 7 SLP - 2021","og_description":"SLP.- Con una parrilla de m\u00e1s de 20 monoplazas dio inicio la temporada 2021 de la F\u00f3rmula 3 brit\u00e1nica. El piloto potosino de apenas 16 a\u00f1os de edad Joss Garfias hizo un buen debut en el viejo continente en el circuito Brands Hatch. \u201cFue una carrera muy exigente, nos mantuvimos lejos de los contactos tratando de hacer una competencia inteligente, vamos paso a paso para irnos adaptando a este nuevo monoplaza y hacer una temporada interesante en Europa, apunto Joss Garfias. La segunda carrera de la F3 brit\u00e1nica tendr\u00e1 verificativo el 26 y 27 de junio en el emblem\u00e1tico circuito [&hellip;]","og_url":"https:\/\/canal7slp.tv\/2021\/joss-garfias-debuto-en-la-f3-britanica\/","og_site_name":"Canal 7 SLP - 2021","article_publisher":"https:\/\/www.facebook.com\/noticieroscanalsiete","article_published_time":"2021-06-10T19:45:32+00:00","og_image":[{"width":913,"height":450,"url":"https:\/\/canal7slp.tv\/2021\/wp-content\/uploads\/2021\/06\/Joss-Garfias-Debuto-En-La-F3-Britanica.png","type":"image\/png"}],"author":"Edici\u00f3n Web","twitter_card":"summary_large_image","twitter_creator":"@NOTICIEROS7","twitter_site":"@NOTICIEROS7","twitter_misc":{"Escrito por":"Edici\u00f3n Web","Tiempo de lectura":"1 minuto"},"schema":{"@context":"https:\/\/schema.org","@graph":[{"@type":"Article","@id":"https:\/\/canal7slp.tv\/2021\/joss-garfias-debuto-en-la-f3-britanica\/#article","isPartOf":{"@id":"https:\/\/canal7slp.tv\/2021\/joss-garfias-debuto-en-la-f3-britanica\/"},"author":{"name":"Edici\u00f3n Web","@id":"https:\/\/canal7slp.tv\/2021\/#\/schema\/person\/28a12b0491d3b6f41a854d062961bdc7"},"headline":"Joss Garfias debut\u00f3 en la F3 Brit\u00e1nica.","datePublished":"2021-06-10T19:45:32+00:00","mainEntityOfPage":{"@id":"https:\/\/canal7slp.tv\/2021\/joss-garfias-debuto-en-la-f3-britanica\/"},"wordCount":111,"publisher":{"@id":"https:\/\/canal7slp.tv\/2021\/#organization"},"image":{"@id":"https:\/\/canal7slp.tv\/2021\/joss-garfias-debuto-en-la-f3-britanica\/#primaryimage"},"thumbnailUrl":"https:\/\/canal7slp.tv\/2021\/wp-content\/uploads\/2021\/06\/Joss-Garfias-Debuto-En-La-F3-Britanica.png","articleSection":["DEPORTES","DESTACADAS"],"inLanguage":"es"},{"@type":"WebPage","@id":"https:\/\/canal7slp.tv\/2021\/joss-garfias-debuto-en-la-f3-britanica\/","url":"https:\/\/canal7slp.tv\/2021\/joss-garfias-debuto-en-la-f3-britanica\/","name":"Joss Garfias debut\u00f3 en la F3 Brit\u00e1nica. - Canal 7 SLP - 2021","isPartOf":{"@id":"https:\/\/canal7slp.tv\/2021\/#website"},"primaryImageOfPage":{"@id":"https:\/\/canal7slp.tv\/2021\/joss-garfias-debuto-en-la-f3-britanica\/#primaryimage"},"image":{"@id":"https:\/\/canal7slp.tv\/2021\/joss-garfias-debuto-en-la-f3-britanica\/#primaryimage"},"thumbnailUrl":"https:\/\/canal7slp.tv\/2021\/wp-content\/uploads\/2021\/06\/Joss-Garfias-Debuto-En-La-F3-Britanica.png","datePublished":"2021-06-10T19:45:32+00:00","breadcrumb":{"@id":"https:\/\/canal7slp.tv\/2021\/joss-garfias-debuto-en-la-f3-britanica\/#breadcrumb"},"inLanguage":"es","potentialAction":[{"@type":"ReadAction","target":["https:\/\/canal7slp.tv\/2021\/joss-garfias-debuto-en-la-f3-britanica\/"]}]},{"@type":"ImageObject","inLanguage":"es","@id":"https:\/\/canal7slp.tv\/2021\/joss-garfias-debuto-en-la-f3-britanica\/#primaryimage","url":"https:\/\/canal7slp.tv\/2021\/wp-content\/uploads\/2021\/06\/Joss-Garfias-Debuto-En-La-F3-Britanica.png","contentUrl":"https:\/\/canal7slp.tv\/2021\/wp-content\/uploads\/2021\/06\/Joss-Garfias-Debuto-En-La-F3-Britanica.png","width":913,"height":450},{"@type":"BreadcrumbList","@id":"https:\/\/canal7slp.tv\/2021\/joss-garfias-debuto-en-la-f3-britanica\/#breadcrumb","itemListElement":[{"@type":"ListItem","position":1,"name":"Portada","item":"https:\/\/canal7slp.tv\/2021\/"},{"@type":"ListItem","position":2,"name":"Joss Garfias debut\u00f3 en la F3 Brit\u00e1nica."}]},{"@type":"WebSite","@id":"https:\/\/canal7slp.tv\/2021\/#website","url":"https:\/\/canal7slp.tv\/2021\/","name":"N7 - Noticieros Canal 7","description":"Somos Televisi\u00f3n","publisher":{"@id":"https:\/\/canal7slp.tv\/2021\/#organization"},"potentialAction":[{"@type":"SearchAction","target":{"@type":"EntryPoint","urlTemplate":"https:\/\/canal7slp.tv\/2021\/?s={search_term_string}"},"query-input":{"@type":"PropertyValueSpecification","valueRequired":true,"valueName":"search_term_string"}}],"inLanguage":"es"},{"@type":"Organization","@id":"https:\/\/canal7slp.tv\/2021\/#organization","name":"Noticieros Canal 7","url":"https:\/\/canal7slp.tv\/2021\/","logo":{"@type":"ImageObject","inLanguage":"es","@id":"https:\/\/canal7slp.tv\/2021\/#\/schema\/logo\/image\/","url":"https:\/\/canal7slp.tv\/2021\/wp-content\/uploads\/2021\/01\/logo-noticieros@2x.png","contentUrl":"https:\/\/canal7slp.tv\/2021\/wp-content\/uploads\/2021\/01\/logo-noticieros@2x.png","width":1017,"height":268,"caption":"Noticieros Canal 7"},"image":{"@id":"https:\/\/canal7slp.tv\/2021\/#\/schema\/logo\/image\/"},"sameAs":["https:\/\/www.facebook.com\/noticieroscanalsiete","https:\/\/x.com\/NOTICIEROS7","https:\/\/www.instagram.com\/canal7_slp","https:\/\/www.youtube.com\/channel\/UCliiYs-gP3JfJeqdPrNdd5A"]},{"@type":"Person","@id":"https:\/\/canal7slp.tv\/2021\/#\/schema\/person\/28a12b0491d3b6f41a854d062961bdc7","name":"Edici\u00f3n Web","image":{"@type":"ImageObject","inLanguage":"es","@id":"https:\/\/secure.gravatar.com\/avatar\/eee448fc3f7164808013b816ba91ac7e43bbe82a70bebac296f8bc6f0addaa1a?s=96&d=mm&r=g","url":"https:\/\/secure.gravatar.com\/avatar\/eee448fc3f7164808013b816ba91ac7e43bbe82a70bebac296f8bc6f0addaa1a?s=96&d=mm&r=g","contentUrl":"https:\/\/secure.gravatar.com\/avatar\/eee448fc3f7164808013b816ba91ac7e43bbe82a70bebac296f8bc6f0addaa1a?s=96&d=mm&r=g","caption":"Edici\u00f3n Web"},"url":"https:\/\/canal7slp.tv\/2021\/author\/edicionweb\/"}]}},"_links":{"self":[{"href":"https:\/\/canal7slp.tv\/2021\/wp-json\/wp\/v2\/posts\/20014","targetHints":{"allow":["GET"]}}],"collection":[{"href":"https:\/\/canal7slp.tv\/2021\/wp-json\/wp\/v2\/posts"}],"about":[{"href":"https:\/\/canal7slp.tv\/2021\/wp-json\/wp\/v2\/types\/post"}],"author":[{"embeddable":true,"href":"https:\/\/canal7slp.tv\/2021\/wp-json\/wp\/v2\/users\/2"}],"replies":[{"embeddable":true,"href":"https:\/\/canal7slp.tv\/2021\/wp-json\/wp\/v2\/comments?post=20014"}],"version-history":[{"count":2,"href":"https:\/\/canal7slp.tv\/2021\/wp-json\/wp\/v2\/posts\/20014\/revisions"}],"predecessor-version":[{"id":20023,"href":"https:\/\/canal7slp.tv\/2021\/wp-json\/wp\/v2\/posts\/20014\/revisions\/20023"}],"wp:featuredmedia":[{"embeddable":true,"href":"https:\/\/canal7slp.tv\/2021\/wp-json\/wp\/v2\/media\/20020"}],"wp:attachment":[{"href":"https:\/\/canal7slp.tv\/2021\/wp-json\/wp\/v2\/media?parent=20014"}],"wp:term":[{"taxonomy":"category","embeddable":true,"href":"https:\/\/canal7slp.tv\/2021\/wp-json\/wp\/v2\/categories?post=20014"},{"taxonomy":"post_tag","embeddable":true,"href":"https:\/\/canal7slp.tv\/2021\/wp-json\/wp\/v2\/tags?post=20014"}],"curies":[{"name":"wp","href":"https:\/\/api.w.org\/{rel}","templated":true}]}}