{"id":19768,"date":"2021-06-08T16:30:57","date_gmt":"2021-06-08T22:30:57","guid":{"rendered":"https:\/\/canal7slp.tv\/2021\/?p=19768"},"modified":"2021-06-08T16:30:57","modified_gmt":"2021-06-08T22:30:57","slug":"agradece-ricardo-gallardo-civilidad-politica-del-gobernador-juan-manuel-carreras-lopez","status":"publish","type":"post","link":"https:\/\/canal7slp.tv\/2021\/agradece-ricardo-gallardo-civilidad-politica-del-gobernador-juan-manuel-carreras-lopez\/","title":{"rendered":"Agradece Ricardo Gallardo civilidad pol\u00edtica del gobernador Juan Manuel Carreras L\u00f3pez"},"content":{"rendered":"<ul>\n<li style=\"text-align: justify;\">Destac\u00f3 la fiesta c\u00edvica que celebr\u00f3 el domingo el pueblo potosino<\/li>\n<\/ul>\n<p style=\"text-align: justify;\">SLP.- Jos\u00e9 Ricardo Gallardo Cardona, virtual gobernador del Estado, reconoci\u00f3 la civilidad y altura pol\u00edtica del gobernador del Estado, Juan Manuel Carreras L\u00f3pez, al reconocer que los datos oficiales de las preferencias electorales le dan la ventaja en la elecci\u00f3n de gobernador para el periodo 2021-2027.<\/p>\n<p style=\"text-align: justify;\">El virtual gobernador expres\u00f3 su confianza de que el proceso de transici\u00f3n ser\u00e1 ordenado en pro de la gobernabilidad y para que los potosinos est\u00e9n seguros de que vivir\u00e1n en paz y tranquilidad pol\u00edtica.<\/p>\n<p style=\"text-align: justify;\">Gallardo Cardona tambi\u00e9n envi\u00f3 un reconocimiento a los otros ocho candidatos que participaron en la contienda, a quienes convoc\u00f3 a la unidad por el bien de todos los potosinos.<\/p>\n<p style=\"text-align: justify;\">El virtual gobernador expres\u00f3 tambi\u00e9n su agradecimiento al pueblo de San Luis Potos\u00ed que acudi\u00f3 a las casillas a votar sin miedo y a darle un voto de confianza a su proyecto.<\/p>\n<p style=\"text-align: justify;\">Agreg\u00f3 que a reserva de los datos que le dan la ventaja y el domingo se har\u00e1n oficiales, los potosinos deben tener la confianza de que una nueva era de prosperidad en el Estado los alcanzar\u00e1 a todos.<\/p>\n","protected":false},"excerpt":{"rendered":"<p>Destac\u00f3 la fiesta c\u00edvica que celebr\u00f3 el domingo el pueblo potosino SLP.- Jos\u00e9 Ricardo Gallardo Cardona, virtual gobernador del Estado, reconoci\u00f3 la civilidad y altura pol\u00edtica del gobernador del Estado, Juan Manuel Carreras L\u00f3pez, al reconocer que los datos oficiales de las preferencias electorales le dan la ventaja en la elecci\u00f3n de gobernador para el periodo 2021-2027. El virtual gobernador expres\u00f3 su confianza de que el proceso de transici\u00f3n ser\u00e1 ordenado en pro de la gobernabilidad y para que los potosinos est\u00e9n seguros de que vivir\u00e1n en paz y tranquilidad pol\u00edtica. Gallardo Cardona tambi\u00e9n envi\u00f3 un reconocimiento a los otros [&hellip;]<\/p>\n","protected":false},"author":2,"featured_media":19769,"comment_status":"closed","ping_status":"closed","sticky":false,"template":"","format":"standard","meta":{"footnotes":""},"categories":[45],"tags":[],"class_list":["post-19768","post","type-post","status-publish","format-standard","has-post-thumbnail","hentry","category-localesyregionales","post--single"],"yoast_head":"<!-- This site is optimized with the Yoast SEO plugin v27.4 - https:\/\/yoast.com\/product\/yoast-seo-wordpress\/ -->\n<title>Agradece Ricardo Gallardo civilidad pol\u00edtica del gobernador Juan Manuel Carreras L\u00f3pez - Canal 7 SLP - 2021<\/title>\n<meta name=\"robots\" content=\"index, follow, max-snippet:-1, max-image-preview:large, max-video-preview:-1\" \/>\n<link rel=\"canonical\" href=\"https:\/\/canal7slp.tv\/2021\/agradece-ricardo-gallardo-civilidad-politica-del-gobernador-juan-manuel-carreras-lopez\/\" \/>\n<meta property=\"og:locale\" content=\"es_ES\" \/>\n<meta property=\"og:type\" content=\"article\" \/>\n<meta property=\"og:title\" content=\"Agradece Ricardo Gallardo civilidad pol\u00edtica del gobernador Juan Manuel Carreras L\u00f3pez - Canal 7 SLP - 2021\" \/>\n<meta property=\"og:description\" content=\"Destac\u00f3 la fiesta c\u00edvica que celebr\u00f3 el domingo el pueblo potosino SLP.- Jos\u00e9 Ricardo Gallardo Cardona, virtual gobernador del Estado, reconoci\u00f3 la civilidad y altura pol\u00edtica del gobernador del Estado, Juan Manuel Carreras L\u00f3pez, al reconocer que los datos oficiales de las preferencias electorales le dan la ventaja en la elecci\u00f3n de gobernador para el periodo 2021-2027. El virtual gobernador expres\u00f3 su confianza de que el proceso de transici\u00f3n ser\u00e1 ordenado en pro de la gobernabilidad y para que los potosinos est\u00e9n seguros de que vivir\u00e1n en paz y tranquilidad pol\u00edtica. Gallardo Cardona tambi\u00e9n envi\u00f3 un reconocimiento a los otros [&hellip;]\" \/>\n<meta property=\"og:url\" content=\"https:\/\/canal7slp.tv\/2021\/agradece-ricardo-gallardo-civilidad-politica-del-gobernador-juan-manuel-carreras-lopez\/\" \/>\n<meta property=\"og:site_name\" content=\"Canal 7 SLP - 2021\" \/>\n<meta property=\"article:publisher\" content=\"https:\/\/www.facebook.com\/noticieroscanalsiete\" \/>\n<meta property=\"article:published_time\" content=\"2021-06-08T22:30:57+00:00\" \/>\n<meta property=\"og:image\" content=\"https:\/\/canal7slp.tv\/2021\/wp-content\/uploads\/2021\/06\/GallardoCardona.jpg\" \/>\n\t<meta property=\"og:image:width\" content=\"1280\" \/>\n\t<meta property=\"og:image:height\" content=\"960\" \/>\n\t<meta property=\"og:image:type\" content=\"image\/jpeg\" \/>\n<meta name=\"author\" content=\"Edici\u00f3n Web\" \/>\n<meta name=\"twitter:card\" content=\"summary_large_image\" \/>\n<meta name=\"twitter:creator\" content=\"@NOTICIEROS7\" \/>\n<meta name=\"twitter:site\" content=\"@NOTICIEROS7\" \/>\n<meta name=\"twitter:label1\" content=\"Escrito por\" \/>\n\t<meta name=\"twitter:data1\" content=\"Edici\u00f3n Web\" \/>\n\t<meta name=\"twitter:label2\" content=\"Tiempo de lectura\" \/>\n\t<meta name=\"twitter:data2\" content=\"1 minuto\" \/>\n<script type=\"application\/ld+json\" class=\"yoast-schema-graph\">{\"@context\":\"https:\\\/\\\/schema.org\",\"@graph\":[{\"@type\":\"Article\",\"@id\":\"https:\\\/\\\/canal7slp.tv\\\/2021\\\/agradece-ricardo-gallardo-civilidad-politica-del-gobernador-juan-manuel-carreras-lopez\\\/#article\",\"isPartOf\":{\"@id\":\"https:\\\/\\\/canal7slp.tv\\\/2021\\\/agradece-ricardo-gallardo-civilidad-politica-del-gobernador-juan-manuel-carreras-lopez\\\/\"},\"author\":{\"name\":\"Edici\u00f3n Web\",\"@id\":\"https:\\\/\\\/canal7slp.tv\\\/2021\\\/#\\\/schema\\\/person\\\/28a12b0491d3b6f41a854d062961bdc7\"},\"headline\":\"Agradece Ricardo Gallardo civilidad pol\u00edtica del gobernador Juan Manuel Carreras L\u00f3pez\",\"datePublished\":\"2021-06-08T22:30:57+00:00\",\"mainEntityOfPage\":{\"@id\":\"https:\\\/\\\/canal7slp.tv\\\/2021\\\/agradece-ricardo-gallardo-civilidad-politica-del-gobernador-juan-manuel-carreras-lopez\\\/\"},\"wordCount\":215,\"publisher\":{\"@id\":\"https:\\\/\\\/canal7slp.tv\\\/2021\\\/#organization\"},\"image\":{\"@id\":\"https:\\\/\\\/canal7slp.tv\\\/2021\\\/agradece-ricardo-gallardo-civilidad-politica-del-gobernador-juan-manuel-carreras-lopez\\\/#primaryimage\"},\"thumbnailUrl\":\"https:\\\/\\\/canal7slp.tv\\\/2021\\\/wp-content\\\/uploads\\\/2021\\\/06\\\/GallardoCardona.jpg\",\"articleSection\":[\"LOCALES Y REGIONALES\"],\"inLanguage\":\"es\"},{\"@type\":\"WebPage\",\"@id\":\"https:\\\/\\\/canal7slp.tv\\\/2021\\\/agradece-ricardo-gallardo-civilidad-politica-del-gobernador-juan-manuel-carreras-lopez\\\/\",\"url\":\"https:\\\/\\\/canal7slp.tv\\\/2021\\\/agradece-ricardo-gallardo-civilidad-politica-del-gobernador-juan-manuel-carreras-lopez\\\/\",\"name\":\"Agradece Ricardo Gallardo civilidad pol\u00edtica del gobernador Juan Manuel Carreras L\u00f3pez - Canal 7 SLP - 2021\",\"isPartOf\":{\"@id\":\"https:\\\/\\\/canal7slp.tv\\\/2021\\\/#website\"},\"primaryImageOfPage\":{\"@id\":\"https:\\\/\\\/canal7slp.tv\\\/2021\\\/agradece-ricardo-gallardo-civilidad-politica-del-gobernador-juan-manuel-carreras-lopez\\\/#primaryimage\"},\"image\":{\"@id\":\"https:\\\/\\\/canal7slp.tv\\\/2021\\\/agradece-ricardo-gallardo-civilidad-politica-del-gobernador-juan-manuel-carreras-lopez\\\/#primaryimage\"},\"thumbnailUrl\":\"https:\\\/\\\/canal7slp.tv\\\/2021\\\/wp-content\\\/uploads\\\/2021\\\/06\\\/GallardoCardona.jpg\",\"datePublished\":\"2021-06-08T22:30:57+00:00\",\"breadcrumb\":{\"@id\":\"https:\\\/\\\/canal7slp.tv\\\/2021\\\/agradece-ricardo-gallardo-civilidad-politica-del-gobernador-juan-manuel-carreras-lopez\\\/#breadcrumb\"},\"inLanguage\":\"es\",\"potentialAction\":[{\"@type\":\"ReadAction\",\"target\":[\"https:\\\/\\\/canal7slp.tv\\\/2021\\\/agradece-ricardo-gallardo-civilidad-politica-del-gobernador-juan-manuel-carreras-lopez\\\/\"]}]},{\"@type\":\"ImageObject\",\"inLanguage\":\"es\",\"@id\":\"https:\\\/\\\/canal7slp.tv\\\/2021\\\/agradece-ricardo-gallardo-civilidad-politica-del-gobernador-juan-manuel-carreras-lopez\\\/#primaryimage\",\"url\":\"https:\\\/\\\/canal7slp.tv\\\/2021\\\/wp-content\\\/uploads\\\/2021\\\/06\\\/GallardoCardona.jpg\",\"contentUrl\":\"https:\\\/\\\/canal7slp.tv\\\/2021\\\/wp-content\\\/uploads\\\/2021\\\/06\\\/GallardoCardona.jpg\",\"width\":1280,\"height\":960},{\"@type\":\"BreadcrumbList\",\"@id\":\"https:\\\/\\\/canal7slp.tv\\\/2021\\\/agradece-ricardo-gallardo-civilidad-politica-del-gobernador-juan-manuel-carreras-lopez\\\/#breadcrumb\",\"itemListElement\":[{\"@type\":\"ListItem\",\"position\":1,\"name\":\"Portada\",\"item\":\"https:\\\/\\\/canal7slp.tv\\\/2021\\\/\"},{\"@type\":\"ListItem\",\"position\":2,\"name\":\"Agradece Ricardo Gallardo civilidad pol\u00edtica del gobernador Juan Manuel Carreras L\u00f3pez\"}]},{\"@type\":\"WebSite\",\"@id\":\"https:\\\/\\\/canal7slp.tv\\\/2021\\\/#website\",\"url\":\"https:\\\/\\\/canal7slp.tv\\\/2021\\\/\",\"name\":\"N7 - Noticieros Canal 7\",\"description\":\"Somos Televisi\u00f3n\",\"publisher\":{\"@id\":\"https:\\\/\\\/canal7slp.tv\\\/2021\\\/#organization\"},\"potentialAction\":[{\"@type\":\"SearchAction\",\"target\":{\"@type\":\"EntryPoint\",\"urlTemplate\":\"https:\\\/\\\/canal7slp.tv\\\/2021\\\/?s={search_term_string}\"},\"query-input\":{\"@type\":\"PropertyValueSpecification\",\"valueRequired\":true,\"valueName\":\"search_term_string\"}}],\"inLanguage\":\"es\"},{\"@type\":\"Organization\",\"@id\":\"https:\\\/\\\/canal7slp.tv\\\/2021\\\/#organization\",\"name\":\"Noticieros Canal 7\",\"url\":\"https:\\\/\\\/canal7slp.tv\\\/2021\\\/\",\"logo\":{\"@type\":\"ImageObject\",\"inLanguage\":\"es\",\"@id\":\"https:\\\/\\\/canal7slp.tv\\\/2021\\\/#\\\/schema\\\/logo\\\/image\\\/\",\"url\":\"https:\\\/\\\/canal7slp.tv\\\/2021\\\/wp-content\\\/uploads\\\/2021\\\/01\\\/logo-noticieros@2x.png\",\"contentUrl\":\"https:\\\/\\\/canal7slp.tv\\\/2021\\\/wp-content\\\/uploads\\\/2021\\\/01\\\/logo-noticieros@2x.png\",\"width\":1017,\"height\":268,\"caption\":\"Noticieros Canal 7\"},\"image\":{\"@id\":\"https:\\\/\\\/canal7slp.tv\\\/2021\\\/#\\\/schema\\\/logo\\\/image\\\/\"},\"sameAs\":[\"https:\\\/\\\/www.facebook.com\\\/noticieroscanalsiete\",\"https:\\\/\\\/x.com\\\/NOTICIEROS7\",\"https:\\\/\\\/www.instagram.com\\\/canal7_slp\",\"https:\\\/\\\/www.youtube.com\\\/channel\\\/UCliiYs-gP3JfJeqdPrNdd5A\"]},{\"@type\":\"Person\",\"@id\":\"https:\\\/\\\/canal7slp.tv\\\/2021\\\/#\\\/schema\\\/person\\\/28a12b0491d3b6f41a854d062961bdc7\",\"name\":\"Edici\u00f3n Web\",\"image\":{\"@type\":\"ImageObject\",\"inLanguage\":\"es\",\"@id\":\"https:\\\/\\\/secure.gravatar.com\\\/avatar\\\/eee448fc3f7164808013b816ba91ac7e43bbe82a70bebac296f8bc6f0addaa1a?s=96&d=mm&r=g\",\"url\":\"https:\\\/\\\/secure.gravatar.com\\\/avatar\\\/eee448fc3f7164808013b816ba91ac7e43bbe82a70bebac296f8bc6f0addaa1a?s=96&d=mm&r=g\",\"contentUrl\":\"https:\\\/\\\/secure.gravatar.com\\\/avatar\\\/eee448fc3f7164808013b816ba91ac7e43bbe82a70bebac296f8bc6f0addaa1a?s=96&d=mm&r=g\",\"caption\":\"Edici\u00f3n Web\"},\"url\":\"https:\\\/\\\/canal7slp.tv\\\/2021\\\/author\\\/edicionweb\\\/\"}]}<\/script>\n<!-- \/ Yoast SEO plugin. -->","yoast_head_json":{"title":"Agradece Ricardo Gallardo civilidad pol\u00edtica del gobernador Juan Manuel Carreras L\u00f3pez - Canal 7 SLP - 2021","robots":{"index":"index","follow":"follow","max-snippet":"max-snippet:-1","max-image-preview":"max-image-preview:large","max-video-preview":"max-video-preview:-1"},"canonical":"https:\/\/canal7slp.tv\/2021\/agradece-ricardo-gallardo-civilidad-politica-del-gobernador-juan-manuel-carreras-lopez\/","og_locale":"es_ES","og_type":"article","og_title":"Agradece Ricardo Gallardo civilidad pol\u00edtica del gobernador Juan Manuel Carreras L\u00f3pez - Canal 7 SLP - 2021","og_description":"Destac\u00f3 la fiesta c\u00edvica que celebr\u00f3 el domingo el pueblo potosino SLP.- Jos\u00e9 Ricardo Gallardo Cardona, virtual gobernador del Estado, reconoci\u00f3 la civilidad y altura pol\u00edtica del gobernador del Estado, Juan Manuel Carreras L\u00f3pez, al reconocer que los datos oficiales de las preferencias electorales le dan la ventaja en la elecci\u00f3n de gobernador para el periodo 2021-2027. El virtual gobernador expres\u00f3 su confianza de que el proceso de transici\u00f3n ser\u00e1 ordenado en pro de la gobernabilidad y para que los potosinos est\u00e9n seguros de que vivir\u00e1n en paz y tranquilidad pol\u00edtica. Gallardo Cardona tambi\u00e9n envi\u00f3 un reconocimiento a los otros [&hellip;]","og_url":"https:\/\/canal7slp.tv\/2021\/agradece-ricardo-gallardo-civilidad-politica-del-gobernador-juan-manuel-carreras-lopez\/","og_site_name":"Canal 7 SLP - 2021","article_publisher":"https:\/\/www.facebook.com\/noticieroscanalsiete","article_published_time":"2021-06-08T22:30:57+00:00","og_image":[{"width":1280,"height":960,"url":"https:\/\/canal7slp.tv\/2021\/wp-content\/uploads\/2021\/06\/GallardoCardona.jpg","type":"image\/jpeg"}],"author":"Edici\u00f3n Web","twitter_card":"summary_large_image","twitter_creator":"@NOTICIEROS7","twitter_site":"@NOTICIEROS7","twitter_misc":{"Escrito por":"Edici\u00f3n Web","Tiempo de lectura":"1 minuto"},"schema":{"@context":"https:\/\/schema.org","@graph":[{"@type":"Article","@id":"https:\/\/canal7slp.tv\/2021\/agradece-ricardo-gallardo-civilidad-politica-del-gobernador-juan-manuel-carreras-lopez\/#article","isPartOf":{"@id":"https:\/\/canal7slp.tv\/2021\/agradece-ricardo-gallardo-civilidad-politica-del-gobernador-juan-manuel-carreras-lopez\/"},"author":{"name":"Edici\u00f3n Web","@id":"https:\/\/canal7slp.tv\/2021\/#\/schema\/person\/28a12b0491d3b6f41a854d062961bdc7"},"headline":"Agradece Ricardo Gallardo civilidad pol\u00edtica del gobernador Juan Manuel Carreras L\u00f3pez","datePublished":"2021-06-08T22:30:57+00:00","mainEntityOfPage":{"@id":"https:\/\/canal7slp.tv\/2021\/agradece-ricardo-gallardo-civilidad-politica-del-gobernador-juan-manuel-carreras-lopez\/"},"wordCount":215,"publisher":{"@id":"https:\/\/canal7slp.tv\/2021\/#organization"},"image":{"@id":"https:\/\/canal7slp.tv\/2021\/agradece-ricardo-gallardo-civilidad-politica-del-gobernador-juan-manuel-carreras-lopez\/#primaryimage"},"thumbnailUrl":"https:\/\/canal7slp.tv\/2021\/wp-content\/uploads\/2021\/06\/GallardoCardona.jpg","articleSection":["LOCALES Y REGIONALES"],"inLanguage":"es"},{"@type":"WebPage","@id":"https:\/\/canal7slp.tv\/2021\/agradece-ricardo-gallardo-civilidad-politica-del-gobernador-juan-manuel-carreras-lopez\/","url":"https:\/\/canal7slp.tv\/2021\/agradece-ricardo-gallardo-civilidad-politica-del-gobernador-juan-manuel-carreras-lopez\/","name":"Agradece Ricardo Gallardo civilidad pol\u00edtica del gobernador Juan Manuel Carreras L\u00f3pez - Canal 7 SLP - 2021","isPartOf":{"@id":"https:\/\/canal7slp.tv\/2021\/#website"},"primaryImageOfPage":{"@id":"https:\/\/canal7slp.tv\/2021\/agradece-ricardo-gallardo-civilidad-politica-del-gobernador-juan-manuel-carreras-lopez\/#primaryimage"},"image":{"@id":"https:\/\/canal7slp.tv\/2021\/agradece-ricardo-gallardo-civilidad-politica-del-gobernador-juan-manuel-carreras-lopez\/#primaryimage"},"thumbnailUrl":"https:\/\/canal7slp.tv\/2021\/wp-content\/uploads\/2021\/06\/GallardoCardona.jpg","datePublished":"2021-06-08T22:30:57+00:00","breadcrumb":{"@id":"https:\/\/canal7slp.tv\/2021\/agradece-ricardo-gallardo-civilidad-politica-del-gobernador-juan-manuel-carreras-lopez\/#breadcrumb"},"inLanguage":"es","potentialAction":[{"@type":"ReadAction","target":["https:\/\/canal7slp.tv\/2021\/agradece-ricardo-gallardo-civilidad-politica-del-gobernador-juan-manuel-carreras-lopez\/"]}]},{"@type":"ImageObject","inLanguage":"es","@id":"https:\/\/canal7slp.tv\/2021\/agradece-ricardo-gallardo-civilidad-politica-del-gobernador-juan-manuel-carreras-lopez\/#primaryimage","url":"https:\/\/canal7slp.tv\/2021\/wp-content\/uploads\/2021\/06\/GallardoCardona.jpg","contentUrl":"https:\/\/canal7slp.tv\/2021\/wp-content\/uploads\/2021\/06\/GallardoCardona.jpg","width":1280,"height":960},{"@type":"BreadcrumbList","@id":"https:\/\/canal7slp.tv\/2021\/agradece-ricardo-gallardo-civilidad-politica-del-gobernador-juan-manuel-carreras-lopez\/#breadcrumb","itemListElement":[{"@type":"ListItem","position":1,"name":"Portada","item":"https:\/\/canal7slp.tv\/2021\/"},{"@type":"ListItem","position":2,"name":"Agradece Ricardo Gallardo civilidad pol\u00edtica del gobernador Juan Manuel Carreras L\u00f3pez"}]},{"@type":"WebSite","@id":"https:\/\/canal7slp.tv\/2021\/#website","url":"https:\/\/canal7slp.tv\/2021\/","name":"N7 - Noticieros Canal 7","description":"Somos Televisi\u00f3n","publisher":{"@id":"https:\/\/canal7slp.tv\/2021\/#organization"},"potentialAction":[{"@type":"SearchAction","target":{"@type":"EntryPoint","urlTemplate":"https:\/\/canal7slp.tv\/2021\/?s={search_term_string}"},"query-input":{"@type":"PropertyValueSpecification","valueRequired":true,"valueName":"search_term_string"}}],"inLanguage":"es"},{"@type":"Organization","@id":"https:\/\/canal7slp.tv\/2021\/#organization","name":"Noticieros Canal 7","url":"https:\/\/canal7slp.tv\/2021\/","logo":{"@type":"ImageObject","inLanguage":"es","@id":"https:\/\/canal7slp.tv\/2021\/#\/schema\/logo\/image\/","url":"https:\/\/canal7slp.tv\/2021\/wp-content\/uploads\/2021\/01\/logo-noticieros@2x.png","contentUrl":"https:\/\/canal7slp.tv\/2021\/wp-content\/uploads\/2021\/01\/logo-noticieros@2x.png","width":1017,"height":268,"caption":"Noticieros Canal 7"},"image":{"@id":"https:\/\/canal7slp.tv\/2021\/#\/schema\/logo\/image\/"},"sameAs":["https:\/\/www.facebook.com\/noticieroscanalsiete","https:\/\/x.com\/NOTICIEROS7","https:\/\/www.instagram.com\/canal7_slp","https:\/\/www.youtube.com\/channel\/UCliiYs-gP3JfJeqdPrNdd5A"]},{"@type":"Person","@id":"https:\/\/canal7slp.tv\/2021\/#\/schema\/person\/28a12b0491d3b6f41a854d062961bdc7","name":"Edici\u00f3n Web","image":{"@type":"ImageObject","inLanguage":"es","@id":"https:\/\/secure.gravatar.com\/avatar\/eee448fc3f7164808013b816ba91ac7e43bbe82a70bebac296f8bc6f0addaa1a?s=96&d=mm&r=g","url":"https:\/\/secure.gravatar.com\/avatar\/eee448fc3f7164808013b816ba91ac7e43bbe82a70bebac296f8bc6f0addaa1a?s=96&d=mm&r=g","contentUrl":"https:\/\/secure.gravatar.com\/avatar\/eee448fc3f7164808013b816ba91ac7e43bbe82a70bebac296f8bc6f0addaa1a?s=96&d=mm&r=g","caption":"Edici\u00f3n Web"},"url":"https:\/\/canal7slp.tv\/2021\/author\/edicionweb\/"}]}},"_links":{"self":[{"href":"https:\/\/canal7slp.tv\/2021\/wp-json\/wp\/v2\/posts\/19768","targetHints":{"allow":["GET"]}}],"collection":[{"href":"https:\/\/canal7slp.tv\/2021\/wp-json\/wp\/v2\/posts"}],"about":[{"href":"https:\/\/canal7slp.tv\/2021\/wp-json\/wp\/v2\/types\/post"}],"author":[{"embeddable":true,"href":"https:\/\/canal7slp.tv\/2021\/wp-json\/wp\/v2\/users\/2"}],"replies":[{"embeddable":true,"href":"https:\/\/canal7slp.tv\/2021\/wp-json\/wp\/v2\/comments?post=19768"}],"version-history":[{"count":1,"href":"https:\/\/canal7slp.tv\/2021\/wp-json\/wp\/v2\/posts\/19768\/revisions"}],"predecessor-version":[{"id":19770,"href":"https:\/\/canal7slp.tv\/2021\/wp-json\/wp\/v2\/posts\/19768\/revisions\/19770"}],"wp:featuredmedia":[{"embeddable":true,"href":"https:\/\/canal7slp.tv\/2021\/wp-json\/wp\/v2\/media\/19769"}],"wp:attachment":[{"href":"https:\/\/canal7slp.tv\/2021\/wp-json\/wp\/v2\/media?parent=19768"}],"wp:term":[{"taxonomy":"category","embeddable":true,"href":"https:\/\/canal7slp.tv\/2021\/wp-json\/wp\/v2\/categories?post=19768"},{"taxonomy":"post_tag","embeddable":true,"href":"https:\/\/canal7slp.tv\/2021\/wp-json\/wp\/v2\/tags?post=19768"}],"curies":[{"name":"wp","href":"https:\/\/api.w.org\/{rel}","templated":true}]}}