{"id":19765,"date":"2021-06-08T15:59:37","date_gmt":"2021-06-08T21:59:37","guid":{"rendered":"https:\/\/canal7slp.tv\/2021\/?p=19765"},"modified":"2021-06-08T15:59:37","modified_gmt":"2021-06-08T21:59:37","slug":"llama-jm-carreras-a-continuar-el-proceso-electoral-con-apego-al-marco-legal","status":"publish","type":"post","link":"https:\/\/canal7slp.tv\/2021\/llama-jm-carreras-a-continuar-el-proceso-electoral-con-apego-al-marco-legal\/","title":{"rendered":"Llama JM Carreras a continuar el proceso electoral con apego al marco legal"},"content":{"rendered":"<p style=\"text-align: justify;\">SLP.-\u00a0El Gobernador del Estado, Juan Manuel Carreras L\u00f3pez, reconoci\u00f3 a las y los potosinos por su participaci\u00f3n en el proceso electoral del pasado domingo, que contin\u00faa su marcha de acuerdo a lo que marca la ley.<\/p>\n<p style=\"text-align: justify;\">El mandatario potosino indic\u00f3 que, de acuerdo a las cifras del Programa de Resultados Electorales Preliminares (PREP), del Consejo Estatal Electoral y de Participaci\u00f3n Ciudadana (CEEPAC) que cerr\u00f3 al 7 de junio del presente a\u00f1o, se aprecian los siguientes resultados:<\/p>\n<p style=\"text-align: justify;\">En el caso de la elecci\u00f3n para Gobernador del Estado, el candidato Ricardo Gallardo de la coalici\u00f3n de los Partidos Verde Ecologista de M\u00e9xico (PVEM) y del Trabajo (PT) adelanta con el 36.1423%.<\/p>\n<p style=\"text-align: justify;\">En el caso del Congreso del Estado, la Coalici\u00f3n formada por los Partidos Acci\u00f3n Nacional (PAN) Revolucionario Institucional (PRI) de la Revoluci\u00f3n Democr\u00e1tica (PRD) y Conciencia Popular (CP) tendr\u00eda la ventaja en 8 distritos electorales locales, y la coalici\u00f3n de los Partidos Verde Ecologista de M\u00e9xico (PVEM) y del Trabajo (PT) tendr\u00eda la ventaja en 7 distritos.<\/p>\n<p style=\"text-align: justify;\">En el caso de los Ayuntamientos, se observa una pluralidad democr\u00e1tica en todo el Estado, en la cual distintos partidos pol\u00edticos por si mismos o en colaci\u00f3n aventajan en los resultados preliminares correspondientes.<\/p>\n<p style=\"text-align: justify;\">El Gobernador del Estado hace un exhorto a que los Partidos Pol\u00edticos y las Autoridades Electorales puedan concluir los procesos de c\u00f3mputo en los comit\u00e9s electorales distritales, municipales y del propio Consejo Estatal Electoral y de Participaci\u00f3n Ciudadana (Ceepac), en un marco de respeto y civilidad entre todos.<\/p>\n<p style=\"text-align: justify;\">Finalmente, el Gobernador del Estado convoca a las y los potosinos para que despu\u00e9s de que se concluyan los procesos electorales, se fortalezca la Unidad y el Trabajo por San Luis Potos\u00ed en torno a las autoridades que resulten electas.<\/p>\n","protected":false},"excerpt":{"rendered":"<p>SLP.-\u00a0El Gobernador del Estado, Juan Manuel Carreras L\u00f3pez, reconoci\u00f3 a las y los potosinos por su participaci\u00f3n en el proceso electoral del pasado domingo, que contin\u00faa su marcha de acuerdo a lo que marca la ley. El mandatario potosino indic\u00f3 que, de acuerdo a las cifras del Programa de Resultados Electorales Preliminares (PREP), del Consejo Estatal Electoral y de Participaci\u00f3n Ciudadana (CEEPAC) que cerr\u00f3 al 7 de junio del presente a\u00f1o, se aprecian los siguientes resultados: En el caso de la elecci\u00f3n para Gobernador del Estado, el candidato Ricardo Gallardo de la coalici\u00f3n de los Partidos Verde Ecologista de M\u00e9xico [&hellip;]<\/p>\n","protected":false},"author":2,"featured_media":19766,"comment_status":"closed","ping_status":"closed","sticky":false,"template":"","format":"standard","meta":{"footnotes":""},"categories":[45],"tags":[],"class_list":["post-19765","post","type-post","status-publish","format-standard","has-post-thumbnail","hentry","category-localesyregionales","post--single"],"yoast_head":"<!-- This site is optimized with the Yoast SEO plugin v27.4 - https:\/\/yoast.com\/product\/yoast-seo-wordpress\/ -->\n<title>Llama JM Carreras a continuar el proceso electoral con apego al marco legal - Canal 7 SLP - 2021<\/title>\n<meta name=\"robots\" content=\"index, follow, max-snippet:-1, max-image-preview:large, max-video-preview:-1\" \/>\n<link rel=\"canonical\" href=\"https:\/\/canal7slp.tv\/2021\/llama-jm-carreras-a-continuar-el-proceso-electoral-con-apego-al-marco-legal\/\" \/>\n<meta property=\"og:locale\" content=\"es_ES\" \/>\n<meta property=\"og:type\" content=\"article\" \/>\n<meta property=\"og:title\" content=\"Llama JM Carreras a continuar el proceso electoral con apego al marco legal - Canal 7 SLP - 2021\" \/>\n<meta property=\"og:description\" content=\"SLP.-\u00a0El Gobernador del Estado, Juan Manuel Carreras L\u00f3pez, reconoci\u00f3 a las y los potosinos por su participaci\u00f3n en el proceso electoral del pasado domingo, que contin\u00faa su marcha de acuerdo a lo que marca la ley. El mandatario potosino indic\u00f3 que, de acuerdo a las cifras del Programa de Resultados Electorales Preliminares (PREP), del Consejo Estatal Electoral y de Participaci\u00f3n Ciudadana (CEEPAC) que cerr\u00f3 al 7 de junio del presente a\u00f1o, se aprecian los siguientes resultados: En el caso de la elecci\u00f3n para Gobernador del Estado, el candidato Ricardo Gallardo de la coalici\u00f3n de los Partidos Verde Ecologista de M\u00e9xico [&hellip;]\" \/>\n<meta property=\"og:url\" content=\"https:\/\/canal7slp.tv\/2021\/llama-jm-carreras-a-continuar-el-proceso-electoral-con-apego-al-marco-legal\/\" \/>\n<meta property=\"og:site_name\" content=\"Canal 7 SLP - 2021\" \/>\n<meta property=\"article:publisher\" content=\"https:\/\/www.facebook.com\/noticieroscanalsiete\" \/>\n<meta property=\"article:published_time\" content=\"2021-06-08T21:59:37+00:00\" \/>\n<meta property=\"og:image\" content=\"https:\/\/canal7slp.tv\/2021\/wp-content\/uploads\/2021\/06\/CarrerasLopez.jpg\" \/>\n\t<meta property=\"og:image:width\" content=\"675\" \/>\n\t<meta property=\"og:image:height\" content=\"450\" \/>\n\t<meta property=\"og:image:type\" content=\"image\/jpeg\" \/>\n<meta name=\"author\" content=\"Edici\u00f3n Web\" \/>\n<meta name=\"twitter:card\" content=\"summary_large_image\" \/>\n<meta name=\"twitter:creator\" content=\"@NOTICIEROS7\" \/>\n<meta name=\"twitter:site\" content=\"@NOTICIEROS7\" \/>\n<meta name=\"twitter:label1\" content=\"Escrito por\" \/>\n\t<meta name=\"twitter:data1\" content=\"Edici\u00f3n Web\" \/>\n\t<meta name=\"twitter:label2\" content=\"Tiempo de lectura\" \/>\n\t<meta name=\"twitter:data2\" content=\"2 minutos\" \/>\n<script type=\"application\/ld+json\" class=\"yoast-schema-graph\">{\"@context\":\"https:\\\/\\\/schema.org\",\"@graph\":[{\"@type\":\"Article\",\"@id\":\"https:\\\/\\\/canal7slp.tv\\\/2021\\\/llama-jm-carreras-a-continuar-el-proceso-electoral-con-apego-al-marco-legal\\\/#article\",\"isPartOf\":{\"@id\":\"https:\\\/\\\/canal7slp.tv\\\/2021\\\/llama-jm-carreras-a-continuar-el-proceso-electoral-con-apego-al-marco-legal\\\/\"},\"author\":{\"name\":\"Edici\u00f3n Web\",\"@id\":\"https:\\\/\\\/canal7slp.tv\\\/2021\\\/#\\\/schema\\\/person\\\/28a12b0491d3b6f41a854d062961bdc7\"},\"headline\":\"Llama JM Carreras a continuar el proceso electoral con apego al marco legal\",\"datePublished\":\"2021-06-08T21:59:37+00:00\",\"mainEntityOfPage\":{\"@id\":\"https:\\\/\\\/canal7slp.tv\\\/2021\\\/llama-jm-carreras-a-continuar-el-proceso-electoral-con-apego-al-marco-legal\\\/\"},\"wordCount\":322,\"publisher\":{\"@id\":\"https:\\\/\\\/canal7slp.tv\\\/2021\\\/#organization\"},\"image\":{\"@id\":\"https:\\\/\\\/canal7slp.tv\\\/2021\\\/llama-jm-carreras-a-continuar-el-proceso-electoral-con-apego-al-marco-legal\\\/#primaryimage\"},\"thumbnailUrl\":\"https:\\\/\\\/canal7slp.tv\\\/2021\\\/wp-content\\\/uploads\\\/2021\\\/06\\\/CarrerasLopez.jpg\",\"articleSection\":[\"LOCALES Y REGIONALES\"],\"inLanguage\":\"es\"},{\"@type\":\"WebPage\",\"@id\":\"https:\\\/\\\/canal7slp.tv\\\/2021\\\/llama-jm-carreras-a-continuar-el-proceso-electoral-con-apego-al-marco-legal\\\/\",\"url\":\"https:\\\/\\\/canal7slp.tv\\\/2021\\\/llama-jm-carreras-a-continuar-el-proceso-electoral-con-apego-al-marco-legal\\\/\",\"name\":\"Llama JM Carreras a continuar el proceso electoral con apego al marco legal - Canal 7 SLP - 2021\",\"isPartOf\":{\"@id\":\"https:\\\/\\\/canal7slp.tv\\\/2021\\\/#website\"},\"primaryImageOfPage\":{\"@id\":\"https:\\\/\\\/canal7slp.tv\\\/2021\\\/llama-jm-carreras-a-continuar-el-proceso-electoral-con-apego-al-marco-legal\\\/#primaryimage\"},\"image\":{\"@id\":\"https:\\\/\\\/canal7slp.tv\\\/2021\\\/llama-jm-carreras-a-continuar-el-proceso-electoral-con-apego-al-marco-legal\\\/#primaryimage\"},\"thumbnailUrl\":\"https:\\\/\\\/canal7slp.tv\\\/2021\\\/wp-content\\\/uploads\\\/2021\\\/06\\\/CarrerasLopez.jpg\",\"datePublished\":\"2021-06-08T21:59:37+00:00\",\"breadcrumb\":{\"@id\":\"https:\\\/\\\/canal7slp.tv\\\/2021\\\/llama-jm-carreras-a-continuar-el-proceso-electoral-con-apego-al-marco-legal\\\/#breadcrumb\"},\"inLanguage\":\"es\",\"potentialAction\":[{\"@type\":\"ReadAction\",\"target\":[\"https:\\\/\\\/canal7slp.tv\\\/2021\\\/llama-jm-carreras-a-continuar-el-proceso-electoral-con-apego-al-marco-legal\\\/\"]}]},{\"@type\":\"ImageObject\",\"inLanguage\":\"es\",\"@id\":\"https:\\\/\\\/canal7slp.tv\\\/2021\\\/llama-jm-carreras-a-continuar-el-proceso-electoral-con-apego-al-marco-legal\\\/#primaryimage\",\"url\":\"https:\\\/\\\/canal7slp.tv\\\/2021\\\/wp-content\\\/uploads\\\/2021\\\/06\\\/CarrerasLopez.jpg\",\"contentUrl\":\"https:\\\/\\\/canal7slp.tv\\\/2021\\\/wp-content\\\/uploads\\\/2021\\\/06\\\/CarrerasLopez.jpg\",\"width\":675,\"height\":450},{\"@type\":\"BreadcrumbList\",\"@id\":\"https:\\\/\\\/canal7slp.tv\\\/2021\\\/llama-jm-carreras-a-continuar-el-proceso-electoral-con-apego-al-marco-legal\\\/#breadcrumb\",\"itemListElement\":[{\"@type\":\"ListItem\",\"position\":1,\"name\":\"Portada\",\"item\":\"https:\\\/\\\/canal7slp.tv\\\/2021\\\/\"},{\"@type\":\"ListItem\",\"position\":2,\"name\":\"Llama JM Carreras a continuar el proceso electoral con apego al marco legal\"}]},{\"@type\":\"WebSite\",\"@id\":\"https:\\\/\\\/canal7slp.tv\\\/2021\\\/#website\",\"url\":\"https:\\\/\\\/canal7slp.tv\\\/2021\\\/\",\"name\":\"N7 - Noticieros Canal 7\",\"description\":\"Somos Televisi\u00f3n\",\"publisher\":{\"@id\":\"https:\\\/\\\/canal7slp.tv\\\/2021\\\/#organization\"},\"potentialAction\":[{\"@type\":\"SearchAction\",\"target\":{\"@type\":\"EntryPoint\",\"urlTemplate\":\"https:\\\/\\\/canal7slp.tv\\\/2021\\\/?s={search_term_string}\"},\"query-input\":{\"@type\":\"PropertyValueSpecification\",\"valueRequired\":true,\"valueName\":\"search_term_string\"}}],\"inLanguage\":\"es\"},{\"@type\":\"Organization\",\"@id\":\"https:\\\/\\\/canal7slp.tv\\\/2021\\\/#organization\",\"name\":\"Noticieros Canal 7\",\"url\":\"https:\\\/\\\/canal7slp.tv\\\/2021\\\/\",\"logo\":{\"@type\":\"ImageObject\",\"inLanguage\":\"es\",\"@id\":\"https:\\\/\\\/canal7slp.tv\\\/2021\\\/#\\\/schema\\\/logo\\\/image\\\/\",\"url\":\"https:\\\/\\\/canal7slp.tv\\\/2021\\\/wp-content\\\/uploads\\\/2021\\\/01\\\/logo-noticieros@2x.png\",\"contentUrl\":\"https:\\\/\\\/canal7slp.tv\\\/2021\\\/wp-content\\\/uploads\\\/2021\\\/01\\\/logo-noticieros@2x.png\",\"width\":1017,\"height\":268,\"caption\":\"Noticieros Canal 7\"},\"image\":{\"@id\":\"https:\\\/\\\/canal7slp.tv\\\/2021\\\/#\\\/schema\\\/logo\\\/image\\\/\"},\"sameAs\":[\"https:\\\/\\\/www.facebook.com\\\/noticieroscanalsiete\",\"https:\\\/\\\/x.com\\\/NOTICIEROS7\",\"https:\\\/\\\/www.instagram.com\\\/canal7_slp\",\"https:\\\/\\\/www.youtube.com\\\/channel\\\/UCliiYs-gP3JfJeqdPrNdd5A\"]},{\"@type\":\"Person\",\"@id\":\"https:\\\/\\\/canal7slp.tv\\\/2021\\\/#\\\/schema\\\/person\\\/28a12b0491d3b6f41a854d062961bdc7\",\"name\":\"Edici\u00f3n Web\",\"image\":{\"@type\":\"ImageObject\",\"inLanguage\":\"es\",\"@id\":\"https:\\\/\\\/secure.gravatar.com\\\/avatar\\\/eee448fc3f7164808013b816ba91ac7e43bbe82a70bebac296f8bc6f0addaa1a?s=96&d=mm&r=g\",\"url\":\"https:\\\/\\\/secure.gravatar.com\\\/avatar\\\/eee448fc3f7164808013b816ba91ac7e43bbe82a70bebac296f8bc6f0addaa1a?s=96&d=mm&r=g\",\"contentUrl\":\"https:\\\/\\\/secure.gravatar.com\\\/avatar\\\/eee448fc3f7164808013b816ba91ac7e43bbe82a70bebac296f8bc6f0addaa1a?s=96&d=mm&r=g\",\"caption\":\"Edici\u00f3n Web\"},\"url\":\"https:\\\/\\\/canal7slp.tv\\\/2021\\\/author\\\/edicionweb\\\/\"}]}<\/script>\n<!-- \/ Yoast SEO plugin. -->","yoast_head_json":{"title":"Llama JM Carreras a continuar el proceso electoral con apego al marco legal - Canal 7 SLP - 2021","robots":{"index":"index","follow":"follow","max-snippet":"max-snippet:-1","max-image-preview":"max-image-preview:large","max-video-preview":"max-video-preview:-1"},"canonical":"https:\/\/canal7slp.tv\/2021\/llama-jm-carreras-a-continuar-el-proceso-electoral-con-apego-al-marco-legal\/","og_locale":"es_ES","og_type":"article","og_title":"Llama JM Carreras a continuar el proceso electoral con apego al marco legal - Canal 7 SLP - 2021","og_description":"SLP.-\u00a0El Gobernador del Estado, Juan Manuel Carreras L\u00f3pez, reconoci\u00f3 a las y los potosinos por su participaci\u00f3n en el proceso electoral del pasado domingo, que contin\u00faa su marcha de acuerdo a lo que marca la ley. El mandatario potosino indic\u00f3 que, de acuerdo a las cifras del Programa de Resultados Electorales Preliminares (PREP), del Consejo Estatal Electoral y de Participaci\u00f3n Ciudadana (CEEPAC) que cerr\u00f3 al 7 de junio del presente a\u00f1o, se aprecian los siguientes resultados: En el caso de la elecci\u00f3n para Gobernador del Estado, el candidato Ricardo Gallardo de la coalici\u00f3n de los Partidos Verde Ecologista de M\u00e9xico [&hellip;]","og_url":"https:\/\/canal7slp.tv\/2021\/llama-jm-carreras-a-continuar-el-proceso-electoral-con-apego-al-marco-legal\/","og_site_name":"Canal 7 SLP - 2021","article_publisher":"https:\/\/www.facebook.com\/noticieroscanalsiete","article_published_time":"2021-06-08T21:59:37+00:00","og_image":[{"width":675,"height":450,"url":"https:\/\/canal7slp.tv\/2021\/wp-content\/uploads\/2021\/06\/CarrerasLopez.jpg","type":"image\/jpeg"}],"author":"Edici\u00f3n Web","twitter_card":"summary_large_image","twitter_creator":"@NOTICIEROS7","twitter_site":"@NOTICIEROS7","twitter_misc":{"Escrito por":"Edici\u00f3n Web","Tiempo de lectura":"2 minutos"},"schema":{"@context":"https:\/\/schema.org","@graph":[{"@type":"Article","@id":"https:\/\/canal7slp.tv\/2021\/llama-jm-carreras-a-continuar-el-proceso-electoral-con-apego-al-marco-legal\/#article","isPartOf":{"@id":"https:\/\/canal7slp.tv\/2021\/llama-jm-carreras-a-continuar-el-proceso-electoral-con-apego-al-marco-legal\/"},"author":{"name":"Edici\u00f3n Web","@id":"https:\/\/canal7slp.tv\/2021\/#\/schema\/person\/28a12b0491d3b6f41a854d062961bdc7"},"headline":"Llama JM Carreras a continuar el proceso electoral con apego al marco legal","datePublished":"2021-06-08T21:59:37+00:00","mainEntityOfPage":{"@id":"https:\/\/canal7slp.tv\/2021\/llama-jm-carreras-a-continuar-el-proceso-electoral-con-apego-al-marco-legal\/"},"wordCount":322,"publisher":{"@id":"https:\/\/canal7slp.tv\/2021\/#organization"},"image":{"@id":"https:\/\/canal7slp.tv\/2021\/llama-jm-carreras-a-continuar-el-proceso-electoral-con-apego-al-marco-legal\/#primaryimage"},"thumbnailUrl":"https:\/\/canal7slp.tv\/2021\/wp-content\/uploads\/2021\/06\/CarrerasLopez.jpg","articleSection":["LOCALES Y REGIONALES"],"inLanguage":"es"},{"@type":"WebPage","@id":"https:\/\/canal7slp.tv\/2021\/llama-jm-carreras-a-continuar-el-proceso-electoral-con-apego-al-marco-legal\/","url":"https:\/\/canal7slp.tv\/2021\/llama-jm-carreras-a-continuar-el-proceso-electoral-con-apego-al-marco-legal\/","name":"Llama JM Carreras a continuar el proceso electoral con apego al marco legal - Canal 7 SLP - 2021","isPartOf":{"@id":"https:\/\/canal7slp.tv\/2021\/#website"},"primaryImageOfPage":{"@id":"https:\/\/canal7slp.tv\/2021\/llama-jm-carreras-a-continuar-el-proceso-electoral-con-apego-al-marco-legal\/#primaryimage"},"image":{"@id":"https:\/\/canal7slp.tv\/2021\/llama-jm-carreras-a-continuar-el-proceso-electoral-con-apego-al-marco-legal\/#primaryimage"},"thumbnailUrl":"https:\/\/canal7slp.tv\/2021\/wp-content\/uploads\/2021\/06\/CarrerasLopez.jpg","datePublished":"2021-06-08T21:59:37+00:00","breadcrumb":{"@id":"https:\/\/canal7slp.tv\/2021\/llama-jm-carreras-a-continuar-el-proceso-electoral-con-apego-al-marco-legal\/#breadcrumb"},"inLanguage":"es","potentialAction":[{"@type":"ReadAction","target":["https:\/\/canal7slp.tv\/2021\/llama-jm-carreras-a-continuar-el-proceso-electoral-con-apego-al-marco-legal\/"]}]},{"@type":"ImageObject","inLanguage":"es","@id":"https:\/\/canal7slp.tv\/2021\/llama-jm-carreras-a-continuar-el-proceso-electoral-con-apego-al-marco-legal\/#primaryimage","url":"https:\/\/canal7slp.tv\/2021\/wp-content\/uploads\/2021\/06\/CarrerasLopez.jpg","contentUrl":"https:\/\/canal7slp.tv\/2021\/wp-content\/uploads\/2021\/06\/CarrerasLopez.jpg","width":675,"height":450},{"@type":"BreadcrumbList","@id":"https:\/\/canal7slp.tv\/2021\/llama-jm-carreras-a-continuar-el-proceso-electoral-con-apego-al-marco-legal\/#breadcrumb","itemListElement":[{"@type":"ListItem","position":1,"name":"Portada","item":"https:\/\/canal7slp.tv\/2021\/"},{"@type":"ListItem","position":2,"name":"Llama JM Carreras a continuar el proceso electoral con apego al marco legal"}]},{"@type":"WebSite","@id":"https:\/\/canal7slp.tv\/2021\/#website","url":"https:\/\/canal7slp.tv\/2021\/","name":"N7 - Noticieros Canal 7","description":"Somos Televisi\u00f3n","publisher":{"@id":"https:\/\/canal7slp.tv\/2021\/#organization"},"potentialAction":[{"@type":"SearchAction","target":{"@type":"EntryPoint","urlTemplate":"https:\/\/canal7slp.tv\/2021\/?s={search_term_string}"},"query-input":{"@type":"PropertyValueSpecification","valueRequired":true,"valueName":"search_term_string"}}],"inLanguage":"es"},{"@type":"Organization","@id":"https:\/\/canal7slp.tv\/2021\/#organization","name":"Noticieros Canal 7","url":"https:\/\/canal7slp.tv\/2021\/","logo":{"@type":"ImageObject","inLanguage":"es","@id":"https:\/\/canal7slp.tv\/2021\/#\/schema\/logo\/image\/","url":"https:\/\/canal7slp.tv\/2021\/wp-content\/uploads\/2021\/01\/logo-noticieros@2x.png","contentUrl":"https:\/\/canal7slp.tv\/2021\/wp-content\/uploads\/2021\/01\/logo-noticieros@2x.png","width":1017,"height":268,"caption":"Noticieros Canal 7"},"image":{"@id":"https:\/\/canal7slp.tv\/2021\/#\/schema\/logo\/image\/"},"sameAs":["https:\/\/www.facebook.com\/noticieroscanalsiete","https:\/\/x.com\/NOTICIEROS7","https:\/\/www.instagram.com\/canal7_slp","https:\/\/www.youtube.com\/channel\/UCliiYs-gP3JfJeqdPrNdd5A"]},{"@type":"Person","@id":"https:\/\/canal7slp.tv\/2021\/#\/schema\/person\/28a12b0491d3b6f41a854d062961bdc7","name":"Edici\u00f3n Web","image":{"@type":"ImageObject","inLanguage":"es","@id":"https:\/\/secure.gravatar.com\/avatar\/eee448fc3f7164808013b816ba91ac7e43bbe82a70bebac296f8bc6f0addaa1a?s=96&d=mm&r=g","url":"https:\/\/secure.gravatar.com\/avatar\/eee448fc3f7164808013b816ba91ac7e43bbe82a70bebac296f8bc6f0addaa1a?s=96&d=mm&r=g","contentUrl":"https:\/\/secure.gravatar.com\/avatar\/eee448fc3f7164808013b816ba91ac7e43bbe82a70bebac296f8bc6f0addaa1a?s=96&d=mm&r=g","caption":"Edici\u00f3n Web"},"url":"https:\/\/canal7slp.tv\/2021\/author\/edicionweb\/"}]}},"_links":{"self":[{"href":"https:\/\/canal7slp.tv\/2021\/wp-json\/wp\/v2\/posts\/19765","targetHints":{"allow":["GET"]}}],"collection":[{"href":"https:\/\/canal7slp.tv\/2021\/wp-json\/wp\/v2\/posts"}],"about":[{"href":"https:\/\/canal7slp.tv\/2021\/wp-json\/wp\/v2\/types\/post"}],"author":[{"embeddable":true,"href":"https:\/\/canal7slp.tv\/2021\/wp-json\/wp\/v2\/users\/2"}],"replies":[{"embeddable":true,"href":"https:\/\/canal7slp.tv\/2021\/wp-json\/wp\/v2\/comments?post=19765"}],"version-history":[{"count":1,"href":"https:\/\/canal7slp.tv\/2021\/wp-json\/wp\/v2\/posts\/19765\/revisions"}],"predecessor-version":[{"id":19767,"href":"https:\/\/canal7slp.tv\/2021\/wp-json\/wp\/v2\/posts\/19765\/revisions\/19767"}],"wp:featuredmedia":[{"embeddable":true,"href":"https:\/\/canal7slp.tv\/2021\/wp-json\/wp\/v2\/media\/19766"}],"wp:attachment":[{"href":"https:\/\/canal7slp.tv\/2021\/wp-json\/wp\/v2\/media?parent=19765"}],"wp:term":[{"taxonomy":"category","embeddable":true,"href":"https:\/\/canal7slp.tv\/2021\/wp-json\/wp\/v2\/categories?post=19765"},{"taxonomy":"post_tag","embeddable":true,"href":"https:\/\/canal7slp.tv\/2021\/wp-json\/wp\/v2\/tags?post=19765"}],"curies":[{"name":"wp","href":"https:\/\/api.w.org\/{rel}","templated":true}]}}