{"id":19757,"date":"2021-06-08T15:30:32","date_gmt":"2021-06-08T21:30:32","guid":{"rendered":"https:\/\/canal7slp.tv\/2021\/?p=19757"},"modified":"2021-06-08T15:30:32","modified_gmt":"2021-06-08T21:30:32","slug":"senalado-de-robo-a-tienda-fue-detenido-por-pdi-en-villa-de-arista","status":"publish","type":"post","link":"https:\/\/canal7slp.tv\/2021\/senalado-de-robo-a-tienda-fue-detenido-por-pdi-en-villa-de-arista\/","title":{"rendered":"Se\u00f1alado de robo a tienda fue detenido por PDI en Villa de Arista"},"content":{"rendered":"<p style=\"text-align: justify;\">\n<p style=\"text-align: justify;\">\u2022 Se habr\u00eda apoderado de un tel\u00e9fono celular, joyas y dinero en efectivo<\/p>\n<p style=\"text-align: justify;\">Villa de Arista. \u2013 Un hombre de 30 a\u00f1os de edad fue detenido en Villa de Arista, por personal operativo de la Fiscal\u00eda General del Estado de San Luis Potos\u00ed (FGESLP), mediante una de aprehensi\u00f3n librada por el delito de robo calificado.<\/p>\n<p style=\"text-align: justify;\">El mandato judicial se gener\u00f3 cuando integrantes de la Polic\u00eda de Investigaci\u00f3n (PDI) tuvieron conocimiento de un hurto perpetrado en una tienda de abarrotes del municipio referido, donde fue sustra\u00eddo un tel\u00e9fono celular, varias cadenas de oro y dinero en efectivo.<\/p>\n<p style=\"text-align: justify;\">Al implementar algunas estrategias de inteligencia en el lugar, los agentes lograron establecer a un presunto interviniente en el il\u00edcito referido, siendo un sujeto de nombre Iv\u00e1n \u201cN\u201d.<\/p>\n<p style=\"text-align: justify;\">Las acciones penales en contra de esta persona fueron emprendidas por el agente del Ministerio P\u00fablico, el cual logr\u00f3 que fuera girada la orden de aprehensi\u00f3n por el delito de robo calificado.<\/p>\n<p style=\"text-align: justify;\">Asimismo, los elementos investigadores de la Zona Altiplano se abocaron a cumplimentar el mandato hasta que consiguieron arrestar al se\u00f1alado, mismo al que le informaron de los derechos que gozar\u00e1 como detenido.<\/p>\n<p style=\"text-align: justify;\">El indiciado fue certificado m\u00e9dicamente en las oficinas de la corporaci\u00f3n y posteriormente fue recluido en el centro de reinserci\u00f3n social de Matehuala. Ser\u00e1 en los siguientes d\u00edas cuando se lleve a cabo la audiencia inicial por este suceso.<\/p>\n","protected":false},"excerpt":{"rendered":"<p>\u2022 Se habr\u00eda apoderado de un tel\u00e9fono celular, joyas y dinero en efectivo Villa de Arista. \u2013 Un hombre de 30 a\u00f1os de edad fue detenido en Villa de Arista, por personal operativo de la Fiscal\u00eda General del Estado de San Luis Potos\u00ed (FGESLP), mediante una de aprehensi\u00f3n librada por el delito de robo calificado. El mandato judicial se gener\u00f3 cuando integrantes de la Polic\u00eda de Investigaci\u00f3n (PDI) tuvieron conocimiento de un hurto perpetrado en una tienda de abarrotes del municipio referido, donde fue sustra\u00eddo un tel\u00e9fono celular, varias cadenas de oro y dinero en efectivo. Al implementar algunas estrategias [&hellip;]<\/p>\n","protected":false},"author":2,"featured_media":19760,"comment_status":"closed","ping_status":"closed","sticky":false,"template":"","format":"standard","meta":{"footnotes":""},"categories":[48],"tags":[],"class_list":["post-19757","post","type-post","status-publish","format-standard","has-post-thumbnail","hentry","category-reporte7","post--single"],"yoast_head":"<!-- This site is optimized with the Yoast SEO plugin v27.4 - https:\/\/yoast.com\/product\/yoast-seo-wordpress\/ -->\n<title>Se\u00f1alado de robo a tienda fue detenido por PDI en Villa de Arista - Canal 7 SLP - 2021<\/title>\n<meta name=\"robots\" content=\"index, follow, max-snippet:-1, max-image-preview:large, max-video-preview:-1\" \/>\n<link rel=\"canonical\" href=\"https:\/\/canal7slp.tv\/2021\/senalado-de-robo-a-tienda-fue-detenido-por-pdi-en-villa-de-arista\/\" \/>\n<meta property=\"og:locale\" content=\"es_ES\" \/>\n<meta property=\"og:type\" content=\"article\" \/>\n<meta property=\"og:title\" content=\"Se\u00f1alado de robo a tienda fue detenido por PDI en Villa de Arista - Canal 7 SLP - 2021\" \/>\n<meta property=\"og:description\" content=\"\u2022 Se habr\u00eda apoderado de un tel\u00e9fono celular, joyas y dinero en efectivo Villa de Arista. \u2013 Un hombre de 30 a\u00f1os de edad fue detenido en Villa de Arista, por personal operativo de la Fiscal\u00eda General del Estado de San Luis Potos\u00ed (FGESLP), mediante una de aprehensi\u00f3n librada por el delito de robo calificado. El mandato judicial se gener\u00f3 cuando integrantes de la Polic\u00eda de Investigaci\u00f3n (PDI) tuvieron conocimiento de un hurto perpetrado en una tienda de abarrotes del municipio referido, donde fue sustra\u00eddo un tel\u00e9fono celular, varias cadenas de oro y dinero en efectivo. Al implementar algunas estrategias [&hellip;]\" \/>\n<meta property=\"og:url\" content=\"https:\/\/canal7slp.tv\/2021\/senalado-de-robo-a-tienda-fue-detenido-por-pdi-en-villa-de-arista\/\" \/>\n<meta property=\"og:site_name\" content=\"Canal 7 SLP - 2021\" \/>\n<meta property=\"article:publisher\" content=\"https:\/\/www.facebook.com\/noticieroscanalsiete\" \/>\n<meta property=\"article:published_time\" content=\"2021-06-08T21:30:32+00:00\" \/>\n<meta property=\"og:image\" content=\"https:\/\/canal7slp.tv\/2021\/wp-content\/uploads\/2021\/06\/zz4b-2.png\" \/>\n\t<meta property=\"og:image:width\" content=\"894\" \/>\n\t<meta property=\"og:image:height\" content=\"558\" \/>\n\t<meta property=\"og:image:type\" content=\"image\/png\" \/>\n<meta name=\"author\" content=\"Edici\u00f3n Web\" \/>\n<meta name=\"twitter:card\" content=\"summary_large_image\" \/>\n<meta name=\"twitter:creator\" content=\"@NOTICIEROS7\" \/>\n<meta name=\"twitter:site\" content=\"@NOTICIEROS7\" \/>\n<meta name=\"twitter:label1\" content=\"Escrito por\" \/>\n\t<meta name=\"twitter:data1\" content=\"Edici\u00f3n Web\" \/>\n\t<meta name=\"twitter:label2\" content=\"Tiempo de lectura\" \/>\n\t<meta name=\"twitter:data2\" content=\"1 minuto\" \/>\n<script type=\"application\/ld+json\" class=\"yoast-schema-graph\">{\"@context\":\"https:\\\/\\\/schema.org\",\"@graph\":[{\"@type\":\"Article\",\"@id\":\"https:\\\/\\\/canal7slp.tv\\\/2021\\\/senalado-de-robo-a-tienda-fue-detenido-por-pdi-en-villa-de-arista\\\/#article\",\"isPartOf\":{\"@id\":\"https:\\\/\\\/canal7slp.tv\\\/2021\\\/senalado-de-robo-a-tienda-fue-detenido-por-pdi-en-villa-de-arista\\\/\"},\"author\":{\"name\":\"Edici\u00f3n Web\",\"@id\":\"https:\\\/\\\/canal7slp.tv\\\/2021\\\/#\\\/schema\\\/person\\\/28a12b0491d3b6f41a854d062961bdc7\"},\"headline\":\"Se\u00f1alado de robo a tienda fue detenido por PDI en Villa de Arista\",\"datePublished\":\"2021-06-08T21:30:32+00:00\",\"mainEntityOfPage\":{\"@id\":\"https:\\\/\\\/canal7slp.tv\\\/2021\\\/senalado-de-robo-a-tienda-fue-detenido-por-pdi-en-villa-de-arista\\\/\"},\"wordCount\":256,\"publisher\":{\"@id\":\"https:\\\/\\\/canal7slp.tv\\\/2021\\\/#organization\"},\"image\":{\"@id\":\"https:\\\/\\\/canal7slp.tv\\\/2021\\\/senalado-de-robo-a-tienda-fue-detenido-por-pdi-en-villa-de-arista\\\/#primaryimage\"},\"thumbnailUrl\":\"https:\\\/\\\/canal7slp.tv\\\/2021\\\/wp-content\\\/uploads\\\/2021\\\/06\\\/zz4b-2.png\",\"articleSection\":[\"REPORTE 7\"],\"inLanguage\":\"es\"},{\"@type\":\"WebPage\",\"@id\":\"https:\\\/\\\/canal7slp.tv\\\/2021\\\/senalado-de-robo-a-tienda-fue-detenido-por-pdi-en-villa-de-arista\\\/\",\"url\":\"https:\\\/\\\/canal7slp.tv\\\/2021\\\/senalado-de-robo-a-tienda-fue-detenido-por-pdi-en-villa-de-arista\\\/\",\"name\":\"Se\u00f1alado de robo a tienda fue detenido por PDI en Villa de Arista - Canal 7 SLP - 2021\",\"isPartOf\":{\"@id\":\"https:\\\/\\\/canal7slp.tv\\\/2021\\\/#website\"},\"primaryImageOfPage\":{\"@id\":\"https:\\\/\\\/canal7slp.tv\\\/2021\\\/senalado-de-robo-a-tienda-fue-detenido-por-pdi-en-villa-de-arista\\\/#primaryimage\"},\"image\":{\"@id\":\"https:\\\/\\\/canal7slp.tv\\\/2021\\\/senalado-de-robo-a-tienda-fue-detenido-por-pdi-en-villa-de-arista\\\/#primaryimage\"},\"thumbnailUrl\":\"https:\\\/\\\/canal7slp.tv\\\/2021\\\/wp-content\\\/uploads\\\/2021\\\/06\\\/zz4b-2.png\",\"datePublished\":\"2021-06-08T21:30:32+00:00\",\"breadcrumb\":{\"@id\":\"https:\\\/\\\/canal7slp.tv\\\/2021\\\/senalado-de-robo-a-tienda-fue-detenido-por-pdi-en-villa-de-arista\\\/#breadcrumb\"},\"inLanguage\":\"es\",\"potentialAction\":[{\"@type\":\"ReadAction\",\"target\":[\"https:\\\/\\\/canal7slp.tv\\\/2021\\\/senalado-de-robo-a-tienda-fue-detenido-por-pdi-en-villa-de-arista\\\/\"]}]},{\"@type\":\"ImageObject\",\"inLanguage\":\"es\",\"@id\":\"https:\\\/\\\/canal7slp.tv\\\/2021\\\/senalado-de-robo-a-tienda-fue-detenido-por-pdi-en-villa-de-arista\\\/#primaryimage\",\"url\":\"https:\\\/\\\/canal7slp.tv\\\/2021\\\/wp-content\\\/uploads\\\/2021\\\/06\\\/zz4b-2.png\",\"contentUrl\":\"https:\\\/\\\/canal7slp.tv\\\/2021\\\/wp-content\\\/uploads\\\/2021\\\/06\\\/zz4b-2.png\",\"width\":894,\"height\":558},{\"@type\":\"BreadcrumbList\",\"@id\":\"https:\\\/\\\/canal7slp.tv\\\/2021\\\/senalado-de-robo-a-tienda-fue-detenido-por-pdi-en-villa-de-arista\\\/#breadcrumb\",\"itemListElement\":[{\"@type\":\"ListItem\",\"position\":1,\"name\":\"Portada\",\"item\":\"https:\\\/\\\/canal7slp.tv\\\/2021\\\/\"},{\"@type\":\"ListItem\",\"position\":2,\"name\":\"Se\u00f1alado de robo a tienda fue detenido por PDI en Villa de Arista\"}]},{\"@type\":\"WebSite\",\"@id\":\"https:\\\/\\\/canal7slp.tv\\\/2021\\\/#website\",\"url\":\"https:\\\/\\\/canal7slp.tv\\\/2021\\\/\",\"name\":\"N7 - Noticieros Canal 7\",\"description\":\"Somos Televisi\u00f3n\",\"publisher\":{\"@id\":\"https:\\\/\\\/canal7slp.tv\\\/2021\\\/#organization\"},\"potentialAction\":[{\"@type\":\"SearchAction\",\"target\":{\"@type\":\"EntryPoint\",\"urlTemplate\":\"https:\\\/\\\/canal7slp.tv\\\/2021\\\/?s={search_term_string}\"},\"query-input\":{\"@type\":\"PropertyValueSpecification\",\"valueRequired\":true,\"valueName\":\"search_term_string\"}}],\"inLanguage\":\"es\"},{\"@type\":\"Organization\",\"@id\":\"https:\\\/\\\/canal7slp.tv\\\/2021\\\/#organization\",\"name\":\"Noticieros Canal 7\",\"url\":\"https:\\\/\\\/canal7slp.tv\\\/2021\\\/\",\"logo\":{\"@type\":\"ImageObject\",\"inLanguage\":\"es\",\"@id\":\"https:\\\/\\\/canal7slp.tv\\\/2021\\\/#\\\/schema\\\/logo\\\/image\\\/\",\"url\":\"https:\\\/\\\/canal7slp.tv\\\/2021\\\/wp-content\\\/uploads\\\/2021\\\/01\\\/logo-noticieros@2x.png\",\"contentUrl\":\"https:\\\/\\\/canal7slp.tv\\\/2021\\\/wp-content\\\/uploads\\\/2021\\\/01\\\/logo-noticieros@2x.png\",\"width\":1017,\"height\":268,\"caption\":\"Noticieros Canal 7\"},\"image\":{\"@id\":\"https:\\\/\\\/canal7slp.tv\\\/2021\\\/#\\\/schema\\\/logo\\\/image\\\/\"},\"sameAs\":[\"https:\\\/\\\/www.facebook.com\\\/noticieroscanalsiete\",\"https:\\\/\\\/x.com\\\/NOTICIEROS7\",\"https:\\\/\\\/www.instagram.com\\\/canal7_slp\",\"https:\\\/\\\/www.youtube.com\\\/channel\\\/UCliiYs-gP3JfJeqdPrNdd5A\"]},{\"@type\":\"Person\",\"@id\":\"https:\\\/\\\/canal7slp.tv\\\/2021\\\/#\\\/schema\\\/person\\\/28a12b0491d3b6f41a854d062961bdc7\",\"name\":\"Edici\u00f3n Web\",\"image\":{\"@type\":\"ImageObject\",\"inLanguage\":\"es\",\"@id\":\"https:\\\/\\\/secure.gravatar.com\\\/avatar\\\/eee448fc3f7164808013b816ba91ac7e43bbe82a70bebac296f8bc6f0addaa1a?s=96&d=mm&r=g\",\"url\":\"https:\\\/\\\/secure.gravatar.com\\\/avatar\\\/eee448fc3f7164808013b816ba91ac7e43bbe82a70bebac296f8bc6f0addaa1a?s=96&d=mm&r=g\",\"contentUrl\":\"https:\\\/\\\/secure.gravatar.com\\\/avatar\\\/eee448fc3f7164808013b816ba91ac7e43bbe82a70bebac296f8bc6f0addaa1a?s=96&d=mm&r=g\",\"caption\":\"Edici\u00f3n Web\"},\"url\":\"https:\\\/\\\/canal7slp.tv\\\/2021\\\/author\\\/edicionweb\\\/\"}]}<\/script>\n<!-- \/ Yoast SEO plugin. -->","yoast_head_json":{"title":"Se\u00f1alado de robo a tienda fue detenido por PDI en Villa de Arista - Canal 7 SLP - 2021","robots":{"index":"index","follow":"follow","max-snippet":"max-snippet:-1","max-image-preview":"max-image-preview:large","max-video-preview":"max-video-preview:-1"},"canonical":"https:\/\/canal7slp.tv\/2021\/senalado-de-robo-a-tienda-fue-detenido-por-pdi-en-villa-de-arista\/","og_locale":"es_ES","og_type":"article","og_title":"Se\u00f1alado de robo a tienda fue detenido por PDI en Villa de Arista - Canal 7 SLP - 2021","og_description":"\u2022 Se habr\u00eda apoderado de un tel\u00e9fono celular, joyas y dinero en efectivo Villa de Arista. \u2013 Un hombre de 30 a\u00f1os de edad fue detenido en Villa de Arista, por personal operativo de la Fiscal\u00eda General del Estado de San Luis Potos\u00ed (FGESLP), mediante una de aprehensi\u00f3n librada por el delito de robo calificado. El mandato judicial se gener\u00f3 cuando integrantes de la Polic\u00eda de Investigaci\u00f3n (PDI) tuvieron conocimiento de un hurto perpetrado en una tienda de abarrotes del municipio referido, donde fue sustra\u00eddo un tel\u00e9fono celular, varias cadenas de oro y dinero en efectivo. Al implementar algunas estrategias [&hellip;]","og_url":"https:\/\/canal7slp.tv\/2021\/senalado-de-robo-a-tienda-fue-detenido-por-pdi-en-villa-de-arista\/","og_site_name":"Canal 7 SLP - 2021","article_publisher":"https:\/\/www.facebook.com\/noticieroscanalsiete","article_published_time":"2021-06-08T21:30:32+00:00","og_image":[{"width":894,"height":558,"url":"https:\/\/canal7slp.tv\/2021\/wp-content\/uploads\/2021\/06\/zz4b-2.png","type":"image\/png"}],"author":"Edici\u00f3n Web","twitter_card":"summary_large_image","twitter_creator":"@NOTICIEROS7","twitter_site":"@NOTICIEROS7","twitter_misc":{"Escrito por":"Edici\u00f3n Web","Tiempo de lectura":"1 minuto"},"schema":{"@context":"https:\/\/schema.org","@graph":[{"@type":"Article","@id":"https:\/\/canal7slp.tv\/2021\/senalado-de-robo-a-tienda-fue-detenido-por-pdi-en-villa-de-arista\/#article","isPartOf":{"@id":"https:\/\/canal7slp.tv\/2021\/senalado-de-robo-a-tienda-fue-detenido-por-pdi-en-villa-de-arista\/"},"author":{"name":"Edici\u00f3n Web","@id":"https:\/\/canal7slp.tv\/2021\/#\/schema\/person\/28a12b0491d3b6f41a854d062961bdc7"},"headline":"Se\u00f1alado de robo a tienda fue detenido por PDI en Villa de Arista","datePublished":"2021-06-08T21:30:32+00:00","mainEntityOfPage":{"@id":"https:\/\/canal7slp.tv\/2021\/senalado-de-robo-a-tienda-fue-detenido-por-pdi-en-villa-de-arista\/"},"wordCount":256,"publisher":{"@id":"https:\/\/canal7slp.tv\/2021\/#organization"},"image":{"@id":"https:\/\/canal7slp.tv\/2021\/senalado-de-robo-a-tienda-fue-detenido-por-pdi-en-villa-de-arista\/#primaryimage"},"thumbnailUrl":"https:\/\/canal7slp.tv\/2021\/wp-content\/uploads\/2021\/06\/zz4b-2.png","articleSection":["REPORTE 7"],"inLanguage":"es"},{"@type":"WebPage","@id":"https:\/\/canal7slp.tv\/2021\/senalado-de-robo-a-tienda-fue-detenido-por-pdi-en-villa-de-arista\/","url":"https:\/\/canal7slp.tv\/2021\/senalado-de-robo-a-tienda-fue-detenido-por-pdi-en-villa-de-arista\/","name":"Se\u00f1alado de robo a tienda fue detenido por PDI en Villa de Arista - Canal 7 SLP - 2021","isPartOf":{"@id":"https:\/\/canal7slp.tv\/2021\/#website"},"primaryImageOfPage":{"@id":"https:\/\/canal7slp.tv\/2021\/senalado-de-robo-a-tienda-fue-detenido-por-pdi-en-villa-de-arista\/#primaryimage"},"image":{"@id":"https:\/\/canal7slp.tv\/2021\/senalado-de-robo-a-tienda-fue-detenido-por-pdi-en-villa-de-arista\/#primaryimage"},"thumbnailUrl":"https:\/\/canal7slp.tv\/2021\/wp-content\/uploads\/2021\/06\/zz4b-2.png","datePublished":"2021-06-08T21:30:32+00:00","breadcrumb":{"@id":"https:\/\/canal7slp.tv\/2021\/senalado-de-robo-a-tienda-fue-detenido-por-pdi-en-villa-de-arista\/#breadcrumb"},"inLanguage":"es","potentialAction":[{"@type":"ReadAction","target":["https:\/\/canal7slp.tv\/2021\/senalado-de-robo-a-tienda-fue-detenido-por-pdi-en-villa-de-arista\/"]}]},{"@type":"ImageObject","inLanguage":"es","@id":"https:\/\/canal7slp.tv\/2021\/senalado-de-robo-a-tienda-fue-detenido-por-pdi-en-villa-de-arista\/#primaryimage","url":"https:\/\/canal7slp.tv\/2021\/wp-content\/uploads\/2021\/06\/zz4b-2.png","contentUrl":"https:\/\/canal7slp.tv\/2021\/wp-content\/uploads\/2021\/06\/zz4b-2.png","width":894,"height":558},{"@type":"BreadcrumbList","@id":"https:\/\/canal7slp.tv\/2021\/senalado-de-robo-a-tienda-fue-detenido-por-pdi-en-villa-de-arista\/#breadcrumb","itemListElement":[{"@type":"ListItem","position":1,"name":"Portada","item":"https:\/\/canal7slp.tv\/2021\/"},{"@type":"ListItem","position":2,"name":"Se\u00f1alado de robo a tienda fue detenido por PDI en Villa de Arista"}]},{"@type":"WebSite","@id":"https:\/\/canal7slp.tv\/2021\/#website","url":"https:\/\/canal7slp.tv\/2021\/","name":"N7 - Noticieros Canal 7","description":"Somos Televisi\u00f3n","publisher":{"@id":"https:\/\/canal7slp.tv\/2021\/#organization"},"potentialAction":[{"@type":"SearchAction","target":{"@type":"EntryPoint","urlTemplate":"https:\/\/canal7slp.tv\/2021\/?s={search_term_string}"},"query-input":{"@type":"PropertyValueSpecification","valueRequired":true,"valueName":"search_term_string"}}],"inLanguage":"es"},{"@type":"Organization","@id":"https:\/\/canal7slp.tv\/2021\/#organization","name":"Noticieros Canal 7","url":"https:\/\/canal7slp.tv\/2021\/","logo":{"@type":"ImageObject","inLanguage":"es","@id":"https:\/\/canal7slp.tv\/2021\/#\/schema\/logo\/image\/","url":"https:\/\/canal7slp.tv\/2021\/wp-content\/uploads\/2021\/01\/logo-noticieros@2x.png","contentUrl":"https:\/\/canal7slp.tv\/2021\/wp-content\/uploads\/2021\/01\/logo-noticieros@2x.png","width":1017,"height":268,"caption":"Noticieros Canal 7"},"image":{"@id":"https:\/\/canal7slp.tv\/2021\/#\/schema\/logo\/image\/"},"sameAs":["https:\/\/www.facebook.com\/noticieroscanalsiete","https:\/\/x.com\/NOTICIEROS7","https:\/\/www.instagram.com\/canal7_slp","https:\/\/www.youtube.com\/channel\/UCliiYs-gP3JfJeqdPrNdd5A"]},{"@type":"Person","@id":"https:\/\/canal7slp.tv\/2021\/#\/schema\/person\/28a12b0491d3b6f41a854d062961bdc7","name":"Edici\u00f3n Web","image":{"@type":"ImageObject","inLanguage":"es","@id":"https:\/\/secure.gravatar.com\/avatar\/eee448fc3f7164808013b816ba91ac7e43bbe82a70bebac296f8bc6f0addaa1a?s=96&d=mm&r=g","url":"https:\/\/secure.gravatar.com\/avatar\/eee448fc3f7164808013b816ba91ac7e43bbe82a70bebac296f8bc6f0addaa1a?s=96&d=mm&r=g","contentUrl":"https:\/\/secure.gravatar.com\/avatar\/eee448fc3f7164808013b816ba91ac7e43bbe82a70bebac296f8bc6f0addaa1a?s=96&d=mm&r=g","caption":"Edici\u00f3n Web"},"url":"https:\/\/canal7slp.tv\/2021\/author\/edicionweb\/"}]}},"_links":{"self":[{"href":"https:\/\/canal7slp.tv\/2021\/wp-json\/wp\/v2\/posts\/19757","targetHints":{"allow":["GET"]}}],"collection":[{"href":"https:\/\/canal7slp.tv\/2021\/wp-json\/wp\/v2\/posts"}],"about":[{"href":"https:\/\/canal7slp.tv\/2021\/wp-json\/wp\/v2\/types\/post"}],"author":[{"embeddable":true,"href":"https:\/\/canal7slp.tv\/2021\/wp-json\/wp\/v2\/users\/2"}],"replies":[{"embeddable":true,"href":"https:\/\/canal7slp.tv\/2021\/wp-json\/wp\/v2\/comments?post=19757"}],"version-history":[{"count":1,"href":"https:\/\/canal7slp.tv\/2021\/wp-json\/wp\/v2\/posts\/19757\/revisions"}],"predecessor-version":[{"id":19764,"href":"https:\/\/canal7slp.tv\/2021\/wp-json\/wp\/v2\/posts\/19757\/revisions\/19764"}],"wp:featuredmedia":[{"embeddable":true,"href":"https:\/\/canal7slp.tv\/2021\/wp-json\/wp\/v2\/media\/19760"}],"wp:attachment":[{"href":"https:\/\/canal7slp.tv\/2021\/wp-json\/wp\/v2\/media?parent=19757"}],"wp:term":[{"taxonomy":"category","embeddable":true,"href":"https:\/\/canal7slp.tv\/2021\/wp-json\/wp\/v2\/categories?post=19757"},{"taxonomy":"post_tag","embeddable":true,"href":"https:\/\/canal7slp.tv\/2021\/wp-json\/wp\/v2\/tags?post=19757"}],"curies":[{"name":"wp","href":"https:\/\/api.w.org\/{rel}","templated":true}]}}