{"id":19756,"date":"2021-06-08T15:30:21","date_gmt":"2021-06-08T21:30:21","guid":{"rendered":"https:\/\/canal7slp.tv\/2021\/?p=19756"},"modified":"2021-06-08T15:30:21","modified_gmt":"2021-06-08T21:30:21","slug":"logra-fge-prision-preventiva-a-imputado-de-homicidio-en-sgs","status":"publish","type":"post","link":"https:\/\/canal7slp.tv\/2021\/logra-fge-prision-preventiva-a-imputado-de-homicidio-en-sgs\/","title":{"rendered":"Logra FGE prisi\u00f3n preventiva a imputado de homicidio en SGS"},"content":{"rendered":"<p style=\"text-align: justify;\">\u2022 La v\u00edctima sufri\u00f3 lesiones por arma blanca<\/p>\n<p style=\"text-align: justify;\">SGS. \u2013 Litigadores de la Fiscal\u00eda General del Estado de San Luis Potos\u00ed lograron la vinculaci\u00f3n a proceso de un individuo de 20 a\u00f1os de edad por el delito de homicidio calificado, al estar presuntamente relacionado en hechos en los que perdi\u00f3 la vida un hombre en Soledad de Graciano S\u00e1nchez.<\/p>\n<p style=\"text-align: justify;\">El personal de procuraci\u00f3n de justicia solicit\u00f3 al Juez de Control la medida cautelar de prisi\u00f3n preventiva oficiosa la cual se decret\u00f3 al se\u00f1alado; se inform\u00f3 tambi\u00e9n de los tres meses destinados para que se lleve a cabo la investigaci\u00f3n complementaria.<\/p>\n<p style=\"text-align: justify;\">Seg\u00fan la informaci\u00f3n de este caso, Miguel \u00c1ngel \u201cN\u201d fue considerado presunto responsable de lesionar a la v\u00edctima de 40 a\u00f1os de edad con un arma blanca.<\/p>\n<p style=\"text-align: justify;\">Fue el 1 de enero de 2020 cuando se report\u00f3 por medio de los n\u00fameros de emergencias, la presencia de un occiso sobre la calle Pedro de Gante en el municipio mencionado.<br \/>\nEl agente del Ministerio P\u00fablico efectu\u00f3 las acciones penales en contra del se\u00f1alado, luego que la Polic\u00eda de Investigaci\u00f3n present\u00f3 varios datos de prueba en contra del individuo, hasta que fue librada una orden de aprehensi\u00f3n.<\/p>\n<p style=\"text-align: justify;\">De esta forma, Miguel \u00c1ngel \u201cN\u201d enfrent\u00f3 la audiencia inicial y los abogados de procuraci\u00f3n de justicia presentaron los argumentos suficientes para que un Juez de Control vinculara a proceso al indiciado e impusiera la prisi\u00f3n preventiva oficiosa como medida cautelar.<\/p>\n<p style=\"text-align: justify;\">El presunto permanecer\u00e1 interno en el centro de reinserci\u00f3n social de la ciudad de San Luis Potos\u00ed, hasta que su estado legal sea resuelto en su totalidad.<\/p>\n","protected":false},"excerpt":{"rendered":"<p>\u2022 La v\u00edctima sufri\u00f3 lesiones por arma blanca SGS. \u2013 Litigadores de la Fiscal\u00eda General del Estado de San Luis Potos\u00ed lograron la vinculaci\u00f3n a proceso de un individuo de 20 a\u00f1os de edad por el delito de homicidio calificado, al estar presuntamente relacionado en hechos en los que perdi\u00f3 la vida un hombre en Soledad de Graciano S\u00e1nchez. El personal de procuraci\u00f3n de justicia solicit\u00f3 al Juez de Control la medida cautelar de prisi\u00f3n preventiva oficiosa la cual se decret\u00f3 al se\u00f1alado; se inform\u00f3 tambi\u00e9n de los tres meses destinados para que se lleve a cabo la investigaci\u00f3n complementaria. [&hellip;]<\/p>\n","protected":false},"author":2,"featured_media":19759,"comment_status":"closed","ping_status":"closed","sticky":false,"template":"","format":"standard","meta":{"footnotes":""},"categories":[48],"tags":[],"class_list":["post-19756","post","type-post","status-publish","format-standard","has-post-thumbnail","hentry","category-reporte7","post--single"],"yoast_head":"<!-- This site is optimized with the Yoast SEO plugin v27.4 - https:\/\/yoast.com\/product\/yoast-seo-wordpress\/ -->\n<title>Logra FGE prisi\u00f3n preventiva a imputado de homicidio en SGS - Canal 7 SLP - 2021<\/title>\n<meta name=\"robots\" content=\"index, follow, max-snippet:-1, max-image-preview:large, max-video-preview:-1\" \/>\n<link rel=\"canonical\" href=\"https:\/\/canal7slp.tv\/2021\/logra-fge-prision-preventiva-a-imputado-de-homicidio-en-sgs\/\" \/>\n<meta property=\"og:locale\" content=\"es_ES\" \/>\n<meta property=\"og:type\" content=\"article\" \/>\n<meta property=\"og:title\" content=\"Logra FGE prisi\u00f3n preventiva a imputado de homicidio en SGS - Canal 7 SLP - 2021\" \/>\n<meta property=\"og:description\" content=\"\u2022 La v\u00edctima sufri\u00f3 lesiones por arma blanca SGS. \u2013 Litigadores de la Fiscal\u00eda General del Estado de San Luis Potos\u00ed lograron la vinculaci\u00f3n a proceso de un individuo de 20 a\u00f1os de edad por el delito de homicidio calificado, al estar presuntamente relacionado en hechos en los que perdi\u00f3 la vida un hombre en Soledad de Graciano S\u00e1nchez. El personal de procuraci\u00f3n de justicia solicit\u00f3 al Juez de Control la medida cautelar de prisi\u00f3n preventiva oficiosa la cual se decret\u00f3 al se\u00f1alado; se inform\u00f3 tambi\u00e9n de los tres meses destinados para que se lleve a cabo la investigaci\u00f3n complementaria. [&hellip;]\" \/>\n<meta property=\"og:url\" content=\"https:\/\/canal7slp.tv\/2021\/logra-fge-prision-preventiva-a-imputado-de-homicidio-en-sgs\/\" \/>\n<meta property=\"og:site_name\" content=\"Canal 7 SLP - 2021\" \/>\n<meta property=\"article:publisher\" content=\"https:\/\/www.facebook.com\/noticieroscanalsiete\" \/>\n<meta property=\"article:published_time\" content=\"2021-06-08T21:30:21+00:00\" \/>\n<meta property=\"og:image\" content=\"https:\/\/canal7slp.tv\/2021\/wp-content\/uploads\/2021\/06\/zz3b-3.png\" \/>\n\t<meta property=\"og:image:width\" content=\"894\" \/>\n\t<meta property=\"og:image:height\" content=\"558\" \/>\n\t<meta property=\"og:image:type\" content=\"image\/png\" \/>\n<meta name=\"author\" content=\"Edici\u00f3n Web\" \/>\n<meta name=\"twitter:card\" content=\"summary_large_image\" \/>\n<meta name=\"twitter:creator\" content=\"@NOTICIEROS7\" \/>\n<meta name=\"twitter:site\" content=\"@NOTICIEROS7\" \/>\n<meta name=\"twitter:label1\" content=\"Escrito por\" \/>\n\t<meta name=\"twitter:data1\" content=\"Edici\u00f3n Web\" \/>\n\t<meta name=\"twitter:label2\" content=\"Tiempo de lectura\" \/>\n\t<meta name=\"twitter:data2\" content=\"2 minutos\" \/>\n<script type=\"application\/ld+json\" class=\"yoast-schema-graph\">{\"@context\":\"https:\\\/\\\/schema.org\",\"@graph\":[{\"@type\":\"Article\",\"@id\":\"https:\\\/\\\/canal7slp.tv\\\/2021\\\/logra-fge-prision-preventiva-a-imputado-de-homicidio-en-sgs\\\/#article\",\"isPartOf\":{\"@id\":\"https:\\\/\\\/canal7slp.tv\\\/2021\\\/logra-fge-prision-preventiva-a-imputado-de-homicidio-en-sgs\\\/\"},\"author\":{\"name\":\"Edici\u00f3n Web\",\"@id\":\"https:\\\/\\\/canal7slp.tv\\\/2021\\\/#\\\/schema\\\/person\\\/28a12b0491d3b6f41a854d062961bdc7\"},\"headline\":\"Logra FGE prisi\u00f3n preventiva a imputado de homicidio en SGS\",\"datePublished\":\"2021-06-08T21:30:21+00:00\",\"mainEntityOfPage\":{\"@id\":\"https:\\\/\\\/canal7slp.tv\\\/2021\\\/logra-fge-prision-preventiva-a-imputado-de-homicidio-en-sgs\\\/\"},\"wordCount\":291,\"publisher\":{\"@id\":\"https:\\\/\\\/canal7slp.tv\\\/2021\\\/#organization\"},\"image\":{\"@id\":\"https:\\\/\\\/canal7slp.tv\\\/2021\\\/logra-fge-prision-preventiva-a-imputado-de-homicidio-en-sgs\\\/#primaryimage\"},\"thumbnailUrl\":\"https:\\\/\\\/canal7slp.tv\\\/2021\\\/wp-content\\\/uploads\\\/2021\\\/06\\\/zz3b-3.png\",\"articleSection\":[\"REPORTE 7\"],\"inLanguage\":\"es\"},{\"@type\":\"WebPage\",\"@id\":\"https:\\\/\\\/canal7slp.tv\\\/2021\\\/logra-fge-prision-preventiva-a-imputado-de-homicidio-en-sgs\\\/\",\"url\":\"https:\\\/\\\/canal7slp.tv\\\/2021\\\/logra-fge-prision-preventiva-a-imputado-de-homicidio-en-sgs\\\/\",\"name\":\"Logra FGE prisi\u00f3n preventiva a imputado de homicidio en SGS - Canal 7 SLP - 2021\",\"isPartOf\":{\"@id\":\"https:\\\/\\\/canal7slp.tv\\\/2021\\\/#website\"},\"primaryImageOfPage\":{\"@id\":\"https:\\\/\\\/canal7slp.tv\\\/2021\\\/logra-fge-prision-preventiva-a-imputado-de-homicidio-en-sgs\\\/#primaryimage\"},\"image\":{\"@id\":\"https:\\\/\\\/canal7slp.tv\\\/2021\\\/logra-fge-prision-preventiva-a-imputado-de-homicidio-en-sgs\\\/#primaryimage\"},\"thumbnailUrl\":\"https:\\\/\\\/canal7slp.tv\\\/2021\\\/wp-content\\\/uploads\\\/2021\\\/06\\\/zz3b-3.png\",\"datePublished\":\"2021-06-08T21:30:21+00:00\",\"breadcrumb\":{\"@id\":\"https:\\\/\\\/canal7slp.tv\\\/2021\\\/logra-fge-prision-preventiva-a-imputado-de-homicidio-en-sgs\\\/#breadcrumb\"},\"inLanguage\":\"es\",\"potentialAction\":[{\"@type\":\"ReadAction\",\"target\":[\"https:\\\/\\\/canal7slp.tv\\\/2021\\\/logra-fge-prision-preventiva-a-imputado-de-homicidio-en-sgs\\\/\"]}]},{\"@type\":\"ImageObject\",\"inLanguage\":\"es\",\"@id\":\"https:\\\/\\\/canal7slp.tv\\\/2021\\\/logra-fge-prision-preventiva-a-imputado-de-homicidio-en-sgs\\\/#primaryimage\",\"url\":\"https:\\\/\\\/canal7slp.tv\\\/2021\\\/wp-content\\\/uploads\\\/2021\\\/06\\\/zz3b-3.png\",\"contentUrl\":\"https:\\\/\\\/canal7slp.tv\\\/2021\\\/wp-content\\\/uploads\\\/2021\\\/06\\\/zz3b-3.png\",\"width\":894,\"height\":558},{\"@type\":\"BreadcrumbList\",\"@id\":\"https:\\\/\\\/canal7slp.tv\\\/2021\\\/logra-fge-prision-preventiva-a-imputado-de-homicidio-en-sgs\\\/#breadcrumb\",\"itemListElement\":[{\"@type\":\"ListItem\",\"position\":1,\"name\":\"Portada\",\"item\":\"https:\\\/\\\/canal7slp.tv\\\/2021\\\/\"},{\"@type\":\"ListItem\",\"position\":2,\"name\":\"Logra FGE prisi\u00f3n preventiva a imputado de homicidio en SGS\"}]},{\"@type\":\"WebSite\",\"@id\":\"https:\\\/\\\/canal7slp.tv\\\/2021\\\/#website\",\"url\":\"https:\\\/\\\/canal7slp.tv\\\/2021\\\/\",\"name\":\"N7 - Noticieros Canal 7\",\"description\":\"Somos Televisi\u00f3n\",\"publisher\":{\"@id\":\"https:\\\/\\\/canal7slp.tv\\\/2021\\\/#organization\"},\"potentialAction\":[{\"@type\":\"SearchAction\",\"target\":{\"@type\":\"EntryPoint\",\"urlTemplate\":\"https:\\\/\\\/canal7slp.tv\\\/2021\\\/?s={search_term_string}\"},\"query-input\":{\"@type\":\"PropertyValueSpecification\",\"valueRequired\":true,\"valueName\":\"search_term_string\"}}],\"inLanguage\":\"es\"},{\"@type\":\"Organization\",\"@id\":\"https:\\\/\\\/canal7slp.tv\\\/2021\\\/#organization\",\"name\":\"Noticieros Canal 7\",\"url\":\"https:\\\/\\\/canal7slp.tv\\\/2021\\\/\",\"logo\":{\"@type\":\"ImageObject\",\"inLanguage\":\"es\",\"@id\":\"https:\\\/\\\/canal7slp.tv\\\/2021\\\/#\\\/schema\\\/logo\\\/image\\\/\",\"url\":\"https:\\\/\\\/canal7slp.tv\\\/2021\\\/wp-content\\\/uploads\\\/2021\\\/01\\\/logo-noticieros@2x.png\",\"contentUrl\":\"https:\\\/\\\/canal7slp.tv\\\/2021\\\/wp-content\\\/uploads\\\/2021\\\/01\\\/logo-noticieros@2x.png\",\"width\":1017,\"height\":268,\"caption\":\"Noticieros Canal 7\"},\"image\":{\"@id\":\"https:\\\/\\\/canal7slp.tv\\\/2021\\\/#\\\/schema\\\/logo\\\/image\\\/\"},\"sameAs\":[\"https:\\\/\\\/www.facebook.com\\\/noticieroscanalsiete\",\"https:\\\/\\\/x.com\\\/NOTICIEROS7\",\"https:\\\/\\\/www.instagram.com\\\/canal7_slp\",\"https:\\\/\\\/www.youtube.com\\\/channel\\\/UCliiYs-gP3JfJeqdPrNdd5A\"]},{\"@type\":\"Person\",\"@id\":\"https:\\\/\\\/canal7slp.tv\\\/2021\\\/#\\\/schema\\\/person\\\/28a12b0491d3b6f41a854d062961bdc7\",\"name\":\"Edici\u00f3n Web\",\"image\":{\"@type\":\"ImageObject\",\"inLanguage\":\"es\",\"@id\":\"https:\\\/\\\/secure.gravatar.com\\\/avatar\\\/eee448fc3f7164808013b816ba91ac7e43bbe82a70bebac296f8bc6f0addaa1a?s=96&d=mm&r=g\",\"url\":\"https:\\\/\\\/secure.gravatar.com\\\/avatar\\\/eee448fc3f7164808013b816ba91ac7e43bbe82a70bebac296f8bc6f0addaa1a?s=96&d=mm&r=g\",\"contentUrl\":\"https:\\\/\\\/secure.gravatar.com\\\/avatar\\\/eee448fc3f7164808013b816ba91ac7e43bbe82a70bebac296f8bc6f0addaa1a?s=96&d=mm&r=g\",\"caption\":\"Edici\u00f3n Web\"},\"url\":\"https:\\\/\\\/canal7slp.tv\\\/2021\\\/author\\\/edicionweb\\\/\"}]}<\/script>\n<!-- \/ Yoast SEO plugin. -->","yoast_head_json":{"title":"Logra FGE prisi\u00f3n preventiva a imputado de homicidio en SGS - Canal 7 SLP - 2021","robots":{"index":"index","follow":"follow","max-snippet":"max-snippet:-1","max-image-preview":"max-image-preview:large","max-video-preview":"max-video-preview:-1"},"canonical":"https:\/\/canal7slp.tv\/2021\/logra-fge-prision-preventiva-a-imputado-de-homicidio-en-sgs\/","og_locale":"es_ES","og_type":"article","og_title":"Logra FGE prisi\u00f3n preventiva a imputado de homicidio en SGS - Canal 7 SLP - 2021","og_description":"\u2022 La v\u00edctima sufri\u00f3 lesiones por arma blanca SGS. \u2013 Litigadores de la Fiscal\u00eda General del Estado de San Luis Potos\u00ed lograron la vinculaci\u00f3n a proceso de un individuo de 20 a\u00f1os de edad por el delito de homicidio calificado, al estar presuntamente relacionado en hechos en los que perdi\u00f3 la vida un hombre en Soledad de Graciano S\u00e1nchez. El personal de procuraci\u00f3n de justicia solicit\u00f3 al Juez de Control la medida cautelar de prisi\u00f3n preventiva oficiosa la cual se decret\u00f3 al se\u00f1alado; se inform\u00f3 tambi\u00e9n de los tres meses destinados para que se lleve a cabo la investigaci\u00f3n complementaria. [&hellip;]","og_url":"https:\/\/canal7slp.tv\/2021\/logra-fge-prision-preventiva-a-imputado-de-homicidio-en-sgs\/","og_site_name":"Canal 7 SLP - 2021","article_publisher":"https:\/\/www.facebook.com\/noticieroscanalsiete","article_published_time":"2021-06-08T21:30:21+00:00","og_image":[{"width":894,"height":558,"url":"https:\/\/canal7slp.tv\/2021\/wp-content\/uploads\/2021\/06\/zz3b-3.png","type":"image\/png"}],"author":"Edici\u00f3n Web","twitter_card":"summary_large_image","twitter_creator":"@NOTICIEROS7","twitter_site":"@NOTICIEROS7","twitter_misc":{"Escrito por":"Edici\u00f3n Web","Tiempo de lectura":"2 minutos"},"schema":{"@context":"https:\/\/schema.org","@graph":[{"@type":"Article","@id":"https:\/\/canal7slp.tv\/2021\/logra-fge-prision-preventiva-a-imputado-de-homicidio-en-sgs\/#article","isPartOf":{"@id":"https:\/\/canal7slp.tv\/2021\/logra-fge-prision-preventiva-a-imputado-de-homicidio-en-sgs\/"},"author":{"name":"Edici\u00f3n Web","@id":"https:\/\/canal7slp.tv\/2021\/#\/schema\/person\/28a12b0491d3b6f41a854d062961bdc7"},"headline":"Logra FGE prisi\u00f3n preventiva a imputado de homicidio en SGS","datePublished":"2021-06-08T21:30:21+00:00","mainEntityOfPage":{"@id":"https:\/\/canal7slp.tv\/2021\/logra-fge-prision-preventiva-a-imputado-de-homicidio-en-sgs\/"},"wordCount":291,"publisher":{"@id":"https:\/\/canal7slp.tv\/2021\/#organization"},"image":{"@id":"https:\/\/canal7slp.tv\/2021\/logra-fge-prision-preventiva-a-imputado-de-homicidio-en-sgs\/#primaryimage"},"thumbnailUrl":"https:\/\/canal7slp.tv\/2021\/wp-content\/uploads\/2021\/06\/zz3b-3.png","articleSection":["REPORTE 7"],"inLanguage":"es"},{"@type":"WebPage","@id":"https:\/\/canal7slp.tv\/2021\/logra-fge-prision-preventiva-a-imputado-de-homicidio-en-sgs\/","url":"https:\/\/canal7slp.tv\/2021\/logra-fge-prision-preventiva-a-imputado-de-homicidio-en-sgs\/","name":"Logra FGE prisi\u00f3n preventiva a imputado de homicidio en SGS - Canal 7 SLP - 2021","isPartOf":{"@id":"https:\/\/canal7slp.tv\/2021\/#website"},"primaryImageOfPage":{"@id":"https:\/\/canal7slp.tv\/2021\/logra-fge-prision-preventiva-a-imputado-de-homicidio-en-sgs\/#primaryimage"},"image":{"@id":"https:\/\/canal7slp.tv\/2021\/logra-fge-prision-preventiva-a-imputado-de-homicidio-en-sgs\/#primaryimage"},"thumbnailUrl":"https:\/\/canal7slp.tv\/2021\/wp-content\/uploads\/2021\/06\/zz3b-3.png","datePublished":"2021-06-08T21:30:21+00:00","breadcrumb":{"@id":"https:\/\/canal7slp.tv\/2021\/logra-fge-prision-preventiva-a-imputado-de-homicidio-en-sgs\/#breadcrumb"},"inLanguage":"es","potentialAction":[{"@type":"ReadAction","target":["https:\/\/canal7slp.tv\/2021\/logra-fge-prision-preventiva-a-imputado-de-homicidio-en-sgs\/"]}]},{"@type":"ImageObject","inLanguage":"es","@id":"https:\/\/canal7slp.tv\/2021\/logra-fge-prision-preventiva-a-imputado-de-homicidio-en-sgs\/#primaryimage","url":"https:\/\/canal7slp.tv\/2021\/wp-content\/uploads\/2021\/06\/zz3b-3.png","contentUrl":"https:\/\/canal7slp.tv\/2021\/wp-content\/uploads\/2021\/06\/zz3b-3.png","width":894,"height":558},{"@type":"BreadcrumbList","@id":"https:\/\/canal7slp.tv\/2021\/logra-fge-prision-preventiva-a-imputado-de-homicidio-en-sgs\/#breadcrumb","itemListElement":[{"@type":"ListItem","position":1,"name":"Portada","item":"https:\/\/canal7slp.tv\/2021\/"},{"@type":"ListItem","position":2,"name":"Logra FGE prisi\u00f3n preventiva a imputado de homicidio en SGS"}]},{"@type":"WebSite","@id":"https:\/\/canal7slp.tv\/2021\/#website","url":"https:\/\/canal7slp.tv\/2021\/","name":"N7 - Noticieros Canal 7","description":"Somos Televisi\u00f3n","publisher":{"@id":"https:\/\/canal7slp.tv\/2021\/#organization"},"potentialAction":[{"@type":"SearchAction","target":{"@type":"EntryPoint","urlTemplate":"https:\/\/canal7slp.tv\/2021\/?s={search_term_string}"},"query-input":{"@type":"PropertyValueSpecification","valueRequired":true,"valueName":"search_term_string"}}],"inLanguage":"es"},{"@type":"Organization","@id":"https:\/\/canal7slp.tv\/2021\/#organization","name":"Noticieros Canal 7","url":"https:\/\/canal7slp.tv\/2021\/","logo":{"@type":"ImageObject","inLanguage":"es","@id":"https:\/\/canal7slp.tv\/2021\/#\/schema\/logo\/image\/","url":"https:\/\/canal7slp.tv\/2021\/wp-content\/uploads\/2021\/01\/logo-noticieros@2x.png","contentUrl":"https:\/\/canal7slp.tv\/2021\/wp-content\/uploads\/2021\/01\/logo-noticieros@2x.png","width":1017,"height":268,"caption":"Noticieros Canal 7"},"image":{"@id":"https:\/\/canal7slp.tv\/2021\/#\/schema\/logo\/image\/"},"sameAs":["https:\/\/www.facebook.com\/noticieroscanalsiete","https:\/\/x.com\/NOTICIEROS7","https:\/\/www.instagram.com\/canal7_slp","https:\/\/www.youtube.com\/channel\/UCliiYs-gP3JfJeqdPrNdd5A"]},{"@type":"Person","@id":"https:\/\/canal7slp.tv\/2021\/#\/schema\/person\/28a12b0491d3b6f41a854d062961bdc7","name":"Edici\u00f3n Web","image":{"@type":"ImageObject","inLanguage":"es","@id":"https:\/\/secure.gravatar.com\/avatar\/eee448fc3f7164808013b816ba91ac7e43bbe82a70bebac296f8bc6f0addaa1a?s=96&d=mm&r=g","url":"https:\/\/secure.gravatar.com\/avatar\/eee448fc3f7164808013b816ba91ac7e43bbe82a70bebac296f8bc6f0addaa1a?s=96&d=mm&r=g","contentUrl":"https:\/\/secure.gravatar.com\/avatar\/eee448fc3f7164808013b816ba91ac7e43bbe82a70bebac296f8bc6f0addaa1a?s=96&d=mm&r=g","caption":"Edici\u00f3n Web"},"url":"https:\/\/canal7slp.tv\/2021\/author\/edicionweb\/"}]}},"_links":{"self":[{"href":"https:\/\/canal7slp.tv\/2021\/wp-json\/wp\/v2\/posts\/19756","targetHints":{"allow":["GET"]}}],"collection":[{"href":"https:\/\/canal7slp.tv\/2021\/wp-json\/wp\/v2\/posts"}],"about":[{"href":"https:\/\/canal7slp.tv\/2021\/wp-json\/wp\/v2\/types\/post"}],"author":[{"embeddable":true,"href":"https:\/\/canal7slp.tv\/2021\/wp-json\/wp\/v2\/users\/2"}],"replies":[{"embeddable":true,"href":"https:\/\/canal7slp.tv\/2021\/wp-json\/wp\/v2\/comments?post=19756"}],"version-history":[{"count":2,"href":"https:\/\/canal7slp.tv\/2021\/wp-json\/wp\/v2\/posts\/19756\/revisions"}],"predecessor-version":[{"id":19763,"href":"https:\/\/canal7slp.tv\/2021\/wp-json\/wp\/v2\/posts\/19756\/revisions\/19763"}],"wp:featuredmedia":[{"embeddable":true,"href":"https:\/\/canal7slp.tv\/2021\/wp-json\/wp\/v2\/media\/19759"}],"wp:attachment":[{"href":"https:\/\/canal7slp.tv\/2021\/wp-json\/wp\/v2\/media?parent=19756"}],"wp:term":[{"taxonomy":"category","embeddable":true,"href":"https:\/\/canal7slp.tv\/2021\/wp-json\/wp\/v2\/categories?post=19756"},{"taxonomy":"post_tag","embeddable":true,"href":"https:\/\/canal7slp.tv\/2021\/wp-json\/wp\/v2\/tags?post=19756"}],"curies":[{"name":"wp","href":"https:\/\/api.w.org\/{rel}","templated":true}]}}