{"id":19720,"date":"2021-06-08T16:33:07","date_gmt":"2021-06-08T22:33:07","guid":{"rendered":"https:\/\/canal7slp.tv\/2021\/?p=19720"},"modified":"2021-06-08T16:33:07","modified_gmt":"2021-06-08T22:33:07","slug":"el-gobierno-del-estado-no-se-incluye-en-temas-de-caracter-electoral-hernandez-delgadillo","status":"publish","type":"post","link":"https:\/\/canal7slp.tv\/2021\/el-gobierno-del-estado-no-se-incluye-en-temas-de-caracter-electoral-hernandez-delgadillo\/","title":{"rendered":"\u201cEl Gobierno del Estado no se incluye en temas de car\u00e1cter electoral\u201d: Hern\u00e1ndez Delgadillo."},"content":{"rendered":"<p style=\"text-align: justify;\">SLP.- El secretario general del gobierno de San Luis Potos\u00ed, Jorge Daniel Hern\u00e1ndez Delgadillo, declar\u00f3 que el ejecutivo estatal, Juan Manuel Carreras L\u00f3pez, no interviene en temas de car\u00e1cter electoral.<\/p>\n<p style=\"text-align: justify;\">\u00abEl gobierno del Estado no se incluye en temas de car\u00e1cter electoral, lo ha dicho el gobernador, lo ratificamos ahora; respeto a los tiempos electorales, respeto a la democracia y respeto a las decisiones de los comit\u00e9s municipales, comit\u00e9s distritales y del propio consejo\u00bb, dijo.<\/p>\n<p style=\"text-align: justify;\">Dichas declaraciones surgen luego de que Ricardo Gallardo Ju\u00e1rez, padre del virtual ganador a gobernador de la entidad potosina, Ricardo Gallardo Cardona, advirtiera al mandatario de cometer alg\u00fan tipo de fraude.<\/p>\n<p style=\"text-align: justify;\">\u00abQue no se le ocurra porque el que da las \u00f3rdenes es el gobernador, que no se le ocurra a ese cabr\u00f3n volver a hacer un fraude porque todos los potosinos no lo vamos a permitir&#8230; que no se le ocurra se\u00f1or gobernador, se lo permit\u00ed una vez y supo las condiciones del por qu\u00e9; hoy se lo va a llevar la c*** si vuelve a ser algo, se lo digo yo con toda la responsabilidad\u00bb, apunt\u00f3.<\/p>\n<p style=\"text-align: justify;\">Dicho llamado se dio ante la presencia de un gran n\u00famero de ciudadanos que se dieron cita para festejar la victoria de Gallardo Cardona, pese a que las autoridades electorales han reiterado que los resultados oficiales se dar\u00e1n a conocer hasta el pr\u00f3ximo domingo 13 de junio.<\/p>\n<p style=\"text-align: justify;\">Por: Jos\u00e9 Luis V\u00e1zquez<\/p>\n","protected":false},"excerpt":{"rendered":"<p>SLP.- El secretario general del gobierno de San Luis Potos\u00ed, Jorge Daniel Hern\u00e1ndez Delgadillo, declar\u00f3 que el ejecutivo estatal, Juan Manuel Carreras L\u00f3pez, no interviene en temas de car\u00e1cter electoral. \u00abEl gobierno del Estado no se incluye en temas de car\u00e1cter electoral, lo ha dicho el gobernador, lo ratificamos ahora; respeto a los tiempos electorales, respeto a la democracia y respeto a las decisiones de los comit\u00e9s municipales, comit\u00e9s distritales y del propio consejo\u00bb, dijo. Dichas declaraciones surgen luego de que Ricardo Gallardo Ju\u00e1rez, padre del virtual ganador a gobernador de la entidad potosina, Ricardo Gallardo Cardona, advirtiera al mandatario [&hellip;]<\/p>\n","protected":false},"author":2,"featured_media":19773,"comment_status":"closed","ping_status":"closed","sticky":false,"template":"","format":"video","meta":{"footnotes":""},"categories":[5,45],"tags":[50],"class_list":["post-19720","post","type-post","status-publish","format-video","has-post-thumbnail","hentry","category-destacadas","category-localesyregionales","tag-gobierno-slp","post_format-post-format-video","post--single"],"yoast_head":"<!-- This site is optimized with the Yoast SEO plugin v27.4 - https:\/\/yoast.com\/product\/yoast-seo-wordpress\/ -->\n<title>\u201cEl Gobierno del Estado no se incluye en temas de car\u00e1cter electoral\u201d: Hern\u00e1ndez Delgadillo. - Canal 7 SLP - 2021<\/title>\n<meta name=\"robots\" content=\"index, follow, max-snippet:-1, max-image-preview:large, max-video-preview:-1\" \/>\n<link rel=\"canonical\" href=\"https:\/\/canal7slp.tv\/2021\/el-gobierno-del-estado-no-se-incluye-en-temas-de-caracter-electoral-hernandez-delgadillo\/\" \/>\n<meta property=\"og:locale\" content=\"es_ES\" \/>\n<meta property=\"og:type\" content=\"article\" \/>\n<meta property=\"og:title\" content=\"\u201cEl Gobierno del Estado no se incluye en temas de car\u00e1cter electoral\u201d: Hern\u00e1ndez Delgadillo. - Canal 7 SLP - 2021\" \/>\n<meta property=\"og:description\" content=\"SLP.- El secretario general del gobierno de San Luis Potos\u00ed, Jorge Daniel Hern\u00e1ndez Delgadillo, declar\u00f3 que el ejecutivo estatal, Juan Manuel Carreras L\u00f3pez, no interviene en temas de car\u00e1cter electoral. \u00abEl gobierno del Estado no se incluye en temas de car\u00e1cter electoral, lo ha dicho el gobernador, lo ratificamos ahora; respeto a los tiempos electorales, respeto a la democracia y respeto a las decisiones de los comit\u00e9s municipales, comit\u00e9s distritales y del propio consejo\u00bb, dijo. Dichas declaraciones surgen luego de que Ricardo Gallardo Ju\u00e1rez, padre del virtual ganador a gobernador de la entidad potosina, Ricardo Gallardo Cardona, advirtiera al mandatario [&hellip;]\" \/>\n<meta property=\"og:url\" content=\"https:\/\/canal7slp.tv\/2021\/el-gobierno-del-estado-no-se-incluye-en-temas-de-caracter-electoral-hernandez-delgadillo\/\" \/>\n<meta property=\"og:site_name\" content=\"Canal 7 SLP - 2021\" \/>\n<meta property=\"article:publisher\" content=\"https:\/\/www.facebook.com\/noticieroscanalsiete\" \/>\n<meta property=\"article:published_time\" content=\"2021-06-08T22:33:07+00:00\" \/>\n<meta property=\"og:image\" content=\"https:\/\/canal7slp.tv\/2021\/wp-content\/uploads\/2021\/06\/Vazquez02GallardoVsJMCL.jpg\" \/>\n\t<meta property=\"og:image:width\" content=\"888\" \/>\n\t<meta property=\"og:image:height\" content=\"500\" \/>\n\t<meta property=\"og:image:type\" content=\"image\/jpeg\" \/>\n<meta name=\"author\" content=\"Edici\u00f3n Web\" \/>\n<meta name=\"twitter:card\" content=\"summary_large_image\" \/>\n<meta name=\"twitter:creator\" content=\"@NOTICIEROS7\" \/>\n<meta name=\"twitter:site\" content=\"@NOTICIEROS7\" \/>\n<meta name=\"twitter:label1\" content=\"Escrito por\" \/>\n\t<meta name=\"twitter:data1\" content=\"Edici\u00f3n Web\" \/>\n\t<meta name=\"twitter:label2\" content=\"Tiempo de lectura\" \/>\n\t<meta name=\"twitter:data2\" content=\"2 minutos\" \/>\n<script type=\"application\/ld+json\" class=\"yoast-schema-graph\">{\"@context\":\"https:\\\/\\\/schema.org\",\"@graph\":[{\"@type\":\"Article\",\"@id\":\"https:\\\/\\\/canal7slp.tv\\\/2021\\\/el-gobierno-del-estado-no-se-incluye-en-temas-de-caracter-electoral-hernandez-delgadillo\\\/#article\",\"isPartOf\":{\"@id\":\"https:\\\/\\\/canal7slp.tv\\\/2021\\\/el-gobierno-del-estado-no-se-incluye-en-temas-de-caracter-electoral-hernandez-delgadillo\\\/\"},\"author\":{\"name\":\"Edici\u00f3n Web\",\"@id\":\"https:\\\/\\\/canal7slp.tv\\\/2021\\\/#\\\/schema\\\/person\\\/28a12b0491d3b6f41a854d062961bdc7\"},\"headline\":\"\u201cEl Gobierno del Estado no se incluye en temas de car\u00e1cter electoral\u201d: Hern\u00e1ndez Delgadillo.\",\"datePublished\":\"2021-06-08T22:33:07+00:00\",\"mainEntityOfPage\":{\"@id\":\"https:\\\/\\\/canal7slp.tv\\\/2021\\\/el-gobierno-del-estado-no-se-incluye-en-temas-de-caracter-electoral-hernandez-delgadillo\\\/\"},\"wordCount\":264,\"publisher\":{\"@id\":\"https:\\\/\\\/canal7slp.tv\\\/2021\\\/#organization\"},\"image\":{\"@id\":\"https:\\\/\\\/canal7slp.tv\\\/2021\\\/el-gobierno-del-estado-no-se-incluye-en-temas-de-caracter-electoral-hernandez-delgadillo\\\/#primaryimage\"},\"thumbnailUrl\":\"https:\\\/\\\/canal7slp.tv\\\/2021\\\/wp-content\\\/uploads\\\/2021\\\/06\\\/Vazquez02GallardoVsJMCL.jpg\",\"keywords\":[\"Gobierno SLP\"],\"articleSection\":[\"DESTACADAS\",\"LOCALES Y REGIONALES\"],\"inLanguage\":\"es\"},{\"@type\":\"WebPage\",\"@id\":\"https:\\\/\\\/canal7slp.tv\\\/2021\\\/el-gobierno-del-estado-no-se-incluye-en-temas-de-caracter-electoral-hernandez-delgadillo\\\/\",\"url\":\"https:\\\/\\\/canal7slp.tv\\\/2021\\\/el-gobierno-del-estado-no-se-incluye-en-temas-de-caracter-electoral-hernandez-delgadillo\\\/\",\"name\":\"\u201cEl Gobierno del Estado no se incluye en temas de car\u00e1cter electoral\u201d: Hern\u00e1ndez Delgadillo. - Canal 7 SLP - 2021\",\"isPartOf\":{\"@id\":\"https:\\\/\\\/canal7slp.tv\\\/2021\\\/#website\"},\"primaryImageOfPage\":{\"@id\":\"https:\\\/\\\/canal7slp.tv\\\/2021\\\/el-gobierno-del-estado-no-se-incluye-en-temas-de-caracter-electoral-hernandez-delgadillo\\\/#primaryimage\"},\"image\":{\"@id\":\"https:\\\/\\\/canal7slp.tv\\\/2021\\\/el-gobierno-del-estado-no-se-incluye-en-temas-de-caracter-electoral-hernandez-delgadillo\\\/#primaryimage\"},\"thumbnailUrl\":\"https:\\\/\\\/canal7slp.tv\\\/2021\\\/wp-content\\\/uploads\\\/2021\\\/06\\\/Vazquez02GallardoVsJMCL.jpg\",\"datePublished\":\"2021-06-08T22:33:07+00:00\",\"breadcrumb\":{\"@id\":\"https:\\\/\\\/canal7slp.tv\\\/2021\\\/el-gobierno-del-estado-no-se-incluye-en-temas-de-caracter-electoral-hernandez-delgadillo\\\/#breadcrumb\"},\"inLanguage\":\"es\",\"potentialAction\":[{\"@type\":\"ReadAction\",\"target\":[\"https:\\\/\\\/canal7slp.tv\\\/2021\\\/el-gobierno-del-estado-no-se-incluye-en-temas-de-caracter-electoral-hernandez-delgadillo\\\/\"]}]},{\"@type\":\"ImageObject\",\"inLanguage\":\"es\",\"@id\":\"https:\\\/\\\/canal7slp.tv\\\/2021\\\/el-gobierno-del-estado-no-se-incluye-en-temas-de-caracter-electoral-hernandez-delgadillo\\\/#primaryimage\",\"url\":\"https:\\\/\\\/canal7slp.tv\\\/2021\\\/wp-content\\\/uploads\\\/2021\\\/06\\\/Vazquez02GallardoVsJMCL.jpg\",\"contentUrl\":\"https:\\\/\\\/canal7slp.tv\\\/2021\\\/wp-content\\\/uploads\\\/2021\\\/06\\\/Vazquez02GallardoVsJMCL.jpg\",\"width\":888,\"height\":500},{\"@type\":\"BreadcrumbList\",\"@id\":\"https:\\\/\\\/canal7slp.tv\\\/2021\\\/el-gobierno-del-estado-no-se-incluye-en-temas-de-caracter-electoral-hernandez-delgadillo\\\/#breadcrumb\",\"itemListElement\":[{\"@type\":\"ListItem\",\"position\":1,\"name\":\"Portada\",\"item\":\"https:\\\/\\\/canal7slp.tv\\\/2021\\\/\"},{\"@type\":\"ListItem\",\"position\":2,\"name\":\"\u201cEl Gobierno del Estado no se incluye en temas de car\u00e1cter electoral\u201d: Hern\u00e1ndez Delgadillo.\"}]},{\"@type\":\"WebSite\",\"@id\":\"https:\\\/\\\/canal7slp.tv\\\/2021\\\/#website\",\"url\":\"https:\\\/\\\/canal7slp.tv\\\/2021\\\/\",\"name\":\"N7 - Noticieros Canal 7\",\"description\":\"Somos Televisi\u00f3n\",\"publisher\":{\"@id\":\"https:\\\/\\\/canal7slp.tv\\\/2021\\\/#organization\"},\"potentialAction\":[{\"@type\":\"SearchAction\",\"target\":{\"@type\":\"EntryPoint\",\"urlTemplate\":\"https:\\\/\\\/canal7slp.tv\\\/2021\\\/?s={search_term_string}\"},\"query-input\":{\"@type\":\"PropertyValueSpecification\",\"valueRequired\":true,\"valueName\":\"search_term_string\"}}],\"inLanguage\":\"es\"},{\"@type\":\"Organization\",\"@id\":\"https:\\\/\\\/canal7slp.tv\\\/2021\\\/#organization\",\"name\":\"Noticieros Canal 7\",\"url\":\"https:\\\/\\\/canal7slp.tv\\\/2021\\\/\",\"logo\":{\"@type\":\"ImageObject\",\"inLanguage\":\"es\",\"@id\":\"https:\\\/\\\/canal7slp.tv\\\/2021\\\/#\\\/schema\\\/logo\\\/image\\\/\",\"url\":\"https:\\\/\\\/canal7slp.tv\\\/2021\\\/wp-content\\\/uploads\\\/2021\\\/01\\\/logo-noticieros@2x.png\",\"contentUrl\":\"https:\\\/\\\/canal7slp.tv\\\/2021\\\/wp-content\\\/uploads\\\/2021\\\/01\\\/logo-noticieros@2x.png\",\"width\":1017,\"height\":268,\"caption\":\"Noticieros Canal 7\"},\"image\":{\"@id\":\"https:\\\/\\\/canal7slp.tv\\\/2021\\\/#\\\/schema\\\/logo\\\/image\\\/\"},\"sameAs\":[\"https:\\\/\\\/www.facebook.com\\\/noticieroscanalsiete\",\"https:\\\/\\\/x.com\\\/NOTICIEROS7\",\"https:\\\/\\\/www.instagram.com\\\/canal7_slp\",\"https:\\\/\\\/www.youtube.com\\\/channel\\\/UCliiYs-gP3JfJeqdPrNdd5A\"]},{\"@type\":\"Person\",\"@id\":\"https:\\\/\\\/canal7slp.tv\\\/2021\\\/#\\\/schema\\\/person\\\/28a12b0491d3b6f41a854d062961bdc7\",\"name\":\"Edici\u00f3n Web\",\"image\":{\"@type\":\"ImageObject\",\"inLanguage\":\"es\",\"@id\":\"https:\\\/\\\/secure.gravatar.com\\\/avatar\\\/eee448fc3f7164808013b816ba91ac7e43bbe82a70bebac296f8bc6f0addaa1a?s=96&d=mm&r=g\",\"url\":\"https:\\\/\\\/secure.gravatar.com\\\/avatar\\\/eee448fc3f7164808013b816ba91ac7e43bbe82a70bebac296f8bc6f0addaa1a?s=96&d=mm&r=g\",\"contentUrl\":\"https:\\\/\\\/secure.gravatar.com\\\/avatar\\\/eee448fc3f7164808013b816ba91ac7e43bbe82a70bebac296f8bc6f0addaa1a?s=96&d=mm&r=g\",\"caption\":\"Edici\u00f3n Web\"},\"url\":\"https:\\\/\\\/canal7slp.tv\\\/2021\\\/author\\\/edicionweb\\\/\"}]}<\/script>\n<!-- \/ Yoast SEO plugin. -->","yoast_head_json":{"title":"\u201cEl Gobierno del Estado no se incluye en temas de car\u00e1cter electoral\u201d: Hern\u00e1ndez Delgadillo. - Canal 7 SLP - 2021","robots":{"index":"index","follow":"follow","max-snippet":"max-snippet:-1","max-image-preview":"max-image-preview:large","max-video-preview":"max-video-preview:-1"},"canonical":"https:\/\/canal7slp.tv\/2021\/el-gobierno-del-estado-no-se-incluye-en-temas-de-caracter-electoral-hernandez-delgadillo\/","og_locale":"es_ES","og_type":"article","og_title":"\u201cEl Gobierno del Estado no se incluye en temas de car\u00e1cter electoral\u201d: Hern\u00e1ndez Delgadillo. - Canal 7 SLP - 2021","og_description":"SLP.- El secretario general del gobierno de San Luis Potos\u00ed, Jorge Daniel Hern\u00e1ndez Delgadillo, declar\u00f3 que el ejecutivo estatal, Juan Manuel Carreras L\u00f3pez, no interviene en temas de car\u00e1cter electoral. \u00abEl gobierno del Estado no se incluye en temas de car\u00e1cter electoral, lo ha dicho el gobernador, lo ratificamos ahora; respeto a los tiempos electorales, respeto a la democracia y respeto a las decisiones de los comit\u00e9s municipales, comit\u00e9s distritales y del propio consejo\u00bb, dijo. Dichas declaraciones surgen luego de que Ricardo Gallardo Ju\u00e1rez, padre del virtual ganador a gobernador de la entidad potosina, Ricardo Gallardo Cardona, advirtiera al mandatario [&hellip;]","og_url":"https:\/\/canal7slp.tv\/2021\/el-gobierno-del-estado-no-se-incluye-en-temas-de-caracter-electoral-hernandez-delgadillo\/","og_site_name":"Canal 7 SLP - 2021","article_publisher":"https:\/\/www.facebook.com\/noticieroscanalsiete","article_published_time":"2021-06-08T22:33:07+00:00","og_image":[{"width":888,"height":500,"url":"https:\/\/canal7slp.tv\/2021\/wp-content\/uploads\/2021\/06\/Vazquez02GallardoVsJMCL.jpg","type":"image\/jpeg"}],"author":"Edici\u00f3n Web","twitter_card":"summary_large_image","twitter_creator":"@NOTICIEROS7","twitter_site":"@NOTICIEROS7","twitter_misc":{"Escrito por":"Edici\u00f3n Web","Tiempo de lectura":"2 minutos"},"schema":{"@context":"https:\/\/schema.org","@graph":[{"@type":"Article","@id":"https:\/\/canal7slp.tv\/2021\/el-gobierno-del-estado-no-se-incluye-en-temas-de-caracter-electoral-hernandez-delgadillo\/#article","isPartOf":{"@id":"https:\/\/canal7slp.tv\/2021\/el-gobierno-del-estado-no-se-incluye-en-temas-de-caracter-electoral-hernandez-delgadillo\/"},"author":{"name":"Edici\u00f3n Web","@id":"https:\/\/canal7slp.tv\/2021\/#\/schema\/person\/28a12b0491d3b6f41a854d062961bdc7"},"headline":"\u201cEl Gobierno del Estado no se incluye en temas de car\u00e1cter electoral\u201d: Hern\u00e1ndez Delgadillo.","datePublished":"2021-06-08T22:33:07+00:00","mainEntityOfPage":{"@id":"https:\/\/canal7slp.tv\/2021\/el-gobierno-del-estado-no-se-incluye-en-temas-de-caracter-electoral-hernandez-delgadillo\/"},"wordCount":264,"publisher":{"@id":"https:\/\/canal7slp.tv\/2021\/#organization"},"image":{"@id":"https:\/\/canal7slp.tv\/2021\/el-gobierno-del-estado-no-se-incluye-en-temas-de-caracter-electoral-hernandez-delgadillo\/#primaryimage"},"thumbnailUrl":"https:\/\/canal7slp.tv\/2021\/wp-content\/uploads\/2021\/06\/Vazquez02GallardoVsJMCL.jpg","keywords":["Gobierno SLP"],"articleSection":["DESTACADAS","LOCALES Y REGIONALES"],"inLanguage":"es"},{"@type":"WebPage","@id":"https:\/\/canal7slp.tv\/2021\/el-gobierno-del-estado-no-se-incluye-en-temas-de-caracter-electoral-hernandez-delgadillo\/","url":"https:\/\/canal7slp.tv\/2021\/el-gobierno-del-estado-no-se-incluye-en-temas-de-caracter-electoral-hernandez-delgadillo\/","name":"\u201cEl Gobierno del Estado no se incluye en temas de car\u00e1cter electoral\u201d: Hern\u00e1ndez Delgadillo. - Canal 7 SLP - 2021","isPartOf":{"@id":"https:\/\/canal7slp.tv\/2021\/#website"},"primaryImageOfPage":{"@id":"https:\/\/canal7slp.tv\/2021\/el-gobierno-del-estado-no-se-incluye-en-temas-de-caracter-electoral-hernandez-delgadillo\/#primaryimage"},"image":{"@id":"https:\/\/canal7slp.tv\/2021\/el-gobierno-del-estado-no-se-incluye-en-temas-de-caracter-electoral-hernandez-delgadillo\/#primaryimage"},"thumbnailUrl":"https:\/\/canal7slp.tv\/2021\/wp-content\/uploads\/2021\/06\/Vazquez02GallardoVsJMCL.jpg","datePublished":"2021-06-08T22:33:07+00:00","breadcrumb":{"@id":"https:\/\/canal7slp.tv\/2021\/el-gobierno-del-estado-no-se-incluye-en-temas-de-caracter-electoral-hernandez-delgadillo\/#breadcrumb"},"inLanguage":"es","potentialAction":[{"@type":"ReadAction","target":["https:\/\/canal7slp.tv\/2021\/el-gobierno-del-estado-no-se-incluye-en-temas-de-caracter-electoral-hernandez-delgadillo\/"]}]},{"@type":"ImageObject","inLanguage":"es","@id":"https:\/\/canal7slp.tv\/2021\/el-gobierno-del-estado-no-se-incluye-en-temas-de-caracter-electoral-hernandez-delgadillo\/#primaryimage","url":"https:\/\/canal7slp.tv\/2021\/wp-content\/uploads\/2021\/06\/Vazquez02GallardoVsJMCL.jpg","contentUrl":"https:\/\/canal7slp.tv\/2021\/wp-content\/uploads\/2021\/06\/Vazquez02GallardoVsJMCL.jpg","width":888,"height":500},{"@type":"BreadcrumbList","@id":"https:\/\/canal7slp.tv\/2021\/el-gobierno-del-estado-no-se-incluye-en-temas-de-caracter-electoral-hernandez-delgadillo\/#breadcrumb","itemListElement":[{"@type":"ListItem","position":1,"name":"Portada","item":"https:\/\/canal7slp.tv\/2021\/"},{"@type":"ListItem","position":2,"name":"\u201cEl Gobierno del Estado no se incluye en temas de car\u00e1cter electoral\u201d: Hern\u00e1ndez Delgadillo."}]},{"@type":"WebSite","@id":"https:\/\/canal7slp.tv\/2021\/#website","url":"https:\/\/canal7slp.tv\/2021\/","name":"N7 - Noticieros Canal 7","description":"Somos Televisi\u00f3n","publisher":{"@id":"https:\/\/canal7slp.tv\/2021\/#organization"},"potentialAction":[{"@type":"SearchAction","target":{"@type":"EntryPoint","urlTemplate":"https:\/\/canal7slp.tv\/2021\/?s={search_term_string}"},"query-input":{"@type":"PropertyValueSpecification","valueRequired":true,"valueName":"search_term_string"}}],"inLanguage":"es"},{"@type":"Organization","@id":"https:\/\/canal7slp.tv\/2021\/#organization","name":"Noticieros Canal 7","url":"https:\/\/canal7slp.tv\/2021\/","logo":{"@type":"ImageObject","inLanguage":"es","@id":"https:\/\/canal7slp.tv\/2021\/#\/schema\/logo\/image\/","url":"https:\/\/canal7slp.tv\/2021\/wp-content\/uploads\/2021\/01\/logo-noticieros@2x.png","contentUrl":"https:\/\/canal7slp.tv\/2021\/wp-content\/uploads\/2021\/01\/logo-noticieros@2x.png","width":1017,"height":268,"caption":"Noticieros Canal 7"},"image":{"@id":"https:\/\/canal7slp.tv\/2021\/#\/schema\/logo\/image\/"},"sameAs":["https:\/\/www.facebook.com\/noticieroscanalsiete","https:\/\/x.com\/NOTICIEROS7","https:\/\/www.instagram.com\/canal7_slp","https:\/\/www.youtube.com\/channel\/UCliiYs-gP3JfJeqdPrNdd5A"]},{"@type":"Person","@id":"https:\/\/canal7slp.tv\/2021\/#\/schema\/person\/28a12b0491d3b6f41a854d062961bdc7","name":"Edici\u00f3n Web","image":{"@type":"ImageObject","inLanguage":"es","@id":"https:\/\/secure.gravatar.com\/avatar\/eee448fc3f7164808013b816ba91ac7e43bbe82a70bebac296f8bc6f0addaa1a?s=96&d=mm&r=g","url":"https:\/\/secure.gravatar.com\/avatar\/eee448fc3f7164808013b816ba91ac7e43bbe82a70bebac296f8bc6f0addaa1a?s=96&d=mm&r=g","contentUrl":"https:\/\/secure.gravatar.com\/avatar\/eee448fc3f7164808013b816ba91ac7e43bbe82a70bebac296f8bc6f0addaa1a?s=96&d=mm&r=g","caption":"Edici\u00f3n Web"},"url":"https:\/\/canal7slp.tv\/2021\/author\/edicionweb\/"}]}},"_links":{"self":[{"href":"https:\/\/canal7slp.tv\/2021\/wp-json\/wp\/v2\/posts\/19720","targetHints":{"allow":["GET"]}}],"collection":[{"href":"https:\/\/canal7slp.tv\/2021\/wp-json\/wp\/v2\/posts"}],"about":[{"href":"https:\/\/canal7slp.tv\/2021\/wp-json\/wp\/v2\/types\/post"}],"author":[{"embeddable":true,"href":"https:\/\/canal7slp.tv\/2021\/wp-json\/wp\/v2\/users\/2"}],"replies":[{"embeddable":true,"href":"https:\/\/canal7slp.tv\/2021\/wp-json\/wp\/v2\/comments?post=19720"}],"version-history":[{"count":2,"href":"https:\/\/canal7slp.tv\/2021\/wp-json\/wp\/v2\/posts\/19720\/revisions"}],"predecessor-version":[{"id":19774,"href":"https:\/\/canal7slp.tv\/2021\/wp-json\/wp\/v2\/posts\/19720\/revisions\/19774"}],"wp:featuredmedia":[{"embeddable":true,"href":"https:\/\/canal7slp.tv\/2021\/wp-json\/wp\/v2\/media\/19773"}],"wp:attachment":[{"href":"https:\/\/canal7slp.tv\/2021\/wp-json\/wp\/v2\/media?parent=19720"}],"wp:term":[{"taxonomy":"category","embeddable":true,"href":"https:\/\/canal7slp.tv\/2021\/wp-json\/wp\/v2\/categories?post=19720"},{"taxonomy":"post_tag","embeddable":true,"href":"https:\/\/canal7slp.tv\/2021\/wp-json\/wp\/v2\/tags?post=19720"}],"curies":[{"name":"wp","href":"https:\/\/api.w.org\/{rel}","templated":true}]}}