{"id":19682,"date":"2021-06-08T12:55:16","date_gmt":"2021-06-08T18:55:16","guid":{"rendered":"https:\/\/canal7slp.tv\/2021\/?p=19682"},"modified":"2021-06-08T19:01:31","modified_gmt":"2021-06-09T01:01:31","slug":"encuentro-solidario-fuerza-por-mexico-y-redes-sociales-progresistas-pierden-su-registro-como-partidos","status":"publish","type":"post","link":"https:\/\/canal7slp.tv\/2021\/encuentro-solidario-fuerza-por-mexico-y-redes-sociales-progresistas-pierden-su-registro-como-partidos\/","title":{"rendered":"Encuentro Solidario, Fuerza por M\u00e9xico y Redes Sociales Progresistas pierden su registro como partidos"},"content":{"rendered":"<p style=\"text-align: justify;\">M\u00e9xico.- Los partidos Encuentro Solidario, Fuerza por M\u00e9xico y Redes Sociales Progresistas no obtuvieron o rebasaron el 3% de la votaci\u00f3n para conservar el registro establecido por el Instituto Nacional Electoral, por lo que perder\u00e1n los derechos y prerrogativas establecidas en el C\u00f3digo Federal de Instituciones y Procedimientos Electorales.<\/p>\n<p style=\"text-align: justify;\">Cabe se\u00f1alar que a dichos partidos se les otorg\u00f3 485.9 MDP de prerrogativas.<\/p>\n<p style=\"text-align: justify;\">Aunado, el PES ser\u00eda la segunda vez que perder\u00eda su registro, antes conocido como Encuentro Social.<\/p>\n<p style=\"text-align: justify;\">La p\u00e9rdida del registro no tiene relaci\u00f3n con los candidatos que hayan ganado en alguna elecci\u00f3n en la C\u00e1mara de Diputados, seg\u00fan el principio de mayor\u00eda relativa.<\/p>\n<p style=\"text-align: justify;\">En caso de no tener partido se podr\u00edan unir a un grupo parlamentario o ser independientes. Incluso podr\u00edan crear su propia bancada si forman un grupo de, al menos, 5 integrantes, pero no recibir\u00e1n dinero del erario.<\/p>\n","protected":false},"excerpt":{"rendered":"<p>M\u00e9xico.- Los partidos Encuentro Solidario, Fuerza por M\u00e9xico y Redes Sociales Progresistas no obtuvieron o rebasaron el 3% de la votaci\u00f3n para conservar el registro establecido por el Instituto Nacional Electoral, por lo que perder\u00e1n los derechos y prerrogativas establecidas en el C\u00f3digo Federal de Instituciones y Procedimientos Electorales. Cabe se\u00f1alar que a dichos partidos se les otorg\u00f3 485.9 MDP de prerrogativas. Aunado, el PES ser\u00eda la segunda vez que perder\u00eda su registro, antes conocido como Encuentro Social. La p\u00e9rdida del registro no tiene relaci\u00f3n con los candidatos que hayan ganado en alguna elecci\u00f3n en la C\u00e1mara de Diputados, seg\u00fan [&hellip;]<\/p>\n","protected":false},"author":2,"featured_media":19694,"comment_status":"closed","ping_status":"closed","sticky":false,"template":"","format":"video","meta":{"footnotes":""},"categories":[46],"tags":[],"class_list":["post-19682","post","type-post","status-publish","format-video","has-post-thumbnail","hentry","category-nacional","post_format-post-format-video","post--single"],"yoast_head":"<!-- This site is optimized with the Yoast SEO plugin v27.4 - https:\/\/yoast.com\/product\/yoast-seo-wordpress\/ -->\n<title>Encuentro Solidario, Fuerza por M\u00e9xico y Redes Sociales Progresistas pierden su registro como partidos - Canal 7 SLP - 2021<\/title>\n<meta name=\"robots\" content=\"index, follow, max-snippet:-1, max-image-preview:large, max-video-preview:-1\" \/>\n<link rel=\"canonical\" href=\"https:\/\/canal7slp.tv\/2021\/encuentro-solidario-fuerza-por-mexico-y-redes-sociales-progresistas-pierden-su-registro-como-partidos\/\" \/>\n<meta property=\"og:locale\" content=\"es_ES\" \/>\n<meta property=\"og:type\" content=\"article\" \/>\n<meta property=\"og:title\" content=\"Encuentro Solidario, Fuerza por M\u00e9xico y Redes Sociales Progresistas pierden su registro como partidos - Canal 7 SLP - 2021\" \/>\n<meta property=\"og:description\" content=\"M\u00e9xico.- Los partidos Encuentro Solidario, Fuerza por M\u00e9xico y Redes Sociales Progresistas no obtuvieron o rebasaron el 3% de la votaci\u00f3n para conservar el registro establecido por el Instituto Nacional Electoral, por lo que perder\u00e1n los derechos y prerrogativas establecidas en el C\u00f3digo Federal de Instituciones y Procedimientos Electorales. Cabe se\u00f1alar que a dichos partidos se les otorg\u00f3 485.9 MDP de prerrogativas. Aunado, el PES ser\u00eda la segunda vez que perder\u00eda su registro, antes conocido como Encuentro Social. La p\u00e9rdida del registro no tiene relaci\u00f3n con los candidatos que hayan ganado en alguna elecci\u00f3n en la C\u00e1mara de Diputados, seg\u00fan [&hellip;]\" \/>\n<meta property=\"og:url\" content=\"https:\/\/canal7slp.tv\/2021\/encuentro-solidario-fuerza-por-mexico-y-redes-sociales-progresistas-pierden-su-registro-como-partidos\/\" \/>\n<meta property=\"og:site_name\" content=\"Canal 7 SLP - 2021\" \/>\n<meta property=\"article:publisher\" content=\"https:\/\/www.facebook.com\/noticieroscanalsiete\" \/>\n<meta property=\"article:published_time\" content=\"2021-06-08T18:55:16+00:00\" \/>\n<meta property=\"article:modified_time\" content=\"2021-06-09T01:01:31+00:00\" \/>\n<meta property=\"og:image\" content=\"https:\/\/canal7slp.tv\/2021\/wp-content\/uploads\/2021\/06\/03-7.jpg\" \/>\n\t<meta property=\"og:image:width\" content=\"799\" \/>\n\t<meta property=\"og:image:height\" content=\"450\" \/>\n\t<meta property=\"og:image:type\" content=\"image\/jpeg\" \/>\n<meta name=\"author\" content=\"Edici\u00f3n Web\" \/>\n<meta name=\"twitter:card\" content=\"summary_large_image\" \/>\n<meta name=\"twitter:creator\" content=\"@NOTICIEROS7\" \/>\n<meta name=\"twitter:site\" content=\"@NOTICIEROS7\" \/>\n<meta name=\"twitter:label1\" content=\"Escrito por\" \/>\n\t<meta name=\"twitter:data1\" content=\"Edici\u00f3n Web\" \/>\n\t<meta name=\"twitter:label2\" content=\"Tiempo de lectura\" \/>\n\t<meta name=\"twitter:data2\" content=\"1 minuto\" \/>\n<script type=\"application\/ld+json\" class=\"yoast-schema-graph\">{\"@context\":\"https:\\\/\\\/schema.org\",\"@graph\":[{\"@type\":\"Article\",\"@id\":\"https:\\\/\\\/canal7slp.tv\\\/2021\\\/encuentro-solidario-fuerza-por-mexico-y-redes-sociales-progresistas-pierden-su-registro-como-partidos\\\/#article\",\"isPartOf\":{\"@id\":\"https:\\\/\\\/canal7slp.tv\\\/2021\\\/encuentro-solidario-fuerza-por-mexico-y-redes-sociales-progresistas-pierden-su-registro-como-partidos\\\/\"},\"author\":{\"name\":\"Edici\u00f3n Web\",\"@id\":\"https:\\\/\\\/canal7slp.tv\\\/2021\\\/#\\\/schema\\\/person\\\/28a12b0491d3b6f41a854d062961bdc7\"},\"headline\":\"Encuentro Solidario, Fuerza por M\u00e9xico y Redes Sociales Progresistas pierden su registro como partidos\",\"datePublished\":\"2021-06-08T18:55:16+00:00\",\"dateModified\":\"2021-06-09T01:01:31+00:00\",\"mainEntityOfPage\":{\"@id\":\"https:\\\/\\\/canal7slp.tv\\\/2021\\\/encuentro-solidario-fuerza-por-mexico-y-redes-sociales-progresistas-pierden-su-registro-como-partidos\\\/\"},\"wordCount\":172,\"publisher\":{\"@id\":\"https:\\\/\\\/canal7slp.tv\\\/2021\\\/#organization\"},\"image\":{\"@id\":\"https:\\\/\\\/canal7slp.tv\\\/2021\\\/encuentro-solidario-fuerza-por-mexico-y-redes-sociales-progresistas-pierden-su-registro-como-partidos\\\/#primaryimage\"},\"thumbnailUrl\":\"https:\\\/\\\/canal7slp.tv\\\/2021\\\/wp-content\\\/uploads\\\/2021\\\/06\\\/03-7.jpg\",\"articleSection\":[\"NACIONALES\"],\"inLanguage\":\"es\"},{\"@type\":\"WebPage\",\"@id\":\"https:\\\/\\\/canal7slp.tv\\\/2021\\\/encuentro-solidario-fuerza-por-mexico-y-redes-sociales-progresistas-pierden-su-registro-como-partidos\\\/\",\"url\":\"https:\\\/\\\/canal7slp.tv\\\/2021\\\/encuentro-solidario-fuerza-por-mexico-y-redes-sociales-progresistas-pierden-su-registro-como-partidos\\\/\",\"name\":\"Encuentro Solidario, Fuerza por M\u00e9xico y Redes Sociales Progresistas pierden su registro como partidos - Canal 7 SLP - 2021\",\"isPartOf\":{\"@id\":\"https:\\\/\\\/canal7slp.tv\\\/2021\\\/#website\"},\"primaryImageOfPage\":{\"@id\":\"https:\\\/\\\/canal7slp.tv\\\/2021\\\/encuentro-solidario-fuerza-por-mexico-y-redes-sociales-progresistas-pierden-su-registro-como-partidos\\\/#primaryimage\"},\"image\":{\"@id\":\"https:\\\/\\\/canal7slp.tv\\\/2021\\\/encuentro-solidario-fuerza-por-mexico-y-redes-sociales-progresistas-pierden-su-registro-como-partidos\\\/#primaryimage\"},\"thumbnailUrl\":\"https:\\\/\\\/canal7slp.tv\\\/2021\\\/wp-content\\\/uploads\\\/2021\\\/06\\\/03-7.jpg\",\"datePublished\":\"2021-06-08T18:55:16+00:00\",\"dateModified\":\"2021-06-09T01:01:31+00:00\",\"breadcrumb\":{\"@id\":\"https:\\\/\\\/canal7slp.tv\\\/2021\\\/encuentro-solidario-fuerza-por-mexico-y-redes-sociales-progresistas-pierden-su-registro-como-partidos\\\/#breadcrumb\"},\"inLanguage\":\"es\",\"potentialAction\":[{\"@type\":\"ReadAction\",\"target\":[\"https:\\\/\\\/canal7slp.tv\\\/2021\\\/encuentro-solidario-fuerza-por-mexico-y-redes-sociales-progresistas-pierden-su-registro-como-partidos\\\/\"]}]},{\"@type\":\"ImageObject\",\"inLanguage\":\"es\",\"@id\":\"https:\\\/\\\/canal7slp.tv\\\/2021\\\/encuentro-solidario-fuerza-por-mexico-y-redes-sociales-progresistas-pierden-su-registro-como-partidos\\\/#primaryimage\",\"url\":\"https:\\\/\\\/canal7slp.tv\\\/2021\\\/wp-content\\\/uploads\\\/2021\\\/06\\\/03-7.jpg\",\"contentUrl\":\"https:\\\/\\\/canal7slp.tv\\\/2021\\\/wp-content\\\/uploads\\\/2021\\\/06\\\/03-7.jpg\",\"width\":799,\"height\":450},{\"@type\":\"BreadcrumbList\",\"@id\":\"https:\\\/\\\/canal7slp.tv\\\/2021\\\/encuentro-solidario-fuerza-por-mexico-y-redes-sociales-progresistas-pierden-su-registro-como-partidos\\\/#breadcrumb\",\"itemListElement\":[{\"@type\":\"ListItem\",\"position\":1,\"name\":\"Portada\",\"item\":\"https:\\\/\\\/canal7slp.tv\\\/2021\\\/\"},{\"@type\":\"ListItem\",\"position\":2,\"name\":\"Encuentro Solidario, Fuerza por M\u00e9xico y Redes Sociales Progresistas pierden su registro como partidos\"}]},{\"@type\":\"WebSite\",\"@id\":\"https:\\\/\\\/canal7slp.tv\\\/2021\\\/#website\",\"url\":\"https:\\\/\\\/canal7slp.tv\\\/2021\\\/\",\"name\":\"N7 - Noticieros Canal 7\",\"description\":\"Somos Televisi\u00f3n\",\"publisher\":{\"@id\":\"https:\\\/\\\/canal7slp.tv\\\/2021\\\/#organization\"},\"potentialAction\":[{\"@type\":\"SearchAction\",\"target\":{\"@type\":\"EntryPoint\",\"urlTemplate\":\"https:\\\/\\\/canal7slp.tv\\\/2021\\\/?s={search_term_string}\"},\"query-input\":{\"@type\":\"PropertyValueSpecification\",\"valueRequired\":true,\"valueName\":\"search_term_string\"}}],\"inLanguage\":\"es\"},{\"@type\":\"Organization\",\"@id\":\"https:\\\/\\\/canal7slp.tv\\\/2021\\\/#organization\",\"name\":\"Noticieros Canal 7\",\"url\":\"https:\\\/\\\/canal7slp.tv\\\/2021\\\/\",\"logo\":{\"@type\":\"ImageObject\",\"inLanguage\":\"es\",\"@id\":\"https:\\\/\\\/canal7slp.tv\\\/2021\\\/#\\\/schema\\\/logo\\\/image\\\/\",\"url\":\"https:\\\/\\\/canal7slp.tv\\\/2021\\\/wp-content\\\/uploads\\\/2021\\\/01\\\/logo-noticieros@2x.png\",\"contentUrl\":\"https:\\\/\\\/canal7slp.tv\\\/2021\\\/wp-content\\\/uploads\\\/2021\\\/01\\\/logo-noticieros@2x.png\",\"width\":1017,\"height\":268,\"caption\":\"Noticieros Canal 7\"},\"image\":{\"@id\":\"https:\\\/\\\/canal7slp.tv\\\/2021\\\/#\\\/schema\\\/logo\\\/image\\\/\"},\"sameAs\":[\"https:\\\/\\\/www.facebook.com\\\/noticieroscanalsiete\",\"https:\\\/\\\/x.com\\\/NOTICIEROS7\",\"https:\\\/\\\/www.instagram.com\\\/canal7_slp\",\"https:\\\/\\\/www.youtube.com\\\/channel\\\/UCliiYs-gP3JfJeqdPrNdd5A\"]},{\"@type\":\"Person\",\"@id\":\"https:\\\/\\\/canal7slp.tv\\\/2021\\\/#\\\/schema\\\/person\\\/28a12b0491d3b6f41a854d062961bdc7\",\"name\":\"Edici\u00f3n Web\",\"image\":{\"@type\":\"ImageObject\",\"inLanguage\":\"es\",\"@id\":\"https:\\\/\\\/secure.gravatar.com\\\/avatar\\\/eee448fc3f7164808013b816ba91ac7e43bbe82a70bebac296f8bc6f0addaa1a?s=96&d=mm&r=g\",\"url\":\"https:\\\/\\\/secure.gravatar.com\\\/avatar\\\/eee448fc3f7164808013b816ba91ac7e43bbe82a70bebac296f8bc6f0addaa1a?s=96&d=mm&r=g\",\"contentUrl\":\"https:\\\/\\\/secure.gravatar.com\\\/avatar\\\/eee448fc3f7164808013b816ba91ac7e43bbe82a70bebac296f8bc6f0addaa1a?s=96&d=mm&r=g\",\"caption\":\"Edici\u00f3n Web\"},\"url\":\"https:\\\/\\\/canal7slp.tv\\\/2021\\\/author\\\/edicionweb\\\/\"}]}<\/script>\n<!-- \/ Yoast SEO plugin. -->","yoast_head_json":{"title":"Encuentro Solidario, Fuerza por M\u00e9xico y Redes Sociales Progresistas pierden su registro como partidos - Canal 7 SLP - 2021","robots":{"index":"index","follow":"follow","max-snippet":"max-snippet:-1","max-image-preview":"max-image-preview:large","max-video-preview":"max-video-preview:-1"},"canonical":"https:\/\/canal7slp.tv\/2021\/encuentro-solidario-fuerza-por-mexico-y-redes-sociales-progresistas-pierden-su-registro-como-partidos\/","og_locale":"es_ES","og_type":"article","og_title":"Encuentro Solidario, Fuerza por M\u00e9xico y Redes Sociales Progresistas pierden su registro como partidos - Canal 7 SLP - 2021","og_description":"M\u00e9xico.- Los partidos Encuentro Solidario, Fuerza por M\u00e9xico y Redes Sociales Progresistas no obtuvieron o rebasaron el 3% de la votaci\u00f3n para conservar el registro establecido por el Instituto Nacional Electoral, por lo que perder\u00e1n los derechos y prerrogativas establecidas en el C\u00f3digo Federal de Instituciones y Procedimientos Electorales. Cabe se\u00f1alar que a dichos partidos se les otorg\u00f3 485.9 MDP de prerrogativas. Aunado, el PES ser\u00eda la segunda vez que perder\u00eda su registro, antes conocido como Encuentro Social. La p\u00e9rdida del registro no tiene relaci\u00f3n con los candidatos que hayan ganado en alguna elecci\u00f3n en la C\u00e1mara de Diputados, seg\u00fan [&hellip;]","og_url":"https:\/\/canal7slp.tv\/2021\/encuentro-solidario-fuerza-por-mexico-y-redes-sociales-progresistas-pierden-su-registro-como-partidos\/","og_site_name":"Canal 7 SLP - 2021","article_publisher":"https:\/\/www.facebook.com\/noticieroscanalsiete","article_published_time":"2021-06-08T18:55:16+00:00","article_modified_time":"2021-06-09T01:01:31+00:00","og_image":[{"width":799,"height":450,"url":"https:\/\/canal7slp.tv\/2021\/wp-content\/uploads\/2021\/06\/03-7.jpg","type":"image\/jpeg"}],"author":"Edici\u00f3n Web","twitter_card":"summary_large_image","twitter_creator":"@NOTICIEROS7","twitter_site":"@NOTICIEROS7","twitter_misc":{"Escrito por":"Edici\u00f3n Web","Tiempo de lectura":"1 minuto"},"schema":{"@context":"https:\/\/schema.org","@graph":[{"@type":"Article","@id":"https:\/\/canal7slp.tv\/2021\/encuentro-solidario-fuerza-por-mexico-y-redes-sociales-progresistas-pierden-su-registro-como-partidos\/#article","isPartOf":{"@id":"https:\/\/canal7slp.tv\/2021\/encuentro-solidario-fuerza-por-mexico-y-redes-sociales-progresistas-pierden-su-registro-como-partidos\/"},"author":{"name":"Edici\u00f3n Web","@id":"https:\/\/canal7slp.tv\/2021\/#\/schema\/person\/28a12b0491d3b6f41a854d062961bdc7"},"headline":"Encuentro Solidario, Fuerza por M\u00e9xico y Redes Sociales Progresistas pierden su registro como partidos","datePublished":"2021-06-08T18:55:16+00:00","dateModified":"2021-06-09T01:01:31+00:00","mainEntityOfPage":{"@id":"https:\/\/canal7slp.tv\/2021\/encuentro-solidario-fuerza-por-mexico-y-redes-sociales-progresistas-pierden-su-registro-como-partidos\/"},"wordCount":172,"publisher":{"@id":"https:\/\/canal7slp.tv\/2021\/#organization"},"image":{"@id":"https:\/\/canal7slp.tv\/2021\/encuentro-solidario-fuerza-por-mexico-y-redes-sociales-progresistas-pierden-su-registro-como-partidos\/#primaryimage"},"thumbnailUrl":"https:\/\/canal7slp.tv\/2021\/wp-content\/uploads\/2021\/06\/03-7.jpg","articleSection":["NACIONALES"],"inLanguage":"es"},{"@type":"WebPage","@id":"https:\/\/canal7slp.tv\/2021\/encuentro-solidario-fuerza-por-mexico-y-redes-sociales-progresistas-pierden-su-registro-como-partidos\/","url":"https:\/\/canal7slp.tv\/2021\/encuentro-solidario-fuerza-por-mexico-y-redes-sociales-progresistas-pierden-su-registro-como-partidos\/","name":"Encuentro Solidario, Fuerza por M\u00e9xico y Redes Sociales Progresistas pierden su registro como partidos - Canal 7 SLP - 2021","isPartOf":{"@id":"https:\/\/canal7slp.tv\/2021\/#website"},"primaryImageOfPage":{"@id":"https:\/\/canal7slp.tv\/2021\/encuentro-solidario-fuerza-por-mexico-y-redes-sociales-progresistas-pierden-su-registro-como-partidos\/#primaryimage"},"image":{"@id":"https:\/\/canal7slp.tv\/2021\/encuentro-solidario-fuerza-por-mexico-y-redes-sociales-progresistas-pierden-su-registro-como-partidos\/#primaryimage"},"thumbnailUrl":"https:\/\/canal7slp.tv\/2021\/wp-content\/uploads\/2021\/06\/03-7.jpg","datePublished":"2021-06-08T18:55:16+00:00","dateModified":"2021-06-09T01:01:31+00:00","breadcrumb":{"@id":"https:\/\/canal7slp.tv\/2021\/encuentro-solidario-fuerza-por-mexico-y-redes-sociales-progresistas-pierden-su-registro-como-partidos\/#breadcrumb"},"inLanguage":"es","potentialAction":[{"@type":"ReadAction","target":["https:\/\/canal7slp.tv\/2021\/encuentro-solidario-fuerza-por-mexico-y-redes-sociales-progresistas-pierden-su-registro-como-partidos\/"]}]},{"@type":"ImageObject","inLanguage":"es","@id":"https:\/\/canal7slp.tv\/2021\/encuentro-solidario-fuerza-por-mexico-y-redes-sociales-progresistas-pierden-su-registro-como-partidos\/#primaryimage","url":"https:\/\/canal7slp.tv\/2021\/wp-content\/uploads\/2021\/06\/03-7.jpg","contentUrl":"https:\/\/canal7slp.tv\/2021\/wp-content\/uploads\/2021\/06\/03-7.jpg","width":799,"height":450},{"@type":"BreadcrumbList","@id":"https:\/\/canal7slp.tv\/2021\/encuentro-solidario-fuerza-por-mexico-y-redes-sociales-progresistas-pierden-su-registro-como-partidos\/#breadcrumb","itemListElement":[{"@type":"ListItem","position":1,"name":"Portada","item":"https:\/\/canal7slp.tv\/2021\/"},{"@type":"ListItem","position":2,"name":"Encuentro Solidario, Fuerza por M\u00e9xico y Redes Sociales Progresistas pierden su registro como partidos"}]},{"@type":"WebSite","@id":"https:\/\/canal7slp.tv\/2021\/#website","url":"https:\/\/canal7slp.tv\/2021\/","name":"N7 - Noticieros Canal 7","description":"Somos Televisi\u00f3n","publisher":{"@id":"https:\/\/canal7slp.tv\/2021\/#organization"},"potentialAction":[{"@type":"SearchAction","target":{"@type":"EntryPoint","urlTemplate":"https:\/\/canal7slp.tv\/2021\/?s={search_term_string}"},"query-input":{"@type":"PropertyValueSpecification","valueRequired":true,"valueName":"search_term_string"}}],"inLanguage":"es"},{"@type":"Organization","@id":"https:\/\/canal7slp.tv\/2021\/#organization","name":"Noticieros Canal 7","url":"https:\/\/canal7slp.tv\/2021\/","logo":{"@type":"ImageObject","inLanguage":"es","@id":"https:\/\/canal7slp.tv\/2021\/#\/schema\/logo\/image\/","url":"https:\/\/canal7slp.tv\/2021\/wp-content\/uploads\/2021\/01\/logo-noticieros@2x.png","contentUrl":"https:\/\/canal7slp.tv\/2021\/wp-content\/uploads\/2021\/01\/logo-noticieros@2x.png","width":1017,"height":268,"caption":"Noticieros Canal 7"},"image":{"@id":"https:\/\/canal7slp.tv\/2021\/#\/schema\/logo\/image\/"},"sameAs":["https:\/\/www.facebook.com\/noticieroscanalsiete","https:\/\/x.com\/NOTICIEROS7","https:\/\/www.instagram.com\/canal7_slp","https:\/\/www.youtube.com\/channel\/UCliiYs-gP3JfJeqdPrNdd5A"]},{"@type":"Person","@id":"https:\/\/canal7slp.tv\/2021\/#\/schema\/person\/28a12b0491d3b6f41a854d062961bdc7","name":"Edici\u00f3n Web","image":{"@type":"ImageObject","inLanguage":"es","@id":"https:\/\/secure.gravatar.com\/avatar\/eee448fc3f7164808013b816ba91ac7e43bbe82a70bebac296f8bc6f0addaa1a?s=96&d=mm&r=g","url":"https:\/\/secure.gravatar.com\/avatar\/eee448fc3f7164808013b816ba91ac7e43bbe82a70bebac296f8bc6f0addaa1a?s=96&d=mm&r=g","contentUrl":"https:\/\/secure.gravatar.com\/avatar\/eee448fc3f7164808013b816ba91ac7e43bbe82a70bebac296f8bc6f0addaa1a?s=96&d=mm&r=g","caption":"Edici\u00f3n Web"},"url":"https:\/\/canal7slp.tv\/2021\/author\/edicionweb\/"}]}},"_links":{"self":[{"href":"https:\/\/canal7slp.tv\/2021\/wp-json\/wp\/v2\/posts\/19682","targetHints":{"allow":["GET"]}}],"collection":[{"href":"https:\/\/canal7slp.tv\/2021\/wp-json\/wp\/v2\/posts"}],"about":[{"href":"https:\/\/canal7slp.tv\/2021\/wp-json\/wp\/v2\/types\/post"}],"author":[{"embeddable":true,"href":"https:\/\/canal7slp.tv\/2021\/wp-json\/wp\/v2\/users\/2"}],"replies":[{"embeddable":true,"href":"https:\/\/canal7slp.tv\/2021\/wp-json\/wp\/v2\/comments?post=19682"}],"version-history":[{"count":3,"href":"https:\/\/canal7slp.tv\/2021\/wp-json\/wp\/v2\/posts\/19682\/revisions"}],"predecessor-version":[{"id":19799,"href":"https:\/\/canal7slp.tv\/2021\/wp-json\/wp\/v2\/posts\/19682\/revisions\/19799"}],"wp:featuredmedia":[{"embeddable":true,"href":"https:\/\/canal7slp.tv\/2021\/wp-json\/wp\/v2\/media\/19694"}],"wp:attachment":[{"href":"https:\/\/canal7slp.tv\/2021\/wp-json\/wp\/v2\/media?parent=19682"}],"wp:term":[{"taxonomy":"category","embeddable":true,"href":"https:\/\/canal7slp.tv\/2021\/wp-json\/wp\/v2\/categories?post=19682"},{"taxonomy":"post_tag","embeddable":true,"href":"https:\/\/canal7slp.tv\/2021\/wp-json\/wp\/v2\/tags?post=19682"}],"curies":[{"name":"wp","href":"https:\/\/api.w.org\/{rel}","templated":true}]}}