{"id":19681,"date":"2021-06-08T12:55:17","date_gmt":"2021-06-08T18:55:17","guid":{"rendered":"https:\/\/canal7slp.tv\/2021\/?p=19681"},"modified":"2021-06-08T12:55:17","modified_gmt":"2021-06-08T18:55:17","slug":"sfp-inhabilita-a-luis-videgaray-por-10-anos","status":"publish","type":"post","link":"https:\/\/canal7slp.tv\/2021\/sfp-inhabilita-a-luis-videgaray-por-10-anos\/","title":{"rendered":"SFP inhabilita a Luis Videgaray por 10 a\u00f1os"},"content":{"rendered":"<p style=\"text-align: justify;\">M\u00e9xico.- La Secretar\u00eda de la Funci\u00f3n P\u00fablica inhabilito a Luis Videgaray Caso, exsecretario de Hacienda y Relaciones Exteriores, por 10 a\u00f1os para ocupar empleos, cargos o comisiones en el servicio p\u00fablico tras descubrirse y acreditarse irregularidades en sus declaraciones patrimoniales.<\/p>\n<p style=\"text-align: justify;\">De acuerdo con un comunicado emitido por la SFP, Luis Videgaray minti\u00f3 en sus declaraciones patrimoniales de tres a\u00f1os consecutivos, cuando se desempe\u00f1\u00f3 en las m\u00e1s altas funciones del gobierno federal, como secretario de Relaciones Exteriores y como secretario de Hacienda y Cr\u00e9dito P\u00fablico.<\/p>\n<p style=\"text-align: justify;\">Videgaray Caso habr\u00eda sido notificado desde el pasado 11 de Mayo, pero por respeto a la veda electoral, el anunci\u00f3 correspondiente se posterg\u00f3 hasta hoy.<\/p>\n<p style=\"text-align: justify;\">La Secretar\u00eda se\u00f1al\u00f3 que en Junio de 2019 se inici\u00f3 una investigaci\u00f3n en contra del ex exfuncionario despu\u00e9s de conocerse su posible participaci\u00f3n en la compra irregular de la planta de fertilizantes Agro Nitrogenados.<\/p>\n<p style=\"text-align: justify;\">\u201cLa sanci\u00f3n que hoy se informa es lo m\u00e1ximo que permite la ley dentro del procedimiento de responsabilidades por las omisiones en las declaraciones patrimoniales de un servidor p\u00fablico y es independiente de otros procedimientos de investigaci\u00f3n o sanci\u00f3n que pudieran estar en curso por esta u otras autoridades\u201d, agreg\u00f3.<\/p>\n<p style=\"text-align: justify;\">As\u00ed mismo, se detall\u00f3 que es la m\u00e1xima sanci\u00f3n que la Ley permite por omisiones en las declaraciones patrimoniales de un servidor p\u00fablico.<\/p>\n","protected":false},"excerpt":{"rendered":"<p>M\u00e9xico.- La Secretar\u00eda de la Funci\u00f3n P\u00fablica inhabilito a Luis Videgaray Caso, exsecretario de Hacienda y Relaciones Exteriores, por 10 a\u00f1os para ocupar empleos, cargos o comisiones en el servicio p\u00fablico tras descubrirse y acreditarse irregularidades en sus declaraciones patrimoniales. De acuerdo con un comunicado emitido por la SFP, Luis Videgaray minti\u00f3 en sus declaraciones patrimoniales de tres a\u00f1os consecutivos, cuando se desempe\u00f1\u00f3 en las m\u00e1s altas funciones del gobierno federal, como secretario de Relaciones Exteriores y como secretario de Hacienda y Cr\u00e9dito P\u00fablico. Videgaray Caso habr\u00eda sido notificado desde el pasado 11 de Mayo, pero por respeto a la [&hellip;]<\/p>\n","protected":false},"author":2,"featured_media":19693,"comment_status":"closed","ping_status":"closed","sticky":false,"template":"","format":"standard","meta":{"footnotes":""},"categories":[46],"tags":[],"class_list":["post-19681","post","type-post","status-publish","format-standard","has-post-thumbnail","hentry","category-nacional","post--single"],"yoast_head":"<!-- This site is optimized with the Yoast SEO plugin v27.4 - https:\/\/yoast.com\/product\/yoast-seo-wordpress\/ -->\n<title>SFP inhabilita a Luis Videgaray por 10 a\u00f1os - Canal 7 SLP - 2021<\/title>\n<meta name=\"robots\" content=\"index, follow, max-snippet:-1, max-image-preview:large, max-video-preview:-1\" \/>\n<link rel=\"canonical\" href=\"https:\/\/canal7slp.tv\/2021\/sfp-inhabilita-a-luis-videgaray-por-10-anos\/\" \/>\n<meta property=\"og:locale\" content=\"es_ES\" \/>\n<meta property=\"og:type\" content=\"article\" \/>\n<meta property=\"og:title\" content=\"SFP inhabilita a Luis Videgaray por 10 a\u00f1os - Canal 7 SLP - 2021\" \/>\n<meta property=\"og:description\" content=\"M\u00e9xico.- La Secretar\u00eda de la Funci\u00f3n P\u00fablica inhabilito a Luis Videgaray Caso, exsecretario de Hacienda y Relaciones Exteriores, por 10 a\u00f1os para ocupar empleos, cargos o comisiones en el servicio p\u00fablico tras descubrirse y acreditarse irregularidades en sus declaraciones patrimoniales. De acuerdo con un comunicado emitido por la SFP, Luis Videgaray minti\u00f3 en sus declaraciones patrimoniales de tres a\u00f1os consecutivos, cuando se desempe\u00f1\u00f3 en las m\u00e1s altas funciones del gobierno federal, como secretario de Relaciones Exteriores y como secretario de Hacienda y Cr\u00e9dito P\u00fablico. Videgaray Caso habr\u00eda sido notificado desde el pasado 11 de Mayo, pero por respeto a la [&hellip;]\" \/>\n<meta property=\"og:url\" content=\"https:\/\/canal7slp.tv\/2021\/sfp-inhabilita-a-luis-videgaray-por-10-anos\/\" \/>\n<meta property=\"og:site_name\" content=\"Canal 7 SLP - 2021\" \/>\n<meta property=\"article:publisher\" content=\"https:\/\/www.facebook.com\/noticieroscanalsiete\" \/>\n<meta property=\"article:published_time\" content=\"2021-06-08T18:55:17+00:00\" \/>\n<meta property=\"og:image\" content=\"https:\/\/canal7slp.tv\/2021\/wp-content\/uploads\/2021\/06\/02-7.jpg\" \/>\n\t<meta property=\"og:image:width\" content=\"800\" \/>\n\t<meta property=\"og:image:height\" content=\"450\" \/>\n\t<meta property=\"og:image:type\" content=\"image\/jpeg\" \/>\n<meta name=\"author\" content=\"Edici\u00f3n Web\" \/>\n<meta name=\"twitter:card\" content=\"summary_large_image\" \/>\n<meta name=\"twitter:creator\" content=\"@NOTICIEROS7\" \/>\n<meta name=\"twitter:site\" content=\"@NOTICIEROS7\" \/>\n<meta name=\"twitter:label1\" content=\"Escrito por\" \/>\n\t<meta name=\"twitter:data1\" content=\"Edici\u00f3n Web\" \/>\n\t<meta name=\"twitter:label2\" content=\"Tiempo de lectura\" \/>\n\t<meta name=\"twitter:data2\" content=\"1 minuto\" \/>\n<script type=\"application\/ld+json\" class=\"yoast-schema-graph\">{\"@context\":\"https:\\\/\\\/schema.org\",\"@graph\":[{\"@type\":\"Article\",\"@id\":\"https:\\\/\\\/canal7slp.tv\\\/2021\\\/sfp-inhabilita-a-luis-videgaray-por-10-anos\\\/#article\",\"isPartOf\":{\"@id\":\"https:\\\/\\\/canal7slp.tv\\\/2021\\\/sfp-inhabilita-a-luis-videgaray-por-10-anos\\\/\"},\"author\":{\"name\":\"Edici\u00f3n Web\",\"@id\":\"https:\\\/\\\/canal7slp.tv\\\/2021\\\/#\\\/schema\\\/person\\\/28a12b0491d3b6f41a854d062961bdc7\"},\"headline\":\"SFP inhabilita a Luis Videgaray por 10 a\u00f1os\",\"datePublished\":\"2021-06-08T18:55:17+00:00\",\"mainEntityOfPage\":{\"@id\":\"https:\\\/\\\/canal7slp.tv\\\/2021\\\/sfp-inhabilita-a-luis-videgaray-por-10-anos\\\/\"},\"wordCount\":246,\"publisher\":{\"@id\":\"https:\\\/\\\/canal7slp.tv\\\/2021\\\/#organization\"},\"image\":{\"@id\":\"https:\\\/\\\/canal7slp.tv\\\/2021\\\/sfp-inhabilita-a-luis-videgaray-por-10-anos\\\/#primaryimage\"},\"thumbnailUrl\":\"https:\\\/\\\/canal7slp.tv\\\/2021\\\/wp-content\\\/uploads\\\/2021\\\/06\\\/02-7.jpg\",\"articleSection\":[\"NACIONALES\"],\"inLanguage\":\"es\"},{\"@type\":\"WebPage\",\"@id\":\"https:\\\/\\\/canal7slp.tv\\\/2021\\\/sfp-inhabilita-a-luis-videgaray-por-10-anos\\\/\",\"url\":\"https:\\\/\\\/canal7slp.tv\\\/2021\\\/sfp-inhabilita-a-luis-videgaray-por-10-anos\\\/\",\"name\":\"SFP inhabilita a Luis Videgaray por 10 a\u00f1os - Canal 7 SLP - 2021\",\"isPartOf\":{\"@id\":\"https:\\\/\\\/canal7slp.tv\\\/2021\\\/#website\"},\"primaryImageOfPage\":{\"@id\":\"https:\\\/\\\/canal7slp.tv\\\/2021\\\/sfp-inhabilita-a-luis-videgaray-por-10-anos\\\/#primaryimage\"},\"image\":{\"@id\":\"https:\\\/\\\/canal7slp.tv\\\/2021\\\/sfp-inhabilita-a-luis-videgaray-por-10-anos\\\/#primaryimage\"},\"thumbnailUrl\":\"https:\\\/\\\/canal7slp.tv\\\/2021\\\/wp-content\\\/uploads\\\/2021\\\/06\\\/02-7.jpg\",\"datePublished\":\"2021-06-08T18:55:17+00:00\",\"breadcrumb\":{\"@id\":\"https:\\\/\\\/canal7slp.tv\\\/2021\\\/sfp-inhabilita-a-luis-videgaray-por-10-anos\\\/#breadcrumb\"},\"inLanguage\":\"es\",\"potentialAction\":[{\"@type\":\"ReadAction\",\"target\":[\"https:\\\/\\\/canal7slp.tv\\\/2021\\\/sfp-inhabilita-a-luis-videgaray-por-10-anos\\\/\"]}]},{\"@type\":\"ImageObject\",\"inLanguage\":\"es\",\"@id\":\"https:\\\/\\\/canal7slp.tv\\\/2021\\\/sfp-inhabilita-a-luis-videgaray-por-10-anos\\\/#primaryimage\",\"url\":\"https:\\\/\\\/canal7slp.tv\\\/2021\\\/wp-content\\\/uploads\\\/2021\\\/06\\\/02-7.jpg\",\"contentUrl\":\"https:\\\/\\\/canal7slp.tv\\\/2021\\\/wp-content\\\/uploads\\\/2021\\\/06\\\/02-7.jpg\",\"width\":800,\"height\":450},{\"@type\":\"BreadcrumbList\",\"@id\":\"https:\\\/\\\/canal7slp.tv\\\/2021\\\/sfp-inhabilita-a-luis-videgaray-por-10-anos\\\/#breadcrumb\",\"itemListElement\":[{\"@type\":\"ListItem\",\"position\":1,\"name\":\"Portada\",\"item\":\"https:\\\/\\\/canal7slp.tv\\\/2021\\\/\"},{\"@type\":\"ListItem\",\"position\":2,\"name\":\"SFP inhabilita a Luis Videgaray por 10 a\u00f1os\"}]},{\"@type\":\"WebSite\",\"@id\":\"https:\\\/\\\/canal7slp.tv\\\/2021\\\/#website\",\"url\":\"https:\\\/\\\/canal7slp.tv\\\/2021\\\/\",\"name\":\"N7 - Noticieros Canal 7\",\"description\":\"Somos Televisi\u00f3n\",\"publisher\":{\"@id\":\"https:\\\/\\\/canal7slp.tv\\\/2021\\\/#organization\"},\"potentialAction\":[{\"@type\":\"SearchAction\",\"target\":{\"@type\":\"EntryPoint\",\"urlTemplate\":\"https:\\\/\\\/canal7slp.tv\\\/2021\\\/?s={search_term_string}\"},\"query-input\":{\"@type\":\"PropertyValueSpecification\",\"valueRequired\":true,\"valueName\":\"search_term_string\"}}],\"inLanguage\":\"es\"},{\"@type\":\"Organization\",\"@id\":\"https:\\\/\\\/canal7slp.tv\\\/2021\\\/#organization\",\"name\":\"Noticieros Canal 7\",\"url\":\"https:\\\/\\\/canal7slp.tv\\\/2021\\\/\",\"logo\":{\"@type\":\"ImageObject\",\"inLanguage\":\"es\",\"@id\":\"https:\\\/\\\/canal7slp.tv\\\/2021\\\/#\\\/schema\\\/logo\\\/image\\\/\",\"url\":\"https:\\\/\\\/canal7slp.tv\\\/2021\\\/wp-content\\\/uploads\\\/2021\\\/01\\\/logo-noticieros@2x.png\",\"contentUrl\":\"https:\\\/\\\/canal7slp.tv\\\/2021\\\/wp-content\\\/uploads\\\/2021\\\/01\\\/logo-noticieros@2x.png\",\"width\":1017,\"height\":268,\"caption\":\"Noticieros Canal 7\"},\"image\":{\"@id\":\"https:\\\/\\\/canal7slp.tv\\\/2021\\\/#\\\/schema\\\/logo\\\/image\\\/\"},\"sameAs\":[\"https:\\\/\\\/www.facebook.com\\\/noticieroscanalsiete\",\"https:\\\/\\\/x.com\\\/NOTICIEROS7\",\"https:\\\/\\\/www.instagram.com\\\/canal7_slp\",\"https:\\\/\\\/www.youtube.com\\\/channel\\\/UCliiYs-gP3JfJeqdPrNdd5A\"]},{\"@type\":\"Person\",\"@id\":\"https:\\\/\\\/canal7slp.tv\\\/2021\\\/#\\\/schema\\\/person\\\/28a12b0491d3b6f41a854d062961bdc7\",\"name\":\"Edici\u00f3n Web\",\"image\":{\"@type\":\"ImageObject\",\"inLanguage\":\"es\",\"@id\":\"https:\\\/\\\/secure.gravatar.com\\\/avatar\\\/eee448fc3f7164808013b816ba91ac7e43bbe82a70bebac296f8bc6f0addaa1a?s=96&d=mm&r=g\",\"url\":\"https:\\\/\\\/secure.gravatar.com\\\/avatar\\\/eee448fc3f7164808013b816ba91ac7e43bbe82a70bebac296f8bc6f0addaa1a?s=96&d=mm&r=g\",\"contentUrl\":\"https:\\\/\\\/secure.gravatar.com\\\/avatar\\\/eee448fc3f7164808013b816ba91ac7e43bbe82a70bebac296f8bc6f0addaa1a?s=96&d=mm&r=g\",\"caption\":\"Edici\u00f3n Web\"},\"url\":\"https:\\\/\\\/canal7slp.tv\\\/2021\\\/author\\\/edicionweb\\\/\"}]}<\/script>\n<!-- \/ Yoast SEO plugin. -->","yoast_head_json":{"title":"SFP inhabilita a Luis Videgaray por 10 a\u00f1os - Canal 7 SLP - 2021","robots":{"index":"index","follow":"follow","max-snippet":"max-snippet:-1","max-image-preview":"max-image-preview:large","max-video-preview":"max-video-preview:-1"},"canonical":"https:\/\/canal7slp.tv\/2021\/sfp-inhabilita-a-luis-videgaray-por-10-anos\/","og_locale":"es_ES","og_type":"article","og_title":"SFP inhabilita a Luis Videgaray por 10 a\u00f1os - Canal 7 SLP - 2021","og_description":"M\u00e9xico.- La Secretar\u00eda de la Funci\u00f3n P\u00fablica inhabilito a Luis Videgaray Caso, exsecretario de Hacienda y Relaciones Exteriores, por 10 a\u00f1os para ocupar empleos, cargos o comisiones en el servicio p\u00fablico tras descubrirse y acreditarse irregularidades en sus declaraciones patrimoniales. De acuerdo con un comunicado emitido por la SFP, Luis Videgaray minti\u00f3 en sus declaraciones patrimoniales de tres a\u00f1os consecutivos, cuando se desempe\u00f1\u00f3 en las m\u00e1s altas funciones del gobierno federal, como secretario de Relaciones Exteriores y como secretario de Hacienda y Cr\u00e9dito P\u00fablico. Videgaray Caso habr\u00eda sido notificado desde el pasado 11 de Mayo, pero por respeto a la [&hellip;]","og_url":"https:\/\/canal7slp.tv\/2021\/sfp-inhabilita-a-luis-videgaray-por-10-anos\/","og_site_name":"Canal 7 SLP - 2021","article_publisher":"https:\/\/www.facebook.com\/noticieroscanalsiete","article_published_time":"2021-06-08T18:55:17+00:00","og_image":[{"width":800,"height":450,"url":"https:\/\/canal7slp.tv\/2021\/wp-content\/uploads\/2021\/06\/02-7.jpg","type":"image\/jpeg"}],"author":"Edici\u00f3n Web","twitter_card":"summary_large_image","twitter_creator":"@NOTICIEROS7","twitter_site":"@NOTICIEROS7","twitter_misc":{"Escrito por":"Edici\u00f3n Web","Tiempo de lectura":"1 minuto"},"schema":{"@context":"https:\/\/schema.org","@graph":[{"@type":"Article","@id":"https:\/\/canal7slp.tv\/2021\/sfp-inhabilita-a-luis-videgaray-por-10-anos\/#article","isPartOf":{"@id":"https:\/\/canal7slp.tv\/2021\/sfp-inhabilita-a-luis-videgaray-por-10-anos\/"},"author":{"name":"Edici\u00f3n Web","@id":"https:\/\/canal7slp.tv\/2021\/#\/schema\/person\/28a12b0491d3b6f41a854d062961bdc7"},"headline":"SFP inhabilita a Luis Videgaray por 10 a\u00f1os","datePublished":"2021-06-08T18:55:17+00:00","mainEntityOfPage":{"@id":"https:\/\/canal7slp.tv\/2021\/sfp-inhabilita-a-luis-videgaray-por-10-anos\/"},"wordCount":246,"publisher":{"@id":"https:\/\/canal7slp.tv\/2021\/#organization"},"image":{"@id":"https:\/\/canal7slp.tv\/2021\/sfp-inhabilita-a-luis-videgaray-por-10-anos\/#primaryimage"},"thumbnailUrl":"https:\/\/canal7slp.tv\/2021\/wp-content\/uploads\/2021\/06\/02-7.jpg","articleSection":["NACIONALES"],"inLanguage":"es"},{"@type":"WebPage","@id":"https:\/\/canal7slp.tv\/2021\/sfp-inhabilita-a-luis-videgaray-por-10-anos\/","url":"https:\/\/canal7slp.tv\/2021\/sfp-inhabilita-a-luis-videgaray-por-10-anos\/","name":"SFP inhabilita a Luis Videgaray por 10 a\u00f1os - Canal 7 SLP - 2021","isPartOf":{"@id":"https:\/\/canal7slp.tv\/2021\/#website"},"primaryImageOfPage":{"@id":"https:\/\/canal7slp.tv\/2021\/sfp-inhabilita-a-luis-videgaray-por-10-anos\/#primaryimage"},"image":{"@id":"https:\/\/canal7slp.tv\/2021\/sfp-inhabilita-a-luis-videgaray-por-10-anos\/#primaryimage"},"thumbnailUrl":"https:\/\/canal7slp.tv\/2021\/wp-content\/uploads\/2021\/06\/02-7.jpg","datePublished":"2021-06-08T18:55:17+00:00","breadcrumb":{"@id":"https:\/\/canal7slp.tv\/2021\/sfp-inhabilita-a-luis-videgaray-por-10-anos\/#breadcrumb"},"inLanguage":"es","potentialAction":[{"@type":"ReadAction","target":["https:\/\/canal7slp.tv\/2021\/sfp-inhabilita-a-luis-videgaray-por-10-anos\/"]}]},{"@type":"ImageObject","inLanguage":"es","@id":"https:\/\/canal7slp.tv\/2021\/sfp-inhabilita-a-luis-videgaray-por-10-anos\/#primaryimage","url":"https:\/\/canal7slp.tv\/2021\/wp-content\/uploads\/2021\/06\/02-7.jpg","contentUrl":"https:\/\/canal7slp.tv\/2021\/wp-content\/uploads\/2021\/06\/02-7.jpg","width":800,"height":450},{"@type":"BreadcrumbList","@id":"https:\/\/canal7slp.tv\/2021\/sfp-inhabilita-a-luis-videgaray-por-10-anos\/#breadcrumb","itemListElement":[{"@type":"ListItem","position":1,"name":"Portada","item":"https:\/\/canal7slp.tv\/2021\/"},{"@type":"ListItem","position":2,"name":"SFP inhabilita a Luis Videgaray por 10 a\u00f1os"}]},{"@type":"WebSite","@id":"https:\/\/canal7slp.tv\/2021\/#website","url":"https:\/\/canal7slp.tv\/2021\/","name":"N7 - Noticieros Canal 7","description":"Somos Televisi\u00f3n","publisher":{"@id":"https:\/\/canal7slp.tv\/2021\/#organization"},"potentialAction":[{"@type":"SearchAction","target":{"@type":"EntryPoint","urlTemplate":"https:\/\/canal7slp.tv\/2021\/?s={search_term_string}"},"query-input":{"@type":"PropertyValueSpecification","valueRequired":true,"valueName":"search_term_string"}}],"inLanguage":"es"},{"@type":"Organization","@id":"https:\/\/canal7slp.tv\/2021\/#organization","name":"Noticieros Canal 7","url":"https:\/\/canal7slp.tv\/2021\/","logo":{"@type":"ImageObject","inLanguage":"es","@id":"https:\/\/canal7slp.tv\/2021\/#\/schema\/logo\/image\/","url":"https:\/\/canal7slp.tv\/2021\/wp-content\/uploads\/2021\/01\/logo-noticieros@2x.png","contentUrl":"https:\/\/canal7slp.tv\/2021\/wp-content\/uploads\/2021\/01\/logo-noticieros@2x.png","width":1017,"height":268,"caption":"Noticieros Canal 7"},"image":{"@id":"https:\/\/canal7slp.tv\/2021\/#\/schema\/logo\/image\/"},"sameAs":["https:\/\/www.facebook.com\/noticieroscanalsiete","https:\/\/x.com\/NOTICIEROS7","https:\/\/www.instagram.com\/canal7_slp","https:\/\/www.youtube.com\/channel\/UCliiYs-gP3JfJeqdPrNdd5A"]},{"@type":"Person","@id":"https:\/\/canal7slp.tv\/2021\/#\/schema\/person\/28a12b0491d3b6f41a854d062961bdc7","name":"Edici\u00f3n Web","image":{"@type":"ImageObject","inLanguage":"es","@id":"https:\/\/secure.gravatar.com\/avatar\/eee448fc3f7164808013b816ba91ac7e43bbe82a70bebac296f8bc6f0addaa1a?s=96&d=mm&r=g","url":"https:\/\/secure.gravatar.com\/avatar\/eee448fc3f7164808013b816ba91ac7e43bbe82a70bebac296f8bc6f0addaa1a?s=96&d=mm&r=g","contentUrl":"https:\/\/secure.gravatar.com\/avatar\/eee448fc3f7164808013b816ba91ac7e43bbe82a70bebac296f8bc6f0addaa1a?s=96&d=mm&r=g","caption":"Edici\u00f3n Web"},"url":"https:\/\/canal7slp.tv\/2021\/author\/edicionweb\/"}]}},"_links":{"self":[{"href":"https:\/\/canal7slp.tv\/2021\/wp-json\/wp\/v2\/posts\/19681","targetHints":{"allow":["GET"]}}],"collection":[{"href":"https:\/\/canal7slp.tv\/2021\/wp-json\/wp\/v2\/posts"}],"about":[{"href":"https:\/\/canal7slp.tv\/2021\/wp-json\/wp\/v2\/types\/post"}],"author":[{"embeddable":true,"href":"https:\/\/canal7slp.tv\/2021\/wp-json\/wp\/v2\/users\/2"}],"replies":[{"embeddable":true,"href":"https:\/\/canal7slp.tv\/2021\/wp-json\/wp\/v2\/comments?post=19681"}],"version-history":[{"count":2,"href":"https:\/\/canal7slp.tv\/2021\/wp-json\/wp\/v2\/posts\/19681\/revisions"}],"predecessor-version":[{"id":19699,"href":"https:\/\/canal7slp.tv\/2021\/wp-json\/wp\/v2\/posts\/19681\/revisions\/19699"}],"wp:featuredmedia":[{"embeddable":true,"href":"https:\/\/canal7slp.tv\/2021\/wp-json\/wp\/v2\/media\/19693"}],"wp:attachment":[{"href":"https:\/\/canal7slp.tv\/2021\/wp-json\/wp\/v2\/media?parent=19681"}],"wp:term":[{"taxonomy":"category","embeddable":true,"href":"https:\/\/canal7slp.tv\/2021\/wp-json\/wp\/v2\/categories?post=19681"},{"taxonomy":"post_tag","embeddable":true,"href":"https:\/\/canal7slp.tv\/2021\/wp-json\/wp\/v2\/tags?post=19681"}],"curies":[{"name":"wp","href":"https:\/\/api.w.org\/{rel}","templated":true}]}}