{"id":19680,"date":"2021-06-08T12:55:18","date_gmt":"2021-06-08T18:55:18","guid":{"rendered":"https:\/\/canal7slp.tv\/2021\/?p=19680"},"modified":"2021-06-08T18:26:25","modified_gmt":"2021-06-09T00:26:25","slug":"kamala-harris-y-lopez-obrador-se-reunen-en-palacio-nacional","status":"publish","type":"post","link":"https:\/\/canal7slp.tv\/2021\/kamala-harris-y-lopez-obrador-se-reunen-en-palacio-nacional\/","title":{"rendered":"Kamala Harris y L\u00f3pez Obrador se re\u00fanen en Palacio Nacional"},"content":{"rendered":"<p style=\"text-align: justify;\">M\u00e9xico.- Kamala Devi Harris, Vicepresidente de Estados Unidos y Andr\u00e9s Manuel L\u00f3pez Obrador, el Presidente de M\u00e9xico, se re\u00fanen este martes en Palacio Nacional para abordar temas referentes la crisis migratoria en la regi\u00f3n.<\/p>\n<p style=\"text-align: justify;\">Kamala Harris arrib\u00f3 alrededor de las 10 de la ma\u00f1ana a Palacio Nacional en medio de un fuerte operativo de seguridad a la sede presidencial, en donde atestiguar\u00e1 la firma de un memor\u00e1ndum de cooperaci\u00f3n entre ambos pa\u00edses, a la cual estuvo presente Marcelo Luis Ebrard Casaub\u00f3n, Titular de la Secretar\u00eda de Relaciones Exteriores.<\/p>\n<p style=\"text-align: justify;\">Aunado, tanto L\u00f3pez Obrador como Devi Harris sostendr\u00e1n una reuni\u00f3n privada para abordar los temas de la agenda.<\/p>\n","protected":false},"excerpt":{"rendered":"<p>M\u00e9xico.- Kamala Devi Harris, Vicepresidente de Estados Unidos y Andr\u00e9s Manuel L\u00f3pez Obrador, el Presidente de M\u00e9xico, se re\u00fanen este martes en Palacio Nacional para abordar temas referentes la crisis migratoria en la regi\u00f3n. Kamala Harris arrib\u00f3 alrededor de las 10 de la ma\u00f1ana a Palacio Nacional en medio de un fuerte operativo de seguridad a la sede presidencial, en donde atestiguar\u00e1 la firma de un memor\u00e1ndum de cooperaci\u00f3n entre ambos pa\u00edses, a la cual estuvo presente Marcelo Luis Ebrard Casaub\u00f3n, Titular de la Secretar\u00eda de Relaciones Exteriores. Aunado, tanto L\u00f3pez Obrador como Devi Harris sostendr\u00e1n una reuni\u00f3n privada para [&hellip;]<\/p>\n","protected":false},"author":2,"featured_media":19692,"comment_status":"closed","ping_status":"closed","sticky":false,"template":"","format":"video","meta":{"footnotes":""},"categories":[46],"tags":[],"class_list":["post-19680","post","type-post","status-publish","format-video","has-post-thumbnail","hentry","category-nacional","post_format-post-format-video","post--single"],"yoast_head":"<!-- This site is optimized with the Yoast SEO plugin v27.4 - https:\/\/yoast.com\/product\/yoast-seo-wordpress\/ -->\n<title>Kamala Harris y L\u00f3pez Obrador se re\u00fanen en Palacio Nacional - Canal 7 SLP - 2021<\/title>\n<meta name=\"robots\" content=\"index, follow, max-snippet:-1, max-image-preview:large, max-video-preview:-1\" \/>\n<link rel=\"canonical\" href=\"https:\/\/canal7slp.tv\/2021\/kamala-harris-y-lopez-obrador-se-reunen-en-palacio-nacional\/\" \/>\n<meta property=\"og:locale\" content=\"es_ES\" \/>\n<meta property=\"og:type\" content=\"article\" \/>\n<meta property=\"og:title\" content=\"Kamala Harris y L\u00f3pez Obrador se re\u00fanen en Palacio Nacional - Canal 7 SLP - 2021\" \/>\n<meta property=\"og:description\" content=\"M\u00e9xico.- Kamala Devi Harris, Vicepresidente de Estados Unidos y Andr\u00e9s Manuel L\u00f3pez Obrador, el Presidente de M\u00e9xico, se re\u00fanen este martes en Palacio Nacional para abordar temas referentes la crisis migratoria en la regi\u00f3n. Kamala Harris arrib\u00f3 alrededor de las 10 de la ma\u00f1ana a Palacio Nacional en medio de un fuerte operativo de seguridad a la sede presidencial, en donde atestiguar\u00e1 la firma de un memor\u00e1ndum de cooperaci\u00f3n entre ambos pa\u00edses, a la cual estuvo presente Marcelo Luis Ebrard Casaub\u00f3n, Titular de la Secretar\u00eda de Relaciones Exteriores. Aunado, tanto L\u00f3pez Obrador como Devi Harris sostendr\u00e1n una reuni\u00f3n privada para [&hellip;]\" \/>\n<meta property=\"og:url\" content=\"https:\/\/canal7slp.tv\/2021\/kamala-harris-y-lopez-obrador-se-reunen-en-palacio-nacional\/\" \/>\n<meta property=\"og:site_name\" content=\"Canal 7 SLP - 2021\" \/>\n<meta property=\"article:publisher\" content=\"https:\/\/www.facebook.com\/noticieroscanalsiete\" \/>\n<meta property=\"article:published_time\" content=\"2021-06-08T18:55:18+00:00\" \/>\n<meta property=\"article:modified_time\" content=\"2021-06-09T00:26:25+00:00\" \/>\n<meta property=\"og:image\" content=\"https:\/\/canal7slp.tv\/2021\/wp-content\/uploads\/2021\/06\/01-7.jpg\" \/>\n\t<meta property=\"og:image:width\" content=\"729\" \/>\n\t<meta property=\"og:image:height\" content=\"450\" \/>\n\t<meta property=\"og:image:type\" content=\"image\/jpeg\" \/>\n<meta name=\"author\" content=\"Edici\u00f3n Web\" \/>\n<meta name=\"twitter:card\" content=\"summary_large_image\" \/>\n<meta name=\"twitter:creator\" content=\"@NOTICIEROS7\" \/>\n<meta name=\"twitter:site\" content=\"@NOTICIEROS7\" \/>\n<meta name=\"twitter:label1\" content=\"Escrito por\" \/>\n\t<meta name=\"twitter:data1\" content=\"Edici\u00f3n Web\" \/>\n\t<meta name=\"twitter:label2\" content=\"Tiempo de lectura\" \/>\n\t<meta name=\"twitter:data2\" content=\"1 minuto\" \/>\n<script type=\"application\/ld+json\" class=\"yoast-schema-graph\">{\"@context\":\"https:\\\/\\\/schema.org\",\"@graph\":[{\"@type\":\"Article\",\"@id\":\"https:\\\/\\\/canal7slp.tv\\\/2021\\\/kamala-harris-y-lopez-obrador-se-reunen-en-palacio-nacional\\\/#article\",\"isPartOf\":{\"@id\":\"https:\\\/\\\/canal7slp.tv\\\/2021\\\/kamala-harris-y-lopez-obrador-se-reunen-en-palacio-nacional\\\/\"},\"author\":{\"name\":\"Edici\u00f3n Web\",\"@id\":\"https:\\\/\\\/canal7slp.tv\\\/2021\\\/#\\\/schema\\\/person\\\/28a12b0491d3b6f41a854d062961bdc7\"},\"headline\":\"Kamala Harris y L\u00f3pez Obrador se re\u00fanen en Palacio Nacional\",\"datePublished\":\"2021-06-08T18:55:18+00:00\",\"dateModified\":\"2021-06-09T00:26:25+00:00\",\"mainEntityOfPage\":{\"@id\":\"https:\\\/\\\/canal7slp.tv\\\/2021\\\/kamala-harris-y-lopez-obrador-se-reunen-en-palacio-nacional\\\/\"},\"wordCount\":133,\"publisher\":{\"@id\":\"https:\\\/\\\/canal7slp.tv\\\/2021\\\/#organization\"},\"image\":{\"@id\":\"https:\\\/\\\/canal7slp.tv\\\/2021\\\/kamala-harris-y-lopez-obrador-se-reunen-en-palacio-nacional\\\/#primaryimage\"},\"thumbnailUrl\":\"https:\\\/\\\/canal7slp.tv\\\/2021\\\/wp-content\\\/uploads\\\/2021\\\/06\\\/01-7.jpg\",\"articleSection\":[\"NACIONALES\"],\"inLanguage\":\"es\"},{\"@type\":\"WebPage\",\"@id\":\"https:\\\/\\\/canal7slp.tv\\\/2021\\\/kamala-harris-y-lopez-obrador-se-reunen-en-palacio-nacional\\\/\",\"url\":\"https:\\\/\\\/canal7slp.tv\\\/2021\\\/kamala-harris-y-lopez-obrador-se-reunen-en-palacio-nacional\\\/\",\"name\":\"Kamala Harris y L\u00f3pez Obrador se re\u00fanen en Palacio Nacional - Canal 7 SLP - 2021\",\"isPartOf\":{\"@id\":\"https:\\\/\\\/canal7slp.tv\\\/2021\\\/#website\"},\"primaryImageOfPage\":{\"@id\":\"https:\\\/\\\/canal7slp.tv\\\/2021\\\/kamala-harris-y-lopez-obrador-se-reunen-en-palacio-nacional\\\/#primaryimage\"},\"image\":{\"@id\":\"https:\\\/\\\/canal7slp.tv\\\/2021\\\/kamala-harris-y-lopez-obrador-se-reunen-en-palacio-nacional\\\/#primaryimage\"},\"thumbnailUrl\":\"https:\\\/\\\/canal7slp.tv\\\/2021\\\/wp-content\\\/uploads\\\/2021\\\/06\\\/01-7.jpg\",\"datePublished\":\"2021-06-08T18:55:18+00:00\",\"dateModified\":\"2021-06-09T00:26:25+00:00\",\"breadcrumb\":{\"@id\":\"https:\\\/\\\/canal7slp.tv\\\/2021\\\/kamala-harris-y-lopez-obrador-se-reunen-en-palacio-nacional\\\/#breadcrumb\"},\"inLanguage\":\"es\",\"potentialAction\":[{\"@type\":\"ReadAction\",\"target\":[\"https:\\\/\\\/canal7slp.tv\\\/2021\\\/kamala-harris-y-lopez-obrador-se-reunen-en-palacio-nacional\\\/\"]}]},{\"@type\":\"ImageObject\",\"inLanguage\":\"es\",\"@id\":\"https:\\\/\\\/canal7slp.tv\\\/2021\\\/kamala-harris-y-lopez-obrador-se-reunen-en-palacio-nacional\\\/#primaryimage\",\"url\":\"https:\\\/\\\/canal7slp.tv\\\/2021\\\/wp-content\\\/uploads\\\/2021\\\/06\\\/01-7.jpg\",\"contentUrl\":\"https:\\\/\\\/canal7slp.tv\\\/2021\\\/wp-content\\\/uploads\\\/2021\\\/06\\\/01-7.jpg\",\"width\":729,\"height\":450},{\"@type\":\"BreadcrumbList\",\"@id\":\"https:\\\/\\\/canal7slp.tv\\\/2021\\\/kamala-harris-y-lopez-obrador-se-reunen-en-palacio-nacional\\\/#breadcrumb\",\"itemListElement\":[{\"@type\":\"ListItem\",\"position\":1,\"name\":\"Portada\",\"item\":\"https:\\\/\\\/canal7slp.tv\\\/2021\\\/\"},{\"@type\":\"ListItem\",\"position\":2,\"name\":\"Kamala Harris y L\u00f3pez Obrador se re\u00fanen en Palacio Nacional\"}]},{\"@type\":\"WebSite\",\"@id\":\"https:\\\/\\\/canal7slp.tv\\\/2021\\\/#website\",\"url\":\"https:\\\/\\\/canal7slp.tv\\\/2021\\\/\",\"name\":\"N7 - Noticieros Canal 7\",\"description\":\"Somos Televisi\u00f3n\",\"publisher\":{\"@id\":\"https:\\\/\\\/canal7slp.tv\\\/2021\\\/#organization\"},\"potentialAction\":[{\"@type\":\"SearchAction\",\"target\":{\"@type\":\"EntryPoint\",\"urlTemplate\":\"https:\\\/\\\/canal7slp.tv\\\/2021\\\/?s={search_term_string}\"},\"query-input\":{\"@type\":\"PropertyValueSpecification\",\"valueRequired\":true,\"valueName\":\"search_term_string\"}}],\"inLanguage\":\"es\"},{\"@type\":\"Organization\",\"@id\":\"https:\\\/\\\/canal7slp.tv\\\/2021\\\/#organization\",\"name\":\"Noticieros Canal 7\",\"url\":\"https:\\\/\\\/canal7slp.tv\\\/2021\\\/\",\"logo\":{\"@type\":\"ImageObject\",\"inLanguage\":\"es\",\"@id\":\"https:\\\/\\\/canal7slp.tv\\\/2021\\\/#\\\/schema\\\/logo\\\/image\\\/\",\"url\":\"https:\\\/\\\/canal7slp.tv\\\/2021\\\/wp-content\\\/uploads\\\/2021\\\/01\\\/logo-noticieros@2x.png\",\"contentUrl\":\"https:\\\/\\\/canal7slp.tv\\\/2021\\\/wp-content\\\/uploads\\\/2021\\\/01\\\/logo-noticieros@2x.png\",\"width\":1017,\"height\":268,\"caption\":\"Noticieros Canal 7\"},\"image\":{\"@id\":\"https:\\\/\\\/canal7slp.tv\\\/2021\\\/#\\\/schema\\\/logo\\\/image\\\/\"},\"sameAs\":[\"https:\\\/\\\/www.facebook.com\\\/noticieroscanalsiete\",\"https:\\\/\\\/x.com\\\/NOTICIEROS7\",\"https:\\\/\\\/www.instagram.com\\\/canal7_slp\",\"https:\\\/\\\/www.youtube.com\\\/channel\\\/UCliiYs-gP3JfJeqdPrNdd5A\"]},{\"@type\":\"Person\",\"@id\":\"https:\\\/\\\/canal7slp.tv\\\/2021\\\/#\\\/schema\\\/person\\\/28a12b0491d3b6f41a854d062961bdc7\",\"name\":\"Edici\u00f3n Web\",\"image\":{\"@type\":\"ImageObject\",\"inLanguage\":\"es\",\"@id\":\"https:\\\/\\\/secure.gravatar.com\\\/avatar\\\/eee448fc3f7164808013b816ba91ac7e43bbe82a70bebac296f8bc6f0addaa1a?s=96&d=mm&r=g\",\"url\":\"https:\\\/\\\/secure.gravatar.com\\\/avatar\\\/eee448fc3f7164808013b816ba91ac7e43bbe82a70bebac296f8bc6f0addaa1a?s=96&d=mm&r=g\",\"contentUrl\":\"https:\\\/\\\/secure.gravatar.com\\\/avatar\\\/eee448fc3f7164808013b816ba91ac7e43bbe82a70bebac296f8bc6f0addaa1a?s=96&d=mm&r=g\",\"caption\":\"Edici\u00f3n Web\"},\"url\":\"https:\\\/\\\/canal7slp.tv\\\/2021\\\/author\\\/edicionweb\\\/\"}]}<\/script>\n<!-- \/ Yoast SEO plugin. -->","yoast_head_json":{"title":"Kamala Harris y L\u00f3pez Obrador se re\u00fanen en Palacio Nacional - Canal 7 SLP - 2021","robots":{"index":"index","follow":"follow","max-snippet":"max-snippet:-1","max-image-preview":"max-image-preview:large","max-video-preview":"max-video-preview:-1"},"canonical":"https:\/\/canal7slp.tv\/2021\/kamala-harris-y-lopez-obrador-se-reunen-en-palacio-nacional\/","og_locale":"es_ES","og_type":"article","og_title":"Kamala Harris y L\u00f3pez Obrador se re\u00fanen en Palacio Nacional - Canal 7 SLP - 2021","og_description":"M\u00e9xico.- Kamala Devi Harris, Vicepresidente de Estados Unidos y Andr\u00e9s Manuel L\u00f3pez Obrador, el Presidente de M\u00e9xico, se re\u00fanen este martes en Palacio Nacional para abordar temas referentes la crisis migratoria en la regi\u00f3n. Kamala Harris arrib\u00f3 alrededor de las 10 de la ma\u00f1ana a Palacio Nacional en medio de un fuerte operativo de seguridad a la sede presidencial, en donde atestiguar\u00e1 la firma de un memor\u00e1ndum de cooperaci\u00f3n entre ambos pa\u00edses, a la cual estuvo presente Marcelo Luis Ebrard Casaub\u00f3n, Titular de la Secretar\u00eda de Relaciones Exteriores. Aunado, tanto L\u00f3pez Obrador como Devi Harris sostendr\u00e1n una reuni\u00f3n privada para [&hellip;]","og_url":"https:\/\/canal7slp.tv\/2021\/kamala-harris-y-lopez-obrador-se-reunen-en-palacio-nacional\/","og_site_name":"Canal 7 SLP - 2021","article_publisher":"https:\/\/www.facebook.com\/noticieroscanalsiete","article_published_time":"2021-06-08T18:55:18+00:00","article_modified_time":"2021-06-09T00:26:25+00:00","og_image":[{"width":729,"height":450,"url":"https:\/\/canal7slp.tv\/2021\/wp-content\/uploads\/2021\/06\/01-7.jpg","type":"image\/jpeg"}],"author":"Edici\u00f3n Web","twitter_card":"summary_large_image","twitter_creator":"@NOTICIEROS7","twitter_site":"@NOTICIEROS7","twitter_misc":{"Escrito por":"Edici\u00f3n Web","Tiempo de lectura":"1 minuto"},"schema":{"@context":"https:\/\/schema.org","@graph":[{"@type":"Article","@id":"https:\/\/canal7slp.tv\/2021\/kamala-harris-y-lopez-obrador-se-reunen-en-palacio-nacional\/#article","isPartOf":{"@id":"https:\/\/canal7slp.tv\/2021\/kamala-harris-y-lopez-obrador-se-reunen-en-palacio-nacional\/"},"author":{"name":"Edici\u00f3n Web","@id":"https:\/\/canal7slp.tv\/2021\/#\/schema\/person\/28a12b0491d3b6f41a854d062961bdc7"},"headline":"Kamala Harris y L\u00f3pez Obrador se re\u00fanen en Palacio Nacional","datePublished":"2021-06-08T18:55:18+00:00","dateModified":"2021-06-09T00:26:25+00:00","mainEntityOfPage":{"@id":"https:\/\/canal7slp.tv\/2021\/kamala-harris-y-lopez-obrador-se-reunen-en-palacio-nacional\/"},"wordCount":133,"publisher":{"@id":"https:\/\/canal7slp.tv\/2021\/#organization"},"image":{"@id":"https:\/\/canal7slp.tv\/2021\/kamala-harris-y-lopez-obrador-se-reunen-en-palacio-nacional\/#primaryimage"},"thumbnailUrl":"https:\/\/canal7slp.tv\/2021\/wp-content\/uploads\/2021\/06\/01-7.jpg","articleSection":["NACIONALES"],"inLanguage":"es"},{"@type":"WebPage","@id":"https:\/\/canal7slp.tv\/2021\/kamala-harris-y-lopez-obrador-se-reunen-en-palacio-nacional\/","url":"https:\/\/canal7slp.tv\/2021\/kamala-harris-y-lopez-obrador-se-reunen-en-palacio-nacional\/","name":"Kamala Harris y L\u00f3pez Obrador se re\u00fanen en Palacio Nacional - Canal 7 SLP - 2021","isPartOf":{"@id":"https:\/\/canal7slp.tv\/2021\/#website"},"primaryImageOfPage":{"@id":"https:\/\/canal7slp.tv\/2021\/kamala-harris-y-lopez-obrador-se-reunen-en-palacio-nacional\/#primaryimage"},"image":{"@id":"https:\/\/canal7slp.tv\/2021\/kamala-harris-y-lopez-obrador-se-reunen-en-palacio-nacional\/#primaryimage"},"thumbnailUrl":"https:\/\/canal7slp.tv\/2021\/wp-content\/uploads\/2021\/06\/01-7.jpg","datePublished":"2021-06-08T18:55:18+00:00","dateModified":"2021-06-09T00:26:25+00:00","breadcrumb":{"@id":"https:\/\/canal7slp.tv\/2021\/kamala-harris-y-lopez-obrador-se-reunen-en-palacio-nacional\/#breadcrumb"},"inLanguage":"es","potentialAction":[{"@type":"ReadAction","target":["https:\/\/canal7slp.tv\/2021\/kamala-harris-y-lopez-obrador-se-reunen-en-palacio-nacional\/"]}]},{"@type":"ImageObject","inLanguage":"es","@id":"https:\/\/canal7slp.tv\/2021\/kamala-harris-y-lopez-obrador-se-reunen-en-palacio-nacional\/#primaryimage","url":"https:\/\/canal7slp.tv\/2021\/wp-content\/uploads\/2021\/06\/01-7.jpg","contentUrl":"https:\/\/canal7slp.tv\/2021\/wp-content\/uploads\/2021\/06\/01-7.jpg","width":729,"height":450},{"@type":"BreadcrumbList","@id":"https:\/\/canal7slp.tv\/2021\/kamala-harris-y-lopez-obrador-se-reunen-en-palacio-nacional\/#breadcrumb","itemListElement":[{"@type":"ListItem","position":1,"name":"Portada","item":"https:\/\/canal7slp.tv\/2021\/"},{"@type":"ListItem","position":2,"name":"Kamala Harris y L\u00f3pez Obrador se re\u00fanen en Palacio Nacional"}]},{"@type":"WebSite","@id":"https:\/\/canal7slp.tv\/2021\/#website","url":"https:\/\/canal7slp.tv\/2021\/","name":"N7 - Noticieros Canal 7","description":"Somos Televisi\u00f3n","publisher":{"@id":"https:\/\/canal7slp.tv\/2021\/#organization"},"potentialAction":[{"@type":"SearchAction","target":{"@type":"EntryPoint","urlTemplate":"https:\/\/canal7slp.tv\/2021\/?s={search_term_string}"},"query-input":{"@type":"PropertyValueSpecification","valueRequired":true,"valueName":"search_term_string"}}],"inLanguage":"es"},{"@type":"Organization","@id":"https:\/\/canal7slp.tv\/2021\/#organization","name":"Noticieros Canal 7","url":"https:\/\/canal7slp.tv\/2021\/","logo":{"@type":"ImageObject","inLanguage":"es","@id":"https:\/\/canal7slp.tv\/2021\/#\/schema\/logo\/image\/","url":"https:\/\/canal7slp.tv\/2021\/wp-content\/uploads\/2021\/01\/logo-noticieros@2x.png","contentUrl":"https:\/\/canal7slp.tv\/2021\/wp-content\/uploads\/2021\/01\/logo-noticieros@2x.png","width":1017,"height":268,"caption":"Noticieros Canal 7"},"image":{"@id":"https:\/\/canal7slp.tv\/2021\/#\/schema\/logo\/image\/"},"sameAs":["https:\/\/www.facebook.com\/noticieroscanalsiete","https:\/\/x.com\/NOTICIEROS7","https:\/\/www.instagram.com\/canal7_slp","https:\/\/www.youtube.com\/channel\/UCliiYs-gP3JfJeqdPrNdd5A"]},{"@type":"Person","@id":"https:\/\/canal7slp.tv\/2021\/#\/schema\/person\/28a12b0491d3b6f41a854d062961bdc7","name":"Edici\u00f3n Web","image":{"@type":"ImageObject","inLanguage":"es","@id":"https:\/\/secure.gravatar.com\/avatar\/eee448fc3f7164808013b816ba91ac7e43bbe82a70bebac296f8bc6f0addaa1a?s=96&d=mm&r=g","url":"https:\/\/secure.gravatar.com\/avatar\/eee448fc3f7164808013b816ba91ac7e43bbe82a70bebac296f8bc6f0addaa1a?s=96&d=mm&r=g","contentUrl":"https:\/\/secure.gravatar.com\/avatar\/eee448fc3f7164808013b816ba91ac7e43bbe82a70bebac296f8bc6f0addaa1a?s=96&d=mm&r=g","caption":"Edici\u00f3n Web"},"url":"https:\/\/canal7slp.tv\/2021\/author\/edicionweb\/"}]}},"_links":{"self":[{"href":"https:\/\/canal7slp.tv\/2021\/wp-json\/wp\/v2\/posts\/19680","targetHints":{"allow":["GET"]}}],"collection":[{"href":"https:\/\/canal7slp.tv\/2021\/wp-json\/wp\/v2\/posts"}],"about":[{"href":"https:\/\/canal7slp.tv\/2021\/wp-json\/wp\/v2\/types\/post"}],"author":[{"embeddable":true,"href":"https:\/\/canal7slp.tv\/2021\/wp-json\/wp\/v2\/users\/2"}],"replies":[{"embeddable":true,"href":"https:\/\/canal7slp.tv\/2021\/wp-json\/wp\/v2\/comments?post=19680"}],"version-history":[{"count":3,"href":"https:\/\/canal7slp.tv\/2021\/wp-json\/wp\/v2\/posts\/19680\/revisions"}],"predecessor-version":[{"id":19704,"href":"https:\/\/canal7slp.tv\/2021\/wp-json\/wp\/v2\/posts\/19680\/revisions\/19704"}],"wp:featuredmedia":[{"embeddable":true,"href":"https:\/\/canal7slp.tv\/2021\/wp-json\/wp\/v2\/media\/19692"}],"wp:attachment":[{"href":"https:\/\/canal7slp.tv\/2021\/wp-json\/wp\/v2\/media?parent=19680"}],"wp:term":[{"taxonomy":"category","embeddable":true,"href":"https:\/\/canal7slp.tv\/2021\/wp-json\/wp\/v2\/categories?post=19680"},{"taxonomy":"post_tag","embeddable":true,"href":"https:\/\/canal7slp.tv\/2021\/wp-json\/wp\/v2\/tags?post=19680"}],"curies":[{"name":"wp","href":"https:\/\/api.w.org\/{rel}","templated":true}]}}