{"id":19391,"date":"2021-06-06T17:57:43","date_gmt":"2021-06-06T23:57:43","guid":{"rendered":"https:\/\/canal7slp.tv\/2021\/?p=19391"},"modified":"2021-06-07T06:20:10","modified_gmt":"2021-06-07T12:20:10","slug":"aseguran-verde-y-pt-que-gallardo-gano-y-dice-ser-el-mas-perseguido-de-todos-los-tiempos","status":"publish","type":"post","link":"https:\/\/canal7slp.tv\/2021\/aseguran-verde-y-pt-que-gallardo-gano-y-dice-ser-el-mas-perseguido-de-todos-los-tiempos\/","title":{"rendered":"Aseguran Verde y PT que Gallardo gan\u00f3 y dice ser \u00abel m\u00e1s perseguido de todos los tiempos\u00bb"},"content":{"rendered":"<p style=\"text-align: justify;\">SLP.- Tras el cierre de casillas, dirigentes del Partido Verde y Partido del Trabajo aseguraron que su candidato Ricardo Gallardo Cardona asegur\u00f3 que va ocho puntos arriba, seg\u00fan resultados de dos casas encuestadoras, cuyos nombres no se dieron a conocer.<\/p>\n<p style=\"text-align: justify;\">En una rueda de prensa en la que los dirigentes se mantuvieron con semblante serio, se asegur\u00f3 que fue el candidato \u00abm\u00e1s perseguido de todos los tiempos\u00bb.<\/p>\n<p style=\"text-align: justify;\">Gallardo afirm\u00f3 que \u00abnos balearon casillas\u00bb y \u00abnos fueron a poner hieleras\u00bb, en un presunto intento por inhibir a la votaci\u00f3n y afirm\u00f3 que en San Luis Potos\u00ed \u00abno habr\u00e1 m\u00e1s fif\u00eds ni chairos\u00bb.<\/p>\n<p style=\"text-align: justify;\">PULSO<\/p>\n","protected":false},"excerpt":{"rendered":"<p>SLP.- Tras el cierre de casillas, dirigentes del Partido Verde y Partido del Trabajo aseguraron que su candidato Ricardo Gallardo Cardona asegur\u00f3 que va ocho puntos arriba, seg\u00fan resultados de dos casas encuestadoras, cuyos nombres no se dieron a conocer. En una rueda de prensa en la que los dirigentes se mantuvieron con semblante serio, se asegur\u00f3 que fue el candidato \u00abm\u00e1s perseguido de todos los tiempos\u00bb. Gallardo afirm\u00f3 que \u00abnos balearon casillas\u00bb y \u00abnos fueron a poner hieleras\u00bb, en un presunto intento por inhibir a la votaci\u00f3n y afirm\u00f3 que en San Luis Potos\u00ed \u00abno habr\u00e1 m\u00e1s fif\u00eds ni [&hellip;]<\/p>\n","protected":false},"author":2,"featured_media":19392,"comment_status":"closed","ping_status":"closed","sticky":false,"template":"","format":"standard","meta":{"footnotes":""},"categories":[392,45],"tags":[],"class_list":["post-19391","post","type-post","status-publish","format-standard","has-post-thumbnail","hentry","category-deci21on","category-localesyregionales","post--single"],"yoast_head":"<!-- This site is optimized with the Yoast SEO plugin v27.4 - https:\/\/yoast.com\/product\/yoast-seo-wordpress\/ -->\n<title>Aseguran Verde y PT que Gallardo gan\u00f3 y dice ser &quot;el m\u00e1s perseguido de todos los tiempos&quot; - Canal 7 SLP - 2021<\/title>\n<meta name=\"robots\" content=\"index, follow, max-snippet:-1, max-image-preview:large, max-video-preview:-1\" \/>\n<link rel=\"canonical\" href=\"https:\/\/canal7slp.tv\/2021\/aseguran-verde-y-pt-que-gallardo-gano-y-dice-ser-el-mas-perseguido-de-todos-los-tiempos\/\" \/>\n<meta property=\"og:locale\" content=\"es_ES\" \/>\n<meta property=\"og:type\" content=\"article\" \/>\n<meta property=\"og:title\" content=\"Aseguran Verde y PT que Gallardo gan\u00f3 y dice ser &quot;el m\u00e1s perseguido de todos los tiempos&quot; - Canal 7 SLP - 2021\" \/>\n<meta property=\"og:description\" content=\"SLP.- Tras el cierre de casillas, dirigentes del Partido Verde y Partido del Trabajo aseguraron que su candidato Ricardo Gallardo Cardona asegur\u00f3 que va ocho puntos arriba, seg\u00fan resultados de dos casas encuestadoras, cuyos nombres no se dieron a conocer. En una rueda de prensa en la que los dirigentes se mantuvieron con semblante serio, se asegur\u00f3 que fue el candidato \u00abm\u00e1s perseguido de todos los tiempos\u00bb. Gallardo afirm\u00f3 que \u00abnos balearon casillas\u00bb y \u00abnos fueron a poner hieleras\u00bb, en un presunto intento por inhibir a la votaci\u00f3n y afirm\u00f3 que en San Luis Potos\u00ed \u00abno habr\u00e1 m\u00e1s fif\u00eds ni [&hellip;]\" \/>\n<meta property=\"og:url\" content=\"https:\/\/canal7slp.tv\/2021\/aseguran-verde-y-pt-que-gallardo-gano-y-dice-ser-el-mas-perseguido-de-todos-los-tiempos\/\" \/>\n<meta property=\"og:site_name\" content=\"Canal 7 SLP - 2021\" \/>\n<meta property=\"article:publisher\" content=\"https:\/\/www.facebook.com\/noticieroscanalsiete\" \/>\n<meta property=\"article:published_time\" content=\"2021-06-06T23:57:43+00:00\" \/>\n<meta property=\"article:modified_time\" content=\"2021-06-07T12:20:10+00:00\" \/>\n<meta property=\"og:image\" content=\"https:\/\/canal7slp.tv\/2021\/wp-content\/uploads\/2021\/06\/PVEMPT.jpg\" \/>\n\t<meta property=\"og:image:width\" content=\"819\" \/>\n\t<meta property=\"og:image:height\" content=\"450\" \/>\n\t<meta property=\"og:image:type\" content=\"image\/jpeg\" \/>\n<meta name=\"author\" content=\"Edici\u00f3n Web\" \/>\n<meta name=\"twitter:card\" content=\"summary_large_image\" \/>\n<meta name=\"twitter:creator\" content=\"@NOTICIEROS7\" \/>\n<meta name=\"twitter:site\" content=\"@NOTICIEROS7\" \/>\n<meta name=\"twitter:label1\" content=\"Escrito por\" \/>\n\t<meta name=\"twitter:data1\" content=\"Edici\u00f3n Web\" \/>\n\t<meta name=\"twitter:label2\" content=\"Tiempo de lectura\" \/>\n\t<meta name=\"twitter:data2\" content=\"1 minuto\" \/>\n<script type=\"application\/ld+json\" class=\"yoast-schema-graph\">{\"@context\":\"https:\\\/\\\/schema.org\",\"@graph\":[{\"@type\":\"Article\",\"@id\":\"https:\\\/\\\/canal7slp.tv\\\/2021\\\/aseguran-verde-y-pt-que-gallardo-gano-y-dice-ser-el-mas-perseguido-de-todos-los-tiempos\\\/#article\",\"isPartOf\":{\"@id\":\"https:\\\/\\\/canal7slp.tv\\\/2021\\\/aseguran-verde-y-pt-que-gallardo-gano-y-dice-ser-el-mas-perseguido-de-todos-los-tiempos\\\/\"},\"author\":{\"name\":\"Edici\u00f3n Web\",\"@id\":\"https:\\\/\\\/canal7slp.tv\\\/2021\\\/#\\\/schema\\\/person\\\/28a12b0491d3b6f41a854d062961bdc7\"},\"headline\":\"Aseguran Verde y PT que Gallardo gan\u00f3 y dice ser \u00abel m\u00e1s perseguido de todos los tiempos\u00bb\",\"datePublished\":\"2021-06-06T23:57:43+00:00\",\"dateModified\":\"2021-06-07T12:20:10+00:00\",\"mainEntityOfPage\":{\"@id\":\"https:\\\/\\\/canal7slp.tv\\\/2021\\\/aseguran-verde-y-pt-que-gallardo-gano-y-dice-ser-el-mas-perseguido-de-todos-los-tiempos\\\/\"},\"wordCount\":126,\"publisher\":{\"@id\":\"https:\\\/\\\/canal7slp.tv\\\/2021\\\/#organization\"},\"image\":{\"@id\":\"https:\\\/\\\/canal7slp.tv\\\/2021\\\/aseguran-verde-y-pt-que-gallardo-gano-y-dice-ser-el-mas-perseguido-de-todos-los-tiempos\\\/#primaryimage\"},\"thumbnailUrl\":\"https:\\\/\\\/canal7slp.tv\\\/2021\\\/wp-content\\\/uploads\\\/2021\\\/06\\\/PVEMPT.jpg\",\"articleSection\":[\"DECI21\u00d3N\",\"LOCALES Y REGIONALES\"],\"inLanguage\":\"es\"},{\"@type\":\"WebPage\",\"@id\":\"https:\\\/\\\/canal7slp.tv\\\/2021\\\/aseguran-verde-y-pt-que-gallardo-gano-y-dice-ser-el-mas-perseguido-de-todos-los-tiempos\\\/\",\"url\":\"https:\\\/\\\/canal7slp.tv\\\/2021\\\/aseguran-verde-y-pt-que-gallardo-gano-y-dice-ser-el-mas-perseguido-de-todos-los-tiempos\\\/\",\"name\":\"Aseguran Verde y PT que Gallardo gan\u00f3 y dice ser \\\"el m\u00e1s perseguido de todos los tiempos\\\" - Canal 7 SLP - 2021\",\"isPartOf\":{\"@id\":\"https:\\\/\\\/canal7slp.tv\\\/2021\\\/#website\"},\"primaryImageOfPage\":{\"@id\":\"https:\\\/\\\/canal7slp.tv\\\/2021\\\/aseguran-verde-y-pt-que-gallardo-gano-y-dice-ser-el-mas-perseguido-de-todos-los-tiempos\\\/#primaryimage\"},\"image\":{\"@id\":\"https:\\\/\\\/canal7slp.tv\\\/2021\\\/aseguran-verde-y-pt-que-gallardo-gano-y-dice-ser-el-mas-perseguido-de-todos-los-tiempos\\\/#primaryimage\"},\"thumbnailUrl\":\"https:\\\/\\\/canal7slp.tv\\\/2021\\\/wp-content\\\/uploads\\\/2021\\\/06\\\/PVEMPT.jpg\",\"datePublished\":\"2021-06-06T23:57:43+00:00\",\"dateModified\":\"2021-06-07T12:20:10+00:00\",\"breadcrumb\":{\"@id\":\"https:\\\/\\\/canal7slp.tv\\\/2021\\\/aseguran-verde-y-pt-que-gallardo-gano-y-dice-ser-el-mas-perseguido-de-todos-los-tiempos\\\/#breadcrumb\"},\"inLanguage\":\"es\",\"potentialAction\":[{\"@type\":\"ReadAction\",\"target\":[\"https:\\\/\\\/canal7slp.tv\\\/2021\\\/aseguran-verde-y-pt-que-gallardo-gano-y-dice-ser-el-mas-perseguido-de-todos-los-tiempos\\\/\"]}]},{\"@type\":\"ImageObject\",\"inLanguage\":\"es\",\"@id\":\"https:\\\/\\\/canal7slp.tv\\\/2021\\\/aseguran-verde-y-pt-que-gallardo-gano-y-dice-ser-el-mas-perseguido-de-todos-los-tiempos\\\/#primaryimage\",\"url\":\"https:\\\/\\\/canal7slp.tv\\\/2021\\\/wp-content\\\/uploads\\\/2021\\\/06\\\/PVEMPT.jpg\",\"contentUrl\":\"https:\\\/\\\/canal7slp.tv\\\/2021\\\/wp-content\\\/uploads\\\/2021\\\/06\\\/PVEMPT.jpg\",\"width\":819,\"height\":450},{\"@type\":\"BreadcrumbList\",\"@id\":\"https:\\\/\\\/canal7slp.tv\\\/2021\\\/aseguran-verde-y-pt-que-gallardo-gano-y-dice-ser-el-mas-perseguido-de-todos-los-tiempos\\\/#breadcrumb\",\"itemListElement\":[{\"@type\":\"ListItem\",\"position\":1,\"name\":\"Portada\",\"item\":\"https:\\\/\\\/canal7slp.tv\\\/2021\\\/\"},{\"@type\":\"ListItem\",\"position\":2,\"name\":\"Aseguran Verde y PT que Gallardo gan\u00f3 y dice ser &#8220;el m\u00e1s perseguido de todos los tiempos&#8221;\"}]},{\"@type\":\"WebSite\",\"@id\":\"https:\\\/\\\/canal7slp.tv\\\/2021\\\/#website\",\"url\":\"https:\\\/\\\/canal7slp.tv\\\/2021\\\/\",\"name\":\"N7 - Noticieros Canal 7\",\"description\":\"Somos Televisi\u00f3n\",\"publisher\":{\"@id\":\"https:\\\/\\\/canal7slp.tv\\\/2021\\\/#organization\"},\"potentialAction\":[{\"@type\":\"SearchAction\",\"target\":{\"@type\":\"EntryPoint\",\"urlTemplate\":\"https:\\\/\\\/canal7slp.tv\\\/2021\\\/?s={search_term_string}\"},\"query-input\":{\"@type\":\"PropertyValueSpecification\",\"valueRequired\":true,\"valueName\":\"search_term_string\"}}],\"inLanguage\":\"es\"},{\"@type\":\"Organization\",\"@id\":\"https:\\\/\\\/canal7slp.tv\\\/2021\\\/#organization\",\"name\":\"Noticieros Canal 7\",\"url\":\"https:\\\/\\\/canal7slp.tv\\\/2021\\\/\",\"logo\":{\"@type\":\"ImageObject\",\"inLanguage\":\"es\",\"@id\":\"https:\\\/\\\/canal7slp.tv\\\/2021\\\/#\\\/schema\\\/logo\\\/image\\\/\",\"url\":\"https:\\\/\\\/canal7slp.tv\\\/2021\\\/wp-content\\\/uploads\\\/2021\\\/01\\\/logo-noticieros@2x.png\",\"contentUrl\":\"https:\\\/\\\/canal7slp.tv\\\/2021\\\/wp-content\\\/uploads\\\/2021\\\/01\\\/logo-noticieros@2x.png\",\"width\":1017,\"height\":268,\"caption\":\"Noticieros Canal 7\"},\"image\":{\"@id\":\"https:\\\/\\\/canal7slp.tv\\\/2021\\\/#\\\/schema\\\/logo\\\/image\\\/\"},\"sameAs\":[\"https:\\\/\\\/www.facebook.com\\\/noticieroscanalsiete\",\"https:\\\/\\\/x.com\\\/NOTICIEROS7\",\"https:\\\/\\\/www.instagram.com\\\/canal7_slp\",\"https:\\\/\\\/www.youtube.com\\\/channel\\\/UCliiYs-gP3JfJeqdPrNdd5A\"]},{\"@type\":\"Person\",\"@id\":\"https:\\\/\\\/canal7slp.tv\\\/2021\\\/#\\\/schema\\\/person\\\/28a12b0491d3b6f41a854d062961bdc7\",\"name\":\"Edici\u00f3n Web\",\"image\":{\"@type\":\"ImageObject\",\"inLanguage\":\"es\",\"@id\":\"https:\\\/\\\/secure.gravatar.com\\\/avatar\\\/eee448fc3f7164808013b816ba91ac7e43bbe82a70bebac296f8bc6f0addaa1a?s=96&d=mm&r=g\",\"url\":\"https:\\\/\\\/secure.gravatar.com\\\/avatar\\\/eee448fc3f7164808013b816ba91ac7e43bbe82a70bebac296f8bc6f0addaa1a?s=96&d=mm&r=g\",\"contentUrl\":\"https:\\\/\\\/secure.gravatar.com\\\/avatar\\\/eee448fc3f7164808013b816ba91ac7e43bbe82a70bebac296f8bc6f0addaa1a?s=96&d=mm&r=g\",\"caption\":\"Edici\u00f3n Web\"},\"url\":\"https:\\\/\\\/canal7slp.tv\\\/2021\\\/author\\\/edicionweb\\\/\"}]}<\/script>\n<!-- \/ Yoast SEO plugin. -->","yoast_head_json":{"title":"Aseguran Verde y PT que Gallardo gan\u00f3 y dice ser \"el m\u00e1s perseguido de todos los tiempos\" - Canal 7 SLP - 2021","robots":{"index":"index","follow":"follow","max-snippet":"max-snippet:-1","max-image-preview":"max-image-preview:large","max-video-preview":"max-video-preview:-1"},"canonical":"https:\/\/canal7slp.tv\/2021\/aseguran-verde-y-pt-que-gallardo-gano-y-dice-ser-el-mas-perseguido-de-todos-los-tiempos\/","og_locale":"es_ES","og_type":"article","og_title":"Aseguran Verde y PT que Gallardo gan\u00f3 y dice ser \"el m\u00e1s perseguido de todos los tiempos\" - Canal 7 SLP - 2021","og_description":"SLP.- Tras el cierre de casillas, dirigentes del Partido Verde y Partido del Trabajo aseguraron que su candidato Ricardo Gallardo Cardona asegur\u00f3 que va ocho puntos arriba, seg\u00fan resultados de dos casas encuestadoras, cuyos nombres no se dieron a conocer. En una rueda de prensa en la que los dirigentes se mantuvieron con semblante serio, se asegur\u00f3 que fue el candidato \u00abm\u00e1s perseguido de todos los tiempos\u00bb. Gallardo afirm\u00f3 que \u00abnos balearon casillas\u00bb y \u00abnos fueron a poner hieleras\u00bb, en un presunto intento por inhibir a la votaci\u00f3n y afirm\u00f3 que en San Luis Potos\u00ed \u00abno habr\u00e1 m\u00e1s fif\u00eds ni [&hellip;]","og_url":"https:\/\/canal7slp.tv\/2021\/aseguran-verde-y-pt-que-gallardo-gano-y-dice-ser-el-mas-perseguido-de-todos-los-tiempos\/","og_site_name":"Canal 7 SLP - 2021","article_publisher":"https:\/\/www.facebook.com\/noticieroscanalsiete","article_published_time":"2021-06-06T23:57:43+00:00","article_modified_time":"2021-06-07T12:20:10+00:00","og_image":[{"width":819,"height":450,"url":"https:\/\/canal7slp.tv\/2021\/wp-content\/uploads\/2021\/06\/PVEMPT.jpg","type":"image\/jpeg"}],"author":"Edici\u00f3n Web","twitter_card":"summary_large_image","twitter_creator":"@NOTICIEROS7","twitter_site":"@NOTICIEROS7","twitter_misc":{"Escrito por":"Edici\u00f3n Web","Tiempo de lectura":"1 minuto"},"schema":{"@context":"https:\/\/schema.org","@graph":[{"@type":"Article","@id":"https:\/\/canal7slp.tv\/2021\/aseguran-verde-y-pt-que-gallardo-gano-y-dice-ser-el-mas-perseguido-de-todos-los-tiempos\/#article","isPartOf":{"@id":"https:\/\/canal7slp.tv\/2021\/aseguran-verde-y-pt-que-gallardo-gano-y-dice-ser-el-mas-perseguido-de-todos-los-tiempos\/"},"author":{"name":"Edici\u00f3n Web","@id":"https:\/\/canal7slp.tv\/2021\/#\/schema\/person\/28a12b0491d3b6f41a854d062961bdc7"},"headline":"Aseguran Verde y PT que Gallardo gan\u00f3 y dice ser \u00abel m\u00e1s perseguido de todos los tiempos\u00bb","datePublished":"2021-06-06T23:57:43+00:00","dateModified":"2021-06-07T12:20:10+00:00","mainEntityOfPage":{"@id":"https:\/\/canal7slp.tv\/2021\/aseguran-verde-y-pt-que-gallardo-gano-y-dice-ser-el-mas-perseguido-de-todos-los-tiempos\/"},"wordCount":126,"publisher":{"@id":"https:\/\/canal7slp.tv\/2021\/#organization"},"image":{"@id":"https:\/\/canal7slp.tv\/2021\/aseguran-verde-y-pt-que-gallardo-gano-y-dice-ser-el-mas-perseguido-de-todos-los-tiempos\/#primaryimage"},"thumbnailUrl":"https:\/\/canal7slp.tv\/2021\/wp-content\/uploads\/2021\/06\/PVEMPT.jpg","articleSection":["DECI21\u00d3N","LOCALES Y REGIONALES"],"inLanguage":"es"},{"@type":"WebPage","@id":"https:\/\/canal7slp.tv\/2021\/aseguran-verde-y-pt-que-gallardo-gano-y-dice-ser-el-mas-perseguido-de-todos-los-tiempos\/","url":"https:\/\/canal7slp.tv\/2021\/aseguran-verde-y-pt-que-gallardo-gano-y-dice-ser-el-mas-perseguido-de-todos-los-tiempos\/","name":"Aseguran Verde y PT que Gallardo gan\u00f3 y dice ser \"el m\u00e1s perseguido de todos los tiempos\" - Canal 7 SLP - 2021","isPartOf":{"@id":"https:\/\/canal7slp.tv\/2021\/#website"},"primaryImageOfPage":{"@id":"https:\/\/canal7slp.tv\/2021\/aseguran-verde-y-pt-que-gallardo-gano-y-dice-ser-el-mas-perseguido-de-todos-los-tiempos\/#primaryimage"},"image":{"@id":"https:\/\/canal7slp.tv\/2021\/aseguran-verde-y-pt-que-gallardo-gano-y-dice-ser-el-mas-perseguido-de-todos-los-tiempos\/#primaryimage"},"thumbnailUrl":"https:\/\/canal7slp.tv\/2021\/wp-content\/uploads\/2021\/06\/PVEMPT.jpg","datePublished":"2021-06-06T23:57:43+00:00","dateModified":"2021-06-07T12:20:10+00:00","breadcrumb":{"@id":"https:\/\/canal7slp.tv\/2021\/aseguran-verde-y-pt-que-gallardo-gano-y-dice-ser-el-mas-perseguido-de-todos-los-tiempos\/#breadcrumb"},"inLanguage":"es","potentialAction":[{"@type":"ReadAction","target":["https:\/\/canal7slp.tv\/2021\/aseguran-verde-y-pt-que-gallardo-gano-y-dice-ser-el-mas-perseguido-de-todos-los-tiempos\/"]}]},{"@type":"ImageObject","inLanguage":"es","@id":"https:\/\/canal7slp.tv\/2021\/aseguran-verde-y-pt-que-gallardo-gano-y-dice-ser-el-mas-perseguido-de-todos-los-tiempos\/#primaryimage","url":"https:\/\/canal7slp.tv\/2021\/wp-content\/uploads\/2021\/06\/PVEMPT.jpg","contentUrl":"https:\/\/canal7slp.tv\/2021\/wp-content\/uploads\/2021\/06\/PVEMPT.jpg","width":819,"height":450},{"@type":"BreadcrumbList","@id":"https:\/\/canal7slp.tv\/2021\/aseguran-verde-y-pt-que-gallardo-gano-y-dice-ser-el-mas-perseguido-de-todos-los-tiempos\/#breadcrumb","itemListElement":[{"@type":"ListItem","position":1,"name":"Portada","item":"https:\/\/canal7slp.tv\/2021\/"},{"@type":"ListItem","position":2,"name":"Aseguran Verde y PT que Gallardo gan\u00f3 y dice ser &#8220;el m\u00e1s perseguido de todos los tiempos&#8221;"}]},{"@type":"WebSite","@id":"https:\/\/canal7slp.tv\/2021\/#website","url":"https:\/\/canal7slp.tv\/2021\/","name":"N7 - Noticieros Canal 7","description":"Somos Televisi\u00f3n","publisher":{"@id":"https:\/\/canal7slp.tv\/2021\/#organization"},"potentialAction":[{"@type":"SearchAction","target":{"@type":"EntryPoint","urlTemplate":"https:\/\/canal7slp.tv\/2021\/?s={search_term_string}"},"query-input":{"@type":"PropertyValueSpecification","valueRequired":true,"valueName":"search_term_string"}}],"inLanguage":"es"},{"@type":"Organization","@id":"https:\/\/canal7slp.tv\/2021\/#organization","name":"Noticieros Canal 7","url":"https:\/\/canal7slp.tv\/2021\/","logo":{"@type":"ImageObject","inLanguage":"es","@id":"https:\/\/canal7slp.tv\/2021\/#\/schema\/logo\/image\/","url":"https:\/\/canal7slp.tv\/2021\/wp-content\/uploads\/2021\/01\/logo-noticieros@2x.png","contentUrl":"https:\/\/canal7slp.tv\/2021\/wp-content\/uploads\/2021\/01\/logo-noticieros@2x.png","width":1017,"height":268,"caption":"Noticieros Canal 7"},"image":{"@id":"https:\/\/canal7slp.tv\/2021\/#\/schema\/logo\/image\/"},"sameAs":["https:\/\/www.facebook.com\/noticieroscanalsiete","https:\/\/x.com\/NOTICIEROS7","https:\/\/www.instagram.com\/canal7_slp","https:\/\/www.youtube.com\/channel\/UCliiYs-gP3JfJeqdPrNdd5A"]},{"@type":"Person","@id":"https:\/\/canal7slp.tv\/2021\/#\/schema\/person\/28a12b0491d3b6f41a854d062961bdc7","name":"Edici\u00f3n Web","image":{"@type":"ImageObject","inLanguage":"es","@id":"https:\/\/secure.gravatar.com\/avatar\/eee448fc3f7164808013b816ba91ac7e43bbe82a70bebac296f8bc6f0addaa1a?s=96&d=mm&r=g","url":"https:\/\/secure.gravatar.com\/avatar\/eee448fc3f7164808013b816ba91ac7e43bbe82a70bebac296f8bc6f0addaa1a?s=96&d=mm&r=g","contentUrl":"https:\/\/secure.gravatar.com\/avatar\/eee448fc3f7164808013b816ba91ac7e43bbe82a70bebac296f8bc6f0addaa1a?s=96&d=mm&r=g","caption":"Edici\u00f3n Web"},"url":"https:\/\/canal7slp.tv\/2021\/author\/edicionweb\/"}]}},"_links":{"self":[{"href":"https:\/\/canal7slp.tv\/2021\/wp-json\/wp\/v2\/posts\/19391","targetHints":{"allow":["GET"]}}],"collection":[{"href":"https:\/\/canal7slp.tv\/2021\/wp-json\/wp\/v2\/posts"}],"about":[{"href":"https:\/\/canal7slp.tv\/2021\/wp-json\/wp\/v2\/types\/post"}],"author":[{"embeddable":true,"href":"https:\/\/canal7slp.tv\/2021\/wp-json\/wp\/v2\/users\/2"}],"replies":[{"embeddable":true,"href":"https:\/\/canal7slp.tv\/2021\/wp-json\/wp\/v2\/comments?post=19391"}],"version-history":[{"count":2,"href":"https:\/\/canal7slp.tv\/2021\/wp-json\/wp\/v2\/posts\/19391\/revisions"}],"predecessor-version":[{"id":19404,"href":"https:\/\/canal7slp.tv\/2021\/wp-json\/wp\/v2\/posts\/19391\/revisions\/19404"}],"wp:featuredmedia":[{"embeddable":true,"href":"https:\/\/canal7slp.tv\/2021\/wp-json\/wp\/v2\/media\/19392"}],"wp:attachment":[{"href":"https:\/\/canal7slp.tv\/2021\/wp-json\/wp\/v2\/media?parent=19391"}],"wp:term":[{"taxonomy":"category","embeddable":true,"href":"https:\/\/canal7slp.tv\/2021\/wp-json\/wp\/v2\/categories?post=19391"},{"taxonomy":"post_tag","embeddable":true,"href":"https:\/\/canal7slp.tv\/2021\/wp-json\/wp\/v2\/tags?post=19391"}],"curies":[{"name":"wp","href":"https:\/\/api.w.org\/{rel}","templated":true}]}}