{"id":19385,"date":"2021-06-06T17:36:46","date_gmt":"2021-06-06T23:36:46","guid":{"rendered":"https:\/\/canal7slp.tv\/2021\/?p=19385"},"modified":"2021-06-06T17:36:46","modified_gmt":"2021-06-06T23:36:46","slug":"en-las-proximas-horas-se-formalizara-el-anuncio-de-que-soy-el-nuevo-gobernador-de-slp-afirma-octavio","status":"publish","type":"post","link":"https:\/\/canal7slp.tv\/2021\/en-las-proximas-horas-se-formalizara-el-anuncio-de-que-soy-el-nuevo-gobernador-de-slp-afirma-octavio\/","title":{"rendered":"En las pr\u00f3ximas horas se formalizar\u00e1 el anuncio de que soy el nuevo gobernador de SLP, afirma Octavio"},"content":{"rendered":"<p style=\"text-align: justify;\">SLP.- El candidato de la coalici\u00f3n \u00abS\u00ed por San Luis\u00bb afirm\u00f3 que \u00aben las pr\u00f3ximas horas se formalizar\u00e1 el anuncio de que soy el nuevo gobernador de San Luis Potos\u00ed\u00bb.<\/p>\n<p style=\"text-align: justify;\">Dijo que reitera su compromiso \u00abde que trabajaremos en plena armon\u00eda, con inclusi\u00f3n y pluralidad de que elegiremos a las y los mejores potosinos para conducir el destino de nuestro estado, siempre acatando la ley\u00bb.<\/p>\n<p style=\"text-align: justify;\">A\u00f1adi\u00f3 que fue un trabajo en equipo, \u00ablos mejores a\u00f1os de nuestro estado est\u00e1n por venir\u00bb.<\/p>\n<p style=\"text-align: justify;\">En su mensaje tras cumplirse la hora del cierre de casillas, el candidato agradeci\u00f3 a las autoridades electorales, a los funcionarios de casilla y a los ciudadanos que incluso en algunos casos debieron esperar varias horas bajo los rayos del sol.<\/p>\n<p>PULSO<\/p>\n","protected":false},"excerpt":{"rendered":"<p>SLP.- El candidato de la coalici\u00f3n \u00abS\u00ed por San Luis\u00bb afirm\u00f3 que \u00aben las pr\u00f3ximas horas se formalizar\u00e1 el anuncio de que soy el nuevo gobernador de San Luis Potos\u00ed\u00bb. Dijo que reitera su compromiso \u00abde que trabajaremos en plena armon\u00eda, con inclusi\u00f3n y pluralidad de que elegiremos a las y los mejores potosinos para conducir el destino de nuestro estado, siempre acatando la ley\u00bb. A\u00f1adi\u00f3 que fue un trabajo en equipo, \u00ablos mejores a\u00f1os de nuestro estado est\u00e1n por venir\u00bb. En su mensaje tras cumplirse la hora del cierre de casillas, el candidato agradeci\u00f3 a las autoridades electorales, a [&hellip;]<\/p>\n","protected":false},"author":2,"featured_media":19386,"comment_status":"closed","ping_status":"closed","sticky":false,"template":"","format":"standard","meta":{"footnotes":""},"categories":[392,45],"tags":[],"class_list":["post-19385","post","type-post","status-publish","format-standard","has-post-thumbnail","hentry","category-deci21on","category-localesyregionales","post--single"],"yoast_head":"<!-- This site is optimized with the Yoast SEO plugin v27.4 - https:\/\/yoast.com\/product\/yoast-seo-wordpress\/ -->\n<title>En las pr\u00f3ximas horas se formalizar\u00e1 el anuncio de que soy el nuevo gobernador de SLP, afirma Octavio - Canal 7 SLP - 2021<\/title>\n<meta name=\"robots\" content=\"index, follow, max-snippet:-1, max-image-preview:large, max-video-preview:-1\" \/>\n<link rel=\"canonical\" href=\"https:\/\/canal7slp.tv\/2021\/en-las-proximas-horas-se-formalizara-el-anuncio-de-que-soy-el-nuevo-gobernador-de-slp-afirma-octavio\/\" \/>\n<meta property=\"og:locale\" content=\"es_ES\" \/>\n<meta property=\"og:type\" content=\"article\" \/>\n<meta property=\"og:title\" content=\"En las pr\u00f3ximas horas se formalizar\u00e1 el anuncio de que soy el nuevo gobernador de SLP, afirma Octavio - Canal 7 SLP - 2021\" \/>\n<meta property=\"og:description\" content=\"SLP.- El candidato de la coalici\u00f3n \u00abS\u00ed por San Luis\u00bb afirm\u00f3 que \u00aben las pr\u00f3ximas horas se formalizar\u00e1 el anuncio de que soy el nuevo gobernador de San Luis Potos\u00ed\u00bb. Dijo que reitera su compromiso \u00abde que trabajaremos en plena armon\u00eda, con inclusi\u00f3n y pluralidad de que elegiremos a las y los mejores potosinos para conducir el destino de nuestro estado, siempre acatando la ley\u00bb. A\u00f1adi\u00f3 que fue un trabajo en equipo, \u00ablos mejores a\u00f1os de nuestro estado est\u00e1n por venir\u00bb. En su mensaje tras cumplirse la hora del cierre de casillas, el candidato agradeci\u00f3 a las autoridades electorales, a [&hellip;]\" \/>\n<meta property=\"og:url\" content=\"https:\/\/canal7slp.tv\/2021\/en-las-proximas-horas-se-formalizara-el-anuncio-de-que-soy-el-nuevo-gobernador-de-slp-afirma-octavio\/\" \/>\n<meta property=\"og:site_name\" content=\"Canal 7 SLP - 2021\" \/>\n<meta property=\"article:publisher\" content=\"https:\/\/www.facebook.com\/noticieroscanalsiete\" \/>\n<meta property=\"article:published_time\" content=\"2021-06-06T23:36:46+00:00\" \/>\n<meta property=\"og:image\" content=\"https:\/\/canal7slp.tv\/2021\/wp-content\/uploads\/2021\/06\/OCtavioSiporsl.jpg\" \/>\n\t<meta property=\"og:image:width\" content=\"696\" \/>\n\t<meta property=\"og:image:height\" content=\"423\" \/>\n\t<meta property=\"og:image:type\" content=\"image\/jpeg\" \/>\n<meta name=\"author\" content=\"Edici\u00f3n Web\" \/>\n<meta name=\"twitter:card\" content=\"summary_large_image\" \/>\n<meta name=\"twitter:creator\" content=\"@NOTICIEROS7\" \/>\n<meta name=\"twitter:site\" content=\"@NOTICIEROS7\" \/>\n<meta name=\"twitter:label1\" content=\"Escrito por\" \/>\n\t<meta name=\"twitter:data1\" content=\"Edici\u00f3n Web\" \/>\n\t<meta name=\"twitter:label2\" content=\"Tiempo de lectura\" \/>\n\t<meta name=\"twitter:data2\" content=\"1 minuto\" \/>\n<script type=\"application\/ld+json\" class=\"yoast-schema-graph\">{\"@context\":\"https:\\\/\\\/schema.org\",\"@graph\":[{\"@type\":\"Article\",\"@id\":\"https:\\\/\\\/canal7slp.tv\\\/2021\\\/en-las-proximas-horas-se-formalizara-el-anuncio-de-que-soy-el-nuevo-gobernador-de-slp-afirma-octavio\\\/#article\",\"isPartOf\":{\"@id\":\"https:\\\/\\\/canal7slp.tv\\\/2021\\\/en-las-proximas-horas-se-formalizara-el-anuncio-de-que-soy-el-nuevo-gobernador-de-slp-afirma-octavio\\\/\"},\"author\":{\"name\":\"Edici\u00f3n Web\",\"@id\":\"https:\\\/\\\/canal7slp.tv\\\/2021\\\/#\\\/schema\\\/person\\\/28a12b0491d3b6f41a854d062961bdc7\"},\"headline\":\"En las pr\u00f3ximas horas se formalizar\u00e1 el anuncio de que soy el nuevo gobernador de SLP, afirma Octavio\",\"datePublished\":\"2021-06-06T23:36:46+00:00\",\"mainEntityOfPage\":{\"@id\":\"https:\\\/\\\/canal7slp.tv\\\/2021\\\/en-las-proximas-horas-se-formalizara-el-anuncio-de-que-soy-el-nuevo-gobernador-de-slp-afirma-octavio\\\/\"},\"wordCount\":150,\"publisher\":{\"@id\":\"https:\\\/\\\/canal7slp.tv\\\/2021\\\/#organization\"},\"image\":{\"@id\":\"https:\\\/\\\/canal7slp.tv\\\/2021\\\/en-las-proximas-horas-se-formalizara-el-anuncio-de-que-soy-el-nuevo-gobernador-de-slp-afirma-octavio\\\/#primaryimage\"},\"thumbnailUrl\":\"https:\\\/\\\/canal7slp.tv\\\/2021\\\/wp-content\\\/uploads\\\/2021\\\/06\\\/OCtavioSiporsl.jpg\",\"articleSection\":[\"DECI21\u00d3N\",\"LOCALES Y REGIONALES\"],\"inLanguage\":\"es\"},{\"@type\":\"WebPage\",\"@id\":\"https:\\\/\\\/canal7slp.tv\\\/2021\\\/en-las-proximas-horas-se-formalizara-el-anuncio-de-que-soy-el-nuevo-gobernador-de-slp-afirma-octavio\\\/\",\"url\":\"https:\\\/\\\/canal7slp.tv\\\/2021\\\/en-las-proximas-horas-se-formalizara-el-anuncio-de-que-soy-el-nuevo-gobernador-de-slp-afirma-octavio\\\/\",\"name\":\"En las pr\u00f3ximas horas se formalizar\u00e1 el anuncio de que soy el nuevo gobernador de SLP, afirma Octavio - Canal 7 SLP - 2021\",\"isPartOf\":{\"@id\":\"https:\\\/\\\/canal7slp.tv\\\/2021\\\/#website\"},\"primaryImageOfPage\":{\"@id\":\"https:\\\/\\\/canal7slp.tv\\\/2021\\\/en-las-proximas-horas-se-formalizara-el-anuncio-de-que-soy-el-nuevo-gobernador-de-slp-afirma-octavio\\\/#primaryimage\"},\"image\":{\"@id\":\"https:\\\/\\\/canal7slp.tv\\\/2021\\\/en-las-proximas-horas-se-formalizara-el-anuncio-de-que-soy-el-nuevo-gobernador-de-slp-afirma-octavio\\\/#primaryimage\"},\"thumbnailUrl\":\"https:\\\/\\\/canal7slp.tv\\\/2021\\\/wp-content\\\/uploads\\\/2021\\\/06\\\/OCtavioSiporsl.jpg\",\"datePublished\":\"2021-06-06T23:36:46+00:00\",\"breadcrumb\":{\"@id\":\"https:\\\/\\\/canal7slp.tv\\\/2021\\\/en-las-proximas-horas-se-formalizara-el-anuncio-de-que-soy-el-nuevo-gobernador-de-slp-afirma-octavio\\\/#breadcrumb\"},\"inLanguage\":\"es\",\"potentialAction\":[{\"@type\":\"ReadAction\",\"target\":[\"https:\\\/\\\/canal7slp.tv\\\/2021\\\/en-las-proximas-horas-se-formalizara-el-anuncio-de-que-soy-el-nuevo-gobernador-de-slp-afirma-octavio\\\/\"]}]},{\"@type\":\"ImageObject\",\"inLanguage\":\"es\",\"@id\":\"https:\\\/\\\/canal7slp.tv\\\/2021\\\/en-las-proximas-horas-se-formalizara-el-anuncio-de-que-soy-el-nuevo-gobernador-de-slp-afirma-octavio\\\/#primaryimage\",\"url\":\"https:\\\/\\\/canal7slp.tv\\\/2021\\\/wp-content\\\/uploads\\\/2021\\\/06\\\/OCtavioSiporsl.jpg\",\"contentUrl\":\"https:\\\/\\\/canal7slp.tv\\\/2021\\\/wp-content\\\/uploads\\\/2021\\\/06\\\/OCtavioSiporsl.jpg\",\"width\":696,\"height\":423},{\"@type\":\"BreadcrumbList\",\"@id\":\"https:\\\/\\\/canal7slp.tv\\\/2021\\\/en-las-proximas-horas-se-formalizara-el-anuncio-de-que-soy-el-nuevo-gobernador-de-slp-afirma-octavio\\\/#breadcrumb\",\"itemListElement\":[{\"@type\":\"ListItem\",\"position\":1,\"name\":\"Portada\",\"item\":\"https:\\\/\\\/canal7slp.tv\\\/2021\\\/\"},{\"@type\":\"ListItem\",\"position\":2,\"name\":\"En las pr\u00f3ximas horas se formalizar\u00e1 el anuncio de que soy el nuevo gobernador de SLP, afirma Octavio\"}]},{\"@type\":\"WebSite\",\"@id\":\"https:\\\/\\\/canal7slp.tv\\\/2021\\\/#website\",\"url\":\"https:\\\/\\\/canal7slp.tv\\\/2021\\\/\",\"name\":\"N7 - Noticieros Canal 7\",\"description\":\"Somos Televisi\u00f3n\",\"publisher\":{\"@id\":\"https:\\\/\\\/canal7slp.tv\\\/2021\\\/#organization\"},\"potentialAction\":[{\"@type\":\"SearchAction\",\"target\":{\"@type\":\"EntryPoint\",\"urlTemplate\":\"https:\\\/\\\/canal7slp.tv\\\/2021\\\/?s={search_term_string}\"},\"query-input\":{\"@type\":\"PropertyValueSpecification\",\"valueRequired\":true,\"valueName\":\"search_term_string\"}}],\"inLanguage\":\"es\"},{\"@type\":\"Organization\",\"@id\":\"https:\\\/\\\/canal7slp.tv\\\/2021\\\/#organization\",\"name\":\"Noticieros Canal 7\",\"url\":\"https:\\\/\\\/canal7slp.tv\\\/2021\\\/\",\"logo\":{\"@type\":\"ImageObject\",\"inLanguage\":\"es\",\"@id\":\"https:\\\/\\\/canal7slp.tv\\\/2021\\\/#\\\/schema\\\/logo\\\/image\\\/\",\"url\":\"https:\\\/\\\/canal7slp.tv\\\/2021\\\/wp-content\\\/uploads\\\/2021\\\/01\\\/logo-noticieros@2x.png\",\"contentUrl\":\"https:\\\/\\\/canal7slp.tv\\\/2021\\\/wp-content\\\/uploads\\\/2021\\\/01\\\/logo-noticieros@2x.png\",\"width\":1017,\"height\":268,\"caption\":\"Noticieros Canal 7\"},\"image\":{\"@id\":\"https:\\\/\\\/canal7slp.tv\\\/2021\\\/#\\\/schema\\\/logo\\\/image\\\/\"},\"sameAs\":[\"https:\\\/\\\/www.facebook.com\\\/noticieroscanalsiete\",\"https:\\\/\\\/x.com\\\/NOTICIEROS7\",\"https:\\\/\\\/www.instagram.com\\\/canal7_slp\",\"https:\\\/\\\/www.youtube.com\\\/channel\\\/UCliiYs-gP3JfJeqdPrNdd5A\"]},{\"@type\":\"Person\",\"@id\":\"https:\\\/\\\/canal7slp.tv\\\/2021\\\/#\\\/schema\\\/person\\\/28a12b0491d3b6f41a854d062961bdc7\",\"name\":\"Edici\u00f3n Web\",\"image\":{\"@type\":\"ImageObject\",\"inLanguage\":\"es\",\"@id\":\"https:\\\/\\\/secure.gravatar.com\\\/avatar\\\/eee448fc3f7164808013b816ba91ac7e43bbe82a70bebac296f8bc6f0addaa1a?s=96&d=mm&r=g\",\"url\":\"https:\\\/\\\/secure.gravatar.com\\\/avatar\\\/eee448fc3f7164808013b816ba91ac7e43bbe82a70bebac296f8bc6f0addaa1a?s=96&d=mm&r=g\",\"contentUrl\":\"https:\\\/\\\/secure.gravatar.com\\\/avatar\\\/eee448fc3f7164808013b816ba91ac7e43bbe82a70bebac296f8bc6f0addaa1a?s=96&d=mm&r=g\",\"caption\":\"Edici\u00f3n Web\"},\"url\":\"https:\\\/\\\/canal7slp.tv\\\/2021\\\/author\\\/edicionweb\\\/\"}]}<\/script>\n<!-- \/ Yoast SEO plugin. -->","yoast_head_json":{"title":"En las pr\u00f3ximas horas se formalizar\u00e1 el anuncio de que soy el nuevo gobernador de SLP, afirma Octavio - Canal 7 SLP - 2021","robots":{"index":"index","follow":"follow","max-snippet":"max-snippet:-1","max-image-preview":"max-image-preview:large","max-video-preview":"max-video-preview:-1"},"canonical":"https:\/\/canal7slp.tv\/2021\/en-las-proximas-horas-se-formalizara-el-anuncio-de-que-soy-el-nuevo-gobernador-de-slp-afirma-octavio\/","og_locale":"es_ES","og_type":"article","og_title":"En las pr\u00f3ximas horas se formalizar\u00e1 el anuncio de que soy el nuevo gobernador de SLP, afirma Octavio - Canal 7 SLP - 2021","og_description":"SLP.- El candidato de la coalici\u00f3n \u00abS\u00ed por San Luis\u00bb afirm\u00f3 que \u00aben las pr\u00f3ximas horas se formalizar\u00e1 el anuncio de que soy el nuevo gobernador de San Luis Potos\u00ed\u00bb. Dijo que reitera su compromiso \u00abde que trabajaremos en plena armon\u00eda, con inclusi\u00f3n y pluralidad de que elegiremos a las y los mejores potosinos para conducir el destino de nuestro estado, siempre acatando la ley\u00bb. A\u00f1adi\u00f3 que fue un trabajo en equipo, \u00ablos mejores a\u00f1os de nuestro estado est\u00e1n por venir\u00bb. En su mensaje tras cumplirse la hora del cierre de casillas, el candidato agradeci\u00f3 a las autoridades electorales, a [&hellip;]","og_url":"https:\/\/canal7slp.tv\/2021\/en-las-proximas-horas-se-formalizara-el-anuncio-de-que-soy-el-nuevo-gobernador-de-slp-afirma-octavio\/","og_site_name":"Canal 7 SLP - 2021","article_publisher":"https:\/\/www.facebook.com\/noticieroscanalsiete","article_published_time":"2021-06-06T23:36:46+00:00","og_image":[{"width":696,"height":423,"url":"https:\/\/canal7slp.tv\/2021\/wp-content\/uploads\/2021\/06\/OCtavioSiporsl.jpg","type":"image\/jpeg"}],"author":"Edici\u00f3n Web","twitter_card":"summary_large_image","twitter_creator":"@NOTICIEROS7","twitter_site":"@NOTICIEROS7","twitter_misc":{"Escrito por":"Edici\u00f3n Web","Tiempo de lectura":"1 minuto"},"schema":{"@context":"https:\/\/schema.org","@graph":[{"@type":"Article","@id":"https:\/\/canal7slp.tv\/2021\/en-las-proximas-horas-se-formalizara-el-anuncio-de-que-soy-el-nuevo-gobernador-de-slp-afirma-octavio\/#article","isPartOf":{"@id":"https:\/\/canal7slp.tv\/2021\/en-las-proximas-horas-se-formalizara-el-anuncio-de-que-soy-el-nuevo-gobernador-de-slp-afirma-octavio\/"},"author":{"name":"Edici\u00f3n Web","@id":"https:\/\/canal7slp.tv\/2021\/#\/schema\/person\/28a12b0491d3b6f41a854d062961bdc7"},"headline":"En las pr\u00f3ximas horas se formalizar\u00e1 el anuncio de que soy el nuevo gobernador de SLP, afirma Octavio","datePublished":"2021-06-06T23:36:46+00:00","mainEntityOfPage":{"@id":"https:\/\/canal7slp.tv\/2021\/en-las-proximas-horas-se-formalizara-el-anuncio-de-que-soy-el-nuevo-gobernador-de-slp-afirma-octavio\/"},"wordCount":150,"publisher":{"@id":"https:\/\/canal7slp.tv\/2021\/#organization"},"image":{"@id":"https:\/\/canal7slp.tv\/2021\/en-las-proximas-horas-se-formalizara-el-anuncio-de-que-soy-el-nuevo-gobernador-de-slp-afirma-octavio\/#primaryimage"},"thumbnailUrl":"https:\/\/canal7slp.tv\/2021\/wp-content\/uploads\/2021\/06\/OCtavioSiporsl.jpg","articleSection":["DECI21\u00d3N","LOCALES Y REGIONALES"],"inLanguage":"es"},{"@type":"WebPage","@id":"https:\/\/canal7slp.tv\/2021\/en-las-proximas-horas-se-formalizara-el-anuncio-de-que-soy-el-nuevo-gobernador-de-slp-afirma-octavio\/","url":"https:\/\/canal7slp.tv\/2021\/en-las-proximas-horas-se-formalizara-el-anuncio-de-que-soy-el-nuevo-gobernador-de-slp-afirma-octavio\/","name":"En las pr\u00f3ximas horas se formalizar\u00e1 el anuncio de que soy el nuevo gobernador de SLP, afirma Octavio - Canal 7 SLP - 2021","isPartOf":{"@id":"https:\/\/canal7slp.tv\/2021\/#website"},"primaryImageOfPage":{"@id":"https:\/\/canal7slp.tv\/2021\/en-las-proximas-horas-se-formalizara-el-anuncio-de-que-soy-el-nuevo-gobernador-de-slp-afirma-octavio\/#primaryimage"},"image":{"@id":"https:\/\/canal7slp.tv\/2021\/en-las-proximas-horas-se-formalizara-el-anuncio-de-que-soy-el-nuevo-gobernador-de-slp-afirma-octavio\/#primaryimage"},"thumbnailUrl":"https:\/\/canal7slp.tv\/2021\/wp-content\/uploads\/2021\/06\/OCtavioSiporsl.jpg","datePublished":"2021-06-06T23:36:46+00:00","breadcrumb":{"@id":"https:\/\/canal7slp.tv\/2021\/en-las-proximas-horas-se-formalizara-el-anuncio-de-que-soy-el-nuevo-gobernador-de-slp-afirma-octavio\/#breadcrumb"},"inLanguage":"es","potentialAction":[{"@type":"ReadAction","target":["https:\/\/canal7slp.tv\/2021\/en-las-proximas-horas-se-formalizara-el-anuncio-de-que-soy-el-nuevo-gobernador-de-slp-afirma-octavio\/"]}]},{"@type":"ImageObject","inLanguage":"es","@id":"https:\/\/canal7slp.tv\/2021\/en-las-proximas-horas-se-formalizara-el-anuncio-de-que-soy-el-nuevo-gobernador-de-slp-afirma-octavio\/#primaryimage","url":"https:\/\/canal7slp.tv\/2021\/wp-content\/uploads\/2021\/06\/OCtavioSiporsl.jpg","contentUrl":"https:\/\/canal7slp.tv\/2021\/wp-content\/uploads\/2021\/06\/OCtavioSiporsl.jpg","width":696,"height":423},{"@type":"BreadcrumbList","@id":"https:\/\/canal7slp.tv\/2021\/en-las-proximas-horas-se-formalizara-el-anuncio-de-que-soy-el-nuevo-gobernador-de-slp-afirma-octavio\/#breadcrumb","itemListElement":[{"@type":"ListItem","position":1,"name":"Portada","item":"https:\/\/canal7slp.tv\/2021\/"},{"@type":"ListItem","position":2,"name":"En las pr\u00f3ximas horas se formalizar\u00e1 el anuncio de que soy el nuevo gobernador de SLP, afirma Octavio"}]},{"@type":"WebSite","@id":"https:\/\/canal7slp.tv\/2021\/#website","url":"https:\/\/canal7slp.tv\/2021\/","name":"N7 - Noticieros Canal 7","description":"Somos Televisi\u00f3n","publisher":{"@id":"https:\/\/canal7slp.tv\/2021\/#organization"},"potentialAction":[{"@type":"SearchAction","target":{"@type":"EntryPoint","urlTemplate":"https:\/\/canal7slp.tv\/2021\/?s={search_term_string}"},"query-input":{"@type":"PropertyValueSpecification","valueRequired":true,"valueName":"search_term_string"}}],"inLanguage":"es"},{"@type":"Organization","@id":"https:\/\/canal7slp.tv\/2021\/#organization","name":"Noticieros Canal 7","url":"https:\/\/canal7slp.tv\/2021\/","logo":{"@type":"ImageObject","inLanguage":"es","@id":"https:\/\/canal7slp.tv\/2021\/#\/schema\/logo\/image\/","url":"https:\/\/canal7slp.tv\/2021\/wp-content\/uploads\/2021\/01\/logo-noticieros@2x.png","contentUrl":"https:\/\/canal7slp.tv\/2021\/wp-content\/uploads\/2021\/01\/logo-noticieros@2x.png","width":1017,"height":268,"caption":"Noticieros Canal 7"},"image":{"@id":"https:\/\/canal7slp.tv\/2021\/#\/schema\/logo\/image\/"},"sameAs":["https:\/\/www.facebook.com\/noticieroscanalsiete","https:\/\/x.com\/NOTICIEROS7","https:\/\/www.instagram.com\/canal7_slp","https:\/\/www.youtube.com\/channel\/UCliiYs-gP3JfJeqdPrNdd5A"]},{"@type":"Person","@id":"https:\/\/canal7slp.tv\/2021\/#\/schema\/person\/28a12b0491d3b6f41a854d062961bdc7","name":"Edici\u00f3n Web","image":{"@type":"ImageObject","inLanguage":"es","@id":"https:\/\/secure.gravatar.com\/avatar\/eee448fc3f7164808013b816ba91ac7e43bbe82a70bebac296f8bc6f0addaa1a?s=96&d=mm&r=g","url":"https:\/\/secure.gravatar.com\/avatar\/eee448fc3f7164808013b816ba91ac7e43bbe82a70bebac296f8bc6f0addaa1a?s=96&d=mm&r=g","contentUrl":"https:\/\/secure.gravatar.com\/avatar\/eee448fc3f7164808013b816ba91ac7e43bbe82a70bebac296f8bc6f0addaa1a?s=96&d=mm&r=g","caption":"Edici\u00f3n Web"},"url":"https:\/\/canal7slp.tv\/2021\/author\/edicionweb\/"}]}},"_links":{"self":[{"href":"https:\/\/canal7slp.tv\/2021\/wp-json\/wp\/v2\/posts\/19385","targetHints":{"allow":["GET"]}}],"collection":[{"href":"https:\/\/canal7slp.tv\/2021\/wp-json\/wp\/v2\/posts"}],"about":[{"href":"https:\/\/canal7slp.tv\/2021\/wp-json\/wp\/v2\/types\/post"}],"author":[{"embeddable":true,"href":"https:\/\/canal7slp.tv\/2021\/wp-json\/wp\/v2\/users\/2"}],"replies":[{"embeddable":true,"href":"https:\/\/canal7slp.tv\/2021\/wp-json\/wp\/v2\/comments?post=19385"}],"version-history":[{"count":1,"href":"https:\/\/canal7slp.tv\/2021\/wp-json\/wp\/v2\/posts\/19385\/revisions"}],"predecessor-version":[{"id":19387,"href":"https:\/\/canal7slp.tv\/2021\/wp-json\/wp\/v2\/posts\/19385\/revisions\/19387"}],"wp:featuredmedia":[{"embeddable":true,"href":"https:\/\/canal7slp.tv\/2021\/wp-json\/wp\/v2\/media\/19386"}],"wp:attachment":[{"href":"https:\/\/canal7slp.tv\/2021\/wp-json\/wp\/v2\/media?parent=19385"}],"wp:term":[{"taxonomy":"category","embeddable":true,"href":"https:\/\/canal7slp.tv\/2021\/wp-json\/wp\/v2\/categories?post=19385"},{"taxonomy":"post_tag","embeddable":true,"href":"https:\/\/canal7slp.tv\/2021\/wp-json\/wp\/v2\/tags?post=19385"}],"curies":[{"name":"wp","href":"https:\/\/api.w.org\/{rel}","templated":true}]}}