{"id":19382,"date":"2021-06-06T16:47:44","date_gmt":"2021-06-06T22:47:44","guid":{"rendered":"https:\/\/canal7slp.tv\/2021\/?p=19382"},"modified":"2021-06-06T17:54:55","modified_gmt":"2021-06-06T23:54:55","slug":"por-quema-de-casillas-suspenden-elecciones-en-mixtequilla-oaxaca","status":"publish","type":"post","link":"https:\/\/canal7slp.tv\/2021\/por-quema-de-casillas-suspenden-elecciones-en-mixtequilla-oaxaca\/","title":{"rendered":"Por quema de casillas, suspenden elecciones en Mixtequilla, Oaxaca"},"content":{"rendered":"<p style=\"text-align: justify;\">Santa Mar\u00eda Mixtequilla.- Tras un par de horas de haberse instalado seis casillas en la poblaci\u00f3n poblaci\u00f3n zapoteca de Santa Mar\u00eda Mixtequilla, un gripo de ciudadanos tomaron las mismas y quemaron las boletas.<\/p>\n<p style=\"text-align: justify;\">El grupo de ciudadanos se dijeron molestos por varios incidentes como el acarreo de personas y compra de personas.<\/p>\n<p style=\"text-align: justify;\">Juan Carlos Garc\u00eda, candidato del PVEM, se\u00f1al\u00f3 que el grupo de quejosos iban por parte de Uriel Bautista, candidato de MORENA.<\/p>\n<p style=\"text-align: justify;\">Alexis P\u00e9rez Orozco, candidato del PES, responsabiliz\u00f3 de la confrontaci\u00f3n y quema de casillas a los candidatos de Morena y del Verde Ecologista.<\/p>\n","protected":false},"excerpt":{"rendered":"<p>Santa Mar\u00eda Mixtequilla.- Tras un par de horas de haberse instalado seis casillas en la poblaci\u00f3n poblaci\u00f3n zapoteca de Santa Mar\u00eda Mixtequilla, un gripo de ciudadanos tomaron las mismas y quemaron las boletas. El grupo de ciudadanos se dijeron molestos por varios incidentes como el acarreo de personas y compra de personas. Juan Carlos Garc\u00eda, candidato del PVEM, se\u00f1al\u00f3 que el grupo de quejosos iban por parte de Uriel Bautista, candidato de MORENA. Alexis P\u00e9rez Orozco, candidato del PES, responsabiliz\u00f3 de la confrontaci\u00f3n y quema de casillas a los candidatos de Morena y del Verde Ecologista.<\/p>\n","protected":false},"author":2,"featured_media":19383,"comment_status":"closed","ping_status":"closed","sticky":false,"template":"","format":"standard","meta":{"footnotes":""},"categories":[392,45,46],"tags":[],"class_list":["post-19382","post","type-post","status-publish","format-standard","has-post-thumbnail","hentry","category-deci21on","category-localesyregionales","category-nacional","post--single"],"yoast_head":"<!-- This site is optimized with the Yoast SEO plugin v27.4 - https:\/\/yoast.com\/product\/yoast-seo-wordpress\/ -->\n<title>Por quema de casillas, suspenden elecciones en Mixtequilla, Oaxaca - Canal 7 SLP - 2021<\/title>\n<meta name=\"robots\" content=\"index, follow, max-snippet:-1, max-image-preview:large, max-video-preview:-1\" \/>\n<link rel=\"canonical\" href=\"https:\/\/canal7slp.tv\/2021\/por-quema-de-casillas-suspenden-elecciones-en-mixtequilla-oaxaca\/\" \/>\n<meta property=\"og:locale\" content=\"es_ES\" \/>\n<meta property=\"og:type\" content=\"article\" \/>\n<meta property=\"og:title\" content=\"Por quema de casillas, suspenden elecciones en Mixtequilla, Oaxaca - Canal 7 SLP - 2021\" \/>\n<meta property=\"og:description\" content=\"Santa Mar\u00eda Mixtequilla.- Tras un par de horas de haberse instalado seis casillas en la poblaci\u00f3n poblaci\u00f3n zapoteca de Santa Mar\u00eda Mixtequilla, un gripo de ciudadanos tomaron las mismas y quemaron las boletas. El grupo de ciudadanos se dijeron molestos por varios incidentes como el acarreo de personas y compra de personas. Juan Carlos Garc\u00eda, candidato del PVEM, se\u00f1al\u00f3 que el grupo de quejosos iban por parte de Uriel Bautista, candidato de MORENA. Alexis P\u00e9rez Orozco, candidato del PES, responsabiliz\u00f3 de la confrontaci\u00f3n y quema de casillas a los candidatos de Morena y del Verde Ecologista.\" \/>\n<meta property=\"og:url\" content=\"https:\/\/canal7slp.tv\/2021\/por-quema-de-casillas-suspenden-elecciones-en-mixtequilla-oaxaca\/\" \/>\n<meta property=\"og:site_name\" content=\"Canal 7 SLP - 2021\" \/>\n<meta property=\"article:publisher\" content=\"https:\/\/www.facebook.com\/noticieroscanalsiete\" \/>\n<meta property=\"article:published_time\" content=\"2021-06-06T22:47:44+00:00\" \/>\n<meta property=\"article:modified_time\" content=\"2021-06-06T23:54:55+00:00\" \/>\n<meta property=\"og:image\" content=\"https:\/\/canal7slp.tv\/2021\/wp-content\/uploads\/2021\/06\/quemacasillas.png\" \/>\n\t<meta property=\"og:image:width\" content=\"800\" \/>\n\t<meta property=\"og:image:height\" content=\"500\" \/>\n\t<meta property=\"og:image:type\" content=\"image\/png\" \/>\n<meta name=\"author\" content=\"Edici\u00f3n Web\" \/>\n<meta name=\"twitter:card\" content=\"summary_large_image\" \/>\n<meta name=\"twitter:creator\" content=\"@NOTICIEROS7\" \/>\n<meta name=\"twitter:site\" content=\"@NOTICIEROS7\" \/>\n<meta name=\"twitter:label1\" content=\"Escrito por\" \/>\n\t<meta name=\"twitter:data1\" content=\"Edici\u00f3n Web\" \/>\n\t<meta name=\"twitter:label2\" content=\"Tiempo de lectura\" \/>\n\t<meta name=\"twitter:data2\" content=\"1 minuto\" \/>\n<script type=\"application\/ld+json\" class=\"yoast-schema-graph\">{\"@context\":\"https:\\\/\\\/schema.org\",\"@graph\":[{\"@type\":\"Article\",\"@id\":\"https:\\\/\\\/canal7slp.tv\\\/2021\\\/por-quema-de-casillas-suspenden-elecciones-en-mixtequilla-oaxaca\\\/#article\",\"isPartOf\":{\"@id\":\"https:\\\/\\\/canal7slp.tv\\\/2021\\\/por-quema-de-casillas-suspenden-elecciones-en-mixtequilla-oaxaca\\\/\"},\"author\":{\"name\":\"Edici\u00f3n Web\",\"@id\":\"https:\\\/\\\/canal7slp.tv\\\/2021\\\/#\\\/schema\\\/person\\\/28a12b0491d3b6f41a854d062961bdc7\"},\"headline\":\"Por quema de casillas, suspenden elecciones en Mixtequilla, Oaxaca\",\"datePublished\":\"2021-06-06T22:47:44+00:00\",\"dateModified\":\"2021-06-06T23:54:55+00:00\",\"mainEntityOfPage\":{\"@id\":\"https:\\\/\\\/canal7slp.tv\\\/2021\\\/por-quema-de-casillas-suspenden-elecciones-en-mixtequilla-oaxaca\\\/\"},\"wordCount\":114,\"publisher\":{\"@id\":\"https:\\\/\\\/canal7slp.tv\\\/2021\\\/#organization\"},\"image\":{\"@id\":\"https:\\\/\\\/canal7slp.tv\\\/2021\\\/por-quema-de-casillas-suspenden-elecciones-en-mixtequilla-oaxaca\\\/#primaryimage\"},\"thumbnailUrl\":\"https:\\\/\\\/canal7slp.tv\\\/2021\\\/wp-content\\\/uploads\\\/2021\\\/06\\\/quemacasillas.png\",\"articleSection\":[\"DECI21\u00d3N\",\"LOCALES Y REGIONALES\",\"NACIONALES\"],\"inLanguage\":\"es\"},{\"@type\":\"WebPage\",\"@id\":\"https:\\\/\\\/canal7slp.tv\\\/2021\\\/por-quema-de-casillas-suspenden-elecciones-en-mixtequilla-oaxaca\\\/\",\"url\":\"https:\\\/\\\/canal7slp.tv\\\/2021\\\/por-quema-de-casillas-suspenden-elecciones-en-mixtequilla-oaxaca\\\/\",\"name\":\"Por quema de casillas, suspenden elecciones en Mixtequilla, Oaxaca - Canal 7 SLP - 2021\",\"isPartOf\":{\"@id\":\"https:\\\/\\\/canal7slp.tv\\\/2021\\\/#website\"},\"primaryImageOfPage\":{\"@id\":\"https:\\\/\\\/canal7slp.tv\\\/2021\\\/por-quema-de-casillas-suspenden-elecciones-en-mixtequilla-oaxaca\\\/#primaryimage\"},\"image\":{\"@id\":\"https:\\\/\\\/canal7slp.tv\\\/2021\\\/por-quema-de-casillas-suspenden-elecciones-en-mixtequilla-oaxaca\\\/#primaryimage\"},\"thumbnailUrl\":\"https:\\\/\\\/canal7slp.tv\\\/2021\\\/wp-content\\\/uploads\\\/2021\\\/06\\\/quemacasillas.png\",\"datePublished\":\"2021-06-06T22:47:44+00:00\",\"dateModified\":\"2021-06-06T23:54:55+00:00\",\"breadcrumb\":{\"@id\":\"https:\\\/\\\/canal7slp.tv\\\/2021\\\/por-quema-de-casillas-suspenden-elecciones-en-mixtequilla-oaxaca\\\/#breadcrumb\"},\"inLanguage\":\"es\",\"potentialAction\":[{\"@type\":\"ReadAction\",\"target\":[\"https:\\\/\\\/canal7slp.tv\\\/2021\\\/por-quema-de-casillas-suspenden-elecciones-en-mixtequilla-oaxaca\\\/\"]}]},{\"@type\":\"ImageObject\",\"inLanguage\":\"es\",\"@id\":\"https:\\\/\\\/canal7slp.tv\\\/2021\\\/por-quema-de-casillas-suspenden-elecciones-en-mixtequilla-oaxaca\\\/#primaryimage\",\"url\":\"https:\\\/\\\/canal7slp.tv\\\/2021\\\/wp-content\\\/uploads\\\/2021\\\/06\\\/quemacasillas.png\",\"contentUrl\":\"https:\\\/\\\/canal7slp.tv\\\/2021\\\/wp-content\\\/uploads\\\/2021\\\/06\\\/quemacasillas.png\",\"width\":800,\"height\":500},{\"@type\":\"BreadcrumbList\",\"@id\":\"https:\\\/\\\/canal7slp.tv\\\/2021\\\/por-quema-de-casillas-suspenden-elecciones-en-mixtequilla-oaxaca\\\/#breadcrumb\",\"itemListElement\":[{\"@type\":\"ListItem\",\"position\":1,\"name\":\"Portada\",\"item\":\"https:\\\/\\\/canal7slp.tv\\\/2021\\\/\"},{\"@type\":\"ListItem\",\"position\":2,\"name\":\"Por quema de casillas, suspenden elecciones en Mixtequilla, Oaxaca\"}]},{\"@type\":\"WebSite\",\"@id\":\"https:\\\/\\\/canal7slp.tv\\\/2021\\\/#website\",\"url\":\"https:\\\/\\\/canal7slp.tv\\\/2021\\\/\",\"name\":\"N7 - Noticieros Canal 7\",\"description\":\"Somos Televisi\u00f3n\",\"publisher\":{\"@id\":\"https:\\\/\\\/canal7slp.tv\\\/2021\\\/#organization\"},\"potentialAction\":[{\"@type\":\"SearchAction\",\"target\":{\"@type\":\"EntryPoint\",\"urlTemplate\":\"https:\\\/\\\/canal7slp.tv\\\/2021\\\/?s={search_term_string}\"},\"query-input\":{\"@type\":\"PropertyValueSpecification\",\"valueRequired\":true,\"valueName\":\"search_term_string\"}}],\"inLanguage\":\"es\"},{\"@type\":\"Organization\",\"@id\":\"https:\\\/\\\/canal7slp.tv\\\/2021\\\/#organization\",\"name\":\"Noticieros Canal 7\",\"url\":\"https:\\\/\\\/canal7slp.tv\\\/2021\\\/\",\"logo\":{\"@type\":\"ImageObject\",\"inLanguage\":\"es\",\"@id\":\"https:\\\/\\\/canal7slp.tv\\\/2021\\\/#\\\/schema\\\/logo\\\/image\\\/\",\"url\":\"https:\\\/\\\/canal7slp.tv\\\/2021\\\/wp-content\\\/uploads\\\/2021\\\/01\\\/logo-noticieros@2x.png\",\"contentUrl\":\"https:\\\/\\\/canal7slp.tv\\\/2021\\\/wp-content\\\/uploads\\\/2021\\\/01\\\/logo-noticieros@2x.png\",\"width\":1017,\"height\":268,\"caption\":\"Noticieros Canal 7\"},\"image\":{\"@id\":\"https:\\\/\\\/canal7slp.tv\\\/2021\\\/#\\\/schema\\\/logo\\\/image\\\/\"},\"sameAs\":[\"https:\\\/\\\/www.facebook.com\\\/noticieroscanalsiete\",\"https:\\\/\\\/x.com\\\/NOTICIEROS7\",\"https:\\\/\\\/www.instagram.com\\\/canal7_slp\",\"https:\\\/\\\/www.youtube.com\\\/channel\\\/UCliiYs-gP3JfJeqdPrNdd5A\"]},{\"@type\":\"Person\",\"@id\":\"https:\\\/\\\/canal7slp.tv\\\/2021\\\/#\\\/schema\\\/person\\\/28a12b0491d3b6f41a854d062961bdc7\",\"name\":\"Edici\u00f3n Web\",\"image\":{\"@type\":\"ImageObject\",\"inLanguage\":\"es\",\"@id\":\"https:\\\/\\\/secure.gravatar.com\\\/avatar\\\/eee448fc3f7164808013b816ba91ac7e43bbe82a70bebac296f8bc6f0addaa1a?s=96&d=mm&r=g\",\"url\":\"https:\\\/\\\/secure.gravatar.com\\\/avatar\\\/eee448fc3f7164808013b816ba91ac7e43bbe82a70bebac296f8bc6f0addaa1a?s=96&d=mm&r=g\",\"contentUrl\":\"https:\\\/\\\/secure.gravatar.com\\\/avatar\\\/eee448fc3f7164808013b816ba91ac7e43bbe82a70bebac296f8bc6f0addaa1a?s=96&d=mm&r=g\",\"caption\":\"Edici\u00f3n Web\"},\"url\":\"https:\\\/\\\/canal7slp.tv\\\/2021\\\/author\\\/edicionweb\\\/\"}]}<\/script>\n<!-- \/ Yoast SEO plugin. -->","yoast_head_json":{"title":"Por quema de casillas, suspenden elecciones en Mixtequilla, Oaxaca - Canal 7 SLP - 2021","robots":{"index":"index","follow":"follow","max-snippet":"max-snippet:-1","max-image-preview":"max-image-preview:large","max-video-preview":"max-video-preview:-1"},"canonical":"https:\/\/canal7slp.tv\/2021\/por-quema-de-casillas-suspenden-elecciones-en-mixtequilla-oaxaca\/","og_locale":"es_ES","og_type":"article","og_title":"Por quema de casillas, suspenden elecciones en Mixtequilla, Oaxaca - Canal 7 SLP - 2021","og_description":"Santa Mar\u00eda Mixtequilla.- Tras un par de horas de haberse instalado seis casillas en la poblaci\u00f3n poblaci\u00f3n zapoteca de Santa Mar\u00eda Mixtequilla, un gripo de ciudadanos tomaron las mismas y quemaron las boletas. El grupo de ciudadanos se dijeron molestos por varios incidentes como el acarreo de personas y compra de personas. Juan Carlos Garc\u00eda, candidato del PVEM, se\u00f1al\u00f3 que el grupo de quejosos iban por parte de Uriel Bautista, candidato de MORENA. Alexis P\u00e9rez Orozco, candidato del PES, responsabiliz\u00f3 de la confrontaci\u00f3n y quema de casillas a los candidatos de Morena y del Verde Ecologista.","og_url":"https:\/\/canal7slp.tv\/2021\/por-quema-de-casillas-suspenden-elecciones-en-mixtequilla-oaxaca\/","og_site_name":"Canal 7 SLP - 2021","article_publisher":"https:\/\/www.facebook.com\/noticieroscanalsiete","article_published_time":"2021-06-06T22:47:44+00:00","article_modified_time":"2021-06-06T23:54:55+00:00","og_image":[{"width":800,"height":500,"url":"https:\/\/canal7slp.tv\/2021\/wp-content\/uploads\/2021\/06\/quemacasillas.png","type":"image\/png"}],"author":"Edici\u00f3n Web","twitter_card":"summary_large_image","twitter_creator":"@NOTICIEROS7","twitter_site":"@NOTICIEROS7","twitter_misc":{"Escrito por":"Edici\u00f3n Web","Tiempo de lectura":"1 minuto"},"schema":{"@context":"https:\/\/schema.org","@graph":[{"@type":"Article","@id":"https:\/\/canal7slp.tv\/2021\/por-quema-de-casillas-suspenden-elecciones-en-mixtequilla-oaxaca\/#article","isPartOf":{"@id":"https:\/\/canal7slp.tv\/2021\/por-quema-de-casillas-suspenden-elecciones-en-mixtequilla-oaxaca\/"},"author":{"name":"Edici\u00f3n Web","@id":"https:\/\/canal7slp.tv\/2021\/#\/schema\/person\/28a12b0491d3b6f41a854d062961bdc7"},"headline":"Por quema de casillas, suspenden elecciones en Mixtequilla, Oaxaca","datePublished":"2021-06-06T22:47:44+00:00","dateModified":"2021-06-06T23:54:55+00:00","mainEntityOfPage":{"@id":"https:\/\/canal7slp.tv\/2021\/por-quema-de-casillas-suspenden-elecciones-en-mixtequilla-oaxaca\/"},"wordCount":114,"publisher":{"@id":"https:\/\/canal7slp.tv\/2021\/#organization"},"image":{"@id":"https:\/\/canal7slp.tv\/2021\/por-quema-de-casillas-suspenden-elecciones-en-mixtequilla-oaxaca\/#primaryimage"},"thumbnailUrl":"https:\/\/canal7slp.tv\/2021\/wp-content\/uploads\/2021\/06\/quemacasillas.png","articleSection":["DECI21\u00d3N","LOCALES Y REGIONALES","NACIONALES"],"inLanguage":"es"},{"@type":"WebPage","@id":"https:\/\/canal7slp.tv\/2021\/por-quema-de-casillas-suspenden-elecciones-en-mixtequilla-oaxaca\/","url":"https:\/\/canal7slp.tv\/2021\/por-quema-de-casillas-suspenden-elecciones-en-mixtequilla-oaxaca\/","name":"Por quema de casillas, suspenden elecciones en Mixtequilla, Oaxaca - Canal 7 SLP - 2021","isPartOf":{"@id":"https:\/\/canal7slp.tv\/2021\/#website"},"primaryImageOfPage":{"@id":"https:\/\/canal7slp.tv\/2021\/por-quema-de-casillas-suspenden-elecciones-en-mixtequilla-oaxaca\/#primaryimage"},"image":{"@id":"https:\/\/canal7slp.tv\/2021\/por-quema-de-casillas-suspenden-elecciones-en-mixtequilla-oaxaca\/#primaryimage"},"thumbnailUrl":"https:\/\/canal7slp.tv\/2021\/wp-content\/uploads\/2021\/06\/quemacasillas.png","datePublished":"2021-06-06T22:47:44+00:00","dateModified":"2021-06-06T23:54:55+00:00","breadcrumb":{"@id":"https:\/\/canal7slp.tv\/2021\/por-quema-de-casillas-suspenden-elecciones-en-mixtequilla-oaxaca\/#breadcrumb"},"inLanguage":"es","potentialAction":[{"@type":"ReadAction","target":["https:\/\/canal7slp.tv\/2021\/por-quema-de-casillas-suspenden-elecciones-en-mixtequilla-oaxaca\/"]}]},{"@type":"ImageObject","inLanguage":"es","@id":"https:\/\/canal7slp.tv\/2021\/por-quema-de-casillas-suspenden-elecciones-en-mixtequilla-oaxaca\/#primaryimage","url":"https:\/\/canal7slp.tv\/2021\/wp-content\/uploads\/2021\/06\/quemacasillas.png","contentUrl":"https:\/\/canal7slp.tv\/2021\/wp-content\/uploads\/2021\/06\/quemacasillas.png","width":800,"height":500},{"@type":"BreadcrumbList","@id":"https:\/\/canal7slp.tv\/2021\/por-quema-de-casillas-suspenden-elecciones-en-mixtequilla-oaxaca\/#breadcrumb","itemListElement":[{"@type":"ListItem","position":1,"name":"Portada","item":"https:\/\/canal7slp.tv\/2021\/"},{"@type":"ListItem","position":2,"name":"Por quema de casillas, suspenden elecciones en Mixtequilla, Oaxaca"}]},{"@type":"WebSite","@id":"https:\/\/canal7slp.tv\/2021\/#website","url":"https:\/\/canal7slp.tv\/2021\/","name":"N7 - Noticieros Canal 7","description":"Somos Televisi\u00f3n","publisher":{"@id":"https:\/\/canal7slp.tv\/2021\/#organization"},"potentialAction":[{"@type":"SearchAction","target":{"@type":"EntryPoint","urlTemplate":"https:\/\/canal7slp.tv\/2021\/?s={search_term_string}"},"query-input":{"@type":"PropertyValueSpecification","valueRequired":true,"valueName":"search_term_string"}}],"inLanguage":"es"},{"@type":"Organization","@id":"https:\/\/canal7slp.tv\/2021\/#organization","name":"Noticieros Canal 7","url":"https:\/\/canal7slp.tv\/2021\/","logo":{"@type":"ImageObject","inLanguage":"es","@id":"https:\/\/canal7slp.tv\/2021\/#\/schema\/logo\/image\/","url":"https:\/\/canal7slp.tv\/2021\/wp-content\/uploads\/2021\/01\/logo-noticieros@2x.png","contentUrl":"https:\/\/canal7slp.tv\/2021\/wp-content\/uploads\/2021\/01\/logo-noticieros@2x.png","width":1017,"height":268,"caption":"Noticieros Canal 7"},"image":{"@id":"https:\/\/canal7slp.tv\/2021\/#\/schema\/logo\/image\/"},"sameAs":["https:\/\/www.facebook.com\/noticieroscanalsiete","https:\/\/x.com\/NOTICIEROS7","https:\/\/www.instagram.com\/canal7_slp","https:\/\/www.youtube.com\/channel\/UCliiYs-gP3JfJeqdPrNdd5A"]},{"@type":"Person","@id":"https:\/\/canal7slp.tv\/2021\/#\/schema\/person\/28a12b0491d3b6f41a854d062961bdc7","name":"Edici\u00f3n Web","image":{"@type":"ImageObject","inLanguage":"es","@id":"https:\/\/secure.gravatar.com\/avatar\/eee448fc3f7164808013b816ba91ac7e43bbe82a70bebac296f8bc6f0addaa1a?s=96&d=mm&r=g","url":"https:\/\/secure.gravatar.com\/avatar\/eee448fc3f7164808013b816ba91ac7e43bbe82a70bebac296f8bc6f0addaa1a?s=96&d=mm&r=g","contentUrl":"https:\/\/secure.gravatar.com\/avatar\/eee448fc3f7164808013b816ba91ac7e43bbe82a70bebac296f8bc6f0addaa1a?s=96&d=mm&r=g","caption":"Edici\u00f3n Web"},"url":"https:\/\/canal7slp.tv\/2021\/author\/edicionweb\/"}]}},"_links":{"self":[{"href":"https:\/\/canal7slp.tv\/2021\/wp-json\/wp\/v2\/posts\/19382","targetHints":{"allow":["GET"]}}],"collection":[{"href":"https:\/\/canal7slp.tv\/2021\/wp-json\/wp\/v2\/posts"}],"about":[{"href":"https:\/\/canal7slp.tv\/2021\/wp-json\/wp\/v2\/types\/post"}],"author":[{"embeddable":true,"href":"https:\/\/canal7slp.tv\/2021\/wp-json\/wp\/v2\/users\/2"}],"replies":[{"embeddable":true,"href":"https:\/\/canal7slp.tv\/2021\/wp-json\/wp\/v2\/comments?post=19382"}],"version-history":[{"count":1,"href":"https:\/\/canal7slp.tv\/2021\/wp-json\/wp\/v2\/posts\/19382\/revisions"}],"predecessor-version":[{"id":19384,"href":"https:\/\/canal7slp.tv\/2021\/wp-json\/wp\/v2\/posts\/19382\/revisions\/19384"}],"wp:featuredmedia":[{"embeddable":true,"href":"https:\/\/canal7slp.tv\/2021\/wp-json\/wp\/v2\/media\/19383"}],"wp:attachment":[{"href":"https:\/\/canal7slp.tv\/2021\/wp-json\/wp\/v2\/media?parent=19382"}],"wp:term":[{"taxonomy":"category","embeddable":true,"href":"https:\/\/canal7slp.tv\/2021\/wp-json\/wp\/v2\/categories?post=19382"},{"taxonomy":"post_tag","embeddable":true,"href":"https:\/\/canal7slp.tv\/2021\/wp-json\/wp\/v2\/tags?post=19382"}],"curies":[{"name":"wp","href":"https:\/\/api.w.org\/{rel}","templated":true}]}}