{"id":19371,"date":"2021-06-06T15:23:31","date_gmt":"2021-06-06T21:23:31","guid":{"rendered":"https:\/\/canal7slp.tv\/2021\/?p=19371"},"modified":"2021-06-06T17:54:55","modified_gmt":"2021-06-06T23:54:55","slug":"representantes-partidistas-piden-en-el-ceepac-reforzar-vigilancia-en-casillas","status":"publish","type":"post","link":"https:\/\/canal7slp.tv\/2021\/representantes-partidistas-piden-en-el-ceepac-reforzar-vigilancia-en-casillas\/","title":{"rendered":"Representantes partidistas piden en el Ceepac reforzar vigilancia en casillas"},"content":{"rendered":"<p style=\"text-align: justify;\">SLP.- Adem\u00e1s de exhortar al CEEPAC que se solicite la presencia de la Guardia Nacional (GN) y del Ej\u00e9rcito Mexicano en las inmediaciones de las casillas electorales, debido a hechos suscitados en la Zona Metropolitana, representantes de partidos y candidatos reportaron diferentes incidentes en puntos de votaci\u00f3n.<\/p>\n<p style=\"text-align: justify;\">Al respecto, Jos\u00e9 Guadalupe Neri L\u00f3pez, representante del candidato independiente Arturo Segoviano Garc\u00eda, indic\u00f3 que tuvo conocimiento de dos hechos, uno en la colonia Guanos y y otro en la plaza Las \u00c1guilas.<\/p>\n<p style=\"text-align: justify;\">Detall\u00f3 que en ambos incidentes, personas desconocidas arribaron a las casillas e hicieron destrozos.<\/p>\n<p style=\"text-align: justify;\">\u00abLo estamos haciendo del conocimiento, no solo de la autoridad electoral. Ya un grupo de personas de nuestro equipo nos est\u00e1 apoyando a reportar a la Fiscal\u00eda\u00bb, se\u00f1al\u00f3.<\/p>\n<p style=\"text-align: justify;\">Mientras Guadalupe Torres S\u00e1nchez, representante del Partido Verde Ecologista de M\u00e9xico (PVEM), pidi\u00f3 presencia de la GM y las fuerzas castrenses en las urnas, Alejandro Colunga Luna, representante del Partido Acci\u00f3n Nacional (PAN), solicit\u00f3 reforzar la vigilancia de las corporaciones policiales.<\/p>\n<p style=\"text-align: justify;\">\n","protected":false},"excerpt":{"rendered":"<p>SLP.- Adem\u00e1s de exhortar al CEEPAC que se solicite la presencia de la Guardia Nacional (GN) y del Ej\u00e9rcito Mexicano en las inmediaciones de las casillas electorales, debido a hechos suscitados en la Zona Metropolitana, representantes de partidos y candidatos reportaron diferentes incidentes en puntos de votaci\u00f3n. Al respecto, Jos\u00e9 Guadalupe Neri L\u00f3pez, representante del candidato independiente Arturo Segoviano Garc\u00eda, indic\u00f3 que tuvo conocimiento de dos hechos, uno en la colonia Guanos y y otro en la plaza Las \u00c1guilas. Detall\u00f3 que en ambos incidentes, personas desconocidas arribaron a las casillas e hicieron destrozos. \u00abLo estamos haciendo del conocimiento, no [&hellip;]<\/p>\n","protected":false},"author":2,"featured_media":19372,"comment_status":"closed","ping_status":"closed","sticky":false,"template":"","format":"standard","meta":{"footnotes":""},"categories":[392,45],"tags":[],"class_list":["post-19371","post","type-post","status-publish","format-standard","has-post-thumbnail","hentry","category-deci21on","category-localesyregionales","post--single"],"yoast_head":"<!-- This site is optimized with the Yoast SEO plugin v27.4 - https:\/\/yoast.com\/product\/yoast-seo-wordpress\/ -->\n<title>Representantes partidistas piden en el Ceepac reforzar vigilancia en casillas - Canal 7 SLP - 2021<\/title>\n<meta name=\"robots\" content=\"index, follow, max-snippet:-1, max-image-preview:large, max-video-preview:-1\" \/>\n<link rel=\"canonical\" href=\"https:\/\/canal7slp.tv\/2021\/representantes-partidistas-piden-en-el-ceepac-reforzar-vigilancia-en-casillas\/\" \/>\n<meta property=\"og:locale\" content=\"es_ES\" \/>\n<meta property=\"og:type\" content=\"article\" \/>\n<meta property=\"og:title\" content=\"Representantes partidistas piden en el Ceepac reforzar vigilancia en casillas - Canal 7 SLP - 2021\" \/>\n<meta property=\"og:description\" content=\"SLP.- Adem\u00e1s de exhortar al CEEPAC que se solicite la presencia de la Guardia Nacional (GN) y del Ej\u00e9rcito Mexicano en las inmediaciones de las casillas electorales, debido a hechos suscitados en la Zona Metropolitana, representantes de partidos y candidatos reportaron diferentes incidentes en puntos de votaci\u00f3n. Al respecto, Jos\u00e9 Guadalupe Neri L\u00f3pez, representante del candidato independiente Arturo Segoviano Garc\u00eda, indic\u00f3 que tuvo conocimiento de dos hechos, uno en la colonia Guanos y y otro en la plaza Las \u00c1guilas. Detall\u00f3 que en ambos incidentes, personas desconocidas arribaron a las casillas e hicieron destrozos. \u00abLo estamos haciendo del conocimiento, no [&hellip;]\" \/>\n<meta property=\"og:url\" content=\"https:\/\/canal7slp.tv\/2021\/representantes-partidistas-piden-en-el-ceepac-reforzar-vigilancia-en-casillas\/\" \/>\n<meta property=\"og:site_name\" content=\"Canal 7 SLP - 2021\" \/>\n<meta property=\"article:publisher\" content=\"https:\/\/www.facebook.com\/noticieroscanalsiete\" \/>\n<meta property=\"article:published_time\" content=\"2021-06-06T21:23:31+00:00\" \/>\n<meta property=\"article:modified_time\" content=\"2021-06-06T23:54:55+00:00\" \/>\n<meta property=\"og:image\" content=\"https:\/\/canal7slp.tv\/2021\/wp-content\/uploads\/2021\/06\/Neri.jpg\" \/>\n\t<meta property=\"og:image:width\" content=\"696\" \/>\n\t<meta property=\"og:image:height\" content=\"423\" \/>\n\t<meta property=\"og:image:type\" content=\"image\/jpeg\" \/>\n<meta name=\"author\" content=\"Edici\u00f3n Web\" \/>\n<meta name=\"twitter:card\" content=\"summary_large_image\" \/>\n<meta name=\"twitter:creator\" content=\"@NOTICIEROS7\" \/>\n<meta name=\"twitter:site\" content=\"@NOTICIEROS7\" \/>\n<meta name=\"twitter:label1\" content=\"Escrito por\" \/>\n\t<meta name=\"twitter:data1\" content=\"Edici\u00f3n Web\" \/>\n\t<meta name=\"twitter:label2\" content=\"Tiempo de lectura\" \/>\n\t<meta name=\"twitter:data2\" content=\"1 minuto\" \/>\n<script type=\"application\/ld+json\" class=\"yoast-schema-graph\">{\"@context\":\"https:\\\/\\\/schema.org\",\"@graph\":[{\"@type\":\"Article\",\"@id\":\"https:\\\/\\\/canal7slp.tv\\\/2021\\\/representantes-partidistas-piden-en-el-ceepac-reforzar-vigilancia-en-casillas\\\/#article\",\"isPartOf\":{\"@id\":\"https:\\\/\\\/canal7slp.tv\\\/2021\\\/representantes-partidistas-piden-en-el-ceepac-reforzar-vigilancia-en-casillas\\\/\"},\"author\":{\"name\":\"Edici\u00f3n Web\",\"@id\":\"https:\\\/\\\/canal7slp.tv\\\/2021\\\/#\\\/schema\\\/person\\\/28a12b0491d3b6f41a854d062961bdc7\"},\"headline\":\"Representantes partidistas piden en el Ceepac reforzar vigilancia en casillas\",\"datePublished\":\"2021-06-06T21:23:31+00:00\",\"dateModified\":\"2021-06-06T23:54:55+00:00\",\"mainEntityOfPage\":{\"@id\":\"https:\\\/\\\/canal7slp.tv\\\/2021\\\/representantes-partidistas-piden-en-el-ceepac-reforzar-vigilancia-en-casillas\\\/\"},\"wordCount\":184,\"publisher\":{\"@id\":\"https:\\\/\\\/canal7slp.tv\\\/2021\\\/#organization\"},\"image\":{\"@id\":\"https:\\\/\\\/canal7slp.tv\\\/2021\\\/representantes-partidistas-piden-en-el-ceepac-reforzar-vigilancia-en-casillas\\\/#primaryimage\"},\"thumbnailUrl\":\"https:\\\/\\\/canal7slp.tv\\\/2021\\\/wp-content\\\/uploads\\\/2021\\\/06\\\/Neri.jpg\",\"articleSection\":[\"DECI21\u00d3N\",\"LOCALES Y REGIONALES\"],\"inLanguage\":\"es\"},{\"@type\":\"WebPage\",\"@id\":\"https:\\\/\\\/canal7slp.tv\\\/2021\\\/representantes-partidistas-piden-en-el-ceepac-reforzar-vigilancia-en-casillas\\\/\",\"url\":\"https:\\\/\\\/canal7slp.tv\\\/2021\\\/representantes-partidistas-piden-en-el-ceepac-reforzar-vigilancia-en-casillas\\\/\",\"name\":\"Representantes partidistas piden en el Ceepac reforzar vigilancia en casillas - Canal 7 SLP - 2021\",\"isPartOf\":{\"@id\":\"https:\\\/\\\/canal7slp.tv\\\/2021\\\/#website\"},\"primaryImageOfPage\":{\"@id\":\"https:\\\/\\\/canal7slp.tv\\\/2021\\\/representantes-partidistas-piden-en-el-ceepac-reforzar-vigilancia-en-casillas\\\/#primaryimage\"},\"image\":{\"@id\":\"https:\\\/\\\/canal7slp.tv\\\/2021\\\/representantes-partidistas-piden-en-el-ceepac-reforzar-vigilancia-en-casillas\\\/#primaryimage\"},\"thumbnailUrl\":\"https:\\\/\\\/canal7slp.tv\\\/2021\\\/wp-content\\\/uploads\\\/2021\\\/06\\\/Neri.jpg\",\"datePublished\":\"2021-06-06T21:23:31+00:00\",\"dateModified\":\"2021-06-06T23:54:55+00:00\",\"breadcrumb\":{\"@id\":\"https:\\\/\\\/canal7slp.tv\\\/2021\\\/representantes-partidistas-piden-en-el-ceepac-reforzar-vigilancia-en-casillas\\\/#breadcrumb\"},\"inLanguage\":\"es\",\"potentialAction\":[{\"@type\":\"ReadAction\",\"target\":[\"https:\\\/\\\/canal7slp.tv\\\/2021\\\/representantes-partidistas-piden-en-el-ceepac-reforzar-vigilancia-en-casillas\\\/\"]}]},{\"@type\":\"ImageObject\",\"inLanguage\":\"es\",\"@id\":\"https:\\\/\\\/canal7slp.tv\\\/2021\\\/representantes-partidistas-piden-en-el-ceepac-reforzar-vigilancia-en-casillas\\\/#primaryimage\",\"url\":\"https:\\\/\\\/canal7slp.tv\\\/2021\\\/wp-content\\\/uploads\\\/2021\\\/06\\\/Neri.jpg\",\"contentUrl\":\"https:\\\/\\\/canal7slp.tv\\\/2021\\\/wp-content\\\/uploads\\\/2021\\\/06\\\/Neri.jpg\",\"width\":696,\"height\":423},{\"@type\":\"BreadcrumbList\",\"@id\":\"https:\\\/\\\/canal7slp.tv\\\/2021\\\/representantes-partidistas-piden-en-el-ceepac-reforzar-vigilancia-en-casillas\\\/#breadcrumb\",\"itemListElement\":[{\"@type\":\"ListItem\",\"position\":1,\"name\":\"Portada\",\"item\":\"https:\\\/\\\/canal7slp.tv\\\/2021\\\/\"},{\"@type\":\"ListItem\",\"position\":2,\"name\":\"Representantes partidistas piden en el Ceepac reforzar vigilancia en casillas\"}]},{\"@type\":\"WebSite\",\"@id\":\"https:\\\/\\\/canal7slp.tv\\\/2021\\\/#website\",\"url\":\"https:\\\/\\\/canal7slp.tv\\\/2021\\\/\",\"name\":\"N7 - Noticieros Canal 7\",\"description\":\"Somos Televisi\u00f3n\",\"publisher\":{\"@id\":\"https:\\\/\\\/canal7slp.tv\\\/2021\\\/#organization\"},\"potentialAction\":[{\"@type\":\"SearchAction\",\"target\":{\"@type\":\"EntryPoint\",\"urlTemplate\":\"https:\\\/\\\/canal7slp.tv\\\/2021\\\/?s={search_term_string}\"},\"query-input\":{\"@type\":\"PropertyValueSpecification\",\"valueRequired\":true,\"valueName\":\"search_term_string\"}}],\"inLanguage\":\"es\"},{\"@type\":\"Organization\",\"@id\":\"https:\\\/\\\/canal7slp.tv\\\/2021\\\/#organization\",\"name\":\"Noticieros Canal 7\",\"url\":\"https:\\\/\\\/canal7slp.tv\\\/2021\\\/\",\"logo\":{\"@type\":\"ImageObject\",\"inLanguage\":\"es\",\"@id\":\"https:\\\/\\\/canal7slp.tv\\\/2021\\\/#\\\/schema\\\/logo\\\/image\\\/\",\"url\":\"https:\\\/\\\/canal7slp.tv\\\/2021\\\/wp-content\\\/uploads\\\/2021\\\/01\\\/logo-noticieros@2x.png\",\"contentUrl\":\"https:\\\/\\\/canal7slp.tv\\\/2021\\\/wp-content\\\/uploads\\\/2021\\\/01\\\/logo-noticieros@2x.png\",\"width\":1017,\"height\":268,\"caption\":\"Noticieros Canal 7\"},\"image\":{\"@id\":\"https:\\\/\\\/canal7slp.tv\\\/2021\\\/#\\\/schema\\\/logo\\\/image\\\/\"},\"sameAs\":[\"https:\\\/\\\/www.facebook.com\\\/noticieroscanalsiete\",\"https:\\\/\\\/x.com\\\/NOTICIEROS7\",\"https:\\\/\\\/www.instagram.com\\\/canal7_slp\",\"https:\\\/\\\/www.youtube.com\\\/channel\\\/UCliiYs-gP3JfJeqdPrNdd5A\"]},{\"@type\":\"Person\",\"@id\":\"https:\\\/\\\/canal7slp.tv\\\/2021\\\/#\\\/schema\\\/person\\\/28a12b0491d3b6f41a854d062961bdc7\",\"name\":\"Edici\u00f3n Web\",\"image\":{\"@type\":\"ImageObject\",\"inLanguage\":\"es\",\"@id\":\"https:\\\/\\\/secure.gravatar.com\\\/avatar\\\/eee448fc3f7164808013b816ba91ac7e43bbe82a70bebac296f8bc6f0addaa1a?s=96&d=mm&r=g\",\"url\":\"https:\\\/\\\/secure.gravatar.com\\\/avatar\\\/eee448fc3f7164808013b816ba91ac7e43bbe82a70bebac296f8bc6f0addaa1a?s=96&d=mm&r=g\",\"contentUrl\":\"https:\\\/\\\/secure.gravatar.com\\\/avatar\\\/eee448fc3f7164808013b816ba91ac7e43bbe82a70bebac296f8bc6f0addaa1a?s=96&d=mm&r=g\",\"caption\":\"Edici\u00f3n Web\"},\"url\":\"https:\\\/\\\/canal7slp.tv\\\/2021\\\/author\\\/edicionweb\\\/\"}]}<\/script>\n<!-- \/ Yoast SEO plugin. -->","yoast_head_json":{"title":"Representantes partidistas piden en el Ceepac reforzar vigilancia en casillas - Canal 7 SLP - 2021","robots":{"index":"index","follow":"follow","max-snippet":"max-snippet:-1","max-image-preview":"max-image-preview:large","max-video-preview":"max-video-preview:-1"},"canonical":"https:\/\/canal7slp.tv\/2021\/representantes-partidistas-piden-en-el-ceepac-reforzar-vigilancia-en-casillas\/","og_locale":"es_ES","og_type":"article","og_title":"Representantes partidistas piden en el Ceepac reforzar vigilancia en casillas - Canal 7 SLP - 2021","og_description":"SLP.- Adem\u00e1s de exhortar al CEEPAC que se solicite la presencia de la Guardia Nacional (GN) y del Ej\u00e9rcito Mexicano en las inmediaciones de las casillas electorales, debido a hechos suscitados en la Zona Metropolitana, representantes de partidos y candidatos reportaron diferentes incidentes en puntos de votaci\u00f3n. Al respecto, Jos\u00e9 Guadalupe Neri L\u00f3pez, representante del candidato independiente Arturo Segoviano Garc\u00eda, indic\u00f3 que tuvo conocimiento de dos hechos, uno en la colonia Guanos y y otro en la plaza Las \u00c1guilas. Detall\u00f3 que en ambos incidentes, personas desconocidas arribaron a las casillas e hicieron destrozos. \u00abLo estamos haciendo del conocimiento, no [&hellip;]","og_url":"https:\/\/canal7slp.tv\/2021\/representantes-partidistas-piden-en-el-ceepac-reforzar-vigilancia-en-casillas\/","og_site_name":"Canal 7 SLP - 2021","article_publisher":"https:\/\/www.facebook.com\/noticieroscanalsiete","article_published_time":"2021-06-06T21:23:31+00:00","article_modified_time":"2021-06-06T23:54:55+00:00","og_image":[{"width":696,"height":423,"url":"https:\/\/canal7slp.tv\/2021\/wp-content\/uploads\/2021\/06\/Neri.jpg","type":"image\/jpeg"}],"author":"Edici\u00f3n Web","twitter_card":"summary_large_image","twitter_creator":"@NOTICIEROS7","twitter_site":"@NOTICIEROS7","twitter_misc":{"Escrito por":"Edici\u00f3n Web","Tiempo de lectura":"1 minuto"},"schema":{"@context":"https:\/\/schema.org","@graph":[{"@type":"Article","@id":"https:\/\/canal7slp.tv\/2021\/representantes-partidistas-piden-en-el-ceepac-reforzar-vigilancia-en-casillas\/#article","isPartOf":{"@id":"https:\/\/canal7slp.tv\/2021\/representantes-partidistas-piden-en-el-ceepac-reforzar-vigilancia-en-casillas\/"},"author":{"name":"Edici\u00f3n Web","@id":"https:\/\/canal7slp.tv\/2021\/#\/schema\/person\/28a12b0491d3b6f41a854d062961bdc7"},"headline":"Representantes partidistas piden en el Ceepac reforzar vigilancia en casillas","datePublished":"2021-06-06T21:23:31+00:00","dateModified":"2021-06-06T23:54:55+00:00","mainEntityOfPage":{"@id":"https:\/\/canal7slp.tv\/2021\/representantes-partidistas-piden-en-el-ceepac-reforzar-vigilancia-en-casillas\/"},"wordCount":184,"publisher":{"@id":"https:\/\/canal7slp.tv\/2021\/#organization"},"image":{"@id":"https:\/\/canal7slp.tv\/2021\/representantes-partidistas-piden-en-el-ceepac-reforzar-vigilancia-en-casillas\/#primaryimage"},"thumbnailUrl":"https:\/\/canal7slp.tv\/2021\/wp-content\/uploads\/2021\/06\/Neri.jpg","articleSection":["DECI21\u00d3N","LOCALES Y REGIONALES"],"inLanguage":"es"},{"@type":"WebPage","@id":"https:\/\/canal7slp.tv\/2021\/representantes-partidistas-piden-en-el-ceepac-reforzar-vigilancia-en-casillas\/","url":"https:\/\/canal7slp.tv\/2021\/representantes-partidistas-piden-en-el-ceepac-reforzar-vigilancia-en-casillas\/","name":"Representantes partidistas piden en el Ceepac reforzar vigilancia en casillas - Canal 7 SLP - 2021","isPartOf":{"@id":"https:\/\/canal7slp.tv\/2021\/#website"},"primaryImageOfPage":{"@id":"https:\/\/canal7slp.tv\/2021\/representantes-partidistas-piden-en-el-ceepac-reforzar-vigilancia-en-casillas\/#primaryimage"},"image":{"@id":"https:\/\/canal7slp.tv\/2021\/representantes-partidistas-piden-en-el-ceepac-reforzar-vigilancia-en-casillas\/#primaryimage"},"thumbnailUrl":"https:\/\/canal7slp.tv\/2021\/wp-content\/uploads\/2021\/06\/Neri.jpg","datePublished":"2021-06-06T21:23:31+00:00","dateModified":"2021-06-06T23:54:55+00:00","breadcrumb":{"@id":"https:\/\/canal7slp.tv\/2021\/representantes-partidistas-piden-en-el-ceepac-reforzar-vigilancia-en-casillas\/#breadcrumb"},"inLanguage":"es","potentialAction":[{"@type":"ReadAction","target":["https:\/\/canal7slp.tv\/2021\/representantes-partidistas-piden-en-el-ceepac-reforzar-vigilancia-en-casillas\/"]}]},{"@type":"ImageObject","inLanguage":"es","@id":"https:\/\/canal7slp.tv\/2021\/representantes-partidistas-piden-en-el-ceepac-reforzar-vigilancia-en-casillas\/#primaryimage","url":"https:\/\/canal7slp.tv\/2021\/wp-content\/uploads\/2021\/06\/Neri.jpg","contentUrl":"https:\/\/canal7slp.tv\/2021\/wp-content\/uploads\/2021\/06\/Neri.jpg","width":696,"height":423},{"@type":"BreadcrumbList","@id":"https:\/\/canal7slp.tv\/2021\/representantes-partidistas-piden-en-el-ceepac-reforzar-vigilancia-en-casillas\/#breadcrumb","itemListElement":[{"@type":"ListItem","position":1,"name":"Portada","item":"https:\/\/canal7slp.tv\/2021\/"},{"@type":"ListItem","position":2,"name":"Representantes partidistas piden en el Ceepac reforzar vigilancia en casillas"}]},{"@type":"WebSite","@id":"https:\/\/canal7slp.tv\/2021\/#website","url":"https:\/\/canal7slp.tv\/2021\/","name":"N7 - Noticieros Canal 7","description":"Somos Televisi\u00f3n","publisher":{"@id":"https:\/\/canal7slp.tv\/2021\/#organization"},"potentialAction":[{"@type":"SearchAction","target":{"@type":"EntryPoint","urlTemplate":"https:\/\/canal7slp.tv\/2021\/?s={search_term_string}"},"query-input":{"@type":"PropertyValueSpecification","valueRequired":true,"valueName":"search_term_string"}}],"inLanguage":"es"},{"@type":"Organization","@id":"https:\/\/canal7slp.tv\/2021\/#organization","name":"Noticieros Canal 7","url":"https:\/\/canal7slp.tv\/2021\/","logo":{"@type":"ImageObject","inLanguage":"es","@id":"https:\/\/canal7slp.tv\/2021\/#\/schema\/logo\/image\/","url":"https:\/\/canal7slp.tv\/2021\/wp-content\/uploads\/2021\/01\/logo-noticieros@2x.png","contentUrl":"https:\/\/canal7slp.tv\/2021\/wp-content\/uploads\/2021\/01\/logo-noticieros@2x.png","width":1017,"height":268,"caption":"Noticieros Canal 7"},"image":{"@id":"https:\/\/canal7slp.tv\/2021\/#\/schema\/logo\/image\/"},"sameAs":["https:\/\/www.facebook.com\/noticieroscanalsiete","https:\/\/x.com\/NOTICIEROS7","https:\/\/www.instagram.com\/canal7_slp","https:\/\/www.youtube.com\/channel\/UCliiYs-gP3JfJeqdPrNdd5A"]},{"@type":"Person","@id":"https:\/\/canal7slp.tv\/2021\/#\/schema\/person\/28a12b0491d3b6f41a854d062961bdc7","name":"Edici\u00f3n Web","image":{"@type":"ImageObject","inLanguage":"es","@id":"https:\/\/secure.gravatar.com\/avatar\/eee448fc3f7164808013b816ba91ac7e43bbe82a70bebac296f8bc6f0addaa1a?s=96&d=mm&r=g","url":"https:\/\/secure.gravatar.com\/avatar\/eee448fc3f7164808013b816ba91ac7e43bbe82a70bebac296f8bc6f0addaa1a?s=96&d=mm&r=g","contentUrl":"https:\/\/secure.gravatar.com\/avatar\/eee448fc3f7164808013b816ba91ac7e43bbe82a70bebac296f8bc6f0addaa1a?s=96&d=mm&r=g","caption":"Edici\u00f3n Web"},"url":"https:\/\/canal7slp.tv\/2021\/author\/edicionweb\/"}]}},"_links":{"self":[{"href":"https:\/\/canal7slp.tv\/2021\/wp-json\/wp\/v2\/posts\/19371","targetHints":{"allow":["GET"]}}],"collection":[{"href":"https:\/\/canal7slp.tv\/2021\/wp-json\/wp\/v2\/posts"}],"about":[{"href":"https:\/\/canal7slp.tv\/2021\/wp-json\/wp\/v2\/types\/post"}],"author":[{"embeddable":true,"href":"https:\/\/canal7slp.tv\/2021\/wp-json\/wp\/v2\/users\/2"}],"replies":[{"embeddable":true,"href":"https:\/\/canal7slp.tv\/2021\/wp-json\/wp\/v2\/comments?post=19371"}],"version-history":[{"count":1,"href":"https:\/\/canal7slp.tv\/2021\/wp-json\/wp\/v2\/posts\/19371\/revisions"}],"predecessor-version":[{"id":19373,"href":"https:\/\/canal7slp.tv\/2021\/wp-json\/wp\/v2\/posts\/19371\/revisions\/19373"}],"wp:featuredmedia":[{"embeddable":true,"href":"https:\/\/canal7slp.tv\/2021\/wp-json\/wp\/v2\/media\/19372"}],"wp:attachment":[{"href":"https:\/\/canal7slp.tv\/2021\/wp-json\/wp\/v2\/media?parent=19371"}],"wp:term":[{"taxonomy":"category","embeddable":true,"href":"https:\/\/canal7slp.tv\/2021\/wp-json\/wp\/v2\/categories?post=19371"},{"taxonomy":"post_tag","embeddable":true,"href":"https:\/\/canal7slp.tv\/2021\/wp-json\/wp\/v2\/tags?post=19371"}],"curies":[{"name":"wp","href":"https:\/\/api.w.org\/{rel}","templated":true}]}}