{"id":19349,"date":"2021-06-06T13:30:27","date_gmt":"2021-06-06T19:30:27","guid":{"rendered":"https:\/\/canal7slp.tv\/2021\/?p=19349"},"modified":"2021-06-06T14:25:23","modified_gmt":"2021-06-06T20:25:23","slug":"niega-jefe-policiaco-soledense-detencion-de-representantes-perredistas","status":"publish","type":"post","link":"https:\/\/canal7slp.tv\/2021\/niega-jefe-policiaco-soledense-detencion-de-representantes-perredistas\/","title":{"rendered":"Niega jefe policiaco soledense detenci\u00f3n de representantes perredistas"},"content":{"rendered":"<p style=\"text-align: justify;\">SGS.- El director de Tr\u00e1nsito Municipal de Soledad, Mauricio Ordaz Flores inform\u00f3 que en lo que va de la jornada electoral se han remitido a tres personas a barandillas por alterar el orden p\u00fablico.<\/p>\n<p style=\"text-align: justify;\">Neg\u00f3 que se haya privado de la libertad a representantes de casilla del PRD de la casilla 1273 en la colonia la Lomita, por parte de elementos de seguridad p\u00fablica y asegur\u00f3 que las personas remitidos no pertenecen a ninguna afiliaci\u00f3n pol\u00edtica.<\/p>\n<p style=\"text-align: justify;\">\u00abNosotros no actuamos de una forma parcial, nuestro objetivo es que estas elecciones sean conducidas de una forma civilizada y dentro del marco de la legalidad\u00bb.<\/p>\n<p style=\"text-align: justify;\">Asimismo dijo que en la colonia San Jos\u00e9 hubo un altercado de automovilistas que fueron revisados por acudir en estado inconveniente.<\/p>\n","protected":false},"excerpt":{"rendered":"<p>SGS.- El director de Tr\u00e1nsito Municipal de Soledad, Mauricio Ordaz Flores inform\u00f3 que en lo que va de la jornada electoral se han remitido a tres personas a barandillas por alterar el orden p\u00fablico. Neg\u00f3 que se haya privado de la libertad a representantes de casilla del PRD de la casilla 1273 en la colonia la Lomita, por parte de elementos de seguridad p\u00fablica y asegur\u00f3 que las personas remitidos no pertenecen a ninguna afiliaci\u00f3n pol\u00edtica. \u00abNosotros no actuamos de una forma parcial, nuestro objetivo es que estas elecciones sean conducidas de una forma civilizada y dentro del marco de [&hellip;]<\/p>\n","protected":false},"author":2,"featured_media":19350,"comment_status":"closed","ping_status":"closed","sticky":false,"template":"","format":"standard","meta":{"footnotes":""},"categories":[392,45],"tags":[],"class_list":["post-19349","post","type-post","status-publish","format-standard","has-post-thumbnail","hentry","category-deci21on","category-localesyregionales","post--single"],"yoast_head":"<!-- This site is optimized with the Yoast SEO plugin v27.4 - https:\/\/yoast.com\/product\/yoast-seo-wordpress\/ -->\n<title>Niega jefe policiaco soledense detenci\u00f3n de representantes perredistas - Canal 7 SLP - 2021<\/title>\n<meta name=\"robots\" content=\"index, follow, max-snippet:-1, max-image-preview:large, max-video-preview:-1\" \/>\n<link rel=\"canonical\" href=\"https:\/\/canal7slp.tv\/2021\/niega-jefe-policiaco-soledense-detencion-de-representantes-perredistas\/\" \/>\n<meta property=\"og:locale\" content=\"es_ES\" \/>\n<meta property=\"og:type\" content=\"article\" \/>\n<meta property=\"og:title\" content=\"Niega jefe policiaco soledense detenci\u00f3n de representantes perredistas - Canal 7 SLP - 2021\" \/>\n<meta property=\"og:description\" content=\"SGS.- El director de Tr\u00e1nsito Municipal de Soledad, Mauricio Ordaz Flores inform\u00f3 que en lo que va de la jornada electoral se han remitido a tres personas a barandillas por alterar el orden p\u00fablico. Neg\u00f3 que se haya privado de la libertad a representantes de casilla del PRD de la casilla 1273 en la colonia la Lomita, por parte de elementos de seguridad p\u00fablica y asegur\u00f3 que las personas remitidos no pertenecen a ninguna afiliaci\u00f3n pol\u00edtica. \u00abNosotros no actuamos de una forma parcial, nuestro objetivo es que estas elecciones sean conducidas de una forma civilizada y dentro del marco de [&hellip;]\" \/>\n<meta property=\"og:url\" content=\"https:\/\/canal7slp.tv\/2021\/niega-jefe-policiaco-soledense-detencion-de-representantes-perredistas\/\" \/>\n<meta property=\"og:site_name\" content=\"Canal 7 SLP - 2021\" \/>\n<meta property=\"article:publisher\" content=\"https:\/\/www.facebook.com\/noticieroscanalsiete\" \/>\n<meta property=\"article:published_time\" content=\"2021-06-06T19:30:27+00:00\" \/>\n<meta property=\"article:modified_time\" content=\"2021-06-06T20:25:23+00:00\" \/>\n<meta property=\"og:image\" content=\"https:\/\/canal7slp.tv\/2021\/wp-content\/uploads\/2021\/06\/POliciaSGS.jpg\" \/>\n\t<meta property=\"og:image:width\" content=\"696\" \/>\n\t<meta property=\"og:image:height\" content=\"423\" \/>\n\t<meta property=\"og:image:type\" content=\"image\/jpeg\" \/>\n<meta name=\"author\" content=\"Edici\u00f3n Web\" \/>\n<meta name=\"twitter:card\" content=\"summary_large_image\" \/>\n<meta name=\"twitter:creator\" content=\"@NOTICIEROS7\" \/>\n<meta name=\"twitter:site\" content=\"@NOTICIEROS7\" \/>\n<meta name=\"twitter:label1\" content=\"Escrito por\" \/>\n\t<meta name=\"twitter:data1\" content=\"Edici\u00f3n Web\" \/>\n\t<meta name=\"twitter:label2\" content=\"Tiempo de lectura\" \/>\n\t<meta name=\"twitter:data2\" content=\"1 minuto\" \/>\n<script type=\"application\/ld+json\" class=\"yoast-schema-graph\">{\"@context\":\"https:\\\/\\\/schema.org\",\"@graph\":[{\"@type\":\"Article\",\"@id\":\"https:\\\/\\\/canal7slp.tv\\\/2021\\\/niega-jefe-policiaco-soledense-detencion-de-representantes-perredistas\\\/#article\",\"isPartOf\":{\"@id\":\"https:\\\/\\\/canal7slp.tv\\\/2021\\\/niega-jefe-policiaco-soledense-detencion-de-representantes-perredistas\\\/\"},\"author\":{\"name\":\"Edici\u00f3n Web\",\"@id\":\"https:\\\/\\\/canal7slp.tv\\\/2021\\\/#\\\/schema\\\/person\\\/28a12b0491d3b6f41a854d062961bdc7\"},\"headline\":\"Niega jefe policiaco soledense detenci\u00f3n de representantes perredistas\",\"datePublished\":\"2021-06-06T19:30:27+00:00\",\"dateModified\":\"2021-06-06T20:25:23+00:00\",\"mainEntityOfPage\":{\"@id\":\"https:\\\/\\\/canal7slp.tv\\\/2021\\\/niega-jefe-policiaco-soledense-detencion-de-representantes-perredistas\\\/\"},\"wordCount\":137,\"publisher\":{\"@id\":\"https:\\\/\\\/canal7slp.tv\\\/2021\\\/#organization\"},\"image\":{\"@id\":\"https:\\\/\\\/canal7slp.tv\\\/2021\\\/niega-jefe-policiaco-soledense-detencion-de-representantes-perredistas\\\/#primaryimage\"},\"thumbnailUrl\":\"https:\\\/\\\/canal7slp.tv\\\/2021\\\/wp-content\\\/uploads\\\/2021\\\/06\\\/POliciaSGS.jpg\",\"articleSection\":[\"DECI21\u00d3N\",\"LOCALES Y REGIONALES\"],\"inLanguage\":\"es\"},{\"@type\":\"WebPage\",\"@id\":\"https:\\\/\\\/canal7slp.tv\\\/2021\\\/niega-jefe-policiaco-soledense-detencion-de-representantes-perredistas\\\/\",\"url\":\"https:\\\/\\\/canal7slp.tv\\\/2021\\\/niega-jefe-policiaco-soledense-detencion-de-representantes-perredistas\\\/\",\"name\":\"Niega jefe policiaco soledense detenci\u00f3n de representantes perredistas - Canal 7 SLP - 2021\",\"isPartOf\":{\"@id\":\"https:\\\/\\\/canal7slp.tv\\\/2021\\\/#website\"},\"primaryImageOfPage\":{\"@id\":\"https:\\\/\\\/canal7slp.tv\\\/2021\\\/niega-jefe-policiaco-soledense-detencion-de-representantes-perredistas\\\/#primaryimage\"},\"image\":{\"@id\":\"https:\\\/\\\/canal7slp.tv\\\/2021\\\/niega-jefe-policiaco-soledense-detencion-de-representantes-perredistas\\\/#primaryimage\"},\"thumbnailUrl\":\"https:\\\/\\\/canal7slp.tv\\\/2021\\\/wp-content\\\/uploads\\\/2021\\\/06\\\/POliciaSGS.jpg\",\"datePublished\":\"2021-06-06T19:30:27+00:00\",\"dateModified\":\"2021-06-06T20:25:23+00:00\",\"breadcrumb\":{\"@id\":\"https:\\\/\\\/canal7slp.tv\\\/2021\\\/niega-jefe-policiaco-soledense-detencion-de-representantes-perredistas\\\/#breadcrumb\"},\"inLanguage\":\"es\",\"potentialAction\":[{\"@type\":\"ReadAction\",\"target\":[\"https:\\\/\\\/canal7slp.tv\\\/2021\\\/niega-jefe-policiaco-soledense-detencion-de-representantes-perredistas\\\/\"]}]},{\"@type\":\"ImageObject\",\"inLanguage\":\"es\",\"@id\":\"https:\\\/\\\/canal7slp.tv\\\/2021\\\/niega-jefe-policiaco-soledense-detencion-de-representantes-perredistas\\\/#primaryimage\",\"url\":\"https:\\\/\\\/canal7slp.tv\\\/2021\\\/wp-content\\\/uploads\\\/2021\\\/06\\\/POliciaSGS.jpg\",\"contentUrl\":\"https:\\\/\\\/canal7slp.tv\\\/2021\\\/wp-content\\\/uploads\\\/2021\\\/06\\\/POliciaSGS.jpg\",\"width\":696,\"height\":423},{\"@type\":\"BreadcrumbList\",\"@id\":\"https:\\\/\\\/canal7slp.tv\\\/2021\\\/niega-jefe-policiaco-soledense-detencion-de-representantes-perredistas\\\/#breadcrumb\",\"itemListElement\":[{\"@type\":\"ListItem\",\"position\":1,\"name\":\"Portada\",\"item\":\"https:\\\/\\\/canal7slp.tv\\\/2021\\\/\"},{\"@type\":\"ListItem\",\"position\":2,\"name\":\"Niega jefe policiaco soledense detenci\u00f3n de representantes perredistas\"}]},{\"@type\":\"WebSite\",\"@id\":\"https:\\\/\\\/canal7slp.tv\\\/2021\\\/#website\",\"url\":\"https:\\\/\\\/canal7slp.tv\\\/2021\\\/\",\"name\":\"N7 - Noticieros Canal 7\",\"description\":\"Somos Televisi\u00f3n\",\"publisher\":{\"@id\":\"https:\\\/\\\/canal7slp.tv\\\/2021\\\/#organization\"},\"potentialAction\":[{\"@type\":\"SearchAction\",\"target\":{\"@type\":\"EntryPoint\",\"urlTemplate\":\"https:\\\/\\\/canal7slp.tv\\\/2021\\\/?s={search_term_string}\"},\"query-input\":{\"@type\":\"PropertyValueSpecification\",\"valueRequired\":true,\"valueName\":\"search_term_string\"}}],\"inLanguage\":\"es\"},{\"@type\":\"Organization\",\"@id\":\"https:\\\/\\\/canal7slp.tv\\\/2021\\\/#organization\",\"name\":\"Noticieros Canal 7\",\"url\":\"https:\\\/\\\/canal7slp.tv\\\/2021\\\/\",\"logo\":{\"@type\":\"ImageObject\",\"inLanguage\":\"es\",\"@id\":\"https:\\\/\\\/canal7slp.tv\\\/2021\\\/#\\\/schema\\\/logo\\\/image\\\/\",\"url\":\"https:\\\/\\\/canal7slp.tv\\\/2021\\\/wp-content\\\/uploads\\\/2021\\\/01\\\/logo-noticieros@2x.png\",\"contentUrl\":\"https:\\\/\\\/canal7slp.tv\\\/2021\\\/wp-content\\\/uploads\\\/2021\\\/01\\\/logo-noticieros@2x.png\",\"width\":1017,\"height\":268,\"caption\":\"Noticieros Canal 7\"},\"image\":{\"@id\":\"https:\\\/\\\/canal7slp.tv\\\/2021\\\/#\\\/schema\\\/logo\\\/image\\\/\"},\"sameAs\":[\"https:\\\/\\\/www.facebook.com\\\/noticieroscanalsiete\",\"https:\\\/\\\/x.com\\\/NOTICIEROS7\",\"https:\\\/\\\/www.instagram.com\\\/canal7_slp\",\"https:\\\/\\\/www.youtube.com\\\/channel\\\/UCliiYs-gP3JfJeqdPrNdd5A\"]},{\"@type\":\"Person\",\"@id\":\"https:\\\/\\\/canal7slp.tv\\\/2021\\\/#\\\/schema\\\/person\\\/28a12b0491d3b6f41a854d062961bdc7\",\"name\":\"Edici\u00f3n Web\",\"image\":{\"@type\":\"ImageObject\",\"inLanguage\":\"es\",\"@id\":\"https:\\\/\\\/secure.gravatar.com\\\/avatar\\\/eee448fc3f7164808013b816ba91ac7e43bbe82a70bebac296f8bc6f0addaa1a?s=96&d=mm&r=g\",\"url\":\"https:\\\/\\\/secure.gravatar.com\\\/avatar\\\/eee448fc3f7164808013b816ba91ac7e43bbe82a70bebac296f8bc6f0addaa1a?s=96&d=mm&r=g\",\"contentUrl\":\"https:\\\/\\\/secure.gravatar.com\\\/avatar\\\/eee448fc3f7164808013b816ba91ac7e43bbe82a70bebac296f8bc6f0addaa1a?s=96&d=mm&r=g\",\"caption\":\"Edici\u00f3n Web\"},\"url\":\"https:\\\/\\\/canal7slp.tv\\\/2021\\\/author\\\/edicionweb\\\/\"}]}<\/script>\n<!-- \/ Yoast SEO plugin. -->","yoast_head_json":{"title":"Niega jefe policiaco soledense detenci\u00f3n de representantes perredistas - Canal 7 SLP - 2021","robots":{"index":"index","follow":"follow","max-snippet":"max-snippet:-1","max-image-preview":"max-image-preview:large","max-video-preview":"max-video-preview:-1"},"canonical":"https:\/\/canal7slp.tv\/2021\/niega-jefe-policiaco-soledense-detencion-de-representantes-perredistas\/","og_locale":"es_ES","og_type":"article","og_title":"Niega jefe policiaco soledense detenci\u00f3n de representantes perredistas - Canal 7 SLP - 2021","og_description":"SGS.- El director de Tr\u00e1nsito Municipal de Soledad, Mauricio Ordaz Flores inform\u00f3 que en lo que va de la jornada electoral se han remitido a tres personas a barandillas por alterar el orden p\u00fablico. Neg\u00f3 que se haya privado de la libertad a representantes de casilla del PRD de la casilla 1273 en la colonia la Lomita, por parte de elementos de seguridad p\u00fablica y asegur\u00f3 que las personas remitidos no pertenecen a ninguna afiliaci\u00f3n pol\u00edtica. \u00abNosotros no actuamos de una forma parcial, nuestro objetivo es que estas elecciones sean conducidas de una forma civilizada y dentro del marco de [&hellip;]","og_url":"https:\/\/canal7slp.tv\/2021\/niega-jefe-policiaco-soledense-detencion-de-representantes-perredistas\/","og_site_name":"Canal 7 SLP - 2021","article_publisher":"https:\/\/www.facebook.com\/noticieroscanalsiete","article_published_time":"2021-06-06T19:30:27+00:00","article_modified_time":"2021-06-06T20:25:23+00:00","og_image":[{"width":696,"height":423,"url":"https:\/\/canal7slp.tv\/2021\/wp-content\/uploads\/2021\/06\/POliciaSGS.jpg","type":"image\/jpeg"}],"author":"Edici\u00f3n Web","twitter_card":"summary_large_image","twitter_creator":"@NOTICIEROS7","twitter_site":"@NOTICIEROS7","twitter_misc":{"Escrito por":"Edici\u00f3n Web","Tiempo de lectura":"1 minuto"},"schema":{"@context":"https:\/\/schema.org","@graph":[{"@type":"Article","@id":"https:\/\/canal7slp.tv\/2021\/niega-jefe-policiaco-soledense-detencion-de-representantes-perredistas\/#article","isPartOf":{"@id":"https:\/\/canal7slp.tv\/2021\/niega-jefe-policiaco-soledense-detencion-de-representantes-perredistas\/"},"author":{"name":"Edici\u00f3n Web","@id":"https:\/\/canal7slp.tv\/2021\/#\/schema\/person\/28a12b0491d3b6f41a854d062961bdc7"},"headline":"Niega jefe policiaco soledense detenci\u00f3n de representantes perredistas","datePublished":"2021-06-06T19:30:27+00:00","dateModified":"2021-06-06T20:25:23+00:00","mainEntityOfPage":{"@id":"https:\/\/canal7slp.tv\/2021\/niega-jefe-policiaco-soledense-detencion-de-representantes-perredistas\/"},"wordCount":137,"publisher":{"@id":"https:\/\/canal7slp.tv\/2021\/#organization"},"image":{"@id":"https:\/\/canal7slp.tv\/2021\/niega-jefe-policiaco-soledense-detencion-de-representantes-perredistas\/#primaryimage"},"thumbnailUrl":"https:\/\/canal7slp.tv\/2021\/wp-content\/uploads\/2021\/06\/POliciaSGS.jpg","articleSection":["DECI21\u00d3N","LOCALES Y REGIONALES"],"inLanguage":"es"},{"@type":"WebPage","@id":"https:\/\/canal7slp.tv\/2021\/niega-jefe-policiaco-soledense-detencion-de-representantes-perredistas\/","url":"https:\/\/canal7slp.tv\/2021\/niega-jefe-policiaco-soledense-detencion-de-representantes-perredistas\/","name":"Niega jefe policiaco soledense detenci\u00f3n de representantes perredistas - Canal 7 SLP - 2021","isPartOf":{"@id":"https:\/\/canal7slp.tv\/2021\/#website"},"primaryImageOfPage":{"@id":"https:\/\/canal7slp.tv\/2021\/niega-jefe-policiaco-soledense-detencion-de-representantes-perredistas\/#primaryimage"},"image":{"@id":"https:\/\/canal7slp.tv\/2021\/niega-jefe-policiaco-soledense-detencion-de-representantes-perredistas\/#primaryimage"},"thumbnailUrl":"https:\/\/canal7slp.tv\/2021\/wp-content\/uploads\/2021\/06\/POliciaSGS.jpg","datePublished":"2021-06-06T19:30:27+00:00","dateModified":"2021-06-06T20:25:23+00:00","breadcrumb":{"@id":"https:\/\/canal7slp.tv\/2021\/niega-jefe-policiaco-soledense-detencion-de-representantes-perredistas\/#breadcrumb"},"inLanguage":"es","potentialAction":[{"@type":"ReadAction","target":["https:\/\/canal7slp.tv\/2021\/niega-jefe-policiaco-soledense-detencion-de-representantes-perredistas\/"]}]},{"@type":"ImageObject","inLanguage":"es","@id":"https:\/\/canal7slp.tv\/2021\/niega-jefe-policiaco-soledense-detencion-de-representantes-perredistas\/#primaryimage","url":"https:\/\/canal7slp.tv\/2021\/wp-content\/uploads\/2021\/06\/POliciaSGS.jpg","contentUrl":"https:\/\/canal7slp.tv\/2021\/wp-content\/uploads\/2021\/06\/POliciaSGS.jpg","width":696,"height":423},{"@type":"BreadcrumbList","@id":"https:\/\/canal7slp.tv\/2021\/niega-jefe-policiaco-soledense-detencion-de-representantes-perredistas\/#breadcrumb","itemListElement":[{"@type":"ListItem","position":1,"name":"Portada","item":"https:\/\/canal7slp.tv\/2021\/"},{"@type":"ListItem","position":2,"name":"Niega jefe policiaco soledense detenci\u00f3n de representantes perredistas"}]},{"@type":"WebSite","@id":"https:\/\/canal7slp.tv\/2021\/#website","url":"https:\/\/canal7slp.tv\/2021\/","name":"N7 - Noticieros Canal 7","description":"Somos Televisi\u00f3n","publisher":{"@id":"https:\/\/canal7slp.tv\/2021\/#organization"},"potentialAction":[{"@type":"SearchAction","target":{"@type":"EntryPoint","urlTemplate":"https:\/\/canal7slp.tv\/2021\/?s={search_term_string}"},"query-input":{"@type":"PropertyValueSpecification","valueRequired":true,"valueName":"search_term_string"}}],"inLanguage":"es"},{"@type":"Organization","@id":"https:\/\/canal7slp.tv\/2021\/#organization","name":"Noticieros Canal 7","url":"https:\/\/canal7slp.tv\/2021\/","logo":{"@type":"ImageObject","inLanguage":"es","@id":"https:\/\/canal7slp.tv\/2021\/#\/schema\/logo\/image\/","url":"https:\/\/canal7slp.tv\/2021\/wp-content\/uploads\/2021\/01\/logo-noticieros@2x.png","contentUrl":"https:\/\/canal7slp.tv\/2021\/wp-content\/uploads\/2021\/01\/logo-noticieros@2x.png","width":1017,"height":268,"caption":"Noticieros Canal 7"},"image":{"@id":"https:\/\/canal7slp.tv\/2021\/#\/schema\/logo\/image\/"},"sameAs":["https:\/\/www.facebook.com\/noticieroscanalsiete","https:\/\/x.com\/NOTICIEROS7","https:\/\/www.instagram.com\/canal7_slp","https:\/\/www.youtube.com\/channel\/UCliiYs-gP3JfJeqdPrNdd5A"]},{"@type":"Person","@id":"https:\/\/canal7slp.tv\/2021\/#\/schema\/person\/28a12b0491d3b6f41a854d062961bdc7","name":"Edici\u00f3n Web","image":{"@type":"ImageObject","inLanguage":"es","@id":"https:\/\/secure.gravatar.com\/avatar\/eee448fc3f7164808013b816ba91ac7e43bbe82a70bebac296f8bc6f0addaa1a?s=96&d=mm&r=g","url":"https:\/\/secure.gravatar.com\/avatar\/eee448fc3f7164808013b816ba91ac7e43bbe82a70bebac296f8bc6f0addaa1a?s=96&d=mm&r=g","contentUrl":"https:\/\/secure.gravatar.com\/avatar\/eee448fc3f7164808013b816ba91ac7e43bbe82a70bebac296f8bc6f0addaa1a?s=96&d=mm&r=g","caption":"Edici\u00f3n Web"},"url":"https:\/\/canal7slp.tv\/2021\/author\/edicionweb\/"}]}},"_links":{"self":[{"href":"https:\/\/canal7slp.tv\/2021\/wp-json\/wp\/v2\/posts\/19349","targetHints":{"allow":["GET"]}}],"collection":[{"href":"https:\/\/canal7slp.tv\/2021\/wp-json\/wp\/v2\/posts"}],"about":[{"href":"https:\/\/canal7slp.tv\/2021\/wp-json\/wp\/v2\/types\/post"}],"author":[{"embeddable":true,"href":"https:\/\/canal7slp.tv\/2021\/wp-json\/wp\/v2\/users\/2"}],"replies":[{"embeddable":true,"href":"https:\/\/canal7slp.tv\/2021\/wp-json\/wp\/v2\/comments?post=19349"}],"version-history":[{"count":1,"href":"https:\/\/canal7slp.tv\/2021\/wp-json\/wp\/v2\/posts\/19349\/revisions"}],"predecessor-version":[{"id":19351,"href":"https:\/\/canal7slp.tv\/2021\/wp-json\/wp\/v2\/posts\/19349\/revisions\/19351"}],"wp:featuredmedia":[{"embeddable":true,"href":"https:\/\/canal7slp.tv\/2021\/wp-json\/wp\/v2\/media\/19350"}],"wp:attachment":[{"href":"https:\/\/canal7slp.tv\/2021\/wp-json\/wp\/v2\/media?parent=19349"}],"wp:term":[{"taxonomy":"category","embeddable":true,"href":"https:\/\/canal7slp.tv\/2021\/wp-json\/wp\/v2\/categories?post=19349"},{"taxonomy":"post_tag","embeddable":true,"href":"https:\/\/canal7slp.tv\/2021\/wp-json\/wp\/v2\/tags?post=19349"}],"curies":[{"name":"wp","href":"https:\/\/api.w.org\/{rel}","templated":true}]}}