{"id":19339,"date":"2021-06-06T13:10:23","date_gmt":"2021-06-06T19:10:23","guid":{"rendered":"https:\/\/canal7slp.tv\/2021\/?p=19339"},"modified":"2021-06-06T14:25:23","modified_gmt":"2021-06-06T20:25:23","slug":"minimiza-ceepac-retraso-en-apertura-de-casillas-y-justifica-que-largas-filas-son-por-medidas-anticovid","status":"publish","type":"post","link":"https:\/\/canal7slp.tv\/2021\/minimiza-ceepac-retraso-en-apertura-de-casillas-y-justifica-que-largas-filas-son-por-medidas-anticovid\/","title":{"rendered":"Minimiza Ceepac retraso en apertura de casillas y justifica que largas filas son por medidas anticovid"},"content":{"rendered":"<p style=\"text-align: justify;\">SLP.- Derivado de las medidas sanitarias aplicadas por la Covid-19, las filas para acceder a votar se observan extensas porque solo ingresan cierto n\u00famero de personas a las casillas. Asimismo, es bajo el porcentaje de inasistencia de funcionarios de casilla, valoraron integrantes del Consejo Estatal Electoral y de Participaci\u00f3n Ciudadana (Ceepac).<\/p>\n<p style=\"text-align: justify;\">Al respecto, Silvia del Carmen Mart\u00ednez M\u00e9ndez, secretaria ejecutiva del Ceepac, dijo que m\u00e1s del 80 por ciento de casillas ya estaban instaladas pasadas de las 11:30 horas, cuyo porcentaje consider\u00f3 favorable.<\/p>\n<p style=\"text-align: justify;\">A\u00f1adi\u00f3 que si bien la tardanza en ingresar a las urnas puede desanimar a la poblaci\u00f3n, conmin\u00f3 a tener un poco de tolerancia porque el establecimiento de protocolos sanitarios busca proteger la salud de todos los asistentes.<\/p>\n<p style=\"text-align: justify;\">\u00abSe le hizo mucho hincapi\u00e9 a la ciudadan\u00eda en general, que esta jornada iba a ser un poquito diferente a las anteriores, sobre todo por las medidas de seguridad y temas de Covid\u00bb, coment\u00f3.<\/p>\n<p style=\"text-align: justify;\">Entrevistada por separado, Laura Elena Fonseca Leal, consejera presidenta del Ceepac dijo que mientras en ciertas casillas se reporta agilidad, en otras hay mayor lentitud, sobre todo, las especiales.<\/p>\n<p style=\"text-align: justify;\">Evalu\u00f3 como normal que las y los funcionarios de casillas hayan faltado, dado que en cada proceso electoral suele presentarse dicho fen\u00f3meno. \u00abCreo que no estamos en una situaci\u00f3n extrema. Las personas van a poder acudir a votar\u00bb.<\/p>\n<p style=\"text-align: justify;\">\u00abLlevamos un promedio (instalaci\u00f3n de casillas) de lo que sucede normalmente y a esto hay que agregarle la situaci\u00f3n de pandemia. Hay que entender que tambi\u00e9n, la pandemia es algo que se debe de considerar para este proceso electoral\u00bb, remat\u00f3.<\/p>\n","protected":false},"excerpt":{"rendered":"<p>SLP.- Derivado de las medidas sanitarias aplicadas por la Covid-19, las filas para acceder a votar se observan extensas porque solo ingresan cierto n\u00famero de personas a las casillas. Asimismo, es bajo el porcentaje de inasistencia de funcionarios de casilla, valoraron integrantes del Consejo Estatal Electoral y de Participaci\u00f3n Ciudadana (Ceepac). Al respecto, Silvia del Carmen Mart\u00ednez M\u00e9ndez, secretaria ejecutiva del Ceepac, dijo que m\u00e1s del 80 por ciento de casillas ya estaban instaladas pasadas de las 11:30 horas, cuyo porcentaje consider\u00f3 favorable. A\u00f1adi\u00f3 que si bien la tardanza en ingresar a las urnas puede desanimar a la poblaci\u00f3n, conmin\u00f3 [&hellip;]<\/p>\n","protected":false},"author":2,"featured_media":19340,"comment_status":"closed","ping_status":"closed","sticky":false,"template":"","format":"standard","meta":{"footnotes":""},"categories":[392,45],"tags":[],"class_list":["post-19339","post","type-post","status-publish","format-standard","has-post-thumbnail","hentry","category-deci21on","category-localesyregionales","post--single"],"yoast_head":"<!-- This site is optimized with the Yoast SEO plugin v27.4 - https:\/\/yoast.com\/product\/yoast-seo-wordpress\/ -->\n<title>Minimiza Ceepac retraso en apertura de casillas y justifica que largas filas son por medidas anticovid - Canal 7 SLP - 2021<\/title>\n<meta name=\"robots\" content=\"index, follow, max-snippet:-1, max-image-preview:large, max-video-preview:-1\" \/>\n<link rel=\"canonical\" href=\"https:\/\/canal7slp.tv\/2021\/minimiza-ceepac-retraso-en-apertura-de-casillas-y-justifica-que-largas-filas-son-por-medidas-anticovid\/\" \/>\n<meta property=\"og:locale\" content=\"es_ES\" \/>\n<meta property=\"og:type\" content=\"article\" \/>\n<meta property=\"og:title\" content=\"Minimiza Ceepac retraso en apertura de casillas y justifica que largas filas son por medidas anticovid - Canal 7 SLP - 2021\" \/>\n<meta property=\"og:description\" content=\"SLP.- Derivado de las medidas sanitarias aplicadas por la Covid-19, las filas para acceder a votar se observan extensas porque solo ingresan cierto n\u00famero de personas a las casillas. Asimismo, es bajo el porcentaje de inasistencia de funcionarios de casilla, valoraron integrantes del Consejo Estatal Electoral y de Participaci\u00f3n Ciudadana (Ceepac). Al respecto, Silvia del Carmen Mart\u00ednez M\u00e9ndez, secretaria ejecutiva del Ceepac, dijo que m\u00e1s del 80 por ciento de casillas ya estaban instaladas pasadas de las 11:30 horas, cuyo porcentaje consider\u00f3 favorable. A\u00f1adi\u00f3 que si bien la tardanza en ingresar a las urnas puede desanimar a la poblaci\u00f3n, conmin\u00f3 [&hellip;]\" \/>\n<meta property=\"og:url\" content=\"https:\/\/canal7slp.tv\/2021\/minimiza-ceepac-retraso-en-apertura-de-casillas-y-justifica-que-largas-filas-son-por-medidas-anticovid\/\" \/>\n<meta property=\"og:site_name\" content=\"Canal 7 SLP - 2021\" \/>\n<meta property=\"article:publisher\" content=\"https:\/\/www.facebook.com\/noticieroscanalsiete\" \/>\n<meta property=\"article:published_time\" content=\"2021-06-06T19:10:23+00:00\" \/>\n<meta property=\"article:modified_time\" content=\"2021-06-06T20:25:23+00:00\" \/>\n<meta property=\"og:image\" content=\"https:\/\/canal7slp.tv\/2021\/wp-content\/uploads\/2021\/06\/Fonsecaretrasocasillas.jpg\" \/>\n\t<meta property=\"og:image:width\" content=\"696\" \/>\n\t<meta property=\"og:image:height\" content=\"423\" \/>\n\t<meta property=\"og:image:type\" content=\"image\/jpeg\" \/>\n<meta name=\"author\" content=\"Edici\u00f3n Web\" \/>\n<meta name=\"twitter:card\" content=\"summary_large_image\" \/>\n<meta name=\"twitter:creator\" content=\"@NOTICIEROS7\" \/>\n<meta name=\"twitter:site\" content=\"@NOTICIEROS7\" \/>\n<meta name=\"twitter:label1\" content=\"Escrito por\" \/>\n\t<meta name=\"twitter:data1\" content=\"Edici\u00f3n Web\" \/>\n\t<meta name=\"twitter:label2\" content=\"Tiempo de lectura\" \/>\n\t<meta name=\"twitter:data2\" content=\"2 minutos\" \/>\n<script type=\"application\/ld+json\" class=\"yoast-schema-graph\">{\"@context\":\"https:\\\/\\\/schema.org\",\"@graph\":[{\"@type\":\"Article\",\"@id\":\"https:\\\/\\\/canal7slp.tv\\\/2021\\\/minimiza-ceepac-retraso-en-apertura-de-casillas-y-justifica-que-largas-filas-son-por-medidas-anticovid\\\/#article\",\"isPartOf\":{\"@id\":\"https:\\\/\\\/canal7slp.tv\\\/2021\\\/minimiza-ceepac-retraso-en-apertura-de-casillas-y-justifica-que-largas-filas-son-por-medidas-anticovid\\\/\"},\"author\":{\"name\":\"Edici\u00f3n Web\",\"@id\":\"https:\\\/\\\/canal7slp.tv\\\/2021\\\/#\\\/schema\\\/person\\\/28a12b0491d3b6f41a854d062961bdc7\"},\"headline\":\"Minimiza Ceepac retraso en apertura de casillas y justifica que largas filas son por medidas anticovid\",\"datePublished\":\"2021-06-06T19:10:23+00:00\",\"dateModified\":\"2021-06-06T20:25:23+00:00\",\"mainEntityOfPage\":{\"@id\":\"https:\\\/\\\/canal7slp.tv\\\/2021\\\/minimiza-ceepac-retraso-en-apertura-de-casillas-y-justifica-que-largas-filas-son-por-medidas-anticovid\\\/\"},\"wordCount\":289,\"publisher\":{\"@id\":\"https:\\\/\\\/canal7slp.tv\\\/2021\\\/#organization\"},\"image\":{\"@id\":\"https:\\\/\\\/canal7slp.tv\\\/2021\\\/minimiza-ceepac-retraso-en-apertura-de-casillas-y-justifica-que-largas-filas-son-por-medidas-anticovid\\\/#primaryimage\"},\"thumbnailUrl\":\"https:\\\/\\\/canal7slp.tv\\\/2021\\\/wp-content\\\/uploads\\\/2021\\\/06\\\/Fonsecaretrasocasillas.jpg\",\"articleSection\":[\"DECI21\u00d3N\",\"LOCALES Y REGIONALES\"],\"inLanguage\":\"es\"},{\"@type\":\"WebPage\",\"@id\":\"https:\\\/\\\/canal7slp.tv\\\/2021\\\/minimiza-ceepac-retraso-en-apertura-de-casillas-y-justifica-que-largas-filas-son-por-medidas-anticovid\\\/\",\"url\":\"https:\\\/\\\/canal7slp.tv\\\/2021\\\/minimiza-ceepac-retraso-en-apertura-de-casillas-y-justifica-que-largas-filas-son-por-medidas-anticovid\\\/\",\"name\":\"Minimiza Ceepac retraso en apertura de casillas y justifica que largas filas son por medidas anticovid - Canal 7 SLP - 2021\",\"isPartOf\":{\"@id\":\"https:\\\/\\\/canal7slp.tv\\\/2021\\\/#website\"},\"primaryImageOfPage\":{\"@id\":\"https:\\\/\\\/canal7slp.tv\\\/2021\\\/minimiza-ceepac-retraso-en-apertura-de-casillas-y-justifica-que-largas-filas-son-por-medidas-anticovid\\\/#primaryimage\"},\"image\":{\"@id\":\"https:\\\/\\\/canal7slp.tv\\\/2021\\\/minimiza-ceepac-retraso-en-apertura-de-casillas-y-justifica-que-largas-filas-son-por-medidas-anticovid\\\/#primaryimage\"},\"thumbnailUrl\":\"https:\\\/\\\/canal7slp.tv\\\/2021\\\/wp-content\\\/uploads\\\/2021\\\/06\\\/Fonsecaretrasocasillas.jpg\",\"datePublished\":\"2021-06-06T19:10:23+00:00\",\"dateModified\":\"2021-06-06T20:25:23+00:00\",\"breadcrumb\":{\"@id\":\"https:\\\/\\\/canal7slp.tv\\\/2021\\\/minimiza-ceepac-retraso-en-apertura-de-casillas-y-justifica-que-largas-filas-son-por-medidas-anticovid\\\/#breadcrumb\"},\"inLanguage\":\"es\",\"potentialAction\":[{\"@type\":\"ReadAction\",\"target\":[\"https:\\\/\\\/canal7slp.tv\\\/2021\\\/minimiza-ceepac-retraso-en-apertura-de-casillas-y-justifica-que-largas-filas-son-por-medidas-anticovid\\\/\"]}]},{\"@type\":\"ImageObject\",\"inLanguage\":\"es\",\"@id\":\"https:\\\/\\\/canal7slp.tv\\\/2021\\\/minimiza-ceepac-retraso-en-apertura-de-casillas-y-justifica-que-largas-filas-son-por-medidas-anticovid\\\/#primaryimage\",\"url\":\"https:\\\/\\\/canal7slp.tv\\\/2021\\\/wp-content\\\/uploads\\\/2021\\\/06\\\/Fonsecaretrasocasillas.jpg\",\"contentUrl\":\"https:\\\/\\\/canal7slp.tv\\\/2021\\\/wp-content\\\/uploads\\\/2021\\\/06\\\/Fonsecaretrasocasillas.jpg\",\"width\":696,\"height\":423},{\"@type\":\"BreadcrumbList\",\"@id\":\"https:\\\/\\\/canal7slp.tv\\\/2021\\\/minimiza-ceepac-retraso-en-apertura-de-casillas-y-justifica-que-largas-filas-son-por-medidas-anticovid\\\/#breadcrumb\",\"itemListElement\":[{\"@type\":\"ListItem\",\"position\":1,\"name\":\"Portada\",\"item\":\"https:\\\/\\\/canal7slp.tv\\\/2021\\\/\"},{\"@type\":\"ListItem\",\"position\":2,\"name\":\"Minimiza Ceepac retraso en apertura de casillas y justifica que largas filas son por medidas anticovid\"}]},{\"@type\":\"WebSite\",\"@id\":\"https:\\\/\\\/canal7slp.tv\\\/2021\\\/#website\",\"url\":\"https:\\\/\\\/canal7slp.tv\\\/2021\\\/\",\"name\":\"N7 - Noticieros Canal 7\",\"description\":\"Somos Televisi\u00f3n\",\"publisher\":{\"@id\":\"https:\\\/\\\/canal7slp.tv\\\/2021\\\/#organization\"},\"potentialAction\":[{\"@type\":\"SearchAction\",\"target\":{\"@type\":\"EntryPoint\",\"urlTemplate\":\"https:\\\/\\\/canal7slp.tv\\\/2021\\\/?s={search_term_string}\"},\"query-input\":{\"@type\":\"PropertyValueSpecification\",\"valueRequired\":true,\"valueName\":\"search_term_string\"}}],\"inLanguage\":\"es\"},{\"@type\":\"Organization\",\"@id\":\"https:\\\/\\\/canal7slp.tv\\\/2021\\\/#organization\",\"name\":\"Noticieros Canal 7\",\"url\":\"https:\\\/\\\/canal7slp.tv\\\/2021\\\/\",\"logo\":{\"@type\":\"ImageObject\",\"inLanguage\":\"es\",\"@id\":\"https:\\\/\\\/canal7slp.tv\\\/2021\\\/#\\\/schema\\\/logo\\\/image\\\/\",\"url\":\"https:\\\/\\\/canal7slp.tv\\\/2021\\\/wp-content\\\/uploads\\\/2021\\\/01\\\/logo-noticieros@2x.png\",\"contentUrl\":\"https:\\\/\\\/canal7slp.tv\\\/2021\\\/wp-content\\\/uploads\\\/2021\\\/01\\\/logo-noticieros@2x.png\",\"width\":1017,\"height\":268,\"caption\":\"Noticieros Canal 7\"},\"image\":{\"@id\":\"https:\\\/\\\/canal7slp.tv\\\/2021\\\/#\\\/schema\\\/logo\\\/image\\\/\"},\"sameAs\":[\"https:\\\/\\\/www.facebook.com\\\/noticieroscanalsiete\",\"https:\\\/\\\/x.com\\\/NOTICIEROS7\",\"https:\\\/\\\/www.instagram.com\\\/canal7_slp\",\"https:\\\/\\\/www.youtube.com\\\/channel\\\/UCliiYs-gP3JfJeqdPrNdd5A\"]},{\"@type\":\"Person\",\"@id\":\"https:\\\/\\\/canal7slp.tv\\\/2021\\\/#\\\/schema\\\/person\\\/28a12b0491d3b6f41a854d062961bdc7\",\"name\":\"Edici\u00f3n Web\",\"image\":{\"@type\":\"ImageObject\",\"inLanguage\":\"es\",\"@id\":\"https:\\\/\\\/secure.gravatar.com\\\/avatar\\\/eee448fc3f7164808013b816ba91ac7e43bbe82a70bebac296f8bc6f0addaa1a?s=96&d=mm&r=g\",\"url\":\"https:\\\/\\\/secure.gravatar.com\\\/avatar\\\/eee448fc3f7164808013b816ba91ac7e43bbe82a70bebac296f8bc6f0addaa1a?s=96&d=mm&r=g\",\"contentUrl\":\"https:\\\/\\\/secure.gravatar.com\\\/avatar\\\/eee448fc3f7164808013b816ba91ac7e43bbe82a70bebac296f8bc6f0addaa1a?s=96&d=mm&r=g\",\"caption\":\"Edici\u00f3n Web\"},\"url\":\"https:\\\/\\\/canal7slp.tv\\\/2021\\\/author\\\/edicionweb\\\/\"}]}<\/script>\n<!-- \/ Yoast SEO plugin. -->","yoast_head_json":{"title":"Minimiza Ceepac retraso en apertura de casillas y justifica que largas filas son por medidas anticovid - Canal 7 SLP - 2021","robots":{"index":"index","follow":"follow","max-snippet":"max-snippet:-1","max-image-preview":"max-image-preview:large","max-video-preview":"max-video-preview:-1"},"canonical":"https:\/\/canal7slp.tv\/2021\/minimiza-ceepac-retraso-en-apertura-de-casillas-y-justifica-que-largas-filas-son-por-medidas-anticovid\/","og_locale":"es_ES","og_type":"article","og_title":"Minimiza Ceepac retraso en apertura de casillas y justifica que largas filas son por medidas anticovid - Canal 7 SLP - 2021","og_description":"SLP.- Derivado de las medidas sanitarias aplicadas por la Covid-19, las filas para acceder a votar se observan extensas porque solo ingresan cierto n\u00famero de personas a las casillas. Asimismo, es bajo el porcentaje de inasistencia de funcionarios de casilla, valoraron integrantes del Consejo Estatal Electoral y de Participaci\u00f3n Ciudadana (Ceepac). Al respecto, Silvia del Carmen Mart\u00ednez M\u00e9ndez, secretaria ejecutiva del Ceepac, dijo que m\u00e1s del 80 por ciento de casillas ya estaban instaladas pasadas de las 11:30 horas, cuyo porcentaje consider\u00f3 favorable. A\u00f1adi\u00f3 que si bien la tardanza en ingresar a las urnas puede desanimar a la poblaci\u00f3n, conmin\u00f3 [&hellip;]","og_url":"https:\/\/canal7slp.tv\/2021\/minimiza-ceepac-retraso-en-apertura-de-casillas-y-justifica-que-largas-filas-son-por-medidas-anticovid\/","og_site_name":"Canal 7 SLP - 2021","article_publisher":"https:\/\/www.facebook.com\/noticieroscanalsiete","article_published_time":"2021-06-06T19:10:23+00:00","article_modified_time":"2021-06-06T20:25:23+00:00","og_image":[{"width":696,"height":423,"url":"https:\/\/canal7slp.tv\/2021\/wp-content\/uploads\/2021\/06\/Fonsecaretrasocasillas.jpg","type":"image\/jpeg"}],"author":"Edici\u00f3n Web","twitter_card":"summary_large_image","twitter_creator":"@NOTICIEROS7","twitter_site":"@NOTICIEROS7","twitter_misc":{"Escrito por":"Edici\u00f3n Web","Tiempo de lectura":"2 minutos"},"schema":{"@context":"https:\/\/schema.org","@graph":[{"@type":"Article","@id":"https:\/\/canal7slp.tv\/2021\/minimiza-ceepac-retraso-en-apertura-de-casillas-y-justifica-que-largas-filas-son-por-medidas-anticovid\/#article","isPartOf":{"@id":"https:\/\/canal7slp.tv\/2021\/minimiza-ceepac-retraso-en-apertura-de-casillas-y-justifica-que-largas-filas-son-por-medidas-anticovid\/"},"author":{"name":"Edici\u00f3n Web","@id":"https:\/\/canal7slp.tv\/2021\/#\/schema\/person\/28a12b0491d3b6f41a854d062961bdc7"},"headline":"Minimiza Ceepac retraso en apertura de casillas y justifica que largas filas son por medidas anticovid","datePublished":"2021-06-06T19:10:23+00:00","dateModified":"2021-06-06T20:25:23+00:00","mainEntityOfPage":{"@id":"https:\/\/canal7slp.tv\/2021\/minimiza-ceepac-retraso-en-apertura-de-casillas-y-justifica-que-largas-filas-son-por-medidas-anticovid\/"},"wordCount":289,"publisher":{"@id":"https:\/\/canal7slp.tv\/2021\/#organization"},"image":{"@id":"https:\/\/canal7slp.tv\/2021\/minimiza-ceepac-retraso-en-apertura-de-casillas-y-justifica-que-largas-filas-son-por-medidas-anticovid\/#primaryimage"},"thumbnailUrl":"https:\/\/canal7slp.tv\/2021\/wp-content\/uploads\/2021\/06\/Fonsecaretrasocasillas.jpg","articleSection":["DECI21\u00d3N","LOCALES Y REGIONALES"],"inLanguage":"es"},{"@type":"WebPage","@id":"https:\/\/canal7slp.tv\/2021\/minimiza-ceepac-retraso-en-apertura-de-casillas-y-justifica-que-largas-filas-son-por-medidas-anticovid\/","url":"https:\/\/canal7slp.tv\/2021\/minimiza-ceepac-retraso-en-apertura-de-casillas-y-justifica-que-largas-filas-son-por-medidas-anticovid\/","name":"Minimiza Ceepac retraso en apertura de casillas y justifica que largas filas son por medidas anticovid - Canal 7 SLP - 2021","isPartOf":{"@id":"https:\/\/canal7slp.tv\/2021\/#website"},"primaryImageOfPage":{"@id":"https:\/\/canal7slp.tv\/2021\/minimiza-ceepac-retraso-en-apertura-de-casillas-y-justifica-que-largas-filas-son-por-medidas-anticovid\/#primaryimage"},"image":{"@id":"https:\/\/canal7slp.tv\/2021\/minimiza-ceepac-retraso-en-apertura-de-casillas-y-justifica-que-largas-filas-son-por-medidas-anticovid\/#primaryimage"},"thumbnailUrl":"https:\/\/canal7slp.tv\/2021\/wp-content\/uploads\/2021\/06\/Fonsecaretrasocasillas.jpg","datePublished":"2021-06-06T19:10:23+00:00","dateModified":"2021-06-06T20:25:23+00:00","breadcrumb":{"@id":"https:\/\/canal7slp.tv\/2021\/minimiza-ceepac-retraso-en-apertura-de-casillas-y-justifica-que-largas-filas-son-por-medidas-anticovid\/#breadcrumb"},"inLanguage":"es","potentialAction":[{"@type":"ReadAction","target":["https:\/\/canal7slp.tv\/2021\/minimiza-ceepac-retraso-en-apertura-de-casillas-y-justifica-que-largas-filas-son-por-medidas-anticovid\/"]}]},{"@type":"ImageObject","inLanguage":"es","@id":"https:\/\/canal7slp.tv\/2021\/minimiza-ceepac-retraso-en-apertura-de-casillas-y-justifica-que-largas-filas-son-por-medidas-anticovid\/#primaryimage","url":"https:\/\/canal7slp.tv\/2021\/wp-content\/uploads\/2021\/06\/Fonsecaretrasocasillas.jpg","contentUrl":"https:\/\/canal7slp.tv\/2021\/wp-content\/uploads\/2021\/06\/Fonsecaretrasocasillas.jpg","width":696,"height":423},{"@type":"BreadcrumbList","@id":"https:\/\/canal7slp.tv\/2021\/minimiza-ceepac-retraso-en-apertura-de-casillas-y-justifica-que-largas-filas-son-por-medidas-anticovid\/#breadcrumb","itemListElement":[{"@type":"ListItem","position":1,"name":"Portada","item":"https:\/\/canal7slp.tv\/2021\/"},{"@type":"ListItem","position":2,"name":"Minimiza Ceepac retraso en apertura de casillas y justifica que largas filas son por medidas anticovid"}]},{"@type":"WebSite","@id":"https:\/\/canal7slp.tv\/2021\/#website","url":"https:\/\/canal7slp.tv\/2021\/","name":"N7 - Noticieros Canal 7","description":"Somos Televisi\u00f3n","publisher":{"@id":"https:\/\/canal7slp.tv\/2021\/#organization"},"potentialAction":[{"@type":"SearchAction","target":{"@type":"EntryPoint","urlTemplate":"https:\/\/canal7slp.tv\/2021\/?s={search_term_string}"},"query-input":{"@type":"PropertyValueSpecification","valueRequired":true,"valueName":"search_term_string"}}],"inLanguage":"es"},{"@type":"Organization","@id":"https:\/\/canal7slp.tv\/2021\/#organization","name":"Noticieros Canal 7","url":"https:\/\/canal7slp.tv\/2021\/","logo":{"@type":"ImageObject","inLanguage":"es","@id":"https:\/\/canal7slp.tv\/2021\/#\/schema\/logo\/image\/","url":"https:\/\/canal7slp.tv\/2021\/wp-content\/uploads\/2021\/01\/logo-noticieros@2x.png","contentUrl":"https:\/\/canal7slp.tv\/2021\/wp-content\/uploads\/2021\/01\/logo-noticieros@2x.png","width":1017,"height":268,"caption":"Noticieros Canal 7"},"image":{"@id":"https:\/\/canal7slp.tv\/2021\/#\/schema\/logo\/image\/"},"sameAs":["https:\/\/www.facebook.com\/noticieroscanalsiete","https:\/\/x.com\/NOTICIEROS7","https:\/\/www.instagram.com\/canal7_slp","https:\/\/www.youtube.com\/channel\/UCliiYs-gP3JfJeqdPrNdd5A"]},{"@type":"Person","@id":"https:\/\/canal7slp.tv\/2021\/#\/schema\/person\/28a12b0491d3b6f41a854d062961bdc7","name":"Edici\u00f3n Web","image":{"@type":"ImageObject","inLanguage":"es","@id":"https:\/\/secure.gravatar.com\/avatar\/eee448fc3f7164808013b816ba91ac7e43bbe82a70bebac296f8bc6f0addaa1a?s=96&d=mm&r=g","url":"https:\/\/secure.gravatar.com\/avatar\/eee448fc3f7164808013b816ba91ac7e43bbe82a70bebac296f8bc6f0addaa1a?s=96&d=mm&r=g","contentUrl":"https:\/\/secure.gravatar.com\/avatar\/eee448fc3f7164808013b816ba91ac7e43bbe82a70bebac296f8bc6f0addaa1a?s=96&d=mm&r=g","caption":"Edici\u00f3n Web"},"url":"https:\/\/canal7slp.tv\/2021\/author\/edicionweb\/"}]}},"_links":{"self":[{"href":"https:\/\/canal7slp.tv\/2021\/wp-json\/wp\/v2\/posts\/19339","targetHints":{"allow":["GET"]}}],"collection":[{"href":"https:\/\/canal7slp.tv\/2021\/wp-json\/wp\/v2\/posts"}],"about":[{"href":"https:\/\/canal7slp.tv\/2021\/wp-json\/wp\/v2\/types\/post"}],"author":[{"embeddable":true,"href":"https:\/\/canal7slp.tv\/2021\/wp-json\/wp\/v2\/users\/2"}],"replies":[{"embeddable":true,"href":"https:\/\/canal7slp.tv\/2021\/wp-json\/wp\/v2\/comments?post=19339"}],"version-history":[{"count":1,"href":"https:\/\/canal7slp.tv\/2021\/wp-json\/wp\/v2\/posts\/19339\/revisions"}],"predecessor-version":[{"id":19341,"href":"https:\/\/canal7slp.tv\/2021\/wp-json\/wp\/v2\/posts\/19339\/revisions\/19341"}],"wp:featuredmedia":[{"embeddable":true,"href":"https:\/\/canal7slp.tv\/2021\/wp-json\/wp\/v2\/media\/19340"}],"wp:attachment":[{"href":"https:\/\/canal7slp.tv\/2021\/wp-json\/wp\/v2\/media?parent=19339"}],"wp:term":[{"taxonomy":"category","embeddable":true,"href":"https:\/\/canal7slp.tv\/2021\/wp-json\/wp\/v2\/categories?post=19339"},{"taxonomy":"post_tag","embeddable":true,"href":"https:\/\/canal7slp.tv\/2021\/wp-json\/wp\/v2\/tags?post=19339"}],"curies":[{"name":"wp","href":"https:\/\/api.w.org\/{rel}","templated":true}]}}