{"id":19305,"date":"2021-06-06T12:26:33","date_gmt":"2021-06-06T18:26:33","guid":{"rendered":"https:\/\/canal7slp.tv\/2021\/?p=19305"},"modified":"2021-06-06T14:25:23","modified_gmt":"2021-06-06T20:25:23","slug":"dirigencia-del-prd-exige-liberacion-de-representantes-detenidos-en-casilla-soledense","status":"publish","type":"post","link":"https:\/\/canal7slp.tv\/2021\/dirigencia-del-prd-exige-liberacion-de-representantes-detenidos-en-casilla-soledense\/","title":{"rendered":"Dirigencia del PRD exige liberaci\u00f3n de representantes detenidos en casilla soledense"},"content":{"rendered":"<p style=\"text-align: justify;\">SGS.- Luego que polic\u00edas soledenses detuvieron a representantes perredistas en una casilla electoral ubicada en la colonia La Lomita, Cristina Ismene Gayt\u00e1n Hern\u00e1ndez, delegada con funciones de presidenta de la Direcci\u00f3n Estatal del Partido de la Revoluci\u00f3n Democr\u00e1tica (PRD), exigi\u00f3 la liberaci\u00f3n de las personas al considerar que las detenciones fueron arbitrarias.<\/p>\n<p style=\"text-align: justify;\">Mediante un posicionamiento en redes sociales, report\u00f3 que hasta el momento se desconoce el paradero de sus colaboradores.<\/p>\n<p style=\"text-align: justify;\">La dirigente estatal se\u00f1al\u00f3 que los elementos policiacos se presentaron al punto de votaci\u00f3n, donde enca\u00f1onaron y amedrentaron a los ciudadanos que acudieron a emitir su voto.<\/p>\n<p style=\"text-align: justify;\">Aunado a ello, asegur\u00f3 sin dar mayores detalles, que en la colonia San Jos\u00e9 la patrulla municipal con numero 190, detuvo a una familia completa que se dirig\u00eda a votar.<\/p>\n<p style=\"text-align: justify;\">Al respecto, el Partido Verde Ecologista de M\u00e9xico (PVEM), acus\u00f3 que las personas fueron detenidas porque las descubrieron \u201cmiles de pesos\u201d para la compra de sufragios en favor del candidato Juan Carlos Vel\u00e1zquez P\u00e9rez de la coalici\u00f3n \u201cSi por San Luis Potos\u00ed\u201d.<\/p>\n<p style=\"text-align: justify;\">PULSO<\/p>\n","protected":false},"excerpt":{"rendered":"<p>SGS.- Luego que polic\u00edas soledenses detuvieron a representantes perredistas en una casilla electoral ubicada en la colonia La Lomita, Cristina Ismene Gayt\u00e1n Hern\u00e1ndez, delegada con funciones de presidenta de la Direcci\u00f3n Estatal del Partido de la Revoluci\u00f3n Democr\u00e1tica (PRD), exigi\u00f3 la liberaci\u00f3n de las personas al considerar que las detenciones fueron arbitrarias. Mediante un posicionamiento en redes sociales, report\u00f3 que hasta el momento se desconoce el paradero de sus colaboradores. La dirigente estatal se\u00f1al\u00f3 que los elementos policiacos se presentaron al punto de votaci\u00f3n, donde enca\u00f1onaron y amedrentaron a los ciudadanos que acudieron a emitir su voto. Aunado a ello, [&hellip;]<\/p>\n","protected":false},"author":2,"featured_media":19306,"comment_status":"closed","ping_status":"closed","sticky":false,"template":"","format":"standard","meta":{"footnotes":""},"categories":[392,45],"tags":[],"class_list":["post-19305","post","type-post","status-publish","format-standard","has-post-thumbnail","hentry","category-deci21on","category-localesyregionales","post--single"],"yoast_head":"<!-- This site is optimized with the Yoast SEO plugin v27.4 - https:\/\/yoast.com\/product\/yoast-seo-wordpress\/ -->\n<title>Dirigencia del PRD exige liberaci\u00f3n de representantes detenidos en casilla soledense - Canal 7 SLP - 2021<\/title>\n<meta name=\"robots\" content=\"index, follow, max-snippet:-1, max-image-preview:large, max-video-preview:-1\" \/>\n<link rel=\"canonical\" href=\"https:\/\/canal7slp.tv\/2021\/dirigencia-del-prd-exige-liberacion-de-representantes-detenidos-en-casilla-soledense\/\" \/>\n<meta property=\"og:locale\" content=\"es_ES\" \/>\n<meta property=\"og:type\" content=\"article\" \/>\n<meta property=\"og:title\" content=\"Dirigencia del PRD exige liberaci\u00f3n de representantes detenidos en casilla soledense - Canal 7 SLP - 2021\" \/>\n<meta property=\"og:description\" content=\"SGS.- Luego que polic\u00edas soledenses detuvieron a representantes perredistas en una casilla electoral ubicada en la colonia La Lomita, Cristina Ismene Gayt\u00e1n Hern\u00e1ndez, delegada con funciones de presidenta de la Direcci\u00f3n Estatal del Partido de la Revoluci\u00f3n Democr\u00e1tica (PRD), exigi\u00f3 la liberaci\u00f3n de las personas al considerar que las detenciones fueron arbitrarias. Mediante un posicionamiento en redes sociales, report\u00f3 que hasta el momento se desconoce el paradero de sus colaboradores. La dirigente estatal se\u00f1al\u00f3 que los elementos policiacos se presentaron al punto de votaci\u00f3n, donde enca\u00f1onaron y amedrentaron a los ciudadanos que acudieron a emitir su voto. Aunado a ello, [&hellip;]\" \/>\n<meta property=\"og:url\" content=\"https:\/\/canal7slp.tv\/2021\/dirigencia-del-prd-exige-liberacion-de-representantes-detenidos-en-casilla-soledense\/\" \/>\n<meta property=\"og:site_name\" content=\"Canal 7 SLP - 2021\" \/>\n<meta property=\"article:publisher\" content=\"https:\/\/www.facebook.com\/noticieroscanalsiete\" \/>\n<meta property=\"article:published_time\" content=\"2021-06-06T18:26:33+00:00\" \/>\n<meta property=\"article:modified_time\" content=\"2021-06-06T20:25:23+00:00\" \/>\n<meta property=\"og:image\" content=\"https:\/\/canal7slp.tv\/2021\/wp-content\/uploads\/2021\/06\/PoliciasSGS.jpg\" \/>\n\t<meta property=\"og:image:width\" content=\"696\" \/>\n\t<meta property=\"og:image:height\" content=\"423\" \/>\n\t<meta property=\"og:image:type\" content=\"image\/jpeg\" \/>\n<meta name=\"author\" content=\"Edici\u00f3n Web\" \/>\n<meta name=\"twitter:card\" content=\"summary_large_image\" \/>\n<meta name=\"twitter:creator\" content=\"@NOTICIEROS7\" \/>\n<meta name=\"twitter:site\" content=\"@NOTICIEROS7\" \/>\n<meta name=\"twitter:label1\" content=\"Escrito por\" \/>\n\t<meta name=\"twitter:data1\" content=\"Edici\u00f3n Web\" \/>\n\t<meta name=\"twitter:label2\" content=\"Tiempo de lectura\" \/>\n\t<meta name=\"twitter:data2\" content=\"1 minuto\" \/>\n<script type=\"application\/ld+json\" class=\"yoast-schema-graph\">{\"@context\":\"https:\\\/\\\/schema.org\",\"@graph\":[{\"@type\":\"Article\",\"@id\":\"https:\\\/\\\/canal7slp.tv\\\/2021\\\/dirigencia-del-prd-exige-liberacion-de-representantes-detenidos-en-casilla-soledense\\\/#article\",\"isPartOf\":{\"@id\":\"https:\\\/\\\/canal7slp.tv\\\/2021\\\/dirigencia-del-prd-exige-liberacion-de-representantes-detenidos-en-casilla-soledense\\\/\"},\"author\":{\"name\":\"Edici\u00f3n Web\",\"@id\":\"https:\\\/\\\/canal7slp.tv\\\/2021\\\/#\\\/schema\\\/person\\\/28a12b0491d3b6f41a854d062961bdc7\"},\"headline\":\"Dirigencia del PRD exige liberaci\u00f3n de representantes detenidos en casilla soledense\",\"datePublished\":\"2021-06-06T18:26:33+00:00\",\"dateModified\":\"2021-06-06T20:25:23+00:00\",\"mainEntityOfPage\":{\"@id\":\"https:\\\/\\\/canal7slp.tv\\\/2021\\\/dirigencia-del-prd-exige-liberacion-de-representantes-detenidos-en-casilla-soledense\\\/\"},\"wordCount\":197,\"publisher\":{\"@id\":\"https:\\\/\\\/canal7slp.tv\\\/2021\\\/#organization\"},\"image\":{\"@id\":\"https:\\\/\\\/canal7slp.tv\\\/2021\\\/dirigencia-del-prd-exige-liberacion-de-representantes-detenidos-en-casilla-soledense\\\/#primaryimage\"},\"thumbnailUrl\":\"https:\\\/\\\/canal7slp.tv\\\/2021\\\/wp-content\\\/uploads\\\/2021\\\/06\\\/PoliciasSGS.jpg\",\"articleSection\":[\"DECI21\u00d3N\",\"LOCALES Y REGIONALES\"],\"inLanguage\":\"es\"},{\"@type\":\"WebPage\",\"@id\":\"https:\\\/\\\/canal7slp.tv\\\/2021\\\/dirigencia-del-prd-exige-liberacion-de-representantes-detenidos-en-casilla-soledense\\\/\",\"url\":\"https:\\\/\\\/canal7slp.tv\\\/2021\\\/dirigencia-del-prd-exige-liberacion-de-representantes-detenidos-en-casilla-soledense\\\/\",\"name\":\"Dirigencia del PRD exige liberaci\u00f3n de representantes detenidos en casilla soledense - Canal 7 SLP - 2021\",\"isPartOf\":{\"@id\":\"https:\\\/\\\/canal7slp.tv\\\/2021\\\/#website\"},\"primaryImageOfPage\":{\"@id\":\"https:\\\/\\\/canal7slp.tv\\\/2021\\\/dirigencia-del-prd-exige-liberacion-de-representantes-detenidos-en-casilla-soledense\\\/#primaryimage\"},\"image\":{\"@id\":\"https:\\\/\\\/canal7slp.tv\\\/2021\\\/dirigencia-del-prd-exige-liberacion-de-representantes-detenidos-en-casilla-soledense\\\/#primaryimage\"},\"thumbnailUrl\":\"https:\\\/\\\/canal7slp.tv\\\/2021\\\/wp-content\\\/uploads\\\/2021\\\/06\\\/PoliciasSGS.jpg\",\"datePublished\":\"2021-06-06T18:26:33+00:00\",\"dateModified\":\"2021-06-06T20:25:23+00:00\",\"breadcrumb\":{\"@id\":\"https:\\\/\\\/canal7slp.tv\\\/2021\\\/dirigencia-del-prd-exige-liberacion-de-representantes-detenidos-en-casilla-soledense\\\/#breadcrumb\"},\"inLanguage\":\"es\",\"potentialAction\":[{\"@type\":\"ReadAction\",\"target\":[\"https:\\\/\\\/canal7slp.tv\\\/2021\\\/dirigencia-del-prd-exige-liberacion-de-representantes-detenidos-en-casilla-soledense\\\/\"]}]},{\"@type\":\"ImageObject\",\"inLanguage\":\"es\",\"@id\":\"https:\\\/\\\/canal7slp.tv\\\/2021\\\/dirigencia-del-prd-exige-liberacion-de-representantes-detenidos-en-casilla-soledense\\\/#primaryimage\",\"url\":\"https:\\\/\\\/canal7slp.tv\\\/2021\\\/wp-content\\\/uploads\\\/2021\\\/06\\\/PoliciasSGS.jpg\",\"contentUrl\":\"https:\\\/\\\/canal7slp.tv\\\/2021\\\/wp-content\\\/uploads\\\/2021\\\/06\\\/PoliciasSGS.jpg\",\"width\":696,\"height\":423},{\"@type\":\"BreadcrumbList\",\"@id\":\"https:\\\/\\\/canal7slp.tv\\\/2021\\\/dirigencia-del-prd-exige-liberacion-de-representantes-detenidos-en-casilla-soledense\\\/#breadcrumb\",\"itemListElement\":[{\"@type\":\"ListItem\",\"position\":1,\"name\":\"Portada\",\"item\":\"https:\\\/\\\/canal7slp.tv\\\/2021\\\/\"},{\"@type\":\"ListItem\",\"position\":2,\"name\":\"Dirigencia del PRD exige liberaci\u00f3n de representantes detenidos en casilla soledense\"}]},{\"@type\":\"WebSite\",\"@id\":\"https:\\\/\\\/canal7slp.tv\\\/2021\\\/#website\",\"url\":\"https:\\\/\\\/canal7slp.tv\\\/2021\\\/\",\"name\":\"N7 - Noticieros Canal 7\",\"description\":\"Somos Televisi\u00f3n\",\"publisher\":{\"@id\":\"https:\\\/\\\/canal7slp.tv\\\/2021\\\/#organization\"},\"potentialAction\":[{\"@type\":\"SearchAction\",\"target\":{\"@type\":\"EntryPoint\",\"urlTemplate\":\"https:\\\/\\\/canal7slp.tv\\\/2021\\\/?s={search_term_string}\"},\"query-input\":{\"@type\":\"PropertyValueSpecification\",\"valueRequired\":true,\"valueName\":\"search_term_string\"}}],\"inLanguage\":\"es\"},{\"@type\":\"Organization\",\"@id\":\"https:\\\/\\\/canal7slp.tv\\\/2021\\\/#organization\",\"name\":\"Noticieros Canal 7\",\"url\":\"https:\\\/\\\/canal7slp.tv\\\/2021\\\/\",\"logo\":{\"@type\":\"ImageObject\",\"inLanguage\":\"es\",\"@id\":\"https:\\\/\\\/canal7slp.tv\\\/2021\\\/#\\\/schema\\\/logo\\\/image\\\/\",\"url\":\"https:\\\/\\\/canal7slp.tv\\\/2021\\\/wp-content\\\/uploads\\\/2021\\\/01\\\/logo-noticieros@2x.png\",\"contentUrl\":\"https:\\\/\\\/canal7slp.tv\\\/2021\\\/wp-content\\\/uploads\\\/2021\\\/01\\\/logo-noticieros@2x.png\",\"width\":1017,\"height\":268,\"caption\":\"Noticieros Canal 7\"},\"image\":{\"@id\":\"https:\\\/\\\/canal7slp.tv\\\/2021\\\/#\\\/schema\\\/logo\\\/image\\\/\"},\"sameAs\":[\"https:\\\/\\\/www.facebook.com\\\/noticieroscanalsiete\",\"https:\\\/\\\/x.com\\\/NOTICIEROS7\",\"https:\\\/\\\/www.instagram.com\\\/canal7_slp\",\"https:\\\/\\\/www.youtube.com\\\/channel\\\/UCliiYs-gP3JfJeqdPrNdd5A\"]},{\"@type\":\"Person\",\"@id\":\"https:\\\/\\\/canal7slp.tv\\\/2021\\\/#\\\/schema\\\/person\\\/28a12b0491d3b6f41a854d062961bdc7\",\"name\":\"Edici\u00f3n Web\",\"image\":{\"@type\":\"ImageObject\",\"inLanguage\":\"es\",\"@id\":\"https:\\\/\\\/secure.gravatar.com\\\/avatar\\\/eee448fc3f7164808013b816ba91ac7e43bbe82a70bebac296f8bc6f0addaa1a?s=96&d=mm&r=g\",\"url\":\"https:\\\/\\\/secure.gravatar.com\\\/avatar\\\/eee448fc3f7164808013b816ba91ac7e43bbe82a70bebac296f8bc6f0addaa1a?s=96&d=mm&r=g\",\"contentUrl\":\"https:\\\/\\\/secure.gravatar.com\\\/avatar\\\/eee448fc3f7164808013b816ba91ac7e43bbe82a70bebac296f8bc6f0addaa1a?s=96&d=mm&r=g\",\"caption\":\"Edici\u00f3n Web\"},\"url\":\"https:\\\/\\\/canal7slp.tv\\\/2021\\\/author\\\/edicionweb\\\/\"}]}<\/script>\n<!-- \/ Yoast SEO plugin. -->","yoast_head_json":{"title":"Dirigencia del PRD exige liberaci\u00f3n de representantes detenidos en casilla soledense - Canal 7 SLP - 2021","robots":{"index":"index","follow":"follow","max-snippet":"max-snippet:-1","max-image-preview":"max-image-preview:large","max-video-preview":"max-video-preview:-1"},"canonical":"https:\/\/canal7slp.tv\/2021\/dirigencia-del-prd-exige-liberacion-de-representantes-detenidos-en-casilla-soledense\/","og_locale":"es_ES","og_type":"article","og_title":"Dirigencia del PRD exige liberaci\u00f3n de representantes detenidos en casilla soledense - Canal 7 SLP - 2021","og_description":"SGS.- Luego que polic\u00edas soledenses detuvieron a representantes perredistas en una casilla electoral ubicada en la colonia La Lomita, Cristina Ismene Gayt\u00e1n Hern\u00e1ndez, delegada con funciones de presidenta de la Direcci\u00f3n Estatal del Partido de la Revoluci\u00f3n Democr\u00e1tica (PRD), exigi\u00f3 la liberaci\u00f3n de las personas al considerar que las detenciones fueron arbitrarias. Mediante un posicionamiento en redes sociales, report\u00f3 que hasta el momento se desconoce el paradero de sus colaboradores. La dirigente estatal se\u00f1al\u00f3 que los elementos policiacos se presentaron al punto de votaci\u00f3n, donde enca\u00f1onaron y amedrentaron a los ciudadanos que acudieron a emitir su voto. Aunado a ello, [&hellip;]","og_url":"https:\/\/canal7slp.tv\/2021\/dirigencia-del-prd-exige-liberacion-de-representantes-detenidos-en-casilla-soledense\/","og_site_name":"Canal 7 SLP - 2021","article_publisher":"https:\/\/www.facebook.com\/noticieroscanalsiete","article_published_time":"2021-06-06T18:26:33+00:00","article_modified_time":"2021-06-06T20:25:23+00:00","og_image":[{"width":696,"height":423,"url":"https:\/\/canal7slp.tv\/2021\/wp-content\/uploads\/2021\/06\/PoliciasSGS.jpg","type":"image\/jpeg"}],"author":"Edici\u00f3n Web","twitter_card":"summary_large_image","twitter_creator":"@NOTICIEROS7","twitter_site":"@NOTICIEROS7","twitter_misc":{"Escrito por":"Edici\u00f3n Web","Tiempo de lectura":"1 minuto"},"schema":{"@context":"https:\/\/schema.org","@graph":[{"@type":"Article","@id":"https:\/\/canal7slp.tv\/2021\/dirigencia-del-prd-exige-liberacion-de-representantes-detenidos-en-casilla-soledense\/#article","isPartOf":{"@id":"https:\/\/canal7slp.tv\/2021\/dirigencia-del-prd-exige-liberacion-de-representantes-detenidos-en-casilla-soledense\/"},"author":{"name":"Edici\u00f3n Web","@id":"https:\/\/canal7slp.tv\/2021\/#\/schema\/person\/28a12b0491d3b6f41a854d062961bdc7"},"headline":"Dirigencia del PRD exige liberaci\u00f3n de representantes detenidos en casilla soledense","datePublished":"2021-06-06T18:26:33+00:00","dateModified":"2021-06-06T20:25:23+00:00","mainEntityOfPage":{"@id":"https:\/\/canal7slp.tv\/2021\/dirigencia-del-prd-exige-liberacion-de-representantes-detenidos-en-casilla-soledense\/"},"wordCount":197,"publisher":{"@id":"https:\/\/canal7slp.tv\/2021\/#organization"},"image":{"@id":"https:\/\/canal7slp.tv\/2021\/dirigencia-del-prd-exige-liberacion-de-representantes-detenidos-en-casilla-soledense\/#primaryimage"},"thumbnailUrl":"https:\/\/canal7slp.tv\/2021\/wp-content\/uploads\/2021\/06\/PoliciasSGS.jpg","articleSection":["DECI21\u00d3N","LOCALES Y REGIONALES"],"inLanguage":"es"},{"@type":"WebPage","@id":"https:\/\/canal7slp.tv\/2021\/dirigencia-del-prd-exige-liberacion-de-representantes-detenidos-en-casilla-soledense\/","url":"https:\/\/canal7slp.tv\/2021\/dirigencia-del-prd-exige-liberacion-de-representantes-detenidos-en-casilla-soledense\/","name":"Dirigencia del PRD exige liberaci\u00f3n de representantes detenidos en casilla soledense - Canal 7 SLP - 2021","isPartOf":{"@id":"https:\/\/canal7slp.tv\/2021\/#website"},"primaryImageOfPage":{"@id":"https:\/\/canal7slp.tv\/2021\/dirigencia-del-prd-exige-liberacion-de-representantes-detenidos-en-casilla-soledense\/#primaryimage"},"image":{"@id":"https:\/\/canal7slp.tv\/2021\/dirigencia-del-prd-exige-liberacion-de-representantes-detenidos-en-casilla-soledense\/#primaryimage"},"thumbnailUrl":"https:\/\/canal7slp.tv\/2021\/wp-content\/uploads\/2021\/06\/PoliciasSGS.jpg","datePublished":"2021-06-06T18:26:33+00:00","dateModified":"2021-06-06T20:25:23+00:00","breadcrumb":{"@id":"https:\/\/canal7slp.tv\/2021\/dirigencia-del-prd-exige-liberacion-de-representantes-detenidos-en-casilla-soledense\/#breadcrumb"},"inLanguage":"es","potentialAction":[{"@type":"ReadAction","target":["https:\/\/canal7slp.tv\/2021\/dirigencia-del-prd-exige-liberacion-de-representantes-detenidos-en-casilla-soledense\/"]}]},{"@type":"ImageObject","inLanguage":"es","@id":"https:\/\/canal7slp.tv\/2021\/dirigencia-del-prd-exige-liberacion-de-representantes-detenidos-en-casilla-soledense\/#primaryimage","url":"https:\/\/canal7slp.tv\/2021\/wp-content\/uploads\/2021\/06\/PoliciasSGS.jpg","contentUrl":"https:\/\/canal7slp.tv\/2021\/wp-content\/uploads\/2021\/06\/PoliciasSGS.jpg","width":696,"height":423},{"@type":"BreadcrumbList","@id":"https:\/\/canal7slp.tv\/2021\/dirigencia-del-prd-exige-liberacion-de-representantes-detenidos-en-casilla-soledense\/#breadcrumb","itemListElement":[{"@type":"ListItem","position":1,"name":"Portada","item":"https:\/\/canal7slp.tv\/2021\/"},{"@type":"ListItem","position":2,"name":"Dirigencia del PRD exige liberaci\u00f3n de representantes detenidos en casilla soledense"}]},{"@type":"WebSite","@id":"https:\/\/canal7slp.tv\/2021\/#website","url":"https:\/\/canal7slp.tv\/2021\/","name":"N7 - Noticieros Canal 7","description":"Somos Televisi\u00f3n","publisher":{"@id":"https:\/\/canal7slp.tv\/2021\/#organization"},"potentialAction":[{"@type":"SearchAction","target":{"@type":"EntryPoint","urlTemplate":"https:\/\/canal7slp.tv\/2021\/?s={search_term_string}"},"query-input":{"@type":"PropertyValueSpecification","valueRequired":true,"valueName":"search_term_string"}}],"inLanguage":"es"},{"@type":"Organization","@id":"https:\/\/canal7slp.tv\/2021\/#organization","name":"Noticieros Canal 7","url":"https:\/\/canal7slp.tv\/2021\/","logo":{"@type":"ImageObject","inLanguage":"es","@id":"https:\/\/canal7slp.tv\/2021\/#\/schema\/logo\/image\/","url":"https:\/\/canal7slp.tv\/2021\/wp-content\/uploads\/2021\/01\/logo-noticieros@2x.png","contentUrl":"https:\/\/canal7slp.tv\/2021\/wp-content\/uploads\/2021\/01\/logo-noticieros@2x.png","width":1017,"height":268,"caption":"Noticieros Canal 7"},"image":{"@id":"https:\/\/canal7slp.tv\/2021\/#\/schema\/logo\/image\/"},"sameAs":["https:\/\/www.facebook.com\/noticieroscanalsiete","https:\/\/x.com\/NOTICIEROS7","https:\/\/www.instagram.com\/canal7_slp","https:\/\/www.youtube.com\/channel\/UCliiYs-gP3JfJeqdPrNdd5A"]},{"@type":"Person","@id":"https:\/\/canal7slp.tv\/2021\/#\/schema\/person\/28a12b0491d3b6f41a854d062961bdc7","name":"Edici\u00f3n Web","image":{"@type":"ImageObject","inLanguage":"es","@id":"https:\/\/secure.gravatar.com\/avatar\/eee448fc3f7164808013b816ba91ac7e43bbe82a70bebac296f8bc6f0addaa1a?s=96&d=mm&r=g","url":"https:\/\/secure.gravatar.com\/avatar\/eee448fc3f7164808013b816ba91ac7e43bbe82a70bebac296f8bc6f0addaa1a?s=96&d=mm&r=g","contentUrl":"https:\/\/secure.gravatar.com\/avatar\/eee448fc3f7164808013b816ba91ac7e43bbe82a70bebac296f8bc6f0addaa1a?s=96&d=mm&r=g","caption":"Edici\u00f3n Web"},"url":"https:\/\/canal7slp.tv\/2021\/author\/edicionweb\/"}]}},"_links":{"self":[{"href":"https:\/\/canal7slp.tv\/2021\/wp-json\/wp\/v2\/posts\/19305","targetHints":{"allow":["GET"]}}],"collection":[{"href":"https:\/\/canal7slp.tv\/2021\/wp-json\/wp\/v2\/posts"}],"about":[{"href":"https:\/\/canal7slp.tv\/2021\/wp-json\/wp\/v2\/types\/post"}],"author":[{"embeddable":true,"href":"https:\/\/canal7slp.tv\/2021\/wp-json\/wp\/v2\/users\/2"}],"replies":[{"embeddable":true,"href":"https:\/\/canal7slp.tv\/2021\/wp-json\/wp\/v2\/comments?post=19305"}],"version-history":[{"count":2,"href":"https:\/\/canal7slp.tv\/2021\/wp-json\/wp\/v2\/posts\/19305\/revisions"}],"predecessor-version":[{"id":19319,"href":"https:\/\/canal7slp.tv\/2021\/wp-json\/wp\/v2\/posts\/19305\/revisions\/19319"}],"wp:featuredmedia":[{"embeddable":true,"href":"https:\/\/canal7slp.tv\/2021\/wp-json\/wp\/v2\/media\/19306"}],"wp:attachment":[{"href":"https:\/\/canal7slp.tv\/2021\/wp-json\/wp\/v2\/media?parent=19305"}],"wp:term":[{"taxonomy":"category","embeddable":true,"href":"https:\/\/canal7slp.tv\/2021\/wp-json\/wp\/v2\/categories?post=19305"},{"taxonomy":"post_tag","embeddable":true,"href":"https:\/\/canal7slp.tv\/2021\/wp-json\/wp\/v2\/tags?post=19305"}],"curies":[{"name":"wp","href":"https:\/\/api.w.org\/{rel}","templated":true}]}}