{"id":19282,"date":"2021-06-06T11:41:09","date_gmt":"2021-06-06T17:41:09","guid":{"rendered":"https:\/\/canal7slp.tv\/2021\/?p=19282"},"modified":"2021-06-06T12:00:01","modified_gmt":"2021-06-06T18:00:01","slug":"reporta-lider-panista-dos-detenciones-por-presunta-compra-de-votos","status":"publish","type":"post","link":"https:\/\/canal7slp.tv\/2021\/reporta-lider-panista-dos-detenciones-por-presunta-compra-de-votos\/","title":{"rendered":"Reporta l\u00edder panista dos detenciones por presunta compra de votos"},"content":{"rendered":"<p style=\"text-align: justify;\">SLP.- A nombre de la Coalici\u00f3n \u00abS\u00ed por San Luis Potos\u00ed\u00bb, el presidente estatal del Partido Acci\u00f3n Nacional, Juan Francisco Aguilar, revel\u00f3 que hay dos personas detenidas por probable compra de votos en el municipio de Soledad Graciano S\u00e1nchez, este mismo domingo.<\/p>\n<p style=\"text-align: justify;\">Pidi\u00f3 a los potosinos abstenerse de incurrir en cualquier acto que constituya un delito electoral.<\/p>\n<p style=\"text-align: justify;\">Dijo tener reportes de que hasta las 11 de la ma\u00f1ana se hab\u00edan instalado 3 mil 066 casillas, de un total de 3 mil 750, es decir, 81.76 por ciento.<\/p>\n<p style=\"text-align: justify;\">A\u00f1adi\u00f3 que la mayor\u00eda de las casillas donde no hab\u00eda instalaci\u00f3n, el retraso se debi\u00f3 al hecho de que no se presentaron algunos de los funcionarios de casillas.<\/p>\n","protected":false},"excerpt":{"rendered":"<p>SLP.- A nombre de la Coalici\u00f3n \u00abS\u00ed por San Luis Potos\u00ed\u00bb, el presidente estatal del Partido Acci\u00f3n Nacional, Juan Francisco Aguilar, revel\u00f3 que hay dos personas detenidas por probable compra de votos en el municipio de Soledad Graciano S\u00e1nchez, este mismo domingo. Pidi\u00f3 a los potosinos abstenerse de incurrir en cualquier acto que constituya un delito electoral. Dijo tener reportes de que hasta las 11 de la ma\u00f1ana se hab\u00edan instalado 3 mil 066 casillas, de un total de 3 mil 750, es decir, 81.76 por ciento. A\u00f1adi\u00f3 que la mayor\u00eda de las casillas donde no hab\u00eda instalaci\u00f3n, el retraso [&hellip;]<\/p>\n","protected":false},"author":2,"featured_media":19283,"comment_status":"closed","ping_status":"closed","sticky":false,"template":"","format":"standard","meta":{"footnotes":""},"categories":[392,45],"tags":[],"class_list":["post-19282","post","type-post","status-publish","format-standard","has-post-thumbnail","hentry","category-deci21on","category-localesyregionales","post--single"],"yoast_head":"<!-- This site is optimized with the Yoast SEO plugin v27.4 - https:\/\/yoast.com\/product\/yoast-seo-wordpress\/ -->\n<title>Reporta l\u00edder panista dos detenciones por presunta compra de votos - Canal 7 SLP - 2021<\/title>\n<meta name=\"robots\" content=\"index, follow, max-snippet:-1, max-image-preview:large, max-video-preview:-1\" \/>\n<link rel=\"canonical\" href=\"https:\/\/canal7slp.tv\/2021\/reporta-lider-panista-dos-detenciones-por-presunta-compra-de-votos\/\" \/>\n<meta property=\"og:locale\" content=\"es_ES\" \/>\n<meta property=\"og:type\" content=\"article\" \/>\n<meta property=\"og:title\" content=\"Reporta l\u00edder panista dos detenciones por presunta compra de votos - Canal 7 SLP - 2021\" \/>\n<meta property=\"og:description\" content=\"SLP.- A nombre de la Coalici\u00f3n \u00abS\u00ed por San Luis Potos\u00ed\u00bb, el presidente estatal del Partido Acci\u00f3n Nacional, Juan Francisco Aguilar, revel\u00f3 que hay dos personas detenidas por probable compra de votos en el municipio de Soledad Graciano S\u00e1nchez, este mismo domingo. Pidi\u00f3 a los potosinos abstenerse de incurrir en cualquier acto que constituya un delito electoral. Dijo tener reportes de que hasta las 11 de la ma\u00f1ana se hab\u00edan instalado 3 mil 066 casillas, de un total de 3 mil 750, es decir, 81.76 por ciento. A\u00f1adi\u00f3 que la mayor\u00eda de las casillas donde no hab\u00eda instalaci\u00f3n, el retraso [&hellip;]\" \/>\n<meta property=\"og:url\" content=\"https:\/\/canal7slp.tv\/2021\/reporta-lider-panista-dos-detenciones-por-presunta-compra-de-votos\/\" \/>\n<meta property=\"og:site_name\" content=\"Canal 7 SLP - 2021\" \/>\n<meta property=\"article:publisher\" content=\"https:\/\/www.facebook.com\/noticieroscanalsiete\" \/>\n<meta property=\"article:published_time\" content=\"2021-06-06T17:41:09+00:00\" \/>\n<meta property=\"article:modified_time\" content=\"2021-06-06T18:00:01+00:00\" \/>\n<meta property=\"og:image\" content=\"https:\/\/canal7slp.tv\/2021\/wp-content\/uploads\/2021\/06\/JFAGUlardetenidos.jpg\" \/>\n\t<meta property=\"og:image:width\" content=\"696\" \/>\n\t<meta property=\"og:image:height\" content=\"423\" \/>\n\t<meta property=\"og:image:type\" content=\"image\/jpeg\" \/>\n<meta name=\"author\" content=\"Edici\u00f3n Web\" \/>\n<meta name=\"twitter:card\" content=\"summary_large_image\" \/>\n<meta name=\"twitter:creator\" content=\"@NOTICIEROS7\" \/>\n<meta name=\"twitter:site\" content=\"@NOTICIEROS7\" \/>\n<meta name=\"twitter:label1\" content=\"Escrito por\" \/>\n\t<meta name=\"twitter:data1\" content=\"Edici\u00f3n Web\" \/>\n\t<meta name=\"twitter:label2\" content=\"Tiempo de lectura\" \/>\n\t<meta name=\"twitter:data2\" content=\"1 minuto\" \/>\n<script type=\"application\/ld+json\" class=\"yoast-schema-graph\">{\"@context\":\"https:\\\/\\\/schema.org\",\"@graph\":[{\"@type\":\"Article\",\"@id\":\"https:\\\/\\\/canal7slp.tv\\\/2021\\\/reporta-lider-panista-dos-detenciones-por-presunta-compra-de-votos\\\/#article\",\"isPartOf\":{\"@id\":\"https:\\\/\\\/canal7slp.tv\\\/2021\\\/reporta-lider-panista-dos-detenciones-por-presunta-compra-de-votos\\\/\"},\"author\":{\"name\":\"Edici\u00f3n Web\",\"@id\":\"https:\\\/\\\/canal7slp.tv\\\/2021\\\/#\\\/schema\\\/person\\\/28a12b0491d3b6f41a854d062961bdc7\"},\"headline\":\"Reporta l\u00edder panista dos detenciones por presunta compra de votos\",\"datePublished\":\"2021-06-06T17:41:09+00:00\",\"dateModified\":\"2021-06-06T18:00:01+00:00\",\"mainEntityOfPage\":{\"@id\":\"https:\\\/\\\/canal7slp.tv\\\/2021\\\/reporta-lider-panista-dos-detenciones-por-presunta-compra-de-votos\\\/\"},\"wordCount\":130,\"publisher\":{\"@id\":\"https:\\\/\\\/canal7slp.tv\\\/2021\\\/#organization\"},\"image\":{\"@id\":\"https:\\\/\\\/canal7slp.tv\\\/2021\\\/reporta-lider-panista-dos-detenciones-por-presunta-compra-de-votos\\\/#primaryimage\"},\"thumbnailUrl\":\"https:\\\/\\\/canal7slp.tv\\\/2021\\\/wp-content\\\/uploads\\\/2021\\\/06\\\/JFAGUlardetenidos.jpg\",\"articleSection\":[\"DECI21\u00d3N\",\"LOCALES Y REGIONALES\"],\"inLanguage\":\"es\"},{\"@type\":\"WebPage\",\"@id\":\"https:\\\/\\\/canal7slp.tv\\\/2021\\\/reporta-lider-panista-dos-detenciones-por-presunta-compra-de-votos\\\/\",\"url\":\"https:\\\/\\\/canal7slp.tv\\\/2021\\\/reporta-lider-panista-dos-detenciones-por-presunta-compra-de-votos\\\/\",\"name\":\"Reporta l\u00edder panista dos detenciones por presunta compra de votos - Canal 7 SLP - 2021\",\"isPartOf\":{\"@id\":\"https:\\\/\\\/canal7slp.tv\\\/2021\\\/#website\"},\"primaryImageOfPage\":{\"@id\":\"https:\\\/\\\/canal7slp.tv\\\/2021\\\/reporta-lider-panista-dos-detenciones-por-presunta-compra-de-votos\\\/#primaryimage\"},\"image\":{\"@id\":\"https:\\\/\\\/canal7slp.tv\\\/2021\\\/reporta-lider-panista-dos-detenciones-por-presunta-compra-de-votos\\\/#primaryimage\"},\"thumbnailUrl\":\"https:\\\/\\\/canal7slp.tv\\\/2021\\\/wp-content\\\/uploads\\\/2021\\\/06\\\/JFAGUlardetenidos.jpg\",\"datePublished\":\"2021-06-06T17:41:09+00:00\",\"dateModified\":\"2021-06-06T18:00:01+00:00\",\"breadcrumb\":{\"@id\":\"https:\\\/\\\/canal7slp.tv\\\/2021\\\/reporta-lider-panista-dos-detenciones-por-presunta-compra-de-votos\\\/#breadcrumb\"},\"inLanguage\":\"es\",\"potentialAction\":[{\"@type\":\"ReadAction\",\"target\":[\"https:\\\/\\\/canal7slp.tv\\\/2021\\\/reporta-lider-panista-dos-detenciones-por-presunta-compra-de-votos\\\/\"]}]},{\"@type\":\"ImageObject\",\"inLanguage\":\"es\",\"@id\":\"https:\\\/\\\/canal7slp.tv\\\/2021\\\/reporta-lider-panista-dos-detenciones-por-presunta-compra-de-votos\\\/#primaryimage\",\"url\":\"https:\\\/\\\/canal7slp.tv\\\/2021\\\/wp-content\\\/uploads\\\/2021\\\/06\\\/JFAGUlardetenidos.jpg\",\"contentUrl\":\"https:\\\/\\\/canal7slp.tv\\\/2021\\\/wp-content\\\/uploads\\\/2021\\\/06\\\/JFAGUlardetenidos.jpg\",\"width\":696,\"height\":423},{\"@type\":\"BreadcrumbList\",\"@id\":\"https:\\\/\\\/canal7slp.tv\\\/2021\\\/reporta-lider-panista-dos-detenciones-por-presunta-compra-de-votos\\\/#breadcrumb\",\"itemListElement\":[{\"@type\":\"ListItem\",\"position\":1,\"name\":\"Portada\",\"item\":\"https:\\\/\\\/canal7slp.tv\\\/2021\\\/\"},{\"@type\":\"ListItem\",\"position\":2,\"name\":\"Reporta l\u00edder panista dos detenciones por presunta compra de votos\"}]},{\"@type\":\"WebSite\",\"@id\":\"https:\\\/\\\/canal7slp.tv\\\/2021\\\/#website\",\"url\":\"https:\\\/\\\/canal7slp.tv\\\/2021\\\/\",\"name\":\"N7 - Noticieros Canal 7\",\"description\":\"Somos Televisi\u00f3n\",\"publisher\":{\"@id\":\"https:\\\/\\\/canal7slp.tv\\\/2021\\\/#organization\"},\"potentialAction\":[{\"@type\":\"SearchAction\",\"target\":{\"@type\":\"EntryPoint\",\"urlTemplate\":\"https:\\\/\\\/canal7slp.tv\\\/2021\\\/?s={search_term_string}\"},\"query-input\":{\"@type\":\"PropertyValueSpecification\",\"valueRequired\":true,\"valueName\":\"search_term_string\"}}],\"inLanguage\":\"es\"},{\"@type\":\"Organization\",\"@id\":\"https:\\\/\\\/canal7slp.tv\\\/2021\\\/#organization\",\"name\":\"Noticieros Canal 7\",\"url\":\"https:\\\/\\\/canal7slp.tv\\\/2021\\\/\",\"logo\":{\"@type\":\"ImageObject\",\"inLanguage\":\"es\",\"@id\":\"https:\\\/\\\/canal7slp.tv\\\/2021\\\/#\\\/schema\\\/logo\\\/image\\\/\",\"url\":\"https:\\\/\\\/canal7slp.tv\\\/2021\\\/wp-content\\\/uploads\\\/2021\\\/01\\\/logo-noticieros@2x.png\",\"contentUrl\":\"https:\\\/\\\/canal7slp.tv\\\/2021\\\/wp-content\\\/uploads\\\/2021\\\/01\\\/logo-noticieros@2x.png\",\"width\":1017,\"height\":268,\"caption\":\"Noticieros Canal 7\"},\"image\":{\"@id\":\"https:\\\/\\\/canal7slp.tv\\\/2021\\\/#\\\/schema\\\/logo\\\/image\\\/\"},\"sameAs\":[\"https:\\\/\\\/www.facebook.com\\\/noticieroscanalsiete\",\"https:\\\/\\\/x.com\\\/NOTICIEROS7\",\"https:\\\/\\\/www.instagram.com\\\/canal7_slp\",\"https:\\\/\\\/www.youtube.com\\\/channel\\\/UCliiYs-gP3JfJeqdPrNdd5A\"]},{\"@type\":\"Person\",\"@id\":\"https:\\\/\\\/canal7slp.tv\\\/2021\\\/#\\\/schema\\\/person\\\/28a12b0491d3b6f41a854d062961bdc7\",\"name\":\"Edici\u00f3n Web\",\"image\":{\"@type\":\"ImageObject\",\"inLanguage\":\"es\",\"@id\":\"https:\\\/\\\/secure.gravatar.com\\\/avatar\\\/eee448fc3f7164808013b816ba91ac7e43bbe82a70bebac296f8bc6f0addaa1a?s=96&d=mm&r=g\",\"url\":\"https:\\\/\\\/secure.gravatar.com\\\/avatar\\\/eee448fc3f7164808013b816ba91ac7e43bbe82a70bebac296f8bc6f0addaa1a?s=96&d=mm&r=g\",\"contentUrl\":\"https:\\\/\\\/secure.gravatar.com\\\/avatar\\\/eee448fc3f7164808013b816ba91ac7e43bbe82a70bebac296f8bc6f0addaa1a?s=96&d=mm&r=g\",\"caption\":\"Edici\u00f3n Web\"},\"url\":\"https:\\\/\\\/canal7slp.tv\\\/2021\\\/author\\\/edicionweb\\\/\"}]}<\/script>\n<!-- \/ Yoast SEO plugin. -->","yoast_head_json":{"title":"Reporta l\u00edder panista dos detenciones por presunta compra de votos - Canal 7 SLP - 2021","robots":{"index":"index","follow":"follow","max-snippet":"max-snippet:-1","max-image-preview":"max-image-preview:large","max-video-preview":"max-video-preview:-1"},"canonical":"https:\/\/canal7slp.tv\/2021\/reporta-lider-panista-dos-detenciones-por-presunta-compra-de-votos\/","og_locale":"es_ES","og_type":"article","og_title":"Reporta l\u00edder panista dos detenciones por presunta compra de votos - Canal 7 SLP - 2021","og_description":"SLP.- A nombre de la Coalici\u00f3n \u00abS\u00ed por San Luis Potos\u00ed\u00bb, el presidente estatal del Partido Acci\u00f3n Nacional, Juan Francisco Aguilar, revel\u00f3 que hay dos personas detenidas por probable compra de votos en el municipio de Soledad Graciano S\u00e1nchez, este mismo domingo. Pidi\u00f3 a los potosinos abstenerse de incurrir en cualquier acto que constituya un delito electoral. Dijo tener reportes de que hasta las 11 de la ma\u00f1ana se hab\u00edan instalado 3 mil 066 casillas, de un total de 3 mil 750, es decir, 81.76 por ciento. A\u00f1adi\u00f3 que la mayor\u00eda de las casillas donde no hab\u00eda instalaci\u00f3n, el retraso [&hellip;]","og_url":"https:\/\/canal7slp.tv\/2021\/reporta-lider-panista-dos-detenciones-por-presunta-compra-de-votos\/","og_site_name":"Canal 7 SLP - 2021","article_publisher":"https:\/\/www.facebook.com\/noticieroscanalsiete","article_published_time":"2021-06-06T17:41:09+00:00","article_modified_time":"2021-06-06T18:00:01+00:00","og_image":[{"width":696,"height":423,"url":"https:\/\/canal7slp.tv\/2021\/wp-content\/uploads\/2021\/06\/JFAGUlardetenidos.jpg","type":"image\/jpeg"}],"author":"Edici\u00f3n Web","twitter_card":"summary_large_image","twitter_creator":"@NOTICIEROS7","twitter_site":"@NOTICIEROS7","twitter_misc":{"Escrito por":"Edici\u00f3n Web","Tiempo de lectura":"1 minuto"},"schema":{"@context":"https:\/\/schema.org","@graph":[{"@type":"Article","@id":"https:\/\/canal7slp.tv\/2021\/reporta-lider-panista-dos-detenciones-por-presunta-compra-de-votos\/#article","isPartOf":{"@id":"https:\/\/canal7slp.tv\/2021\/reporta-lider-panista-dos-detenciones-por-presunta-compra-de-votos\/"},"author":{"name":"Edici\u00f3n Web","@id":"https:\/\/canal7slp.tv\/2021\/#\/schema\/person\/28a12b0491d3b6f41a854d062961bdc7"},"headline":"Reporta l\u00edder panista dos detenciones por presunta compra de votos","datePublished":"2021-06-06T17:41:09+00:00","dateModified":"2021-06-06T18:00:01+00:00","mainEntityOfPage":{"@id":"https:\/\/canal7slp.tv\/2021\/reporta-lider-panista-dos-detenciones-por-presunta-compra-de-votos\/"},"wordCount":130,"publisher":{"@id":"https:\/\/canal7slp.tv\/2021\/#organization"},"image":{"@id":"https:\/\/canal7slp.tv\/2021\/reporta-lider-panista-dos-detenciones-por-presunta-compra-de-votos\/#primaryimage"},"thumbnailUrl":"https:\/\/canal7slp.tv\/2021\/wp-content\/uploads\/2021\/06\/JFAGUlardetenidos.jpg","articleSection":["DECI21\u00d3N","LOCALES Y REGIONALES"],"inLanguage":"es"},{"@type":"WebPage","@id":"https:\/\/canal7slp.tv\/2021\/reporta-lider-panista-dos-detenciones-por-presunta-compra-de-votos\/","url":"https:\/\/canal7slp.tv\/2021\/reporta-lider-panista-dos-detenciones-por-presunta-compra-de-votos\/","name":"Reporta l\u00edder panista dos detenciones por presunta compra de votos - Canal 7 SLP - 2021","isPartOf":{"@id":"https:\/\/canal7slp.tv\/2021\/#website"},"primaryImageOfPage":{"@id":"https:\/\/canal7slp.tv\/2021\/reporta-lider-panista-dos-detenciones-por-presunta-compra-de-votos\/#primaryimage"},"image":{"@id":"https:\/\/canal7slp.tv\/2021\/reporta-lider-panista-dos-detenciones-por-presunta-compra-de-votos\/#primaryimage"},"thumbnailUrl":"https:\/\/canal7slp.tv\/2021\/wp-content\/uploads\/2021\/06\/JFAGUlardetenidos.jpg","datePublished":"2021-06-06T17:41:09+00:00","dateModified":"2021-06-06T18:00:01+00:00","breadcrumb":{"@id":"https:\/\/canal7slp.tv\/2021\/reporta-lider-panista-dos-detenciones-por-presunta-compra-de-votos\/#breadcrumb"},"inLanguage":"es","potentialAction":[{"@type":"ReadAction","target":["https:\/\/canal7slp.tv\/2021\/reporta-lider-panista-dos-detenciones-por-presunta-compra-de-votos\/"]}]},{"@type":"ImageObject","inLanguage":"es","@id":"https:\/\/canal7slp.tv\/2021\/reporta-lider-panista-dos-detenciones-por-presunta-compra-de-votos\/#primaryimage","url":"https:\/\/canal7slp.tv\/2021\/wp-content\/uploads\/2021\/06\/JFAGUlardetenidos.jpg","contentUrl":"https:\/\/canal7slp.tv\/2021\/wp-content\/uploads\/2021\/06\/JFAGUlardetenidos.jpg","width":696,"height":423},{"@type":"BreadcrumbList","@id":"https:\/\/canal7slp.tv\/2021\/reporta-lider-panista-dos-detenciones-por-presunta-compra-de-votos\/#breadcrumb","itemListElement":[{"@type":"ListItem","position":1,"name":"Portada","item":"https:\/\/canal7slp.tv\/2021\/"},{"@type":"ListItem","position":2,"name":"Reporta l\u00edder panista dos detenciones por presunta compra de votos"}]},{"@type":"WebSite","@id":"https:\/\/canal7slp.tv\/2021\/#website","url":"https:\/\/canal7slp.tv\/2021\/","name":"N7 - Noticieros Canal 7","description":"Somos Televisi\u00f3n","publisher":{"@id":"https:\/\/canal7slp.tv\/2021\/#organization"},"potentialAction":[{"@type":"SearchAction","target":{"@type":"EntryPoint","urlTemplate":"https:\/\/canal7slp.tv\/2021\/?s={search_term_string}"},"query-input":{"@type":"PropertyValueSpecification","valueRequired":true,"valueName":"search_term_string"}}],"inLanguage":"es"},{"@type":"Organization","@id":"https:\/\/canal7slp.tv\/2021\/#organization","name":"Noticieros Canal 7","url":"https:\/\/canal7slp.tv\/2021\/","logo":{"@type":"ImageObject","inLanguage":"es","@id":"https:\/\/canal7slp.tv\/2021\/#\/schema\/logo\/image\/","url":"https:\/\/canal7slp.tv\/2021\/wp-content\/uploads\/2021\/01\/logo-noticieros@2x.png","contentUrl":"https:\/\/canal7slp.tv\/2021\/wp-content\/uploads\/2021\/01\/logo-noticieros@2x.png","width":1017,"height":268,"caption":"Noticieros Canal 7"},"image":{"@id":"https:\/\/canal7slp.tv\/2021\/#\/schema\/logo\/image\/"},"sameAs":["https:\/\/www.facebook.com\/noticieroscanalsiete","https:\/\/x.com\/NOTICIEROS7","https:\/\/www.instagram.com\/canal7_slp","https:\/\/www.youtube.com\/channel\/UCliiYs-gP3JfJeqdPrNdd5A"]},{"@type":"Person","@id":"https:\/\/canal7slp.tv\/2021\/#\/schema\/person\/28a12b0491d3b6f41a854d062961bdc7","name":"Edici\u00f3n Web","image":{"@type":"ImageObject","inLanguage":"es","@id":"https:\/\/secure.gravatar.com\/avatar\/eee448fc3f7164808013b816ba91ac7e43bbe82a70bebac296f8bc6f0addaa1a?s=96&d=mm&r=g","url":"https:\/\/secure.gravatar.com\/avatar\/eee448fc3f7164808013b816ba91ac7e43bbe82a70bebac296f8bc6f0addaa1a?s=96&d=mm&r=g","contentUrl":"https:\/\/secure.gravatar.com\/avatar\/eee448fc3f7164808013b816ba91ac7e43bbe82a70bebac296f8bc6f0addaa1a?s=96&d=mm&r=g","caption":"Edici\u00f3n Web"},"url":"https:\/\/canal7slp.tv\/2021\/author\/edicionweb\/"}]}},"_links":{"self":[{"href":"https:\/\/canal7slp.tv\/2021\/wp-json\/wp\/v2\/posts\/19282","targetHints":{"allow":["GET"]}}],"collection":[{"href":"https:\/\/canal7slp.tv\/2021\/wp-json\/wp\/v2\/posts"}],"about":[{"href":"https:\/\/canal7slp.tv\/2021\/wp-json\/wp\/v2\/types\/post"}],"author":[{"embeddable":true,"href":"https:\/\/canal7slp.tv\/2021\/wp-json\/wp\/v2\/users\/2"}],"replies":[{"embeddable":true,"href":"https:\/\/canal7slp.tv\/2021\/wp-json\/wp\/v2\/comments?post=19282"}],"version-history":[{"count":2,"href":"https:\/\/canal7slp.tv\/2021\/wp-json\/wp\/v2\/posts\/19282\/revisions"}],"predecessor-version":[{"id":19285,"href":"https:\/\/canal7slp.tv\/2021\/wp-json\/wp\/v2\/posts\/19282\/revisions\/19285"}],"wp:featuredmedia":[{"embeddable":true,"href":"https:\/\/canal7slp.tv\/2021\/wp-json\/wp\/v2\/media\/19283"}],"wp:attachment":[{"href":"https:\/\/canal7slp.tv\/2021\/wp-json\/wp\/v2\/media?parent=19282"}],"wp:term":[{"taxonomy":"category","embeddable":true,"href":"https:\/\/canal7slp.tv\/2021\/wp-json\/wp\/v2\/categories?post=19282"},{"taxonomy":"post_tag","embeddable":true,"href":"https:\/\/canal7slp.tv\/2021\/wp-json\/wp\/v2\/tags?post=19282"}],"curies":[{"name":"wp","href":"https:\/\/api.w.org\/{rel}","templated":true}]}}