{"id":19267,"date":"2021-06-06T10:43:18","date_gmt":"2021-06-06T16:43:18","guid":{"rendered":"https:\/\/canal7slp.tv\/2021\/?p=19267"},"modified":"2021-06-06T10:48:17","modified_gmt":"2021-06-06T16:48:17","slug":"ricardo-gallardo-se-queja-de-la-tardia-apertura-de-casillas","status":"publish","type":"post","link":"https:\/\/canal7slp.tv\/2021\/ricardo-gallardo-se-queja-de-la-tardia-apertura-de-casillas\/","title":{"rendered":"Ricardo Gallardo se queja de la tard\u00eda apertura de casillas"},"content":{"rendered":"<div style=\"text-align: justify;\">SLP.- En punto de las 9:20 de la ma\u00f1ana, el candidato a gobernador de San Luis Potos\u00ed por la coalici\u00f3n, \u00abJuntos Haremos Historia\u00bb, Ricardo Gallardo Cardona, acudi\u00f3 a la casilla ubicada en la escuela secundaria Cuauht\u00e9moc en la colonia Constancia para emitir su voto.<\/div>\n<div style=\"text-align: justify;\"><\/div>\n<div style=\"text-align: justify;\">En entrevista, lament\u00f3 la situaci\u00f3n que se ha presentado en diversas casillas en cuesti\u00f3n de sus aperturas, que han visto retrasadas por la falta de funcionarios o por una coordinaci\u00f3n adecuada.<\/div>\n<div style=\"text-align: justify;\"><\/div>\n<div style=\"text-align: justify;\">\u00abTiene que haber paciencia porque vivimos esta gran fiesta, pero imag\u00ednense cu\u00e1nta gente en la Huasteca, en el altiplano, cuanta gente que est\u00e1 bajo el sol de la Huasteca, que ahorita est\u00e1 a 30 grados y que los tengan esperando as\u00ed, es muy lamentable lo que est\u00e1 sucediendo, ojal\u00e1 que hagan su trabajo, vuelvo a repetirlo, trabajan una vez cada seis a\u00f1os y no lo hacen bien\u00bb, dijo.<\/div>\n<div style=\"text-align: justify;\"><\/div>\n<div style=\"text-align: justify;\">Gallardo Cardona aprovech\u00f3 la oportunidad para agradecer a los medios de comunicaci\u00f3n y la cobertura que se hace del proceso electoral.<\/div>\n<div style=\"text-align: justify;\"><\/div>\n<div style=\"text-align: justify;\">\u00abLa verdad es que sin los medios de comunicaci\u00f3n los candidatos no ser\u00edamos nada, gracias a los medios de comunicaci\u00f3n podemos transmitir los mensajes, podemos llegar a miles de casas de ciudadanos y creo que hoy agradecerles rotundamente esta cobertura a todas y a todos que se dieron cita hoy aqu\u00ed\u00bb, agreg\u00f3.<\/div>\n<div style=\"text-align: justify;\"><\/div>\n<div style=\"text-align: justify;\">Por \u00faltimo, indic\u00f3 que durante el resto del dia se encontrar\u00e1 en el hotel Fiesta Inn para transmitir los resultados de las encuestas de salida.<\/div>\n","protected":false},"excerpt":{"rendered":"<p>SLP.- En punto de las 9:20 de la ma\u00f1ana, el candidato a gobernador de San Luis Potos\u00ed por la coalici\u00f3n, \u00abJuntos Haremos Historia\u00bb, Ricardo Gallardo Cardona, acudi\u00f3 a la casilla ubicada en la escuela secundaria Cuauht\u00e9moc en la colonia Constancia para emitir su voto. En entrevista, lament\u00f3 la situaci\u00f3n que se ha presentado en diversas casillas en cuesti\u00f3n de sus aperturas, que han visto retrasadas por la falta de funcionarios o por una coordinaci\u00f3n adecuada. \u00abTiene que haber paciencia porque vivimos esta gran fiesta, pero imag\u00ednense cu\u00e1nta gente en la Huasteca, en el altiplano, cuanta gente que est\u00e1 bajo el [&hellip;]<\/p>\n","protected":false},"author":2,"featured_media":19268,"comment_status":"closed","ping_status":"closed","sticky":false,"template":"","format":"standard","meta":{"footnotes":""},"categories":[392,45],"tags":[],"class_list":["post-19267","post","type-post","status-publish","format-standard","has-post-thumbnail","hentry","category-deci21on","category-localesyregionales","post--single"],"yoast_head":"<!-- This site is optimized with the Yoast SEO plugin v27.4 - https:\/\/yoast.com\/product\/yoast-seo-wordpress\/ -->\n<title>Ricardo Gallardo se queja de la tard\u00eda apertura de casillas - Canal 7 SLP - 2021<\/title>\n<meta name=\"robots\" content=\"index, follow, max-snippet:-1, max-image-preview:large, max-video-preview:-1\" \/>\n<link rel=\"canonical\" href=\"https:\/\/canal7slp.tv\/2021\/ricardo-gallardo-se-queja-de-la-tardia-apertura-de-casillas\/\" \/>\n<meta property=\"og:locale\" content=\"es_ES\" \/>\n<meta property=\"og:type\" content=\"article\" \/>\n<meta property=\"og:title\" content=\"Ricardo Gallardo se queja de la tard\u00eda apertura de casillas - Canal 7 SLP - 2021\" \/>\n<meta property=\"og:description\" content=\"SLP.- En punto de las 9:20 de la ma\u00f1ana, el candidato a gobernador de San Luis Potos\u00ed por la coalici\u00f3n, \u00abJuntos Haremos Historia\u00bb, Ricardo Gallardo Cardona, acudi\u00f3 a la casilla ubicada en la escuela secundaria Cuauht\u00e9moc en la colonia Constancia para emitir su voto. En entrevista, lament\u00f3 la situaci\u00f3n que se ha presentado en diversas casillas en cuesti\u00f3n de sus aperturas, que han visto retrasadas por la falta de funcionarios o por una coordinaci\u00f3n adecuada. \u00abTiene que haber paciencia porque vivimos esta gran fiesta, pero imag\u00ednense cu\u00e1nta gente en la Huasteca, en el altiplano, cuanta gente que est\u00e1 bajo el [&hellip;]\" \/>\n<meta property=\"og:url\" content=\"https:\/\/canal7slp.tv\/2021\/ricardo-gallardo-se-queja-de-la-tardia-apertura-de-casillas\/\" \/>\n<meta property=\"og:site_name\" content=\"Canal 7 SLP - 2021\" \/>\n<meta property=\"article:publisher\" content=\"https:\/\/www.facebook.com\/noticieroscanalsiete\" \/>\n<meta property=\"article:published_time\" content=\"2021-06-06T16:43:18+00:00\" \/>\n<meta property=\"article:modified_time\" content=\"2021-06-06T16:48:17+00:00\" \/>\n<meta property=\"og:image\" content=\"https:\/\/canal7slp.tv\/2021\/wp-content\/uploads\/2021\/06\/PolloGallardo.jpg\" \/>\n\t<meta property=\"og:image:width\" content=\"750\" \/>\n\t<meta property=\"og:image:height\" content=\"500\" \/>\n\t<meta property=\"og:image:type\" content=\"image\/jpeg\" \/>\n<meta name=\"author\" content=\"Edici\u00f3n Web\" \/>\n<meta name=\"twitter:card\" content=\"summary_large_image\" \/>\n<meta name=\"twitter:creator\" content=\"@NOTICIEROS7\" \/>\n<meta name=\"twitter:site\" content=\"@NOTICIEROS7\" \/>\n<meta name=\"twitter:label1\" content=\"Escrito por\" \/>\n\t<meta name=\"twitter:data1\" content=\"Edici\u00f3n Web\" \/>\n\t<meta name=\"twitter:label2\" content=\"Tiempo de lectura\" \/>\n\t<meta name=\"twitter:data2\" content=\"2 minutos\" \/>\n<script type=\"application\/ld+json\" class=\"yoast-schema-graph\">{\"@context\":\"https:\\\/\\\/schema.org\",\"@graph\":[{\"@type\":\"Article\",\"@id\":\"https:\\\/\\\/canal7slp.tv\\\/2021\\\/ricardo-gallardo-se-queja-de-la-tardia-apertura-de-casillas\\\/#article\",\"isPartOf\":{\"@id\":\"https:\\\/\\\/canal7slp.tv\\\/2021\\\/ricardo-gallardo-se-queja-de-la-tardia-apertura-de-casillas\\\/\"},\"author\":{\"name\":\"Edici\u00f3n Web\",\"@id\":\"https:\\\/\\\/canal7slp.tv\\\/2021\\\/#\\\/schema\\\/person\\\/28a12b0491d3b6f41a854d062961bdc7\"},\"headline\":\"Ricardo Gallardo se queja de la tard\u00eda apertura de casillas\",\"datePublished\":\"2021-06-06T16:43:18+00:00\",\"dateModified\":\"2021-06-06T16:48:17+00:00\",\"mainEntityOfPage\":{\"@id\":\"https:\\\/\\\/canal7slp.tv\\\/2021\\\/ricardo-gallardo-se-queja-de-la-tardia-apertura-de-casillas\\\/\"},\"wordCount\":264,\"publisher\":{\"@id\":\"https:\\\/\\\/canal7slp.tv\\\/2021\\\/#organization\"},\"image\":{\"@id\":\"https:\\\/\\\/canal7slp.tv\\\/2021\\\/ricardo-gallardo-se-queja-de-la-tardia-apertura-de-casillas\\\/#primaryimage\"},\"thumbnailUrl\":\"https:\\\/\\\/canal7slp.tv\\\/2021\\\/wp-content\\\/uploads\\\/2021\\\/06\\\/PolloGallardo.jpg\",\"articleSection\":[\"DECI21\u00d3N\",\"LOCALES Y REGIONALES\"],\"inLanguage\":\"es\"},{\"@type\":\"WebPage\",\"@id\":\"https:\\\/\\\/canal7slp.tv\\\/2021\\\/ricardo-gallardo-se-queja-de-la-tardia-apertura-de-casillas\\\/\",\"url\":\"https:\\\/\\\/canal7slp.tv\\\/2021\\\/ricardo-gallardo-se-queja-de-la-tardia-apertura-de-casillas\\\/\",\"name\":\"Ricardo Gallardo se queja de la tard\u00eda apertura de casillas - Canal 7 SLP - 2021\",\"isPartOf\":{\"@id\":\"https:\\\/\\\/canal7slp.tv\\\/2021\\\/#website\"},\"primaryImageOfPage\":{\"@id\":\"https:\\\/\\\/canal7slp.tv\\\/2021\\\/ricardo-gallardo-se-queja-de-la-tardia-apertura-de-casillas\\\/#primaryimage\"},\"image\":{\"@id\":\"https:\\\/\\\/canal7slp.tv\\\/2021\\\/ricardo-gallardo-se-queja-de-la-tardia-apertura-de-casillas\\\/#primaryimage\"},\"thumbnailUrl\":\"https:\\\/\\\/canal7slp.tv\\\/2021\\\/wp-content\\\/uploads\\\/2021\\\/06\\\/PolloGallardo.jpg\",\"datePublished\":\"2021-06-06T16:43:18+00:00\",\"dateModified\":\"2021-06-06T16:48:17+00:00\",\"breadcrumb\":{\"@id\":\"https:\\\/\\\/canal7slp.tv\\\/2021\\\/ricardo-gallardo-se-queja-de-la-tardia-apertura-de-casillas\\\/#breadcrumb\"},\"inLanguage\":\"es\",\"potentialAction\":[{\"@type\":\"ReadAction\",\"target\":[\"https:\\\/\\\/canal7slp.tv\\\/2021\\\/ricardo-gallardo-se-queja-de-la-tardia-apertura-de-casillas\\\/\"]}]},{\"@type\":\"ImageObject\",\"inLanguage\":\"es\",\"@id\":\"https:\\\/\\\/canal7slp.tv\\\/2021\\\/ricardo-gallardo-se-queja-de-la-tardia-apertura-de-casillas\\\/#primaryimage\",\"url\":\"https:\\\/\\\/canal7slp.tv\\\/2021\\\/wp-content\\\/uploads\\\/2021\\\/06\\\/PolloGallardo.jpg\",\"contentUrl\":\"https:\\\/\\\/canal7slp.tv\\\/2021\\\/wp-content\\\/uploads\\\/2021\\\/06\\\/PolloGallardo.jpg\",\"width\":750,\"height\":500},{\"@type\":\"BreadcrumbList\",\"@id\":\"https:\\\/\\\/canal7slp.tv\\\/2021\\\/ricardo-gallardo-se-queja-de-la-tardia-apertura-de-casillas\\\/#breadcrumb\",\"itemListElement\":[{\"@type\":\"ListItem\",\"position\":1,\"name\":\"Portada\",\"item\":\"https:\\\/\\\/canal7slp.tv\\\/2021\\\/\"},{\"@type\":\"ListItem\",\"position\":2,\"name\":\"Ricardo Gallardo se queja de la tard\u00eda apertura de casillas\"}]},{\"@type\":\"WebSite\",\"@id\":\"https:\\\/\\\/canal7slp.tv\\\/2021\\\/#website\",\"url\":\"https:\\\/\\\/canal7slp.tv\\\/2021\\\/\",\"name\":\"N7 - Noticieros Canal 7\",\"description\":\"Somos Televisi\u00f3n\",\"publisher\":{\"@id\":\"https:\\\/\\\/canal7slp.tv\\\/2021\\\/#organization\"},\"potentialAction\":[{\"@type\":\"SearchAction\",\"target\":{\"@type\":\"EntryPoint\",\"urlTemplate\":\"https:\\\/\\\/canal7slp.tv\\\/2021\\\/?s={search_term_string}\"},\"query-input\":{\"@type\":\"PropertyValueSpecification\",\"valueRequired\":true,\"valueName\":\"search_term_string\"}}],\"inLanguage\":\"es\"},{\"@type\":\"Organization\",\"@id\":\"https:\\\/\\\/canal7slp.tv\\\/2021\\\/#organization\",\"name\":\"Noticieros Canal 7\",\"url\":\"https:\\\/\\\/canal7slp.tv\\\/2021\\\/\",\"logo\":{\"@type\":\"ImageObject\",\"inLanguage\":\"es\",\"@id\":\"https:\\\/\\\/canal7slp.tv\\\/2021\\\/#\\\/schema\\\/logo\\\/image\\\/\",\"url\":\"https:\\\/\\\/canal7slp.tv\\\/2021\\\/wp-content\\\/uploads\\\/2021\\\/01\\\/logo-noticieros@2x.png\",\"contentUrl\":\"https:\\\/\\\/canal7slp.tv\\\/2021\\\/wp-content\\\/uploads\\\/2021\\\/01\\\/logo-noticieros@2x.png\",\"width\":1017,\"height\":268,\"caption\":\"Noticieros Canal 7\"},\"image\":{\"@id\":\"https:\\\/\\\/canal7slp.tv\\\/2021\\\/#\\\/schema\\\/logo\\\/image\\\/\"},\"sameAs\":[\"https:\\\/\\\/www.facebook.com\\\/noticieroscanalsiete\",\"https:\\\/\\\/x.com\\\/NOTICIEROS7\",\"https:\\\/\\\/www.instagram.com\\\/canal7_slp\",\"https:\\\/\\\/www.youtube.com\\\/channel\\\/UCliiYs-gP3JfJeqdPrNdd5A\"]},{\"@type\":\"Person\",\"@id\":\"https:\\\/\\\/canal7slp.tv\\\/2021\\\/#\\\/schema\\\/person\\\/28a12b0491d3b6f41a854d062961bdc7\",\"name\":\"Edici\u00f3n Web\",\"image\":{\"@type\":\"ImageObject\",\"inLanguage\":\"es\",\"@id\":\"https:\\\/\\\/secure.gravatar.com\\\/avatar\\\/eee448fc3f7164808013b816ba91ac7e43bbe82a70bebac296f8bc6f0addaa1a?s=96&d=mm&r=g\",\"url\":\"https:\\\/\\\/secure.gravatar.com\\\/avatar\\\/eee448fc3f7164808013b816ba91ac7e43bbe82a70bebac296f8bc6f0addaa1a?s=96&d=mm&r=g\",\"contentUrl\":\"https:\\\/\\\/secure.gravatar.com\\\/avatar\\\/eee448fc3f7164808013b816ba91ac7e43bbe82a70bebac296f8bc6f0addaa1a?s=96&d=mm&r=g\",\"caption\":\"Edici\u00f3n Web\"},\"url\":\"https:\\\/\\\/canal7slp.tv\\\/2021\\\/author\\\/edicionweb\\\/\"}]}<\/script>\n<!-- \/ Yoast SEO plugin. -->","yoast_head_json":{"title":"Ricardo Gallardo se queja de la tard\u00eda apertura de casillas - Canal 7 SLP - 2021","robots":{"index":"index","follow":"follow","max-snippet":"max-snippet:-1","max-image-preview":"max-image-preview:large","max-video-preview":"max-video-preview:-1"},"canonical":"https:\/\/canal7slp.tv\/2021\/ricardo-gallardo-se-queja-de-la-tardia-apertura-de-casillas\/","og_locale":"es_ES","og_type":"article","og_title":"Ricardo Gallardo se queja de la tard\u00eda apertura de casillas - Canal 7 SLP - 2021","og_description":"SLP.- En punto de las 9:20 de la ma\u00f1ana, el candidato a gobernador de San Luis Potos\u00ed por la coalici\u00f3n, \u00abJuntos Haremos Historia\u00bb, Ricardo Gallardo Cardona, acudi\u00f3 a la casilla ubicada en la escuela secundaria Cuauht\u00e9moc en la colonia Constancia para emitir su voto. En entrevista, lament\u00f3 la situaci\u00f3n que se ha presentado en diversas casillas en cuesti\u00f3n de sus aperturas, que han visto retrasadas por la falta de funcionarios o por una coordinaci\u00f3n adecuada. \u00abTiene que haber paciencia porque vivimos esta gran fiesta, pero imag\u00ednense cu\u00e1nta gente en la Huasteca, en el altiplano, cuanta gente que est\u00e1 bajo el [&hellip;]","og_url":"https:\/\/canal7slp.tv\/2021\/ricardo-gallardo-se-queja-de-la-tardia-apertura-de-casillas\/","og_site_name":"Canal 7 SLP - 2021","article_publisher":"https:\/\/www.facebook.com\/noticieroscanalsiete","article_published_time":"2021-06-06T16:43:18+00:00","article_modified_time":"2021-06-06T16:48:17+00:00","og_image":[{"width":750,"height":500,"url":"https:\/\/canal7slp.tv\/2021\/wp-content\/uploads\/2021\/06\/PolloGallardo.jpg","type":"image\/jpeg"}],"author":"Edici\u00f3n Web","twitter_card":"summary_large_image","twitter_creator":"@NOTICIEROS7","twitter_site":"@NOTICIEROS7","twitter_misc":{"Escrito por":"Edici\u00f3n Web","Tiempo de lectura":"2 minutos"},"schema":{"@context":"https:\/\/schema.org","@graph":[{"@type":"Article","@id":"https:\/\/canal7slp.tv\/2021\/ricardo-gallardo-se-queja-de-la-tardia-apertura-de-casillas\/#article","isPartOf":{"@id":"https:\/\/canal7slp.tv\/2021\/ricardo-gallardo-se-queja-de-la-tardia-apertura-de-casillas\/"},"author":{"name":"Edici\u00f3n Web","@id":"https:\/\/canal7slp.tv\/2021\/#\/schema\/person\/28a12b0491d3b6f41a854d062961bdc7"},"headline":"Ricardo Gallardo se queja de la tard\u00eda apertura de casillas","datePublished":"2021-06-06T16:43:18+00:00","dateModified":"2021-06-06T16:48:17+00:00","mainEntityOfPage":{"@id":"https:\/\/canal7slp.tv\/2021\/ricardo-gallardo-se-queja-de-la-tardia-apertura-de-casillas\/"},"wordCount":264,"publisher":{"@id":"https:\/\/canal7slp.tv\/2021\/#organization"},"image":{"@id":"https:\/\/canal7slp.tv\/2021\/ricardo-gallardo-se-queja-de-la-tardia-apertura-de-casillas\/#primaryimage"},"thumbnailUrl":"https:\/\/canal7slp.tv\/2021\/wp-content\/uploads\/2021\/06\/PolloGallardo.jpg","articleSection":["DECI21\u00d3N","LOCALES Y REGIONALES"],"inLanguage":"es"},{"@type":"WebPage","@id":"https:\/\/canal7slp.tv\/2021\/ricardo-gallardo-se-queja-de-la-tardia-apertura-de-casillas\/","url":"https:\/\/canal7slp.tv\/2021\/ricardo-gallardo-se-queja-de-la-tardia-apertura-de-casillas\/","name":"Ricardo Gallardo se queja de la tard\u00eda apertura de casillas - Canal 7 SLP - 2021","isPartOf":{"@id":"https:\/\/canal7slp.tv\/2021\/#website"},"primaryImageOfPage":{"@id":"https:\/\/canal7slp.tv\/2021\/ricardo-gallardo-se-queja-de-la-tardia-apertura-de-casillas\/#primaryimage"},"image":{"@id":"https:\/\/canal7slp.tv\/2021\/ricardo-gallardo-se-queja-de-la-tardia-apertura-de-casillas\/#primaryimage"},"thumbnailUrl":"https:\/\/canal7slp.tv\/2021\/wp-content\/uploads\/2021\/06\/PolloGallardo.jpg","datePublished":"2021-06-06T16:43:18+00:00","dateModified":"2021-06-06T16:48:17+00:00","breadcrumb":{"@id":"https:\/\/canal7slp.tv\/2021\/ricardo-gallardo-se-queja-de-la-tardia-apertura-de-casillas\/#breadcrumb"},"inLanguage":"es","potentialAction":[{"@type":"ReadAction","target":["https:\/\/canal7slp.tv\/2021\/ricardo-gallardo-se-queja-de-la-tardia-apertura-de-casillas\/"]}]},{"@type":"ImageObject","inLanguage":"es","@id":"https:\/\/canal7slp.tv\/2021\/ricardo-gallardo-se-queja-de-la-tardia-apertura-de-casillas\/#primaryimage","url":"https:\/\/canal7slp.tv\/2021\/wp-content\/uploads\/2021\/06\/PolloGallardo.jpg","contentUrl":"https:\/\/canal7slp.tv\/2021\/wp-content\/uploads\/2021\/06\/PolloGallardo.jpg","width":750,"height":500},{"@type":"BreadcrumbList","@id":"https:\/\/canal7slp.tv\/2021\/ricardo-gallardo-se-queja-de-la-tardia-apertura-de-casillas\/#breadcrumb","itemListElement":[{"@type":"ListItem","position":1,"name":"Portada","item":"https:\/\/canal7slp.tv\/2021\/"},{"@type":"ListItem","position":2,"name":"Ricardo Gallardo se queja de la tard\u00eda apertura de casillas"}]},{"@type":"WebSite","@id":"https:\/\/canal7slp.tv\/2021\/#website","url":"https:\/\/canal7slp.tv\/2021\/","name":"N7 - Noticieros Canal 7","description":"Somos Televisi\u00f3n","publisher":{"@id":"https:\/\/canal7slp.tv\/2021\/#organization"},"potentialAction":[{"@type":"SearchAction","target":{"@type":"EntryPoint","urlTemplate":"https:\/\/canal7slp.tv\/2021\/?s={search_term_string}"},"query-input":{"@type":"PropertyValueSpecification","valueRequired":true,"valueName":"search_term_string"}}],"inLanguage":"es"},{"@type":"Organization","@id":"https:\/\/canal7slp.tv\/2021\/#organization","name":"Noticieros Canal 7","url":"https:\/\/canal7slp.tv\/2021\/","logo":{"@type":"ImageObject","inLanguage":"es","@id":"https:\/\/canal7slp.tv\/2021\/#\/schema\/logo\/image\/","url":"https:\/\/canal7slp.tv\/2021\/wp-content\/uploads\/2021\/01\/logo-noticieros@2x.png","contentUrl":"https:\/\/canal7slp.tv\/2021\/wp-content\/uploads\/2021\/01\/logo-noticieros@2x.png","width":1017,"height":268,"caption":"Noticieros Canal 7"},"image":{"@id":"https:\/\/canal7slp.tv\/2021\/#\/schema\/logo\/image\/"},"sameAs":["https:\/\/www.facebook.com\/noticieroscanalsiete","https:\/\/x.com\/NOTICIEROS7","https:\/\/www.instagram.com\/canal7_slp","https:\/\/www.youtube.com\/channel\/UCliiYs-gP3JfJeqdPrNdd5A"]},{"@type":"Person","@id":"https:\/\/canal7slp.tv\/2021\/#\/schema\/person\/28a12b0491d3b6f41a854d062961bdc7","name":"Edici\u00f3n Web","image":{"@type":"ImageObject","inLanguage":"es","@id":"https:\/\/secure.gravatar.com\/avatar\/eee448fc3f7164808013b816ba91ac7e43bbe82a70bebac296f8bc6f0addaa1a?s=96&d=mm&r=g","url":"https:\/\/secure.gravatar.com\/avatar\/eee448fc3f7164808013b816ba91ac7e43bbe82a70bebac296f8bc6f0addaa1a?s=96&d=mm&r=g","contentUrl":"https:\/\/secure.gravatar.com\/avatar\/eee448fc3f7164808013b816ba91ac7e43bbe82a70bebac296f8bc6f0addaa1a?s=96&d=mm&r=g","caption":"Edici\u00f3n Web"},"url":"https:\/\/canal7slp.tv\/2021\/author\/edicionweb\/"}]}},"_links":{"self":[{"href":"https:\/\/canal7slp.tv\/2021\/wp-json\/wp\/v2\/posts\/19267","targetHints":{"allow":["GET"]}}],"collection":[{"href":"https:\/\/canal7slp.tv\/2021\/wp-json\/wp\/v2\/posts"}],"about":[{"href":"https:\/\/canal7slp.tv\/2021\/wp-json\/wp\/v2\/types\/post"}],"author":[{"embeddable":true,"href":"https:\/\/canal7slp.tv\/2021\/wp-json\/wp\/v2\/users\/2"}],"replies":[{"embeddable":true,"href":"https:\/\/canal7slp.tv\/2021\/wp-json\/wp\/v2\/comments?post=19267"}],"version-history":[{"count":2,"href":"https:\/\/canal7slp.tv\/2021\/wp-json\/wp\/v2\/posts\/19267\/revisions"}],"predecessor-version":[{"id":19270,"href":"https:\/\/canal7slp.tv\/2021\/wp-json\/wp\/v2\/posts\/19267\/revisions\/19270"}],"wp:featuredmedia":[{"embeddable":true,"href":"https:\/\/canal7slp.tv\/2021\/wp-json\/wp\/v2\/media\/19268"}],"wp:attachment":[{"href":"https:\/\/canal7slp.tv\/2021\/wp-json\/wp\/v2\/media?parent=19267"}],"wp:term":[{"taxonomy":"category","embeddable":true,"href":"https:\/\/canal7slp.tv\/2021\/wp-json\/wp\/v2\/categories?post=19267"},{"taxonomy":"post_tag","embeddable":true,"href":"https:\/\/canal7slp.tv\/2021\/wp-json\/wp\/v2\/tags?post=19267"}],"curies":[{"name":"wp","href":"https:\/\/api.w.org\/{rel}","templated":true}]}}