{"id":19261,"date":"2021-06-06T10:36:02","date_gmt":"2021-06-06T16:36:02","guid":{"rendered":"https:\/\/canal7slp.tv\/2021\/?p=19261"},"modified":"2021-06-06T10:48:17","modified_gmt":"2021-06-06T16:48:17","slug":"por-elecciones-suspendieron-la-ciclovia-de-carranza","status":"publish","type":"post","link":"https:\/\/canal7slp.tv\/2021\/por-elecciones-suspendieron-la-ciclovia-de-carranza\/","title":{"rendered":"Por elecciones, suspendieron la ciclov\u00eda de Carranza"},"content":{"rendered":"<p style=\"text-align: justify;\">SLP.- Paseantes, deportistas y due\u00f1os de mascotas que cada domingo disfrutan de la V\u00eda Recreativa en la avenida Venustiano Carranza, hoy se encontraron con la sorpresa de que no hubo circuito cerrado exclusivo.<\/p>\n<div dir=\"auto\" style=\"text-align: justify;\">Aparentemente, la causa fue la realizaci\u00f3n de las elecciones y suponer que la mayor\u00eda de las y los ciudadanos invertir\u00edan su jornada matutina en acudir a las casillas de votaci\u00f3n.<\/div>\n<div dir=\"auto\" style=\"text-align: justify;\">A las 10:30 de la ma\u00f1ana, todos los carriles de avenida Carranza, en ambos sentidos, estaban abiertos al tr\u00e1fico y no se detectaron agentes de vialidad ni patrullas en los cruceros que forman parte del recorrido, as\u00ed como tampoco a los j\u00f3venes voluntarios que cada domingo colaboran en la realizaci\u00f3n del paseo.<\/div>\n<div dir=\"auto\" style=\"text-align: justify;\">Sobre las aceras de ambos lados, algunos paseantes con mascotas y personas con ropa deportiva hac\u00edan su recorrido, adem\u00e1s de algunos ciclistas que alternaban su pedaleo entre banqueta y arroyo vehicular, sin demasiada precauci\u00f3n respecto a los peatones.<\/div>\n<div dir=\"auto\" style=\"text-align: justify;\">En ausencia de la V\u00eda Recreativa, algunos de sus usuarios m\u00e1s asiduos se \u00abrefugiaron\u00bb en el jard\u00edn de Tequisquiapan, sitio donde se pudo ver a numerosas personas paseando a sus mascotas, patinando y trotando alrededor o incluso dentro de las \u00e1reas verdes.<\/div>\n<div dir=\"auto\" style=\"text-align: justify;\">Al parecer, el anuncio de suspensi\u00f3n del paseo dominical, si es que lo hubo, considerando las limitaciones de la veda electoral, lleg\u00f3 a o\u00eddos de muy pocos usuarios.<\/div>\n","protected":false},"excerpt":{"rendered":"<p>SLP.- Paseantes, deportistas y due\u00f1os de mascotas que cada domingo disfrutan de la V\u00eda Recreativa en la avenida Venustiano Carranza, hoy se encontraron con la sorpresa de que no hubo circuito cerrado exclusivo. Aparentemente, la causa fue la realizaci\u00f3n de las elecciones y suponer que la mayor\u00eda de las y los ciudadanos invertir\u00edan su jornada matutina en acudir a las casillas de votaci\u00f3n. A las 10:30 de la ma\u00f1ana, todos los carriles de avenida Carranza, en ambos sentidos, estaban abiertos al tr\u00e1fico y no se detectaron agentes de vialidad ni patrullas en los cruceros que forman parte del recorrido, as\u00ed [&hellip;]<\/p>\n","protected":false},"author":2,"featured_media":19265,"comment_status":"closed","ping_status":"closed","sticky":false,"template":"","format":"standard","meta":{"footnotes":""},"categories":[392,45],"tags":[],"class_list":["post-19261","post","type-post","status-publish","format-standard","has-post-thumbnail","hentry","category-deci21on","category-localesyregionales","post--single"],"yoast_head":"<!-- This site is optimized with the Yoast SEO plugin v27.4 - https:\/\/yoast.com\/product\/yoast-seo-wordpress\/ -->\n<title>Por elecciones, suspendieron la ciclov\u00eda de Carranza - Canal 7 SLP - 2021<\/title>\n<meta name=\"robots\" content=\"index, follow, max-snippet:-1, max-image-preview:large, max-video-preview:-1\" \/>\n<link rel=\"canonical\" href=\"https:\/\/canal7slp.tv\/2021\/por-elecciones-suspendieron-la-ciclovia-de-carranza\/\" \/>\n<meta property=\"og:locale\" content=\"es_ES\" \/>\n<meta property=\"og:type\" content=\"article\" \/>\n<meta property=\"og:title\" content=\"Por elecciones, suspendieron la ciclov\u00eda de Carranza - Canal 7 SLP - 2021\" \/>\n<meta property=\"og:description\" content=\"SLP.- Paseantes, deportistas y due\u00f1os de mascotas que cada domingo disfrutan de la V\u00eda Recreativa en la avenida Venustiano Carranza, hoy se encontraron con la sorpresa de que no hubo circuito cerrado exclusivo. Aparentemente, la causa fue la realizaci\u00f3n de las elecciones y suponer que la mayor\u00eda de las y los ciudadanos invertir\u00edan su jornada matutina en acudir a las casillas de votaci\u00f3n. A las 10:30 de la ma\u00f1ana, todos los carriles de avenida Carranza, en ambos sentidos, estaban abiertos al tr\u00e1fico y no se detectaron agentes de vialidad ni patrullas en los cruceros que forman parte del recorrido, as\u00ed [&hellip;]\" \/>\n<meta property=\"og:url\" content=\"https:\/\/canal7slp.tv\/2021\/por-elecciones-suspendieron-la-ciclovia-de-carranza\/\" \/>\n<meta property=\"og:site_name\" content=\"Canal 7 SLP - 2021\" \/>\n<meta property=\"article:publisher\" content=\"https:\/\/www.facebook.com\/noticieroscanalsiete\" \/>\n<meta property=\"article:published_time\" content=\"2021-06-06T16:36:02+00:00\" \/>\n<meta property=\"article:modified_time\" content=\"2021-06-06T16:48:17+00:00\" \/>\n<meta property=\"og:image\" content=\"https:\/\/canal7slp.tv\/2021\/wp-content\/uploads\/2021\/06\/Ciclovia.jpg\" \/>\n\t<meta property=\"og:image:width\" content=\"696\" \/>\n\t<meta property=\"og:image:height\" content=\"423\" \/>\n\t<meta property=\"og:image:type\" content=\"image\/jpeg\" \/>\n<meta name=\"author\" content=\"Edici\u00f3n Web\" \/>\n<meta name=\"twitter:card\" content=\"summary_large_image\" \/>\n<meta name=\"twitter:creator\" content=\"@NOTICIEROS7\" \/>\n<meta name=\"twitter:site\" content=\"@NOTICIEROS7\" \/>\n<meta name=\"twitter:label1\" content=\"Escrito por\" \/>\n\t<meta name=\"twitter:data1\" content=\"Edici\u00f3n Web\" \/>\n\t<meta name=\"twitter:label2\" content=\"Tiempo de lectura\" \/>\n\t<meta name=\"twitter:data2\" content=\"1 minuto\" \/>\n<script type=\"application\/ld+json\" class=\"yoast-schema-graph\">{\"@context\":\"https:\\\/\\\/schema.org\",\"@graph\":[{\"@type\":\"Article\",\"@id\":\"https:\\\/\\\/canal7slp.tv\\\/2021\\\/por-elecciones-suspendieron-la-ciclovia-de-carranza\\\/#article\",\"isPartOf\":{\"@id\":\"https:\\\/\\\/canal7slp.tv\\\/2021\\\/por-elecciones-suspendieron-la-ciclovia-de-carranza\\\/\"},\"author\":{\"name\":\"Edici\u00f3n Web\",\"@id\":\"https:\\\/\\\/canal7slp.tv\\\/2021\\\/#\\\/schema\\\/person\\\/28a12b0491d3b6f41a854d062961bdc7\"},\"headline\":\"Por elecciones, suspendieron la ciclov\u00eda de Carranza\",\"datePublished\":\"2021-06-06T16:36:02+00:00\",\"dateModified\":\"2021-06-06T16:48:17+00:00\",\"mainEntityOfPage\":{\"@id\":\"https:\\\/\\\/canal7slp.tv\\\/2021\\\/por-elecciones-suspendieron-la-ciclovia-de-carranza\\\/\"},\"wordCount\":249,\"publisher\":{\"@id\":\"https:\\\/\\\/canal7slp.tv\\\/2021\\\/#organization\"},\"image\":{\"@id\":\"https:\\\/\\\/canal7slp.tv\\\/2021\\\/por-elecciones-suspendieron-la-ciclovia-de-carranza\\\/#primaryimage\"},\"thumbnailUrl\":\"https:\\\/\\\/canal7slp.tv\\\/2021\\\/wp-content\\\/uploads\\\/2021\\\/06\\\/Ciclovia.jpg\",\"articleSection\":[\"DECI21\u00d3N\",\"LOCALES Y REGIONALES\"],\"inLanguage\":\"es\"},{\"@type\":\"WebPage\",\"@id\":\"https:\\\/\\\/canal7slp.tv\\\/2021\\\/por-elecciones-suspendieron-la-ciclovia-de-carranza\\\/\",\"url\":\"https:\\\/\\\/canal7slp.tv\\\/2021\\\/por-elecciones-suspendieron-la-ciclovia-de-carranza\\\/\",\"name\":\"Por elecciones, suspendieron la ciclov\u00eda de Carranza - Canal 7 SLP - 2021\",\"isPartOf\":{\"@id\":\"https:\\\/\\\/canal7slp.tv\\\/2021\\\/#website\"},\"primaryImageOfPage\":{\"@id\":\"https:\\\/\\\/canal7slp.tv\\\/2021\\\/por-elecciones-suspendieron-la-ciclovia-de-carranza\\\/#primaryimage\"},\"image\":{\"@id\":\"https:\\\/\\\/canal7slp.tv\\\/2021\\\/por-elecciones-suspendieron-la-ciclovia-de-carranza\\\/#primaryimage\"},\"thumbnailUrl\":\"https:\\\/\\\/canal7slp.tv\\\/2021\\\/wp-content\\\/uploads\\\/2021\\\/06\\\/Ciclovia.jpg\",\"datePublished\":\"2021-06-06T16:36:02+00:00\",\"dateModified\":\"2021-06-06T16:48:17+00:00\",\"breadcrumb\":{\"@id\":\"https:\\\/\\\/canal7slp.tv\\\/2021\\\/por-elecciones-suspendieron-la-ciclovia-de-carranza\\\/#breadcrumb\"},\"inLanguage\":\"es\",\"potentialAction\":[{\"@type\":\"ReadAction\",\"target\":[\"https:\\\/\\\/canal7slp.tv\\\/2021\\\/por-elecciones-suspendieron-la-ciclovia-de-carranza\\\/\"]}]},{\"@type\":\"ImageObject\",\"inLanguage\":\"es\",\"@id\":\"https:\\\/\\\/canal7slp.tv\\\/2021\\\/por-elecciones-suspendieron-la-ciclovia-de-carranza\\\/#primaryimage\",\"url\":\"https:\\\/\\\/canal7slp.tv\\\/2021\\\/wp-content\\\/uploads\\\/2021\\\/06\\\/Ciclovia.jpg\",\"contentUrl\":\"https:\\\/\\\/canal7slp.tv\\\/2021\\\/wp-content\\\/uploads\\\/2021\\\/06\\\/Ciclovia.jpg\",\"width\":696,\"height\":423},{\"@type\":\"BreadcrumbList\",\"@id\":\"https:\\\/\\\/canal7slp.tv\\\/2021\\\/por-elecciones-suspendieron-la-ciclovia-de-carranza\\\/#breadcrumb\",\"itemListElement\":[{\"@type\":\"ListItem\",\"position\":1,\"name\":\"Portada\",\"item\":\"https:\\\/\\\/canal7slp.tv\\\/2021\\\/\"},{\"@type\":\"ListItem\",\"position\":2,\"name\":\"Por elecciones, suspendieron la ciclov\u00eda de Carranza\"}]},{\"@type\":\"WebSite\",\"@id\":\"https:\\\/\\\/canal7slp.tv\\\/2021\\\/#website\",\"url\":\"https:\\\/\\\/canal7slp.tv\\\/2021\\\/\",\"name\":\"N7 - Noticieros Canal 7\",\"description\":\"Somos Televisi\u00f3n\",\"publisher\":{\"@id\":\"https:\\\/\\\/canal7slp.tv\\\/2021\\\/#organization\"},\"potentialAction\":[{\"@type\":\"SearchAction\",\"target\":{\"@type\":\"EntryPoint\",\"urlTemplate\":\"https:\\\/\\\/canal7slp.tv\\\/2021\\\/?s={search_term_string}\"},\"query-input\":{\"@type\":\"PropertyValueSpecification\",\"valueRequired\":true,\"valueName\":\"search_term_string\"}}],\"inLanguage\":\"es\"},{\"@type\":\"Organization\",\"@id\":\"https:\\\/\\\/canal7slp.tv\\\/2021\\\/#organization\",\"name\":\"Noticieros Canal 7\",\"url\":\"https:\\\/\\\/canal7slp.tv\\\/2021\\\/\",\"logo\":{\"@type\":\"ImageObject\",\"inLanguage\":\"es\",\"@id\":\"https:\\\/\\\/canal7slp.tv\\\/2021\\\/#\\\/schema\\\/logo\\\/image\\\/\",\"url\":\"https:\\\/\\\/canal7slp.tv\\\/2021\\\/wp-content\\\/uploads\\\/2021\\\/01\\\/logo-noticieros@2x.png\",\"contentUrl\":\"https:\\\/\\\/canal7slp.tv\\\/2021\\\/wp-content\\\/uploads\\\/2021\\\/01\\\/logo-noticieros@2x.png\",\"width\":1017,\"height\":268,\"caption\":\"Noticieros Canal 7\"},\"image\":{\"@id\":\"https:\\\/\\\/canal7slp.tv\\\/2021\\\/#\\\/schema\\\/logo\\\/image\\\/\"},\"sameAs\":[\"https:\\\/\\\/www.facebook.com\\\/noticieroscanalsiete\",\"https:\\\/\\\/x.com\\\/NOTICIEROS7\",\"https:\\\/\\\/www.instagram.com\\\/canal7_slp\",\"https:\\\/\\\/www.youtube.com\\\/channel\\\/UCliiYs-gP3JfJeqdPrNdd5A\"]},{\"@type\":\"Person\",\"@id\":\"https:\\\/\\\/canal7slp.tv\\\/2021\\\/#\\\/schema\\\/person\\\/28a12b0491d3b6f41a854d062961bdc7\",\"name\":\"Edici\u00f3n Web\",\"image\":{\"@type\":\"ImageObject\",\"inLanguage\":\"es\",\"@id\":\"https:\\\/\\\/secure.gravatar.com\\\/avatar\\\/eee448fc3f7164808013b816ba91ac7e43bbe82a70bebac296f8bc6f0addaa1a?s=96&d=mm&r=g\",\"url\":\"https:\\\/\\\/secure.gravatar.com\\\/avatar\\\/eee448fc3f7164808013b816ba91ac7e43bbe82a70bebac296f8bc6f0addaa1a?s=96&d=mm&r=g\",\"contentUrl\":\"https:\\\/\\\/secure.gravatar.com\\\/avatar\\\/eee448fc3f7164808013b816ba91ac7e43bbe82a70bebac296f8bc6f0addaa1a?s=96&d=mm&r=g\",\"caption\":\"Edici\u00f3n Web\"},\"url\":\"https:\\\/\\\/canal7slp.tv\\\/2021\\\/author\\\/edicionweb\\\/\"}]}<\/script>\n<!-- \/ Yoast SEO plugin. -->","yoast_head_json":{"title":"Por elecciones, suspendieron la ciclov\u00eda de Carranza - Canal 7 SLP - 2021","robots":{"index":"index","follow":"follow","max-snippet":"max-snippet:-1","max-image-preview":"max-image-preview:large","max-video-preview":"max-video-preview:-1"},"canonical":"https:\/\/canal7slp.tv\/2021\/por-elecciones-suspendieron-la-ciclovia-de-carranza\/","og_locale":"es_ES","og_type":"article","og_title":"Por elecciones, suspendieron la ciclov\u00eda de Carranza - Canal 7 SLP - 2021","og_description":"SLP.- Paseantes, deportistas y due\u00f1os de mascotas que cada domingo disfrutan de la V\u00eda Recreativa en la avenida Venustiano Carranza, hoy se encontraron con la sorpresa de que no hubo circuito cerrado exclusivo. Aparentemente, la causa fue la realizaci\u00f3n de las elecciones y suponer que la mayor\u00eda de las y los ciudadanos invertir\u00edan su jornada matutina en acudir a las casillas de votaci\u00f3n. A las 10:30 de la ma\u00f1ana, todos los carriles de avenida Carranza, en ambos sentidos, estaban abiertos al tr\u00e1fico y no se detectaron agentes de vialidad ni patrullas en los cruceros que forman parte del recorrido, as\u00ed [&hellip;]","og_url":"https:\/\/canal7slp.tv\/2021\/por-elecciones-suspendieron-la-ciclovia-de-carranza\/","og_site_name":"Canal 7 SLP - 2021","article_publisher":"https:\/\/www.facebook.com\/noticieroscanalsiete","article_published_time":"2021-06-06T16:36:02+00:00","article_modified_time":"2021-06-06T16:48:17+00:00","og_image":[{"width":696,"height":423,"url":"https:\/\/canal7slp.tv\/2021\/wp-content\/uploads\/2021\/06\/Ciclovia.jpg","type":"image\/jpeg"}],"author":"Edici\u00f3n Web","twitter_card":"summary_large_image","twitter_creator":"@NOTICIEROS7","twitter_site":"@NOTICIEROS7","twitter_misc":{"Escrito por":"Edici\u00f3n Web","Tiempo de lectura":"1 minuto"},"schema":{"@context":"https:\/\/schema.org","@graph":[{"@type":"Article","@id":"https:\/\/canal7slp.tv\/2021\/por-elecciones-suspendieron-la-ciclovia-de-carranza\/#article","isPartOf":{"@id":"https:\/\/canal7slp.tv\/2021\/por-elecciones-suspendieron-la-ciclovia-de-carranza\/"},"author":{"name":"Edici\u00f3n Web","@id":"https:\/\/canal7slp.tv\/2021\/#\/schema\/person\/28a12b0491d3b6f41a854d062961bdc7"},"headline":"Por elecciones, suspendieron la ciclov\u00eda de Carranza","datePublished":"2021-06-06T16:36:02+00:00","dateModified":"2021-06-06T16:48:17+00:00","mainEntityOfPage":{"@id":"https:\/\/canal7slp.tv\/2021\/por-elecciones-suspendieron-la-ciclovia-de-carranza\/"},"wordCount":249,"publisher":{"@id":"https:\/\/canal7slp.tv\/2021\/#organization"},"image":{"@id":"https:\/\/canal7slp.tv\/2021\/por-elecciones-suspendieron-la-ciclovia-de-carranza\/#primaryimage"},"thumbnailUrl":"https:\/\/canal7slp.tv\/2021\/wp-content\/uploads\/2021\/06\/Ciclovia.jpg","articleSection":["DECI21\u00d3N","LOCALES Y REGIONALES"],"inLanguage":"es"},{"@type":"WebPage","@id":"https:\/\/canal7slp.tv\/2021\/por-elecciones-suspendieron-la-ciclovia-de-carranza\/","url":"https:\/\/canal7slp.tv\/2021\/por-elecciones-suspendieron-la-ciclovia-de-carranza\/","name":"Por elecciones, suspendieron la ciclov\u00eda de Carranza - Canal 7 SLP - 2021","isPartOf":{"@id":"https:\/\/canal7slp.tv\/2021\/#website"},"primaryImageOfPage":{"@id":"https:\/\/canal7slp.tv\/2021\/por-elecciones-suspendieron-la-ciclovia-de-carranza\/#primaryimage"},"image":{"@id":"https:\/\/canal7slp.tv\/2021\/por-elecciones-suspendieron-la-ciclovia-de-carranza\/#primaryimage"},"thumbnailUrl":"https:\/\/canal7slp.tv\/2021\/wp-content\/uploads\/2021\/06\/Ciclovia.jpg","datePublished":"2021-06-06T16:36:02+00:00","dateModified":"2021-06-06T16:48:17+00:00","breadcrumb":{"@id":"https:\/\/canal7slp.tv\/2021\/por-elecciones-suspendieron-la-ciclovia-de-carranza\/#breadcrumb"},"inLanguage":"es","potentialAction":[{"@type":"ReadAction","target":["https:\/\/canal7slp.tv\/2021\/por-elecciones-suspendieron-la-ciclovia-de-carranza\/"]}]},{"@type":"ImageObject","inLanguage":"es","@id":"https:\/\/canal7slp.tv\/2021\/por-elecciones-suspendieron-la-ciclovia-de-carranza\/#primaryimage","url":"https:\/\/canal7slp.tv\/2021\/wp-content\/uploads\/2021\/06\/Ciclovia.jpg","contentUrl":"https:\/\/canal7slp.tv\/2021\/wp-content\/uploads\/2021\/06\/Ciclovia.jpg","width":696,"height":423},{"@type":"BreadcrumbList","@id":"https:\/\/canal7slp.tv\/2021\/por-elecciones-suspendieron-la-ciclovia-de-carranza\/#breadcrumb","itemListElement":[{"@type":"ListItem","position":1,"name":"Portada","item":"https:\/\/canal7slp.tv\/2021\/"},{"@type":"ListItem","position":2,"name":"Por elecciones, suspendieron la ciclov\u00eda de Carranza"}]},{"@type":"WebSite","@id":"https:\/\/canal7slp.tv\/2021\/#website","url":"https:\/\/canal7slp.tv\/2021\/","name":"N7 - Noticieros Canal 7","description":"Somos Televisi\u00f3n","publisher":{"@id":"https:\/\/canal7slp.tv\/2021\/#organization"},"potentialAction":[{"@type":"SearchAction","target":{"@type":"EntryPoint","urlTemplate":"https:\/\/canal7slp.tv\/2021\/?s={search_term_string}"},"query-input":{"@type":"PropertyValueSpecification","valueRequired":true,"valueName":"search_term_string"}}],"inLanguage":"es"},{"@type":"Organization","@id":"https:\/\/canal7slp.tv\/2021\/#organization","name":"Noticieros Canal 7","url":"https:\/\/canal7slp.tv\/2021\/","logo":{"@type":"ImageObject","inLanguage":"es","@id":"https:\/\/canal7slp.tv\/2021\/#\/schema\/logo\/image\/","url":"https:\/\/canal7slp.tv\/2021\/wp-content\/uploads\/2021\/01\/logo-noticieros@2x.png","contentUrl":"https:\/\/canal7slp.tv\/2021\/wp-content\/uploads\/2021\/01\/logo-noticieros@2x.png","width":1017,"height":268,"caption":"Noticieros Canal 7"},"image":{"@id":"https:\/\/canal7slp.tv\/2021\/#\/schema\/logo\/image\/"},"sameAs":["https:\/\/www.facebook.com\/noticieroscanalsiete","https:\/\/x.com\/NOTICIEROS7","https:\/\/www.instagram.com\/canal7_slp","https:\/\/www.youtube.com\/channel\/UCliiYs-gP3JfJeqdPrNdd5A"]},{"@type":"Person","@id":"https:\/\/canal7slp.tv\/2021\/#\/schema\/person\/28a12b0491d3b6f41a854d062961bdc7","name":"Edici\u00f3n Web","image":{"@type":"ImageObject","inLanguage":"es","@id":"https:\/\/secure.gravatar.com\/avatar\/eee448fc3f7164808013b816ba91ac7e43bbe82a70bebac296f8bc6f0addaa1a?s=96&d=mm&r=g","url":"https:\/\/secure.gravatar.com\/avatar\/eee448fc3f7164808013b816ba91ac7e43bbe82a70bebac296f8bc6f0addaa1a?s=96&d=mm&r=g","contentUrl":"https:\/\/secure.gravatar.com\/avatar\/eee448fc3f7164808013b816ba91ac7e43bbe82a70bebac296f8bc6f0addaa1a?s=96&d=mm&r=g","caption":"Edici\u00f3n Web"},"url":"https:\/\/canal7slp.tv\/2021\/author\/edicionweb\/"}]}},"_links":{"self":[{"href":"https:\/\/canal7slp.tv\/2021\/wp-json\/wp\/v2\/posts\/19261","targetHints":{"allow":["GET"]}}],"collection":[{"href":"https:\/\/canal7slp.tv\/2021\/wp-json\/wp\/v2\/posts"}],"about":[{"href":"https:\/\/canal7slp.tv\/2021\/wp-json\/wp\/v2\/types\/post"}],"author":[{"embeddable":true,"href":"https:\/\/canal7slp.tv\/2021\/wp-json\/wp\/v2\/users\/2"}],"replies":[{"embeddable":true,"href":"https:\/\/canal7slp.tv\/2021\/wp-json\/wp\/v2\/comments?post=19261"}],"version-history":[{"count":1,"href":"https:\/\/canal7slp.tv\/2021\/wp-json\/wp\/v2\/posts\/19261\/revisions"}],"predecessor-version":[{"id":19266,"href":"https:\/\/canal7slp.tv\/2021\/wp-json\/wp\/v2\/posts\/19261\/revisions\/19266"}],"wp:featuredmedia":[{"embeddable":true,"href":"https:\/\/canal7slp.tv\/2021\/wp-json\/wp\/v2\/media\/19265"}],"wp:attachment":[{"href":"https:\/\/canal7slp.tv\/2021\/wp-json\/wp\/v2\/media?parent=19261"}],"wp:term":[{"taxonomy":"category","embeddable":true,"href":"https:\/\/canal7slp.tv\/2021\/wp-json\/wp\/v2\/categories?post=19261"},{"taxonomy":"post_tag","embeddable":true,"href":"https:\/\/canal7slp.tv\/2021\/wp-json\/wp\/v2\/tags?post=19261"}],"curies":[{"name":"wp","href":"https:\/\/api.w.org\/{rel}","templated":true}]}}