{"id":19247,"date":"2021-06-06T09:58:49","date_gmt":"2021-06-06T15:58:49","guid":{"rendered":"https:\/\/canal7slp.tv\/2021\/?p=19247"},"modified":"2021-06-06T10:48:00","modified_gmt":"2021-06-06T16:48:00","slug":"romero-calzada-denuncio-la-entrega-de-despensas-por-parte-del-pvem","status":"publish","type":"post","link":"https:\/\/canal7slp.tv\/2021\/romero-calzada-denuncio-la-entrega-de-despensas-por-parte-del-pvem\/","title":{"rendered":"Romero Calzada denunci\u00f3 la entrega de despensas por parte del PVEM"},"content":{"rendered":"<ul>\n<li style=\"text-align: justify;\">Asegur\u00f3 tener pruebas de ello<\/li>\n<\/ul>\n<p style=\"text-align: justify;\">SLP.- A las ocho veinte de la ma\u00f1ana el candidato a la gubernatura del partido Redes Progresistas Sociales, Jos\u00e9 Luis Romero Calzada acudi\u00f3 a emitir su voto a la casilla n\u00famero 0885 b\u00e1sica, ubicada frente a las instalaciones de un conocido club deportivo de las Lomas Segunda Secci\u00f3n.<\/p>\n<p style=\"text-align: justify;\">Cabe destacar que en esta casilla hubo inconformidades de los votantes, ya que 45 minutos despu\u00e9s de su apertura los funcionarios de casilla a\u00fan no terminaban de ordenar la papeler\u00eda y las urnas.<\/p>\n<p style=\"text-align: justify;\">Ante el retraso algunas personas comenzaron a aplaudir como medida de presi\u00f3n, pues hab\u00eda personas de la tercera edad formadas en pleno sol, paradas y la fila no avanzaba.<\/p>\n<p style=\"text-align: justify;\">En entrevista y posterior a su voto el candidato Romero Calzada conf\u00edo en que el proceso electoral transcurra en paz y sin incidentes de ning\u00fan tipo.<\/p>\n<p style=\"text-align: justify;\">Sin embargo, aprovech\u00f3 la ocasi\u00f3n para denunciar la entrega de despensas por parte del Partido Verde, incluso, todav\u00eda hoy mismo d\u00eda a de las votaciones, al asegurar tambi\u00e9n que ten\u00eda pruebas de ello.<\/p>\n","protected":false},"excerpt":{"rendered":"<p>Asegur\u00f3 tener pruebas de ello SLP.- A las ocho veinte de la ma\u00f1ana el candidato a la gubernatura del partido Redes Progresistas Sociales, Jos\u00e9 Luis Romero Calzada acudi\u00f3 a emitir su voto a la casilla n\u00famero 0885 b\u00e1sica, ubicada frente a las instalaciones de un conocido club deportivo de las Lomas Segunda Secci\u00f3n. Cabe destacar que en esta casilla hubo inconformidades de los votantes, ya que 45 minutos despu\u00e9s de su apertura los funcionarios de casilla a\u00fan no terminaban de ordenar la papeler\u00eda y las urnas. Ante el retraso algunas personas comenzaron a aplaudir como medida de presi\u00f3n, pues hab\u00eda [&hellip;]<\/p>\n","protected":false},"author":2,"featured_media":19251,"comment_status":"closed","ping_status":"closed","sticky":false,"template":"","format":"standard","meta":{"footnotes":""},"categories":[392,45],"tags":[],"class_list":["post-19247","post","type-post","status-publish","format-standard","has-post-thumbnail","hentry","category-deci21on","category-localesyregionales","post--single"],"yoast_head":"<!-- This site is optimized with the Yoast SEO plugin v27.4 - https:\/\/yoast.com\/product\/yoast-seo-wordpress\/ -->\n<title>Romero Calzada denunci\u00f3 la entrega de despensas por parte del PVEM - Canal 7 SLP - 2021<\/title>\n<meta name=\"robots\" content=\"index, follow, max-snippet:-1, max-image-preview:large, max-video-preview:-1\" \/>\n<link rel=\"canonical\" href=\"https:\/\/canal7slp.tv\/2021\/romero-calzada-denuncio-la-entrega-de-despensas-por-parte-del-pvem\/\" \/>\n<meta property=\"og:locale\" content=\"es_ES\" \/>\n<meta property=\"og:type\" content=\"article\" \/>\n<meta property=\"og:title\" content=\"Romero Calzada denunci\u00f3 la entrega de despensas por parte del PVEM - Canal 7 SLP - 2021\" \/>\n<meta property=\"og:description\" content=\"Asegur\u00f3 tener pruebas de ello SLP.- A las ocho veinte de la ma\u00f1ana el candidato a la gubernatura del partido Redes Progresistas Sociales, Jos\u00e9 Luis Romero Calzada acudi\u00f3 a emitir su voto a la casilla n\u00famero 0885 b\u00e1sica, ubicada frente a las instalaciones de un conocido club deportivo de las Lomas Segunda Secci\u00f3n. Cabe destacar que en esta casilla hubo inconformidades de los votantes, ya que 45 minutos despu\u00e9s de su apertura los funcionarios de casilla a\u00fan no terminaban de ordenar la papeler\u00eda y las urnas. Ante el retraso algunas personas comenzaron a aplaudir como medida de presi\u00f3n, pues hab\u00eda [&hellip;]\" \/>\n<meta property=\"og:url\" content=\"https:\/\/canal7slp.tv\/2021\/romero-calzada-denuncio-la-entrega-de-despensas-por-parte-del-pvem\/\" \/>\n<meta property=\"og:site_name\" content=\"Canal 7 SLP - 2021\" \/>\n<meta property=\"article:publisher\" content=\"https:\/\/www.facebook.com\/noticieroscanalsiete\" \/>\n<meta property=\"article:published_time\" content=\"2021-06-06T15:58:49+00:00\" \/>\n<meta property=\"article:modified_time\" content=\"2021-06-06T16:48:00+00:00\" \/>\n<meta property=\"og:image\" content=\"https:\/\/canal7slp.tv\/2021\/wp-content\/uploads\/2021\/06\/RomeroCalzada.jpg\" \/>\n\t<meta property=\"og:image:width\" content=\"833\" \/>\n\t<meta property=\"og:image:height\" content=\"500\" \/>\n\t<meta property=\"og:image:type\" content=\"image\/jpeg\" \/>\n<meta name=\"author\" content=\"Edici\u00f3n Web\" \/>\n<meta name=\"twitter:card\" content=\"summary_large_image\" \/>\n<meta name=\"twitter:creator\" content=\"@NOTICIEROS7\" \/>\n<meta name=\"twitter:site\" content=\"@NOTICIEROS7\" \/>\n<meta name=\"twitter:label1\" content=\"Escrito por\" \/>\n\t<meta name=\"twitter:data1\" content=\"Edici\u00f3n Web\" \/>\n\t<meta name=\"twitter:label2\" content=\"Tiempo de lectura\" \/>\n\t<meta name=\"twitter:data2\" content=\"1 minuto\" \/>\n<script type=\"application\/ld+json\" class=\"yoast-schema-graph\">{\"@context\":\"https:\\\/\\\/schema.org\",\"@graph\":[{\"@type\":\"Article\",\"@id\":\"https:\\\/\\\/canal7slp.tv\\\/2021\\\/romero-calzada-denuncio-la-entrega-de-despensas-por-parte-del-pvem\\\/#article\",\"isPartOf\":{\"@id\":\"https:\\\/\\\/canal7slp.tv\\\/2021\\\/romero-calzada-denuncio-la-entrega-de-despensas-por-parte-del-pvem\\\/\"},\"author\":{\"name\":\"Edici\u00f3n Web\",\"@id\":\"https:\\\/\\\/canal7slp.tv\\\/2021\\\/#\\\/schema\\\/person\\\/28a12b0491d3b6f41a854d062961bdc7\"},\"headline\":\"Romero Calzada denunci\u00f3 la entrega de despensas por parte del PVEM\",\"datePublished\":\"2021-06-06T15:58:49+00:00\",\"dateModified\":\"2021-06-06T16:48:00+00:00\",\"mainEntityOfPage\":{\"@id\":\"https:\\\/\\\/canal7slp.tv\\\/2021\\\/romero-calzada-denuncio-la-entrega-de-despensas-por-parte-del-pvem\\\/\"},\"wordCount\":200,\"publisher\":{\"@id\":\"https:\\\/\\\/canal7slp.tv\\\/2021\\\/#organization\"},\"image\":{\"@id\":\"https:\\\/\\\/canal7slp.tv\\\/2021\\\/romero-calzada-denuncio-la-entrega-de-despensas-por-parte-del-pvem\\\/#primaryimage\"},\"thumbnailUrl\":\"https:\\\/\\\/canal7slp.tv\\\/2021\\\/wp-content\\\/uploads\\\/2021\\\/06\\\/RomeroCalzada.jpg\",\"articleSection\":[\"DECI21\u00d3N\",\"LOCALES Y REGIONALES\"],\"inLanguage\":\"es\"},{\"@type\":\"WebPage\",\"@id\":\"https:\\\/\\\/canal7slp.tv\\\/2021\\\/romero-calzada-denuncio-la-entrega-de-despensas-por-parte-del-pvem\\\/\",\"url\":\"https:\\\/\\\/canal7slp.tv\\\/2021\\\/romero-calzada-denuncio-la-entrega-de-despensas-por-parte-del-pvem\\\/\",\"name\":\"Romero Calzada denunci\u00f3 la entrega de despensas por parte del PVEM - Canal 7 SLP - 2021\",\"isPartOf\":{\"@id\":\"https:\\\/\\\/canal7slp.tv\\\/2021\\\/#website\"},\"primaryImageOfPage\":{\"@id\":\"https:\\\/\\\/canal7slp.tv\\\/2021\\\/romero-calzada-denuncio-la-entrega-de-despensas-por-parte-del-pvem\\\/#primaryimage\"},\"image\":{\"@id\":\"https:\\\/\\\/canal7slp.tv\\\/2021\\\/romero-calzada-denuncio-la-entrega-de-despensas-por-parte-del-pvem\\\/#primaryimage\"},\"thumbnailUrl\":\"https:\\\/\\\/canal7slp.tv\\\/2021\\\/wp-content\\\/uploads\\\/2021\\\/06\\\/RomeroCalzada.jpg\",\"datePublished\":\"2021-06-06T15:58:49+00:00\",\"dateModified\":\"2021-06-06T16:48:00+00:00\",\"breadcrumb\":{\"@id\":\"https:\\\/\\\/canal7slp.tv\\\/2021\\\/romero-calzada-denuncio-la-entrega-de-despensas-por-parte-del-pvem\\\/#breadcrumb\"},\"inLanguage\":\"es\",\"potentialAction\":[{\"@type\":\"ReadAction\",\"target\":[\"https:\\\/\\\/canal7slp.tv\\\/2021\\\/romero-calzada-denuncio-la-entrega-de-despensas-por-parte-del-pvem\\\/\"]}]},{\"@type\":\"ImageObject\",\"inLanguage\":\"es\",\"@id\":\"https:\\\/\\\/canal7slp.tv\\\/2021\\\/romero-calzada-denuncio-la-entrega-de-despensas-por-parte-del-pvem\\\/#primaryimage\",\"url\":\"https:\\\/\\\/canal7slp.tv\\\/2021\\\/wp-content\\\/uploads\\\/2021\\\/06\\\/RomeroCalzada.jpg\",\"contentUrl\":\"https:\\\/\\\/canal7slp.tv\\\/2021\\\/wp-content\\\/uploads\\\/2021\\\/06\\\/RomeroCalzada.jpg\",\"width\":833,\"height\":500},{\"@type\":\"BreadcrumbList\",\"@id\":\"https:\\\/\\\/canal7slp.tv\\\/2021\\\/romero-calzada-denuncio-la-entrega-de-despensas-por-parte-del-pvem\\\/#breadcrumb\",\"itemListElement\":[{\"@type\":\"ListItem\",\"position\":1,\"name\":\"Portada\",\"item\":\"https:\\\/\\\/canal7slp.tv\\\/2021\\\/\"},{\"@type\":\"ListItem\",\"position\":2,\"name\":\"Romero Calzada denunci\u00f3 la entrega de despensas por parte del PVEM\"}]},{\"@type\":\"WebSite\",\"@id\":\"https:\\\/\\\/canal7slp.tv\\\/2021\\\/#website\",\"url\":\"https:\\\/\\\/canal7slp.tv\\\/2021\\\/\",\"name\":\"N7 - Noticieros Canal 7\",\"description\":\"Somos Televisi\u00f3n\",\"publisher\":{\"@id\":\"https:\\\/\\\/canal7slp.tv\\\/2021\\\/#organization\"},\"potentialAction\":[{\"@type\":\"SearchAction\",\"target\":{\"@type\":\"EntryPoint\",\"urlTemplate\":\"https:\\\/\\\/canal7slp.tv\\\/2021\\\/?s={search_term_string}\"},\"query-input\":{\"@type\":\"PropertyValueSpecification\",\"valueRequired\":true,\"valueName\":\"search_term_string\"}}],\"inLanguage\":\"es\"},{\"@type\":\"Organization\",\"@id\":\"https:\\\/\\\/canal7slp.tv\\\/2021\\\/#organization\",\"name\":\"Noticieros Canal 7\",\"url\":\"https:\\\/\\\/canal7slp.tv\\\/2021\\\/\",\"logo\":{\"@type\":\"ImageObject\",\"inLanguage\":\"es\",\"@id\":\"https:\\\/\\\/canal7slp.tv\\\/2021\\\/#\\\/schema\\\/logo\\\/image\\\/\",\"url\":\"https:\\\/\\\/canal7slp.tv\\\/2021\\\/wp-content\\\/uploads\\\/2021\\\/01\\\/logo-noticieros@2x.png\",\"contentUrl\":\"https:\\\/\\\/canal7slp.tv\\\/2021\\\/wp-content\\\/uploads\\\/2021\\\/01\\\/logo-noticieros@2x.png\",\"width\":1017,\"height\":268,\"caption\":\"Noticieros Canal 7\"},\"image\":{\"@id\":\"https:\\\/\\\/canal7slp.tv\\\/2021\\\/#\\\/schema\\\/logo\\\/image\\\/\"},\"sameAs\":[\"https:\\\/\\\/www.facebook.com\\\/noticieroscanalsiete\",\"https:\\\/\\\/x.com\\\/NOTICIEROS7\",\"https:\\\/\\\/www.instagram.com\\\/canal7_slp\",\"https:\\\/\\\/www.youtube.com\\\/channel\\\/UCliiYs-gP3JfJeqdPrNdd5A\"]},{\"@type\":\"Person\",\"@id\":\"https:\\\/\\\/canal7slp.tv\\\/2021\\\/#\\\/schema\\\/person\\\/28a12b0491d3b6f41a854d062961bdc7\",\"name\":\"Edici\u00f3n Web\",\"image\":{\"@type\":\"ImageObject\",\"inLanguage\":\"es\",\"@id\":\"https:\\\/\\\/secure.gravatar.com\\\/avatar\\\/eee448fc3f7164808013b816ba91ac7e43bbe82a70bebac296f8bc6f0addaa1a?s=96&d=mm&r=g\",\"url\":\"https:\\\/\\\/secure.gravatar.com\\\/avatar\\\/eee448fc3f7164808013b816ba91ac7e43bbe82a70bebac296f8bc6f0addaa1a?s=96&d=mm&r=g\",\"contentUrl\":\"https:\\\/\\\/secure.gravatar.com\\\/avatar\\\/eee448fc3f7164808013b816ba91ac7e43bbe82a70bebac296f8bc6f0addaa1a?s=96&d=mm&r=g\",\"caption\":\"Edici\u00f3n Web\"},\"url\":\"https:\\\/\\\/canal7slp.tv\\\/2021\\\/author\\\/edicionweb\\\/\"}]}<\/script>\n<!-- \/ Yoast SEO plugin. -->","yoast_head_json":{"title":"Romero Calzada denunci\u00f3 la entrega de despensas por parte del PVEM - Canal 7 SLP - 2021","robots":{"index":"index","follow":"follow","max-snippet":"max-snippet:-1","max-image-preview":"max-image-preview:large","max-video-preview":"max-video-preview:-1"},"canonical":"https:\/\/canal7slp.tv\/2021\/romero-calzada-denuncio-la-entrega-de-despensas-por-parte-del-pvem\/","og_locale":"es_ES","og_type":"article","og_title":"Romero Calzada denunci\u00f3 la entrega de despensas por parte del PVEM - Canal 7 SLP - 2021","og_description":"Asegur\u00f3 tener pruebas de ello SLP.- A las ocho veinte de la ma\u00f1ana el candidato a la gubernatura del partido Redes Progresistas Sociales, Jos\u00e9 Luis Romero Calzada acudi\u00f3 a emitir su voto a la casilla n\u00famero 0885 b\u00e1sica, ubicada frente a las instalaciones de un conocido club deportivo de las Lomas Segunda Secci\u00f3n. Cabe destacar que en esta casilla hubo inconformidades de los votantes, ya que 45 minutos despu\u00e9s de su apertura los funcionarios de casilla a\u00fan no terminaban de ordenar la papeler\u00eda y las urnas. Ante el retraso algunas personas comenzaron a aplaudir como medida de presi\u00f3n, pues hab\u00eda [&hellip;]","og_url":"https:\/\/canal7slp.tv\/2021\/romero-calzada-denuncio-la-entrega-de-despensas-por-parte-del-pvem\/","og_site_name":"Canal 7 SLP - 2021","article_publisher":"https:\/\/www.facebook.com\/noticieroscanalsiete","article_published_time":"2021-06-06T15:58:49+00:00","article_modified_time":"2021-06-06T16:48:00+00:00","og_image":[{"width":833,"height":500,"url":"https:\/\/canal7slp.tv\/2021\/wp-content\/uploads\/2021\/06\/RomeroCalzada.jpg","type":"image\/jpeg"}],"author":"Edici\u00f3n Web","twitter_card":"summary_large_image","twitter_creator":"@NOTICIEROS7","twitter_site":"@NOTICIEROS7","twitter_misc":{"Escrito por":"Edici\u00f3n Web","Tiempo de lectura":"1 minuto"},"schema":{"@context":"https:\/\/schema.org","@graph":[{"@type":"Article","@id":"https:\/\/canal7slp.tv\/2021\/romero-calzada-denuncio-la-entrega-de-despensas-por-parte-del-pvem\/#article","isPartOf":{"@id":"https:\/\/canal7slp.tv\/2021\/romero-calzada-denuncio-la-entrega-de-despensas-por-parte-del-pvem\/"},"author":{"name":"Edici\u00f3n Web","@id":"https:\/\/canal7slp.tv\/2021\/#\/schema\/person\/28a12b0491d3b6f41a854d062961bdc7"},"headline":"Romero Calzada denunci\u00f3 la entrega de despensas por parte del PVEM","datePublished":"2021-06-06T15:58:49+00:00","dateModified":"2021-06-06T16:48:00+00:00","mainEntityOfPage":{"@id":"https:\/\/canal7slp.tv\/2021\/romero-calzada-denuncio-la-entrega-de-despensas-por-parte-del-pvem\/"},"wordCount":200,"publisher":{"@id":"https:\/\/canal7slp.tv\/2021\/#organization"},"image":{"@id":"https:\/\/canal7slp.tv\/2021\/romero-calzada-denuncio-la-entrega-de-despensas-por-parte-del-pvem\/#primaryimage"},"thumbnailUrl":"https:\/\/canal7slp.tv\/2021\/wp-content\/uploads\/2021\/06\/RomeroCalzada.jpg","articleSection":["DECI21\u00d3N","LOCALES Y REGIONALES"],"inLanguage":"es"},{"@type":"WebPage","@id":"https:\/\/canal7slp.tv\/2021\/romero-calzada-denuncio-la-entrega-de-despensas-por-parte-del-pvem\/","url":"https:\/\/canal7slp.tv\/2021\/romero-calzada-denuncio-la-entrega-de-despensas-por-parte-del-pvem\/","name":"Romero Calzada denunci\u00f3 la entrega de despensas por parte del PVEM - Canal 7 SLP - 2021","isPartOf":{"@id":"https:\/\/canal7slp.tv\/2021\/#website"},"primaryImageOfPage":{"@id":"https:\/\/canal7slp.tv\/2021\/romero-calzada-denuncio-la-entrega-de-despensas-por-parte-del-pvem\/#primaryimage"},"image":{"@id":"https:\/\/canal7slp.tv\/2021\/romero-calzada-denuncio-la-entrega-de-despensas-por-parte-del-pvem\/#primaryimage"},"thumbnailUrl":"https:\/\/canal7slp.tv\/2021\/wp-content\/uploads\/2021\/06\/RomeroCalzada.jpg","datePublished":"2021-06-06T15:58:49+00:00","dateModified":"2021-06-06T16:48:00+00:00","breadcrumb":{"@id":"https:\/\/canal7slp.tv\/2021\/romero-calzada-denuncio-la-entrega-de-despensas-por-parte-del-pvem\/#breadcrumb"},"inLanguage":"es","potentialAction":[{"@type":"ReadAction","target":["https:\/\/canal7slp.tv\/2021\/romero-calzada-denuncio-la-entrega-de-despensas-por-parte-del-pvem\/"]}]},{"@type":"ImageObject","inLanguage":"es","@id":"https:\/\/canal7slp.tv\/2021\/romero-calzada-denuncio-la-entrega-de-despensas-por-parte-del-pvem\/#primaryimage","url":"https:\/\/canal7slp.tv\/2021\/wp-content\/uploads\/2021\/06\/RomeroCalzada.jpg","contentUrl":"https:\/\/canal7slp.tv\/2021\/wp-content\/uploads\/2021\/06\/RomeroCalzada.jpg","width":833,"height":500},{"@type":"BreadcrumbList","@id":"https:\/\/canal7slp.tv\/2021\/romero-calzada-denuncio-la-entrega-de-despensas-por-parte-del-pvem\/#breadcrumb","itemListElement":[{"@type":"ListItem","position":1,"name":"Portada","item":"https:\/\/canal7slp.tv\/2021\/"},{"@type":"ListItem","position":2,"name":"Romero Calzada denunci\u00f3 la entrega de despensas por parte del PVEM"}]},{"@type":"WebSite","@id":"https:\/\/canal7slp.tv\/2021\/#website","url":"https:\/\/canal7slp.tv\/2021\/","name":"N7 - Noticieros Canal 7","description":"Somos Televisi\u00f3n","publisher":{"@id":"https:\/\/canal7slp.tv\/2021\/#organization"},"potentialAction":[{"@type":"SearchAction","target":{"@type":"EntryPoint","urlTemplate":"https:\/\/canal7slp.tv\/2021\/?s={search_term_string}"},"query-input":{"@type":"PropertyValueSpecification","valueRequired":true,"valueName":"search_term_string"}}],"inLanguage":"es"},{"@type":"Organization","@id":"https:\/\/canal7slp.tv\/2021\/#organization","name":"Noticieros Canal 7","url":"https:\/\/canal7slp.tv\/2021\/","logo":{"@type":"ImageObject","inLanguage":"es","@id":"https:\/\/canal7slp.tv\/2021\/#\/schema\/logo\/image\/","url":"https:\/\/canal7slp.tv\/2021\/wp-content\/uploads\/2021\/01\/logo-noticieros@2x.png","contentUrl":"https:\/\/canal7slp.tv\/2021\/wp-content\/uploads\/2021\/01\/logo-noticieros@2x.png","width":1017,"height":268,"caption":"Noticieros Canal 7"},"image":{"@id":"https:\/\/canal7slp.tv\/2021\/#\/schema\/logo\/image\/"},"sameAs":["https:\/\/www.facebook.com\/noticieroscanalsiete","https:\/\/x.com\/NOTICIEROS7","https:\/\/www.instagram.com\/canal7_slp","https:\/\/www.youtube.com\/channel\/UCliiYs-gP3JfJeqdPrNdd5A"]},{"@type":"Person","@id":"https:\/\/canal7slp.tv\/2021\/#\/schema\/person\/28a12b0491d3b6f41a854d062961bdc7","name":"Edici\u00f3n Web","image":{"@type":"ImageObject","inLanguage":"es","@id":"https:\/\/secure.gravatar.com\/avatar\/eee448fc3f7164808013b816ba91ac7e43bbe82a70bebac296f8bc6f0addaa1a?s=96&d=mm&r=g","url":"https:\/\/secure.gravatar.com\/avatar\/eee448fc3f7164808013b816ba91ac7e43bbe82a70bebac296f8bc6f0addaa1a?s=96&d=mm&r=g","contentUrl":"https:\/\/secure.gravatar.com\/avatar\/eee448fc3f7164808013b816ba91ac7e43bbe82a70bebac296f8bc6f0addaa1a?s=96&d=mm&r=g","caption":"Edici\u00f3n Web"},"url":"https:\/\/canal7slp.tv\/2021\/author\/edicionweb\/"}]}},"_links":{"self":[{"href":"https:\/\/canal7slp.tv\/2021\/wp-json\/wp\/v2\/posts\/19247","targetHints":{"allow":["GET"]}}],"collection":[{"href":"https:\/\/canal7slp.tv\/2021\/wp-json\/wp\/v2\/posts"}],"about":[{"href":"https:\/\/canal7slp.tv\/2021\/wp-json\/wp\/v2\/types\/post"}],"author":[{"embeddable":true,"href":"https:\/\/canal7slp.tv\/2021\/wp-json\/wp\/v2\/users\/2"}],"replies":[{"embeddable":true,"href":"https:\/\/canal7slp.tv\/2021\/wp-json\/wp\/v2\/comments?post=19247"}],"version-history":[{"count":2,"href":"https:\/\/canal7slp.tv\/2021\/wp-json\/wp\/v2\/posts\/19247\/revisions"}],"predecessor-version":[{"id":19250,"href":"https:\/\/canal7slp.tv\/2021\/wp-json\/wp\/v2\/posts\/19247\/revisions\/19250"}],"wp:featuredmedia":[{"embeddable":true,"href":"https:\/\/canal7slp.tv\/2021\/wp-json\/wp\/v2\/media\/19251"}],"wp:attachment":[{"href":"https:\/\/canal7slp.tv\/2021\/wp-json\/wp\/v2\/media?parent=19247"}],"wp:term":[{"taxonomy":"category","embeddable":true,"href":"https:\/\/canal7slp.tv\/2021\/wp-json\/wp\/v2\/categories?post=19247"},{"taxonomy":"post_tag","embeddable":true,"href":"https:\/\/canal7slp.tv\/2021\/wp-json\/wp\/v2\/tags?post=19247"}],"curies":[{"name":"wp","href":"https:\/\/api.w.org\/{rel}","templated":true}]}}