{"id":19216,"date":"2021-06-06T09:06:48","date_gmt":"2021-06-06T15:06:48","guid":{"rendered":"https:\/\/canal7slp.tv\/2021\/?p=19216"},"modified":"2021-06-06T09:11:22","modified_gmt":"2021-06-06T15:11:22","slug":"atribuyen-retraso-en-apertura-de-casillas-a-la-ausencia-de-funcionarios-y-el-arribo-tardio-de-la-papeleria","status":"publish","type":"post","link":"https:\/\/canal7slp.tv\/2021\/atribuyen-retraso-en-apertura-de-casillas-a-la-ausencia-de-funcionarios-y-el-arribo-tardio-de-la-papeleria\/","title":{"rendered":"Atribuyen retraso en apertura de casillas a la ausencia de funcionarios y el arribo tard\u00edo de la papeler\u00eda"},"content":{"rendered":"<p style=\"text-align: justify;\">SLP.- En el norte y centro de la capital, as\u00ed como en el poniente, pocas casillas abrieron con puntualidad, ya que en la mayor\u00eda hubo retrasos por la llegada tard\u00eda de papeler\u00eda o porque algunos funcionarios de casilla no se presentaron a realizar sus funciones.<\/p>\n<div style=\"width: 1200px;\" class=\"wp-video\"><video class=\"wp-video-shortcode\" id=\"video-19216-1\" width=\"1200\" height=\"675\" preload=\"metadata\" controls=\"controls\"><source type=\"video\/mp4\" src=\"https:\/\/canal7slp.tv\/2021\/wp-content\/uploads\/2021\/06\/y2mate.com-Instalacion-de-casillas-jornada-electoral-2021_1080p-1.mp4?_=1\" \/><a href=\"https:\/\/canal7slp.tv\/2021\/wp-content\/uploads\/2021\/06\/y2mate.com-Instalacion-de-casillas-jornada-electoral-2021_1080p-1.mp4\">https:\/\/canal7slp.tv\/2021\/wp-content\/uploads\/2021\/06\/y2mate.com-Instalacion-de-casillas-jornada-electoral-2021_1080p-1.mp4<\/a><\/video><\/div>\n<p style=\"text-align: justify;\">Para las 9:00 de la ma\u00f1ana, las filas de votantes que esperaban afuera de dichas casillas comenzaron a avanzar aunque de forma lenta, debido a la aplicaci\u00f3n de medidas preventivas contra la Covid-19, mientras que en otros sitios, el retraso se prolong\u00f3 hasta casi las 10 de la ma\u00f1ana.<\/p>\n<p style=\"text-align: justify;\">En el Centro Hist\u00f3rico, casillas como las instaladas en la plazoleta de Aranzaz\u00fa y en una escuela primaria de la esquina de Galeana e Independencia atendieron votantes desde las 8:30 horas.<\/p>\n<p style=\"text-align: justify;\">Casillas de la avenida Pedro Moreno tambi\u00e9n reciben ya a los electores, aparentemente sin problemas. Hacia el Fraccionamiento Industrial Aviaci\u00f3n, la casilla de la primaria Presidente Kennedy recibi\u00f3 visita de rutina de agentes policiacos.<\/p>\n<p style=\"text-align: justify;\">De hecho, a diferencia de otros d\u00edas, la presencia de patrullas de corporaciones diversas es notable en calles, plazas y avenidas.<\/p>\n<p style=\"text-align: justify;\">En la casilla del Mercado Aviaci\u00f3n, las y los ciudadanos esperaban todav\u00eda a que los responsables de casilla contar\u00e1n la papeler\u00eda electoral recibida unos minutos antes.<\/p>\n<p style=\"text-align: justify;\">En el poniente, las casillas del parque Juan H S\u00e1nchez o de Morales y de la Escuela de Medicina ya registran afluencia nutrida. En el parque, la fila llega casi hasta la esquina del Club Deportivo Potosino, aunque influye la sana distancia que las personas procuran guardar entre s\u00ed.<\/p>\n<p style=\"text-align: justify;\">En los casos de ausencia de funcionarios de casilla, de acuerdo con procedimientos electorales, el o la presidente debe habilitar a alguno de los votantes en espera.<\/p>\n<p>Pulso<\/p>\n","protected":false},"excerpt":{"rendered":"<p>SLP.- En el norte y centro de la capital, as\u00ed como en el poniente, pocas casillas abrieron con puntualidad, ya que en la mayor\u00eda hubo retrasos por la llegada tard\u00eda de papeler\u00eda o porque algunos funcionarios de casilla no se presentaron a realizar sus funciones. Para las 9:00 de la ma\u00f1ana, las filas de votantes que esperaban afuera de dichas casillas comenzaron a avanzar aunque de forma lenta, debido a la aplicaci\u00f3n de medidas preventivas contra la Covid-19, mientras que en otros sitios, el retraso se prolong\u00f3 hasta casi las 10 de la ma\u00f1ana. En el Centro Hist\u00f3rico, casillas como [&hellip;]<\/p>\n","protected":false},"author":2,"featured_media":19217,"comment_status":"closed","ping_status":"closed","sticky":false,"template":"","format":"standard","meta":{"footnotes":""},"categories":[392,45],"tags":[],"class_list":["post-19216","post","type-post","status-publish","format-standard","has-post-thumbnail","hentry","category-deci21on","category-localesyregionales","post--single"],"yoast_head":"<!-- This site is optimized with the Yoast SEO plugin v27.4 - https:\/\/yoast.com\/product\/yoast-seo-wordpress\/ -->\n<title>Atribuyen retraso en apertura de casillas a la ausencia de funcionarios y el arribo tard\u00edo de la papeler\u00eda - Canal 7 SLP - 2021<\/title>\n<meta name=\"robots\" content=\"index, follow, max-snippet:-1, max-image-preview:large, max-video-preview:-1\" \/>\n<link rel=\"canonical\" href=\"https:\/\/canal7slp.tv\/2021\/atribuyen-retraso-en-apertura-de-casillas-a-la-ausencia-de-funcionarios-y-el-arribo-tardio-de-la-papeleria\/\" \/>\n<meta property=\"og:locale\" content=\"es_ES\" \/>\n<meta property=\"og:type\" content=\"article\" \/>\n<meta property=\"og:title\" content=\"Atribuyen retraso en apertura de casillas a la ausencia de funcionarios y el arribo tard\u00edo de la papeler\u00eda - Canal 7 SLP - 2021\" \/>\n<meta property=\"og:description\" content=\"SLP.- En el norte y centro de la capital, as\u00ed como en el poniente, pocas casillas abrieron con puntualidad, ya que en la mayor\u00eda hubo retrasos por la llegada tard\u00eda de papeler\u00eda o porque algunos funcionarios de casilla no se presentaron a realizar sus funciones. Para las 9:00 de la ma\u00f1ana, las filas de votantes que esperaban afuera de dichas casillas comenzaron a avanzar aunque de forma lenta, debido a la aplicaci\u00f3n de medidas preventivas contra la Covid-19, mientras que en otros sitios, el retraso se prolong\u00f3 hasta casi las 10 de la ma\u00f1ana. En el Centro Hist\u00f3rico, casillas como [&hellip;]\" \/>\n<meta property=\"og:url\" content=\"https:\/\/canal7slp.tv\/2021\/atribuyen-retraso-en-apertura-de-casillas-a-la-ausencia-de-funcionarios-y-el-arribo-tardio-de-la-papeleria\/\" \/>\n<meta property=\"og:site_name\" content=\"Canal 7 SLP - 2021\" \/>\n<meta property=\"article:publisher\" content=\"https:\/\/www.facebook.com\/noticieroscanalsiete\" \/>\n<meta property=\"article:published_time\" content=\"2021-06-06T15:06:48+00:00\" \/>\n<meta property=\"article:modified_time\" content=\"2021-06-06T15:11:22+00:00\" \/>\n<meta property=\"og:image\" content=\"https:\/\/canal7slp.tv\/2021\/wp-content\/uploads\/2021\/06\/RetrasoCasilla01.jpg\" \/>\n\t<meta property=\"og:image:width\" content=\"696\" \/>\n\t<meta property=\"og:image:height\" content=\"423\" \/>\n\t<meta property=\"og:image:type\" content=\"image\/jpeg\" \/>\n<meta name=\"author\" content=\"Edici\u00f3n Web\" \/>\n<meta name=\"twitter:card\" content=\"summary_large_image\" \/>\n<meta name=\"twitter:creator\" content=\"@NOTICIEROS7\" \/>\n<meta name=\"twitter:site\" content=\"@NOTICIEROS7\" \/>\n<meta name=\"twitter:label1\" content=\"Escrito por\" \/>\n\t<meta name=\"twitter:data1\" content=\"Edici\u00f3n Web\" \/>\n\t<meta name=\"twitter:label2\" content=\"Tiempo de lectura\" \/>\n\t<meta name=\"twitter:data2\" content=\"2 minutos\" \/>\n<script type=\"application\/ld+json\" class=\"yoast-schema-graph\">{\"@context\":\"https:\\\/\\\/schema.org\",\"@graph\":[{\"@type\":\"Article\",\"@id\":\"https:\\\/\\\/canal7slp.tv\\\/2021\\\/atribuyen-retraso-en-apertura-de-casillas-a-la-ausencia-de-funcionarios-y-el-arribo-tardio-de-la-papeleria\\\/#article\",\"isPartOf\":{\"@id\":\"https:\\\/\\\/canal7slp.tv\\\/2021\\\/atribuyen-retraso-en-apertura-de-casillas-a-la-ausencia-de-funcionarios-y-el-arribo-tardio-de-la-papeleria\\\/\"},\"author\":{\"name\":\"Edici\u00f3n Web\",\"@id\":\"https:\\\/\\\/canal7slp.tv\\\/2021\\\/#\\\/schema\\\/person\\\/28a12b0491d3b6f41a854d062961bdc7\"},\"headline\":\"Atribuyen retraso en apertura de casillas a la ausencia de funcionarios y el arribo tard\u00edo de la papeler\u00eda\",\"datePublished\":\"2021-06-06T15:06:48+00:00\",\"dateModified\":\"2021-06-06T15:11:22+00:00\",\"mainEntityOfPage\":{\"@id\":\"https:\\\/\\\/canal7slp.tv\\\/2021\\\/atribuyen-retraso-en-apertura-de-casillas-a-la-ausencia-de-funcionarios-y-el-arribo-tardio-de-la-papeleria\\\/\"},\"wordCount\":332,\"publisher\":{\"@id\":\"https:\\\/\\\/canal7slp.tv\\\/2021\\\/#organization\"},\"image\":{\"@id\":\"https:\\\/\\\/canal7slp.tv\\\/2021\\\/atribuyen-retraso-en-apertura-de-casillas-a-la-ausencia-de-funcionarios-y-el-arribo-tardio-de-la-papeleria\\\/#primaryimage\"},\"thumbnailUrl\":\"https:\\\/\\\/canal7slp.tv\\\/2021\\\/wp-content\\\/uploads\\\/2021\\\/06\\\/RetrasoCasilla01.jpg\",\"articleSection\":[\"DECI21\u00d3N\",\"LOCALES Y REGIONALES\"],\"inLanguage\":\"es\"},{\"@type\":\"WebPage\",\"@id\":\"https:\\\/\\\/canal7slp.tv\\\/2021\\\/atribuyen-retraso-en-apertura-de-casillas-a-la-ausencia-de-funcionarios-y-el-arribo-tardio-de-la-papeleria\\\/\",\"url\":\"https:\\\/\\\/canal7slp.tv\\\/2021\\\/atribuyen-retraso-en-apertura-de-casillas-a-la-ausencia-de-funcionarios-y-el-arribo-tardio-de-la-papeleria\\\/\",\"name\":\"Atribuyen retraso en apertura de casillas a la ausencia de funcionarios y el arribo tard\u00edo de la papeler\u00eda - Canal 7 SLP - 2021\",\"isPartOf\":{\"@id\":\"https:\\\/\\\/canal7slp.tv\\\/2021\\\/#website\"},\"primaryImageOfPage\":{\"@id\":\"https:\\\/\\\/canal7slp.tv\\\/2021\\\/atribuyen-retraso-en-apertura-de-casillas-a-la-ausencia-de-funcionarios-y-el-arribo-tardio-de-la-papeleria\\\/#primaryimage\"},\"image\":{\"@id\":\"https:\\\/\\\/canal7slp.tv\\\/2021\\\/atribuyen-retraso-en-apertura-de-casillas-a-la-ausencia-de-funcionarios-y-el-arribo-tardio-de-la-papeleria\\\/#primaryimage\"},\"thumbnailUrl\":\"https:\\\/\\\/canal7slp.tv\\\/2021\\\/wp-content\\\/uploads\\\/2021\\\/06\\\/RetrasoCasilla01.jpg\",\"datePublished\":\"2021-06-06T15:06:48+00:00\",\"dateModified\":\"2021-06-06T15:11:22+00:00\",\"breadcrumb\":{\"@id\":\"https:\\\/\\\/canal7slp.tv\\\/2021\\\/atribuyen-retraso-en-apertura-de-casillas-a-la-ausencia-de-funcionarios-y-el-arribo-tardio-de-la-papeleria\\\/#breadcrumb\"},\"inLanguage\":\"es\",\"potentialAction\":[{\"@type\":\"ReadAction\",\"target\":[\"https:\\\/\\\/canal7slp.tv\\\/2021\\\/atribuyen-retraso-en-apertura-de-casillas-a-la-ausencia-de-funcionarios-y-el-arribo-tardio-de-la-papeleria\\\/\"]}]},{\"@type\":\"ImageObject\",\"inLanguage\":\"es\",\"@id\":\"https:\\\/\\\/canal7slp.tv\\\/2021\\\/atribuyen-retraso-en-apertura-de-casillas-a-la-ausencia-de-funcionarios-y-el-arribo-tardio-de-la-papeleria\\\/#primaryimage\",\"url\":\"https:\\\/\\\/canal7slp.tv\\\/2021\\\/wp-content\\\/uploads\\\/2021\\\/06\\\/RetrasoCasilla01.jpg\",\"contentUrl\":\"https:\\\/\\\/canal7slp.tv\\\/2021\\\/wp-content\\\/uploads\\\/2021\\\/06\\\/RetrasoCasilla01.jpg\",\"width\":696,\"height\":423},{\"@type\":\"BreadcrumbList\",\"@id\":\"https:\\\/\\\/canal7slp.tv\\\/2021\\\/atribuyen-retraso-en-apertura-de-casillas-a-la-ausencia-de-funcionarios-y-el-arribo-tardio-de-la-papeleria\\\/#breadcrumb\",\"itemListElement\":[{\"@type\":\"ListItem\",\"position\":1,\"name\":\"Portada\",\"item\":\"https:\\\/\\\/canal7slp.tv\\\/2021\\\/\"},{\"@type\":\"ListItem\",\"position\":2,\"name\":\"Atribuyen retraso en apertura de casillas a la ausencia de funcionarios y el arribo tard\u00edo de la papeler\u00eda\"}]},{\"@type\":\"WebSite\",\"@id\":\"https:\\\/\\\/canal7slp.tv\\\/2021\\\/#website\",\"url\":\"https:\\\/\\\/canal7slp.tv\\\/2021\\\/\",\"name\":\"N7 - Noticieros Canal 7\",\"description\":\"Somos Televisi\u00f3n\",\"publisher\":{\"@id\":\"https:\\\/\\\/canal7slp.tv\\\/2021\\\/#organization\"},\"potentialAction\":[{\"@type\":\"SearchAction\",\"target\":{\"@type\":\"EntryPoint\",\"urlTemplate\":\"https:\\\/\\\/canal7slp.tv\\\/2021\\\/?s={search_term_string}\"},\"query-input\":{\"@type\":\"PropertyValueSpecification\",\"valueRequired\":true,\"valueName\":\"search_term_string\"}}],\"inLanguage\":\"es\"},{\"@type\":\"Organization\",\"@id\":\"https:\\\/\\\/canal7slp.tv\\\/2021\\\/#organization\",\"name\":\"Noticieros Canal 7\",\"url\":\"https:\\\/\\\/canal7slp.tv\\\/2021\\\/\",\"logo\":{\"@type\":\"ImageObject\",\"inLanguage\":\"es\",\"@id\":\"https:\\\/\\\/canal7slp.tv\\\/2021\\\/#\\\/schema\\\/logo\\\/image\\\/\",\"url\":\"https:\\\/\\\/canal7slp.tv\\\/2021\\\/wp-content\\\/uploads\\\/2021\\\/01\\\/logo-noticieros@2x.png\",\"contentUrl\":\"https:\\\/\\\/canal7slp.tv\\\/2021\\\/wp-content\\\/uploads\\\/2021\\\/01\\\/logo-noticieros@2x.png\",\"width\":1017,\"height\":268,\"caption\":\"Noticieros Canal 7\"},\"image\":{\"@id\":\"https:\\\/\\\/canal7slp.tv\\\/2021\\\/#\\\/schema\\\/logo\\\/image\\\/\"},\"sameAs\":[\"https:\\\/\\\/www.facebook.com\\\/noticieroscanalsiete\",\"https:\\\/\\\/x.com\\\/NOTICIEROS7\",\"https:\\\/\\\/www.instagram.com\\\/canal7_slp\",\"https:\\\/\\\/www.youtube.com\\\/channel\\\/UCliiYs-gP3JfJeqdPrNdd5A\"]},{\"@type\":\"Person\",\"@id\":\"https:\\\/\\\/canal7slp.tv\\\/2021\\\/#\\\/schema\\\/person\\\/28a12b0491d3b6f41a854d062961bdc7\",\"name\":\"Edici\u00f3n Web\",\"image\":{\"@type\":\"ImageObject\",\"inLanguage\":\"es\",\"@id\":\"https:\\\/\\\/secure.gravatar.com\\\/avatar\\\/eee448fc3f7164808013b816ba91ac7e43bbe82a70bebac296f8bc6f0addaa1a?s=96&d=mm&r=g\",\"url\":\"https:\\\/\\\/secure.gravatar.com\\\/avatar\\\/eee448fc3f7164808013b816ba91ac7e43bbe82a70bebac296f8bc6f0addaa1a?s=96&d=mm&r=g\",\"contentUrl\":\"https:\\\/\\\/secure.gravatar.com\\\/avatar\\\/eee448fc3f7164808013b816ba91ac7e43bbe82a70bebac296f8bc6f0addaa1a?s=96&d=mm&r=g\",\"caption\":\"Edici\u00f3n Web\"},\"url\":\"https:\\\/\\\/canal7slp.tv\\\/2021\\\/author\\\/edicionweb\\\/\"}]}<\/script>\n<!-- \/ Yoast SEO plugin. -->","yoast_head_json":{"title":"Atribuyen retraso en apertura de casillas a la ausencia de funcionarios y el arribo tard\u00edo de la papeler\u00eda - Canal 7 SLP - 2021","robots":{"index":"index","follow":"follow","max-snippet":"max-snippet:-1","max-image-preview":"max-image-preview:large","max-video-preview":"max-video-preview:-1"},"canonical":"https:\/\/canal7slp.tv\/2021\/atribuyen-retraso-en-apertura-de-casillas-a-la-ausencia-de-funcionarios-y-el-arribo-tardio-de-la-papeleria\/","og_locale":"es_ES","og_type":"article","og_title":"Atribuyen retraso en apertura de casillas a la ausencia de funcionarios y el arribo tard\u00edo de la papeler\u00eda - Canal 7 SLP - 2021","og_description":"SLP.- En el norte y centro de la capital, as\u00ed como en el poniente, pocas casillas abrieron con puntualidad, ya que en la mayor\u00eda hubo retrasos por la llegada tard\u00eda de papeler\u00eda o porque algunos funcionarios de casilla no se presentaron a realizar sus funciones. Para las 9:00 de la ma\u00f1ana, las filas de votantes que esperaban afuera de dichas casillas comenzaron a avanzar aunque de forma lenta, debido a la aplicaci\u00f3n de medidas preventivas contra la Covid-19, mientras que en otros sitios, el retraso se prolong\u00f3 hasta casi las 10 de la ma\u00f1ana. En el Centro Hist\u00f3rico, casillas como [&hellip;]","og_url":"https:\/\/canal7slp.tv\/2021\/atribuyen-retraso-en-apertura-de-casillas-a-la-ausencia-de-funcionarios-y-el-arribo-tardio-de-la-papeleria\/","og_site_name":"Canal 7 SLP - 2021","article_publisher":"https:\/\/www.facebook.com\/noticieroscanalsiete","article_published_time":"2021-06-06T15:06:48+00:00","article_modified_time":"2021-06-06T15:11:22+00:00","og_image":[{"width":696,"height":423,"url":"https:\/\/canal7slp.tv\/2021\/wp-content\/uploads\/2021\/06\/RetrasoCasilla01.jpg","type":"image\/jpeg"}],"author":"Edici\u00f3n Web","twitter_card":"summary_large_image","twitter_creator":"@NOTICIEROS7","twitter_site":"@NOTICIEROS7","twitter_misc":{"Escrito por":"Edici\u00f3n Web","Tiempo de lectura":"2 minutos"},"schema":{"@context":"https:\/\/schema.org","@graph":[{"@type":"Article","@id":"https:\/\/canal7slp.tv\/2021\/atribuyen-retraso-en-apertura-de-casillas-a-la-ausencia-de-funcionarios-y-el-arribo-tardio-de-la-papeleria\/#article","isPartOf":{"@id":"https:\/\/canal7slp.tv\/2021\/atribuyen-retraso-en-apertura-de-casillas-a-la-ausencia-de-funcionarios-y-el-arribo-tardio-de-la-papeleria\/"},"author":{"name":"Edici\u00f3n Web","@id":"https:\/\/canal7slp.tv\/2021\/#\/schema\/person\/28a12b0491d3b6f41a854d062961bdc7"},"headline":"Atribuyen retraso en apertura de casillas a la ausencia de funcionarios y el arribo tard\u00edo de la papeler\u00eda","datePublished":"2021-06-06T15:06:48+00:00","dateModified":"2021-06-06T15:11:22+00:00","mainEntityOfPage":{"@id":"https:\/\/canal7slp.tv\/2021\/atribuyen-retraso-en-apertura-de-casillas-a-la-ausencia-de-funcionarios-y-el-arribo-tardio-de-la-papeleria\/"},"wordCount":332,"publisher":{"@id":"https:\/\/canal7slp.tv\/2021\/#organization"},"image":{"@id":"https:\/\/canal7slp.tv\/2021\/atribuyen-retraso-en-apertura-de-casillas-a-la-ausencia-de-funcionarios-y-el-arribo-tardio-de-la-papeleria\/#primaryimage"},"thumbnailUrl":"https:\/\/canal7slp.tv\/2021\/wp-content\/uploads\/2021\/06\/RetrasoCasilla01.jpg","articleSection":["DECI21\u00d3N","LOCALES Y REGIONALES"],"inLanguage":"es"},{"@type":"WebPage","@id":"https:\/\/canal7slp.tv\/2021\/atribuyen-retraso-en-apertura-de-casillas-a-la-ausencia-de-funcionarios-y-el-arribo-tardio-de-la-papeleria\/","url":"https:\/\/canal7slp.tv\/2021\/atribuyen-retraso-en-apertura-de-casillas-a-la-ausencia-de-funcionarios-y-el-arribo-tardio-de-la-papeleria\/","name":"Atribuyen retraso en apertura de casillas a la ausencia de funcionarios y el arribo tard\u00edo de la papeler\u00eda - Canal 7 SLP - 2021","isPartOf":{"@id":"https:\/\/canal7slp.tv\/2021\/#website"},"primaryImageOfPage":{"@id":"https:\/\/canal7slp.tv\/2021\/atribuyen-retraso-en-apertura-de-casillas-a-la-ausencia-de-funcionarios-y-el-arribo-tardio-de-la-papeleria\/#primaryimage"},"image":{"@id":"https:\/\/canal7slp.tv\/2021\/atribuyen-retraso-en-apertura-de-casillas-a-la-ausencia-de-funcionarios-y-el-arribo-tardio-de-la-papeleria\/#primaryimage"},"thumbnailUrl":"https:\/\/canal7slp.tv\/2021\/wp-content\/uploads\/2021\/06\/RetrasoCasilla01.jpg","datePublished":"2021-06-06T15:06:48+00:00","dateModified":"2021-06-06T15:11:22+00:00","breadcrumb":{"@id":"https:\/\/canal7slp.tv\/2021\/atribuyen-retraso-en-apertura-de-casillas-a-la-ausencia-de-funcionarios-y-el-arribo-tardio-de-la-papeleria\/#breadcrumb"},"inLanguage":"es","potentialAction":[{"@type":"ReadAction","target":["https:\/\/canal7slp.tv\/2021\/atribuyen-retraso-en-apertura-de-casillas-a-la-ausencia-de-funcionarios-y-el-arribo-tardio-de-la-papeleria\/"]}]},{"@type":"ImageObject","inLanguage":"es","@id":"https:\/\/canal7slp.tv\/2021\/atribuyen-retraso-en-apertura-de-casillas-a-la-ausencia-de-funcionarios-y-el-arribo-tardio-de-la-papeleria\/#primaryimage","url":"https:\/\/canal7slp.tv\/2021\/wp-content\/uploads\/2021\/06\/RetrasoCasilla01.jpg","contentUrl":"https:\/\/canal7slp.tv\/2021\/wp-content\/uploads\/2021\/06\/RetrasoCasilla01.jpg","width":696,"height":423},{"@type":"BreadcrumbList","@id":"https:\/\/canal7slp.tv\/2021\/atribuyen-retraso-en-apertura-de-casillas-a-la-ausencia-de-funcionarios-y-el-arribo-tardio-de-la-papeleria\/#breadcrumb","itemListElement":[{"@type":"ListItem","position":1,"name":"Portada","item":"https:\/\/canal7slp.tv\/2021\/"},{"@type":"ListItem","position":2,"name":"Atribuyen retraso en apertura de casillas a la ausencia de funcionarios y el arribo tard\u00edo de la papeler\u00eda"}]},{"@type":"WebSite","@id":"https:\/\/canal7slp.tv\/2021\/#website","url":"https:\/\/canal7slp.tv\/2021\/","name":"N7 - Noticieros Canal 7","description":"Somos Televisi\u00f3n","publisher":{"@id":"https:\/\/canal7slp.tv\/2021\/#organization"},"potentialAction":[{"@type":"SearchAction","target":{"@type":"EntryPoint","urlTemplate":"https:\/\/canal7slp.tv\/2021\/?s={search_term_string}"},"query-input":{"@type":"PropertyValueSpecification","valueRequired":true,"valueName":"search_term_string"}}],"inLanguage":"es"},{"@type":"Organization","@id":"https:\/\/canal7slp.tv\/2021\/#organization","name":"Noticieros Canal 7","url":"https:\/\/canal7slp.tv\/2021\/","logo":{"@type":"ImageObject","inLanguage":"es","@id":"https:\/\/canal7slp.tv\/2021\/#\/schema\/logo\/image\/","url":"https:\/\/canal7slp.tv\/2021\/wp-content\/uploads\/2021\/01\/logo-noticieros@2x.png","contentUrl":"https:\/\/canal7slp.tv\/2021\/wp-content\/uploads\/2021\/01\/logo-noticieros@2x.png","width":1017,"height":268,"caption":"Noticieros Canal 7"},"image":{"@id":"https:\/\/canal7slp.tv\/2021\/#\/schema\/logo\/image\/"},"sameAs":["https:\/\/www.facebook.com\/noticieroscanalsiete","https:\/\/x.com\/NOTICIEROS7","https:\/\/www.instagram.com\/canal7_slp","https:\/\/www.youtube.com\/channel\/UCliiYs-gP3JfJeqdPrNdd5A"]},{"@type":"Person","@id":"https:\/\/canal7slp.tv\/2021\/#\/schema\/person\/28a12b0491d3b6f41a854d062961bdc7","name":"Edici\u00f3n Web","image":{"@type":"ImageObject","inLanguage":"es","@id":"https:\/\/secure.gravatar.com\/avatar\/eee448fc3f7164808013b816ba91ac7e43bbe82a70bebac296f8bc6f0addaa1a?s=96&d=mm&r=g","url":"https:\/\/secure.gravatar.com\/avatar\/eee448fc3f7164808013b816ba91ac7e43bbe82a70bebac296f8bc6f0addaa1a?s=96&d=mm&r=g","contentUrl":"https:\/\/secure.gravatar.com\/avatar\/eee448fc3f7164808013b816ba91ac7e43bbe82a70bebac296f8bc6f0addaa1a?s=96&d=mm&r=g","caption":"Edici\u00f3n Web"},"url":"https:\/\/canal7slp.tv\/2021\/author\/edicionweb\/"}]}},"_links":{"self":[{"href":"https:\/\/canal7slp.tv\/2021\/wp-json\/wp\/v2\/posts\/19216","targetHints":{"allow":["GET"]}}],"collection":[{"href":"https:\/\/canal7slp.tv\/2021\/wp-json\/wp\/v2\/posts"}],"about":[{"href":"https:\/\/canal7slp.tv\/2021\/wp-json\/wp\/v2\/types\/post"}],"author":[{"embeddable":true,"href":"https:\/\/canal7slp.tv\/2021\/wp-json\/wp\/v2\/users\/2"}],"replies":[{"embeddable":true,"href":"https:\/\/canal7slp.tv\/2021\/wp-json\/wp\/v2\/comments?post=19216"}],"version-history":[{"count":3,"href":"https:\/\/canal7slp.tv\/2021\/wp-json\/wp\/v2\/posts\/19216\/revisions"}],"predecessor-version":[{"id":19221,"href":"https:\/\/canal7slp.tv\/2021\/wp-json\/wp\/v2\/posts\/19216\/revisions\/19221"}],"wp:featuredmedia":[{"embeddable":true,"href":"https:\/\/canal7slp.tv\/2021\/wp-json\/wp\/v2\/media\/19217"}],"wp:attachment":[{"href":"https:\/\/canal7slp.tv\/2021\/wp-json\/wp\/v2\/media?parent=19216"}],"wp:term":[{"taxonomy":"category","embeddable":true,"href":"https:\/\/canal7slp.tv\/2021\/wp-json\/wp\/v2\/categories?post=19216"},{"taxonomy":"post_tag","embeddable":true,"href":"https:\/\/canal7slp.tv\/2021\/wp-json\/wp\/v2\/tags?post=19216"}],"curies":[{"name":"wp","href":"https:\/\/api.w.org\/{rel}","templated":true}]}}