{"id":19174,"date":"2021-06-06T07:20:40","date_gmt":"2021-06-06T13:20:40","guid":{"rendered":"https:\/\/canal7slp.tv\/2021\/?p=19174"},"modified":"2021-06-06T07:20:40","modified_gmt":"2021-06-06T13:20:40","slug":"cndh-pide-proteger-a-periodistas-y-defensores-de-ddhh-durante-jornada-electoral","status":"publish","type":"post","link":"https:\/\/canal7slp.tv\/2021\/cndh-pide-proteger-a-periodistas-y-defensores-de-ddhh-durante-jornada-electoral\/","title":{"rendered":"CNDH pide proteger a periodistas y defensores de DDHH durante jornada electoral"},"content":{"rendered":"<p style=\"text-align: justify;\">M\u00e9xico.- La Comisi\u00f3n Nacional de los Derechos Humanos solicit\u00f3 a los tres \u00f3rdenes de gobierno proteger a periodistas y defensores de Derechos Humanos durante la jornada electoral de este 6 de Junio.<\/p>\n<p style=\"text-align: justify;\">El exhort\u00f3 es dado, ya que durante el actual proceso electoral han sido v\u00edctimas de amenazas, intimidaci\u00f3n y ataques f\u00edsicos.<\/p>\n<p style=\"text-align: justify;\">Por esto, la CNDH pide a las autoridades generar las condiciones de seguridad para que periodistas y defensores puedan ejercer libremente su labor.<\/p>\n<p style=\"text-align: justify;\">Aunado, llam\u00f3 a dar especial atenci\u00f3n a las mujeres que se desempe\u00f1an en estas actividades para prevenir agravios ante ellas.<\/p>\n<blockquote class=\"twitter-tweet\" data-width=\"550\" data-dnt=\"true\">\n<p lang=\"es\" dir=\"ltr\"><a href=\"https:\/\/twitter.com\/hashtag\/CNDH?src=hash&amp;ref_src=twsrc%5Etfw\">#CNDH<\/a> solicit\u00f3 <a href=\"https:\/\/twitter.com\/hashtag\/MedidasCautelares?src=hash&amp;ref_src=twsrc%5Etfw\">#MedidasCautelares<\/a> a los tres ordenes de gobierno para proteger a <a href=\"https:\/\/twitter.com\/hashtag\/Periodistas?src=hash&amp;ref_src=twsrc%5Etfw\">#Periodistas<\/a> y <a href=\"https:\/\/twitter.com\/hashtag\/Defensores?src=hash&amp;ref_src=twsrc%5Etfw\">#Defensores<\/a> de <a href=\"https:\/\/twitter.com\/hashtag\/DDHH?src=hash&amp;ref_src=twsrc%5Etfw\">#DDHH<\/a> durante <a href=\"https:\/\/twitter.com\/hashtag\/ProcesoElectoral2021?src=hash&amp;ref_src=twsrc%5Etfw\">#ProcesoElectoral2021<\/a>.<a href=\"https:\/\/twitter.com\/hashtag\/DefendemosAlPueblo?src=hash&amp;ref_src=twsrc%5Etfw\">#DefendemosAlPueblo<\/a><a href=\"https:\/\/twitter.com\/hashtag\/Municipios?src=hash&amp;ref_src=twsrc%5Etfw\">#Municipios<\/a> <a href=\"https:\/\/twitter.com\/hashtag\/Alcald%C3%ADas?src=hash&amp;ref_src=twsrc%5Etfw\">#Alcald\u00edas<\/a> <a href=\"https:\/\/twitter.com\/hashtag\/CDMX?src=hash&amp;ref_src=twsrc%5Etfw\">#CDMX<\/a> <a href=\"https:\/\/twitter.com\/hashtag\/Estados?src=hash&amp;ref_src=twsrc%5Etfw\">#Estados<\/a> <a href=\"https:\/\/twitter.com\/SEDENAmx?ref_src=twsrc%5Etfw\">@SEDENAmx<\/a> <a href=\"https:\/\/twitter.com\/SEMAR_mx?ref_src=twsrc%5Etfw\">@SEMAR_mx<\/a> <a href=\"https:\/\/twitter.com\/SSPCMexico?ref_src=twsrc%5Etfw\">@SSPCMexico<\/a> <a href=\"https:\/\/twitter.com\/FGRMexico?ref_src=twsrc%5Etfw\">@FGRMexico<\/a> <a href=\"https:\/\/twitter.com\/SEGOB_mx?ref_src=twsrc%5Etfw\">@SEGOB_mx<\/a> <a href=\"https:\/\/twitter.com\/Mx_Diputados?ref_src=twsrc%5Etfw\">@Mx_Diputados<\/a> <a href=\"https:\/\/twitter.com\/SCJN?ref_src=twsrc%5Etfw\">@SCJN<\/a> <a href=\"https:\/\/t.co\/8pPSFsWodj\">pic.twitter.com\/8pPSFsWodj<\/a><\/p>\n<p>&mdash; CNDH en M\u00e9xico (@CNDH) <a href=\"https:\/\/twitter.com\/CNDH\/status\/1401237987430653952?ref_src=twsrc%5Etfw\">June 5, 2021<\/a><\/p><\/blockquote>\n<p><script async src=\"https:\/\/platform.twitter.com\/widgets.js\" charset=\"utf-8\"><\/script><\/p>\n","protected":false},"excerpt":{"rendered":"<p>M\u00e9xico.- La Comisi\u00f3n Nacional de los Derechos Humanos solicit\u00f3 a los tres \u00f3rdenes de gobierno proteger a periodistas y defensores de Derechos Humanos durante la jornada electoral de este 6 de Junio. El exhort\u00f3 es dado, ya que durante el actual proceso electoral han sido v\u00edctimas de amenazas, intimidaci\u00f3n y ataques f\u00edsicos. Por esto, la CNDH pide a las autoridades generar las condiciones de seguridad para que periodistas y defensores puedan ejercer libremente su labor. Aunado, llam\u00f3 a dar especial atenci\u00f3n a las mujeres que se desempe\u00f1an en estas actividades para prevenir agravios ante ellas. #CNDH solicit\u00f3 #MedidasCautelares a los [&hellip;]<\/p>\n","protected":false},"author":2,"featured_media":19180,"comment_status":"closed","ping_status":"closed","sticky":false,"template":"","format":"standard","meta":{"footnotes":""},"categories":[46],"tags":[],"class_list":["post-19174","post","type-post","status-publish","format-standard","has-post-thumbnail","hentry","category-nacional","post--single"],"yoast_head":"<!-- This site is optimized with the Yoast SEO plugin v27.4 - https:\/\/yoast.com\/product\/yoast-seo-wordpress\/ -->\n<title>CNDH pide proteger a periodistas y defensores de DDHH durante jornada electoral - Canal 7 SLP - 2021<\/title>\n<meta name=\"robots\" content=\"index, follow, max-snippet:-1, max-image-preview:large, max-video-preview:-1\" \/>\n<link rel=\"canonical\" href=\"https:\/\/canal7slp.tv\/2021\/cndh-pide-proteger-a-periodistas-y-defensores-de-ddhh-durante-jornada-electoral\/\" \/>\n<meta property=\"og:locale\" content=\"es_ES\" \/>\n<meta property=\"og:type\" content=\"article\" \/>\n<meta property=\"og:title\" content=\"CNDH pide proteger a periodistas y defensores de DDHH durante jornada electoral - Canal 7 SLP - 2021\" \/>\n<meta property=\"og:description\" content=\"M\u00e9xico.- La Comisi\u00f3n Nacional de los Derechos Humanos solicit\u00f3 a los tres \u00f3rdenes de gobierno proteger a periodistas y defensores de Derechos Humanos durante la jornada electoral de este 6 de Junio. El exhort\u00f3 es dado, ya que durante el actual proceso electoral han sido v\u00edctimas de amenazas, intimidaci\u00f3n y ataques f\u00edsicos. Por esto, la CNDH pide a las autoridades generar las condiciones de seguridad para que periodistas y defensores puedan ejercer libremente su labor. Aunado, llam\u00f3 a dar especial atenci\u00f3n a las mujeres que se desempe\u00f1an en estas actividades para prevenir agravios ante ellas. #CNDH solicit\u00f3 #MedidasCautelares a los [&hellip;]\" \/>\n<meta property=\"og:url\" content=\"https:\/\/canal7slp.tv\/2021\/cndh-pide-proteger-a-periodistas-y-defensores-de-ddhh-durante-jornada-electoral\/\" \/>\n<meta property=\"og:site_name\" content=\"Canal 7 SLP - 2021\" \/>\n<meta property=\"article:publisher\" content=\"https:\/\/www.facebook.com\/noticieroscanalsiete\" \/>\n<meta property=\"article:published_time\" content=\"2021-06-06T13:20:40+00:00\" \/>\n<meta property=\"og:image\" content=\"https:\/\/canal7slp.tv\/2021\/wp-content\/uploads\/2021\/06\/03-5.jpg\" \/>\n\t<meta property=\"og:image:width\" content=\"803\" \/>\n\t<meta property=\"og:image:height\" content=\"500\" \/>\n\t<meta property=\"og:image:type\" content=\"image\/jpeg\" \/>\n<meta name=\"author\" content=\"Edici\u00f3n Web\" \/>\n<meta name=\"twitter:card\" content=\"summary_large_image\" \/>\n<meta name=\"twitter:creator\" content=\"@NOTICIEROS7\" \/>\n<meta name=\"twitter:site\" content=\"@NOTICIEROS7\" \/>\n<meta name=\"twitter:label1\" content=\"Escrito por\" \/>\n\t<meta name=\"twitter:data1\" content=\"Edici\u00f3n Web\" \/>\n\t<meta name=\"twitter:label2\" content=\"Tiempo de lectura\" \/>\n\t<meta name=\"twitter:data2\" content=\"1 minuto\" \/>\n<script type=\"application\/ld+json\" class=\"yoast-schema-graph\">{\"@context\":\"https:\\\/\\\/schema.org\",\"@graph\":[{\"@type\":\"Article\",\"@id\":\"https:\\\/\\\/canal7slp.tv\\\/2021\\\/cndh-pide-proteger-a-periodistas-y-defensores-de-ddhh-durante-jornada-electoral\\\/#article\",\"isPartOf\":{\"@id\":\"https:\\\/\\\/canal7slp.tv\\\/2021\\\/cndh-pide-proteger-a-periodistas-y-defensores-de-ddhh-durante-jornada-electoral\\\/\"},\"author\":{\"name\":\"Edici\u00f3n Web\",\"@id\":\"https:\\\/\\\/canal7slp.tv\\\/2021\\\/#\\\/schema\\\/person\\\/28a12b0491d3b6f41a854d062961bdc7\"},\"headline\":\"CNDH pide proteger a periodistas y defensores de DDHH durante jornada electoral\",\"datePublished\":\"2021-06-06T13:20:40+00:00\",\"mainEntityOfPage\":{\"@id\":\"https:\\\/\\\/canal7slp.tv\\\/2021\\\/cndh-pide-proteger-a-periodistas-y-defensores-de-ddhh-durante-jornada-electoral\\\/\"},\"wordCount\":120,\"publisher\":{\"@id\":\"https:\\\/\\\/canal7slp.tv\\\/2021\\\/#organization\"},\"image\":{\"@id\":\"https:\\\/\\\/canal7slp.tv\\\/2021\\\/cndh-pide-proteger-a-periodistas-y-defensores-de-ddhh-durante-jornada-electoral\\\/#primaryimage\"},\"thumbnailUrl\":\"https:\\\/\\\/canal7slp.tv\\\/2021\\\/wp-content\\\/uploads\\\/2021\\\/06\\\/03-5.jpg\",\"articleSection\":[\"NACIONALES\"],\"inLanguage\":\"es\"},{\"@type\":\"WebPage\",\"@id\":\"https:\\\/\\\/canal7slp.tv\\\/2021\\\/cndh-pide-proteger-a-periodistas-y-defensores-de-ddhh-durante-jornada-electoral\\\/\",\"url\":\"https:\\\/\\\/canal7slp.tv\\\/2021\\\/cndh-pide-proteger-a-periodistas-y-defensores-de-ddhh-durante-jornada-electoral\\\/\",\"name\":\"CNDH pide proteger a periodistas y defensores de DDHH durante jornada electoral - Canal 7 SLP - 2021\",\"isPartOf\":{\"@id\":\"https:\\\/\\\/canal7slp.tv\\\/2021\\\/#website\"},\"primaryImageOfPage\":{\"@id\":\"https:\\\/\\\/canal7slp.tv\\\/2021\\\/cndh-pide-proteger-a-periodistas-y-defensores-de-ddhh-durante-jornada-electoral\\\/#primaryimage\"},\"image\":{\"@id\":\"https:\\\/\\\/canal7slp.tv\\\/2021\\\/cndh-pide-proteger-a-periodistas-y-defensores-de-ddhh-durante-jornada-electoral\\\/#primaryimage\"},\"thumbnailUrl\":\"https:\\\/\\\/canal7slp.tv\\\/2021\\\/wp-content\\\/uploads\\\/2021\\\/06\\\/03-5.jpg\",\"datePublished\":\"2021-06-06T13:20:40+00:00\",\"breadcrumb\":{\"@id\":\"https:\\\/\\\/canal7slp.tv\\\/2021\\\/cndh-pide-proteger-a-periodistas-y-defensores-de-ddhh-durante-jornada-electoral\\\/#breadcrumb\"},\"inLanguage\":\"es\",\"potentialAction\":[{\"@type\":\"ReadAction\",\"target\":[\"https:\\\/\\\/canal7slp.tv\\\/2021\\\/cndh-pide-proteger-a-periodistas-y-defensores-de-ddhh-durante-jornada-electoral\\\/\"]}]},{\"@type\":\"ImageObject\",\"inLanguage\":\"es\",\"@id\":\"https:\\\/\\\/canal7slp.tv\\\/2021\\\/cndh-pide-proteger-a-periodistas-y-defensores-de-ddhh-durante-jornada-electoral\\\/#primaryimage\",\"url\":\"https:\\\/\\\/canal7slp.tv\\\/2021\\\/wp-content\\\/uploads\\\/2021\\\/06\\\/03-5.jpg\",\"contentUrl\":\"https:\\\/\\\/canal7slp.tv\\\/2021\\\/wp-content\\\/uploads\\\/2021\\\/06\\\/03-5.jpg\",\"width\":803,\"height\":500},{\"@type\":\"BreadcrumbList\",\"@id\":\"https:\\\/\\\/canal7slp.tv\\\/2021\\\/cndh-pide-proteger-a-periodistas-y-defensores-de-ddhh-durante-jornada-electoral\\\/#breadcrumb\",\"itemListElement\":[{\"@type\":\"ListItem\",\"position\":1,\"name\":\"Portada\",\"item\":\"https:\\\/\\\/canal7slp.tv\\\/2021\\\/\"},{\"@type\":\"ListItem\",\"position\":2,\"name\":\"CNDH pide proteger a periodistas y defensores de DDHH durante jornada electoral\"}]},{\"@type\":\"WebSite\",\"@id\":\"https:\\\/\\\/canal7slp.tv\\\/2021\\\/#website\",\"url\":\"https:\\\/\\\/canal7slp.tv\\\/2021\\\/\",\"name\":\"N7 - Noticieros Canal 7\",\"description\":\"Somos Televisi\u00f3n\",\"publisher\":{\"@id\":\"https:\\\/\\\/canal7slp.tv\\\/2021\\\/#organization\"},\"potentialAction\":[{\"@type\":\"SearchAction\",\"target\":{\"@type\":\"EntryPoint\",\"urlTemplate\":\"https:\\\/\\\/canal7slp.tv\\\/2021\\\/?s={search_term_string}\"},\"query-input\":{\"@type\":\"PropertyValueSpecification\",\"valueRequired\":true,\"valueName\":\"search_term_string\"}}],\"inLanguage\":\"es\"},{\"@type\":\"Organization\",\"@id\":\"https:\\\/\\\/canal7slp.tv\\\/2021\\\/#organization\",\"name\":\"Noticieros Canal 7\",\"url\":\"https:\\\/\\\/canal7slp.tv\\\/2021\\\/\",\"logo\":{\"@type\":\"ImageObject\",\"inLanguage\":\"es\",\"@id\":\"https:\\\/\\\/canal7slp.tv\\\/2021\\\/#\\\/schema\\\/logo\\\/image\\\/\",\"url\":\"https:\\\/\\\/canal7slp.tv\\\/2021\\\/wp-content\\\/uploads\\\/2021\\\/01\\\/logo-noticieros@2x.png\",\"contentUrl\":\"https:\\\/\\\/canal7slp.tv\\\/2021\\\/wp-content\\\/uploads\\\/2021\\\/01\\\/logo-noticieros@2x.png\",\"width\":1017,\"height\":268,\"caption\":\"Noticieros Canal 7\"},\"image\":{\"@id\":\"https:\\\/\\\/canal7slp.tv\\\/2021\\\/#\\\/schema\\\/logo\\\/image\\\/\"},\"sameAs\":[\"https:\\\/\\\/www.facebook.com\\\/noticieroscanalsiete\",\"https:\\\/\\\/x.com\\\/NOTICIEROS7\",\"https:\\\/\\\/www.instagram.com\\\/canal7_slp\",\"https:\\\/\\\/www.youtube.com\\\/channel\\\/UCliiYs-gP3JfJeqdPrNdd5A\"]},{\"@type\":\"Person\",\"@id\":\"https:\\\/\\\/canal7slp.tv\\\/2021\\\/#\\\/schema\\\/person\\\/28a12b0491d3b6f41a854d062961bdc7\",\"name\":\"Edici\u00f3n Web\",\"image\":{\"@type\":\"ImageObject\",\"inLanguage\":\"es\",\"@id\":\"https:\\\/\\\/secure.gravatar.com\\\/avatar\\\/eee448fc3f7164808013b816ba91ac7e43bbe82a70bebac296f8bc6f0addaa1a?s=96&d=mm&r=g\",\"url\":\"https:\\\/\\\/secure.gravatar.com\\\/avatar\\\/eee448fc3f7164808013b816ba91ac7e43bbe82a70bebac296f8bc6f0addaa1a?s=96&d=mm&r=g\",\"contentUrl\":\"https:\\\/\\\/secure.gravatar.com\\\/avatar\\\/eee448fc3f7164808013b816ba91ac7e43bbe82a70bebac296f8bc6f0addaa1a?s=96&d=mm&r=g\",\"caption\":\"Edici\u00f3n Web\"},\"url\":\"https:\\\/\\\/canal7slp.tv\\\/2021\\\/author\\\/edicionweb\\\/\"}]}<\/script>\n<!-- \/ Yoast SEO plugin. -->","yoast_head_json":{"title":"CNDH pide proteger a periodistas y defensores de DDHH durante jornada electoral - Canal 7 SLP - 2021","robots":{"index":"index","follow":"follow","max-snippet":"max-snippet:-1","max-image-preview":"max-image-preview:large","max-video-preview":"max-video-preview:-1"},"canonical":"https:\/\/canal7slp.tv\/2021\/cndh-pide-proteger-a-periodistas-y-defensores-de-ddhh-durante-jornada-electoral\/","og_locale":"es_ES","og_type":"article","og_title":"CNDH pide proteger a periodistas y defensores de DDHH durante jornada electoral - Canal 7 SLP - 2021","og_description":"M\u00e9xico.- La Comisi\u00f3n Nacional de los Derechos Humanos solicit\u00f3 a los tres \u00f3rdenes de gobierno proteger a periodistas y defensores de Derechos Humanos durante la jornada electoral de este 6 de Junio. El exhort\u00f3 es dado, ya que durante el actual proceso electoral han sido v\u00edctimas de amenazas, intimidaci\u00f3n y ataques f\u00edsicos. Por esto, la CNDH pide a las autoridades generar las condiciones de seguridad para que periodistas y defensores puedan ejercer libremente su labor. Aunado, llam\u00f3 a dar especial atenci\u00f3n a las mujeres que se desempe\u00f1an en estas actividades para prevenir agravios ante ellas. #CNDH solicit\u00f3 #MedidasCautelares a los [&hellip;]","og_url":"https:\/\/canal7slp.tv\/2021\/cndh-pide-proteger-a-periodistas-y-defensores-de-ddhh-durante-jornada-electoral\/","og_site_name":"Canal 7 SLP - 2021","article_publisher":"https:\/\/www.facebook.com\/noticieroscanalsiete","article_published_time":"2021-06-06T13:20:40+00:00","og_image":[{"width":803,"height":500,"url":"https:\/\/canal7slp.tv\/2021\/wp-content\/uploads\/2021\/06\/03-5.jpg","type":"image\/jpeg"}],"author":"Edici\u00f3n Web","twitter_card":"summary_large_image","twitter_creator":"@NOTICIEROS7","twitter_site":"@NOTICIEROS7","twitter_misc":{"Escrito por":"Edici\u00f3n Web","Tiempo de lectura":"1 minuto"},"schema":{"@context":"https:\/\/schema.org","@graph":[{"@type":"Article","@id":"https:\/\/canal7slp.tv\/2021\/cndh-pide-proteger-a-periodistas-y-defensores-de-ddhh-durante-jornada-electoral\/#article","isPartOf":{"@id":"https:\/\/canal7slp.tv\/2021\/cndh-pide-proteger-a-periodistas-y-defensores-de-ddhh-durante-jornada-electoral\/"},"author":{"name":"Edici\u00f3n Web","@id":"https:\/\/canal7slp.tv\/2021\/#\/schema\/person\/28a12b0491d3b6f41a854d062961bdc7"},"headline":"CNDH pide proteger a periodistas y defensores de DDHH durante jornada electoral","datePublished":"2021-06-06T13:20:40+00:00","mainEntityOfPage":{"@id":"https:\/\/canal7slp.tv\/2021\/cndh-pide-proteger-a-periodistas-y-defensores-de-ddhh-durante-jornada-electoral\/"},"wordCount":120,"publisher":{"@id":"https:\/\/canal7slp.tv\/2021\/#organization"},"image":{"@id":"https:\/\/canal7slp.tv\/2021\/cndh-pide-proteger-a-periodistas-y-defensores-de-ddhh-durante-jornada-electoral\/#primaryimage"},"thumbnailUrl":"https:\/\/canal7slp.tv\/2021\/wp-content\/uploads\/2021\/06\/03-5.jpg","articleSection":["NACIONALES"],"inLanguage":"es"},{"@type":"WebPage","@id":"https:\/\/canal7slp.tv\/2021\/cndh-pide-proteger-a-periodistas-y-defensores-de-ddhh-durante-jornada-electoral\/","url":"https:\/\/canal7slp.tv\/2021\/cndh-pide-proteger-a-periodistas-y-defensores-de-ddhh-durante-jornada-electoral\/","name":"CNDH pide proteger a periodistas y defensores de DDHH durante jornada electoral - Canal 7 SLP - 2021","isPartOf":{"@id":"https:\/\/canal7slp.tv\/2021\/#website"},"primaryImageOfPage":{"@id":"https:\/\/canal7slp.tv\/2021\/cndh-pide-proteger-a-periodistas-y-defensores-de-ddhh-durante-jornada-electoral\/#primaryimage"},"image":{"@id":"https:\/\/canal7slp.tv\/2021\/cndh-pide-proteger-a-periodistas-y-defensores-de-ddhh-durante-jornada-electoral\/#primaryimage"},"thumbnailUrl":"https:\/\/canal7slp.tv\/2021\/wp-content\/uploads\/2021\/06\/03-5.jpg","datePublished":"2021-06-06T13:20:40+00:00","breadcrumb":{"@id":"https:\/\/canal7slp.tv\/2021\/cndh-pide-proteger-a-periodistas-y-defensores-de-ddhh-durante-jornada-electoral\/#breadcrumb"},"inLanguage":"es","potentialAction":[{"@type":"ReadAction","target":["https:\/\/canal7slp.tv\/2021\/cndh-pide-proteger-a-periodistas-y-defensores-de-ddhh-durante-jornada-electoral\/"]}]},{"@type":"ImageObject","inLanguage":"es","@id":"https:\/\/canal7slp.tv\/2021\/cndh-pide-proteger-a-periodistas-y-defensores-de-ddhh-durante-jornada-electoral\/#primaryimage","url":"https:\/\/canal7slp.tv\/2021\/wp-content\/uploads\/2021\/06\/03-5.jpg","contentUrl":"https:\/\/canal7slp.tv\/2021\/wp-content\/uploads\/2021\/06\/03-5.jpg","width":803,"height":500},{"@type":"BreadcrumbList","@id":"https:\/\/canal7slp.tv\/2021\/cndh-pide-proteger-a-periodistas-y-defensores-de-ddhh-durante-jornada-electoral\/#breadcrumb","itemListElement":[{"@type":"ListItem","position":1,"name":"Portada","item":"https:\/\/canal7slp.tv\/2021\/"},{"@type":"ListItem","position":2,"name":"CNDH pide proteger a periodistas y defensores de DDHH durante jornada electoral"}]},{"@type":"WebSite","@id":"https:\/\/canal7slp.tv\/2021\/#website","url":"https:\/\/canal7slp.tv\/2021\/","name":"N7 - Noticieros Canal 7","description":"Somos Televisi\u00f3n","publisher":{"@id":"https:\/\/canal7slp.tv\/2021\/#organization"},"potentialAction":[{"@type":"SearchAction","target":{"@type":"EntryPoint","urlTemplate":"https:\/\/canal7slp.tv\/2021\/?s={search_term_string}"},"query-input":{"@type":"PropertyValueSpecification","valueRequired":true,"valueName":"search_term_string"}}],"inLanguage":"es"},{"@type":"Organization","@id":"https:\/\/canal7slp.tv\/2021\/#organization","name":"Noticieros Canal 7","url":"https:\/\/canal7slp.tv\/2021\/","logo":{"@type":"ImageObject","inLanguage":"es","@id":"https:\/\/canal7slp.tv\/2021\/#\/schema\/logo\/image\/","url":"https:\/\/canal7slp.tv\/2021\/wp-content\/uploads\/2021\/01\/logo-noticieros@2x.png","contentUrl":"https:\/\/canal7slp.tv\/2021\/wp-content\/uploads\/2021\/01\/logo-noticieros@2x.png","width":1017,"height":268,"caption":"Noticieros Canal 7"},"image":{"@id":"https:\/\/canal7slp.tv\/2021\/#\/schema\/logo\/image\/"},"sameAs":["https:\/\/www.facebook.com\/noticieroscanalsiete","https:\/\/x.com\/NOTICIEROS7","https:\/\/www.instagram.com\/canal7_slp","https:\/\/www.youtube.com\/channel\/UCliiYs-gP3JfJeqdPrNdd5A"]},{"@type":"Person","@id":"https:\/\/canal7slp.tv\/2021\/#\/schema\/person\/28a12b0491d3b6f41a854d062961bdc7","name":"Edici\u00f3n Web","image":{"@type":"ImageObject","inLanguage":"es","@id":"https:\/\/secure.gravatar.com\/avatar\/eee448fc3f7164808013b816ba91ac7e43bbe82a70bebac296f8bc6f0addaa1a?s=96&d=mm&r=g","url":"https:\/\/secure.gravatar.com\/avatar\/eee448fc3f7164808013b816ba91ac7e43bbe82a70bebac296f8bc6f0addaa1a?s=96&d=mm&r=g","contentUrl":"https:\/\/secure.gravatar.com\/avatar\/eee448fc3f7164808013b816ba91ac7e43bbe82a70bebac296f8bc6f0addaa1a?s=96&d=mm&r=g","caption":"Edici\u00f3n Web"},"url":"https:\/\/canal7slp.tv\/2021\/author\/edicionweb\/"}]}},"_links":{"self":[{"href":"https:\/\/canal7slp.tv\/2021\/wp-json\/wp\/v2\/posts\/19174","targetHints":{"allow":["GET"]}}],"collection":[{"href":"https:\/\/canal7slp.tv\/2021\/wp-json\/wp\/v2\/posts"}],"about":[{"href":"https:\/\/canal7slp.tv\/2021\/wp-json\/wp\/v2\/types\/post"}],"author":[{"embeddable":true,"href":"https:\/\/canal7slp.tv\/2021\/wp-json\/wp\/v2\/users\/2"}],"replies":[{"embeddable":true,"href":"https:\/\/canal7slp.tv\/2021\/wp-json\/wp\/v2\/comments?post=19174"}],"version-history":[{"count":1,"href":"https:\/\/canal7slp.tv\/2021\/wp-json\/wp\/v2\/posts\/19174\/revisions"}],"predecessor-version":[{"id":19177,"href":"https:\/\/canal7slp.tv\/2021\/wp-json\/wp\/v2\/posts\/19174\/revisions\/19177"}],"wp:featuredmedia":[{"embeddable":true,"href":"https:\/\/canal7slp.tv\/2021\/wp-json\/wp\/v2\/media\/19180"}],"wp:attachment":[{"href":"https:\/\/canal7slp.tv\/2021\/wp-json\/wp\/v2\/media?parent=19174"}],"wp:term":[{"taxonomy":"category","embeddable":true,"href":"https:\/\/canal7slp.tv\/2021\/wp-json\/wp\/v2\/categories?post=19174"},{"taxonomy":"post_tag","embeddable":true,"href":"https:\/\/canal7slp.tv\/2021\/wp-json\/wp\/v2\/tags?post=19174"}],"curies":[{"name":"wp","href":"https:\/\/api.w.org\/{rel}","templated":true}]}}