{"id":184723,"date":"2020-12-31T17:56:17","date_gmt":"2020-12-31T23:56:17","guid":{"rendered":"https:\/\/canal7slp.tv\/2020\/?p=184723"},"modified":"2021-06-03T10:14:31","modified_gmt":"2021-06-03T15:14:31","slug":"ciclovia-de-carranza-un-proyecto-marcado-por-la-afectacion-economica-a-locatarios-y-la-muerte-de-un-adulto-mayor","status":"publish","type":"post","link":"https:\/\/canal7slp.tv\/2020\/ciclovia-de-carranza-un-proyecto-marcado-por-la-afectacion-economica-a-locatarios-y-la-muerte-de-un-adulto-mayor\/","title":{"rendered":"Ciclov\u00eda de Carranza, un proyecto marcado por la afectaci\u00f3n econ\u00f3mica a locatarios y la muerte de un adulto mayor."},"content":{"rendered":"<p style=\"text-align: justify\">SLP.- La intenci\u00f3n de habilitar una ciclov\u00eda en la avenida Venustiano Carranza comenz\u00f3 en marzo de 2020 con el retiro de 22 parqu\u00edmetros -del tramo que abarca Uresti a Terrazas-.<\/p>\n<p style=\"text-align: justify\">Desde el Ayuntamiento de la Capital se determin\u00f3 reubicar los aparatos y prohibir que las unidades se estacionaran en el \u00e1rea, con el argumento de que era parte de convertirle en verdadero corredor cultural.<\/p>\n<p style=\"text-align: justify\">Casi dos meses despu\u00e9s, las autoridades insistieron que estaban por \u201csocializar\u201d el tema, mientras el sector organizado manifest\u00f3 que no era prioritario y junto la pandemia podr\u00eda hacerse mucho da\u00f1o.<\/p>\n<p style=\"text-align: justify\">Tambi\u00e9n fue reprobado que con gran antelaci\u00f3n se hubiese impedido a automovilistas estacionarse y apenas se pretendiera platicar la situaci\u00f3n con quienes ten\u00edan su fuente de sustento en la zona.<\/p>\n<p style=\"text-align: justify\">En agosto comenz\u00f3 la habilitaci\u00f3n, lo que volvi\u00f3 un hecho la eliminaci\u00f3n del espacio de estacionamiento, con intervenci\u00f3n \u00fanicamente en el sentido del Centro Hist\u00f3rico al Parque Morales \u201cJuan H. S\u00e1nchez\u201d.<\/p>\n<p style=\"text-align: justify\">Inmediatamente, comerciantes dieron rotundo no a la ciclov\u00eda.<\/p>\n<p style=\"text-align: justify\">Advirtieron que ser\u00eda el camino seguro a la quiebra y aclararon que no se les hab\u00eda consultado.<\/p>\n<p style=\"text-align: justify\">Recordaron que en el caso de la avenida Himno Nacional por lo menos se cuenta con un carril para dejar las unidades y evitar par\u00e1lisis en los establecimientos -Venustiano Carranza no-.<\/p>\n<p style=\"text-align: justify\">Indicaron que la inversi\u00f3n millonaria de la ciclov\u00eda deber\u00eda aplicarse en temas urgentes, como seguridad.<\/p>\n<p style=\"text-align: justify\">Posteriormente, la organizaci\u00f3n Nuestro Centro emiti\u00f3 una postura en el sentido de que el Ayuntamiento Capitalino se actu\u00f3 de forma unilateral y sin sensibilidad de las necesidades de los comerciantes.<\/p>\n<p style=\"text-align: justify\">A pesar del desplome en las ventas y desesperaci\u00f3n de los comerciantes, en la administraci\u00f3n municipal se advirti\u00f3 que no dar\u00eda marcha atr\u00e1s.<\/p>\n<p style=\"text-align: justify\">Efectivamente continu\u00f3 la obra y en octubre una persona adulta mayor la utiliz\u00f3. Entre versiones de que aparentemente no hab\u00eda se\u00f1al\u00e9tica, perdi\u00f3 el control al pasar por un hoyo y se golpe\u00f3 la cabeza.<\/p>\n<p style=\"text-align: justify\">Aunque se le traslad\u00f3 a recibir atenci\u00f3n, perdi\u00f3 la vida.<\/p>\n<p style=\"text-align: justify\">Las historias siguieron entrelaz\u00e1ndose a la ciclov\u00eda en diciembre, cuando miembros del sector establecido de dicha avenida y tramo, anunciaron que para sobrevivir rifar\u00edan bicicletas entre sus compradores.<\/p>\n<p style=\"text-align: justify\">Puntualizaron que la combinaci\u00f3n de contingencia sanitaria con ciclov\u00eda deriv\u00f3 en que 20 por ciento de los negocios bajaran sus cortinas.<\/p>\n<p>Por: Paulina Rodr\u00edguez<\/p>\n","protected":false},"excerpt":{"rendered":"<p>SLP.- La intenci\u00f3n de habilitar una ciclov\u00eda en la avenida Venustiano Carranza comenz\u00f3 en marzo de 2020 con el retiro de 22 parqu\u00edmetros -del tramo que abarca Uresti a Terrazas-. Desde el Ayuntamiento de la Capital se determin\u00f3 reubicar los aparatos y prohibir que las unidades se estacionaran en el \u00e1rea, con el argumento de [&hellip;]<\/p>\n","protected":false},"author":2,"featured_media":184798,"comment_status":"open","ping_status":"open","sticky":false,"template":"","format":"video","meta":{"footnotes":""},"categories":[108,17,1670],"tags":[1165],"class_list":["post-184723","post","type-post","status-publish","format-video","has-post-thumbnail","hentry","category-destacadas","category-localesyregionales","category-slp","tag-ayuntamietno-slp","post_format-post-format-video"],"amp_enabled":true,"cmb2":{"video_ids_in_playlist":{"vid_p_videos":""},"video_ids_in_channel":{"vid_c_videos":""},"playlist_ids_in_channel":{"vid_c_playlists":""},"series_ids_in_channel":{"vid_c_series":""},"channel_images":{"vid_c_logo":"","vid_c_banner":""},"poster_feature_image":{"vid_m_poster_image":""},"gif_feature_image":{"vid_m_gif_image":""},"video_movie_settings":{"vid_m_director":"","vid_m_actor":"","vid_m_imdb_ratings":"","vid_m_amazon_associates":""},"vid_youtube_broadcasts_settings":{"vid_yb_broadcast_title":"","vid_yb_q":"","vid_yb_channelid":"","vid_yb_videocategoryid":"","vid_yb_maxresults":"","vid_yb_order":"","vid_yb_regioncode":"","vid_yb_videosyndicated":"","vid_yb_style":"","vid_yb_reload_first":""},"video_series_settings":{"vid_m_director":"","vid_m_actor":"","vid_m_imdb_ratings":"","video_series_group":""},"amazon_associates_settings":{"amazon_associates":"","amazon_native_ad":""},"vid_youtube_automatic_settings":{"vid_ya_youtube_source":"","vid_ya_update_every":"","vid_ya_update_unit":"","vid_ya_categories":"","vid_ya_published_after":"","vid_ya_published_before":"","vid_ya_playlists":"","vid_ya_channels":"","vid_ya_director":"","vid_ya_actor":"","vid_ya_author":"","vid_ya_import_post_date":"","vid_ya_status":"","vid_ya_sub_api_key":""},"vid_ads_m_videoads_settings_post":{"vid_ads_m_video_ads":"","vid_ads_m_video_ads_type":"","vid_ads_m_group_google_ima":"","vid_ads_m_group_image":"","vid_ads_m_group_html5_video":"","vid_ads_m_group_html":"","vid_ads_m_vast_preroll":"","vid_ads_m_vast_postroll":"","vid_ads_m_vast_pauseroll":"","vid_ads_m_vast_midroll":[{"vid_ads_m_vast_timer_seconds":"50"}],"vid_ads_m_time_to_show_ads":"","vid_ads_m_time_skip_ads":"","vid_ads_m_time_to_hide_ads":""},"page_slider_settings":{"display_slider_group":"","page_slider_group":""},"blog_page_settings":{"blog_page_title":"","blog_page_heading":"","blog_page_ic":"","blog_page_it":"","blog_page_ec":"","blog_page_ip":"","archive_loop_style":"","blog_image_ratio":"","blog_show_categories":"","blog_show_excerpt":"","blog_show_author":"","blog_show_date":"","blog_show_comment_count":"","blog_show_view_count":"","blog_show_like_count":"","blog_show_dislike_count":"","blog_items_per_page":"","blog_pag_type":""},"page_options":{"get_page_template":"","color_mode":"","main_layout":"","main_layout_full_with":"","main_logo":"","main_logo_retina":"","main_logo_mobile":"","main_logo_mobile_retina":"","sticky_logo":"","sticky_logo_retina":"","main_nav_layout":"","ajax_search":"","header_background":"","theme_sidebar":"","instagram_feed":"","instagram_feed_position":"","popular_videos":"","popular_videos_title_1":"","popular_videos_title_2":"","popular_videos_ic":"","popular_videos_it":"","theme_background":"","page_custom_css":""},"feature_image_settings":{"feature_image_position":""},"video_player_settings":{"single_video_style":"","video_player_position":"","vm_video_url":"https:\/\/youtu.be\/weiT06ncQlM","video_player_library":"","video_streaming":"","vm_media_sources":"","vid_auto_play":"","vm_video_shortcode":"","vid_p_sync_playlist":"","vid_c_sync_channel":"","get_post_format":"","multiple_links_structure":"default","multi_links_title":"","vm_video_multi_links":"","vm_duration":"","vid_social_locker":"off","vid_social_locker_id":"","vid_membership_action":"content-video","vm_video_trailer_url":"","vid_download_type":"free","vid_download_target":"download","vid_woo_product":"","vm_media_download":"","user_rating":"","user_rating_position":"","user_rating_mode":"","user_rating_multi_sets":""},"video_auto_fetch_settings":{"vm_video_fetch":"off"},"video_fake_views_likes":{"vm_fake_views":"","vm_fake_likes":"","vm_fake_dislikes":""},"gallery_settings":{"gallery_position":""},"quote_settings":{"quote_position":""},"post_options":{"main_layout":"","main_logo":"","main_logo_retina":"","main_logo_mobile":"","main_logo_mobile_retina":"","sticky_logo":"","sticky_logo_retina":"","main_nav_layout":"","header_background":"","theme_sidebar":"","single_post_comment_type":"","theme_background":""}},"_links":{"self":[{"href":"https:\/\/canal7slp.tv\/2020\/wp-json\/wp\/v2\/posts\/184723","targetHints":{"allow":["GET"]}}],"collection":[{"href":"https:\/\/canal7slp.tv\/2020\/wp-json\/wp\/v2\/posts"}],"about":[{"href":"https:\/\/canal7slp.tv\/2020\/wp-json\/wp\/v2\/types\/post"}],"author":[{"embeddable":true,"href":"https:\/\/canal7slp.tv\/2020\/wp-json\/wp\/v2\/users\/2"}],"replies":[{"embeddable":true,"href":"https:\/\/canal7slp.tv\/2020\/wp-json\/wp\/v2\/comments?post=184723"}],"version-history":[{"count":1,"href":"https:\/\/canal7slp.tv\/2020\/wp-json\/wp\/v2\/posts\/184723\/revisions"}],"predecessor-version":[{"id":185962,"href":"https:\/\/canal7slp.tv\/2020\/wp-json\/wp\/v2\/posts\/184723\/revisions\/185962"}],"wp:featuredmedia":[{"embeddable":true,"href":"https:\/\/canal7slp.tv\/2020\/wp-json\/wp\/v2\/media\/184798"}],"wp:attachment":[{"href":"https:\/\/canal7slp.tv\/2020\/wp-json\/wp\/v2\/media?parent=184723"}],"wp:term":[{"taxonomy":"category","embeddable":true,"href":"https:\/\/canal7slp.tv\/2020\/wp-json\/wp\/v2\/categories?post=184723"},{"taxonomy":"post_tag","embeddable":true,"href":"https:\/\/canal7slp.tv\/2020\/wp-json\/wp\/v2\/tags?post=184723"}],"curies":[{"name":"wp","href":"https:\/\/api.w.org\/{rel}","templated":true}]}}