{"id":159050,"date":"2020-08-29T07:54:39","date_gmt":"2020-08-29T12:54:39","guid":{"rendered":"https:\/\/canal7slp.tv\/2020\/?p=159050"},"modified":"2020-08-29T07:54:39","modified_gmt":"2020-08-29T12:54:39","slug":"agenda-social-accion-efectiva","status":"publish","type":"post","link":"https:\/\/canal7slp.tv\/2020\/agenda-social-accion-efectiva\/","title":{"rendered":"Agenda Social, Acci\u00f3n Efectiva"},"content":{"rendered":"<p style=\"text-align: justify\">M\u00e9xico.- Un nuevo a\u00f1o legislativo est\u00e1 por comenzar, pero a diferencia de los anteriores, en esta ocasi\u00f3n el Poder Legislativo Federal enfrenta el reto de atender de forma inmediata la triple emergencia que sufre el pa\u00eds: la de salud, la de seguridad y la econ\u00f3mica.<\/p>\n<p style=\"text-align: justify\">El PRI, a trav\u00e9s de una acci\u00f3n coordinada entre la gobernadora, los gobernadores, senadores, diputados federales, diputados locales, Militancia y dirigentes, est\u00e1 decidido a impulsar los temas que s\u00ed interesan a las y los mexicanos y de los cuales depende el bienestar de millones de personas.<\/p>\n<p style=\"text-align: justify\">Mientras algunos tienen la mirada puesta en el pasado, las y los priistas la tenemos en el presente para construir el futuro de una naci\u00f3n que hoy enfrenta mayores retos que en 2018.<\/p>\n<p style=\"text-align: justify\">Y es que M\u00e9xico no volver\u00e1 a ser el mismo en t\u00e9rminos sociales, como tampoco econ\u00f3micos, educativos ni pol\u00edticos, por lo que el PRI ajusta la mira y retoma en su agenda legislativa los problemas que hoy enfrenta la sociedad en las calles, en los hospitales, en sus puestos de trabajo y en el propio hogar.<\/p>\n<p style=\"text-align: justify\">Los j\u00f3venes que forman parte de la Poblaci\u00f3n Econ\u00f3micamente Activa (PEA) son los m\u00e1s golpeados por la pandemia y la crisis econ\u00f3mica. Por ello el PRI impulsa la creaci\u00f3n del seguro de desempleo como una medida urgente y necesaria para apoyarlos en momentos dif\u00edciles.<\/p>\n<p style=\"text-align: justify\">La violencia familiar se ha incrementado, por lo que el PRI pugna por que en el Presupuesto de Egresos sean devueltos y aumentados los recursos destinados a operar programas de prevenci\u00f3n, atenci\u00f3n y auxilio en los casos de violencia contra las mujeres y los ni\u00f1os.<\/p>\n<p style=\"text-align: justify\">El campo mexicano no debe ser olvidado ni sus problemas menospreciados. El PRI exige que el recorte presupuestal de 75% no afecte a los programas del campo y velar\u00e1 por que en la extinci\u00f3n de fideicomisos no se contemple a los enfocados a brindar apoyos a las mujeres y hombres que trabajan la tierra.<\/p>\n<p style=\"text-align: justify\">Nuestros connacionales enfrentan momentos de definiciones en Estados Unidos, por lo que el PRI acompa\u00f1ar\u00e1 e impulsar\u00e1 sus propuestas desde la tribuna legislativa y defender\u00e1 la observancia de sus derechos humanos en todos los foros y en todas las reuniones.<\/p>\n<p style=\"text-align: justify\">El rezago educativo se incrementar\u00e1 durante el ciclo escolar en marcha, especialmente en las comunidades ind\u00edgenas, por lo que el PRI ha propuesto distribuir tabletas con contenidos educativos precargados y en las 68 lenguas ind\u00edgenas, buscando con ello cerrar brechas y brindar mayores oportunidades.<\/p>\n<p style=\"text-align: justify\">La pandemia est\u00e1 lejos de ser resuelta, por lo que la atenci\u00f3n del PRI sigue puesta en el apoyo al personal m\u00e9dico y equipamiento hospitalario, as\u00ed como en el impulso de pol\u00edticas p\u00fablicas efectivas de detecci\u00f3n temprana, tal y como se ha hecho en los Estados que gobierna el PRI.<\/p>\n<p style=\"text-align: justify\">El azote del Covid-19 se recrudecer\u00e1 en el invierno, por lo que las empresas seguir\u00e1n enfrentando adversidades. El PRI propone crear facilidades para el pago de impuestos durante los meses por venir, as\u00ed como programas de apoyo efectivos para las mujeres y los hombres emprendedores que se la siguen jugando con M\u00e9xico.<\/p>\n<p style=\"text-align: justify\">Como ning\u00fan otro partido, en el PRI realizamos la gesti\u00f3n social que la poblaci\u00f3n necesita y redoblaremos esfuerzos en la emergencia nacional que, lejos de acabar, azotar\u00e1 con mayor intensidad a los mexicanos.<\/p>\n<p style=\"text-align: justify\">El PRI est\u00e1 con M\u00e9xico.<\/p>\n<p style=\"text-align: right\"><em>Alejandro Moreno, Presidente Nacional del PRI.<\/em><\/p>\n","protected":false},"excerpt":{"rendered":"<p>M\u00e9xico.- Un nuevo a\u00f1o legislativo est\u00e1 por comenzar, pero a diferencia de los anteriores, en esta ocasi\u00f3n el Poder Legislativo Federal enfrenta el reto de atender de forma inmediata la triple emergencia que sufre el pa\u00eds: la de salud, la de seguridad y la econ\u00f3mica. El PRI, a trav\u00e9s de una acci\u00f3n coordinada entre la [&hellip;]<\/p>\n","protected":false},"author":2,"featured_media":143836,"comment_status":"open","ping_status":"open","sticky":false,"template":"","format":"standard","meta":{"footnotes":""},"categories":[30],"tags":[],"class_list":["post-159050","post","type-post","status-publish","format-standard","has-post-thumbnail","hentry","category-nacional"],"amp_enabled":true,"cmb2":{"video_ids_in_playlist":{"vid_p_videos":""},"video_ids_in_channel":{"vid_c_videos":""},"playlist_ids_in_channel":{"vid_c_playlists":""},"series_ids_in_channel":{"vid_c_series":""},"channel_images":{"vid_c_logo":"","vid_c_banner":""},"poster_feature_image":{"vid_m_poster_image":""},"gif_feature_image":{"vid_m_gif_image":""},"video_movie_settings":{"vid_m_director":"","vid_m_actor":"","vid_m_imdb_ratings":"","vid_m_amazon_associates":""},"vid_youtube_broadcasts_settings":{"vid_yb_broadcast_title":"","vid_yb_q":"","vid_yb_channelid":"","vid_yb_videocategoryid":"","vid_yb_maxresults":"","vid_yb_order":"","vid_yb_regioncode":"","vid_yb_videosyndicated":"","vid_yb_style":"","vid_yb_reload_first":""},"video_series_settings":{"vid_m_director":"","vid_m_actor":"","vid_m_imdb_ratings":"","video_series_group":""},"amazon_associates_settings":{"amazon_associates":"","amazon_native_ad":""},"vid_youtube_automatic_settings":{"vid_ya_youtube_source":"","vid_ya_update_every":"","vid_ya_update_unit":"","vid_ya_categories":"","vid_ya_published_after":"","vid_ya_published_before":"","vid_ya_playlists":"","vid_ya_channels":"","vid_ya_director":"","vid_ya_actor":"","vid_ya_author":"","vid_ya_import_post_date":"","vid_ya_status":"","vid_ya_sub_api_key":""},"vid_ads_m_videoads_settings_post":{"vid_ads_m_video_ads":"","vid_ads_m_video_ads_type":"","vid_ads_m_group_google_ima":"","vid_ads_m_group_image":"","vid_ads_m_group_html5_video":"","vid_ads_m_group_html":"","vid_ads_m_vast_preroll":"","vid_ads_m_vast_postroll":"","vid_ads_m_vast_pauseroll":"","vid_ads_m_vast_midroll":[{"vid_ads_m_vast_timer_seconds":"50"}],"vid_ads_m_time_to_show_ads":"","vid_ads_m_time_skip_ads":"","vid_ads_m_time_to_hide_ads":""},"page_slider_settings":{"display_slider_group":"","page_slider_group":""},"blog_page_settings":{"blog_page_title":"","blog_page_heading":"","blog_page_ic":"","blog_page_it":"","blog_page_ec":"","blog_page_ip":"","archive_loop_style":"","blog_image_ratio":"","blog_show_categories":"","blog_show_excerpt":"","blog_show_author":"","blog_show_date":"","blog_show_comment_count":"","blog_show_view_count":"","blog_show_like_count":"","blog_show_dislike_count":"","blog_items_per_page":"","blog_pag_type":""},"page_options":{"get_page_template":"","color_mode":"","main_layout":"","main_layout_full_with":"","main_logo":"","main_logo_retina":"","main_logo_mobile":"","main_logo_mobile_retina":"","sticky_logo":"","sticky_logo_retina":"","main_nav_layout":"","ajax_search":"","header_background":"","theme_sidebar":"","instagram_feed":"","instagram_feed_position":"","popular_videos":"","popular_videos_title_1":"","popular_videos_title_2":"","popular_videos_ic":"","popular_videos_it":"","theme_background":"","page_custom_css":""},"feature_image_settings":{"feature_image_position":""},"video_player_settings":{"single_video_style":"","video_player_position":"","vm_video_url":"","video_player_library":"","video_streaming":"","vm_media_sources":"","vid_auto_play":"","vm_video_shortcode":"","vid_p_sync_playlist":"","vid_c_sync_channel":"","get_post_format":"","multiple_links_structure":"default","multi_links_title":"","vm_video_multi_links":"","vm_duration":"","vid_social_locker":"off","vid_social_locker_id":"","vid_membership_action":"content-video","vm_video_trailer_url":"","vid_download_type":"free","vid_download_target":"download","vid_woo_product":"","vm_media_download":"","user_rating":"","user_rating_position":"","user_rating_mode":"","user_rating_multi_sets":""},"video_auto_fetch_settings":{"vm_video_fetch":"on"},"video_fake_views_likes":{"vm_fake_views":"","vm_fake_likes":"","vm_fake_dislikes":""},"gallery_settings":{"gallery_position":""},"quote_settings":{"quote_position":""},"post_options":{"main_layout":"","main_logo":"","main_logo_retina":"","main_logo_mobile":"","main_logo_mobile_retina":"","sticky_logo":"","sticky_logo_retina":"","main_nav_layout":"","header_background":"","theme_sidebar":"","single_post_comment_type":"","theme_background":""}},"_links":{"self":[{"href":"https:\/\/canal7slp.tv\/2020\/wp-json\/wp\/v2\/posts\/159050","targetHints":{"allow":["GET"]}}],"collection":[{"href":"https:\/\/canal7slp.tv\/2020\/wp-json\/wp\/v2\/posts"}],"about":[{"href":"https:\/\/canal7slp.tv\/2020\/wp-json\/wp\/v2\/types\/post"}],"author":[{"embeddable":true,"href":"https:\/\/canal7slp.tv\/2020\/wp-json\/wp\/v2\/users\/2"}],"replies":[{"embeddable":true,"href":"https:\/\/canal7slp.tv\/2020\/wp-json\/wp\/v2\/comments?post=159050"}],"version-history":[{"count":0,"href":"https:\/\/canal7slp.tv\/2020\/wp-json\/wp\/v2\/posts\/159050\/revisions"}],"wp:featuredmedia":[{"embeddable":true,"href":"https:\/\/canal7slp.tv\/2020\/wp-json\/wp\/v2\/media\/143836"}],"wp:attachment":[{"href":"https:\/\/canal7slp.tv\/2020\/wp-json\/wp\/v2\/media?parent=159050"}],"wp:term":[{"taxonomy":"category","embeddable":true,"href":"https:\/\/canal7slp.tv\/2020\/wp-json\/wp\/v2\/categories?post=159050"},{"taxonomy":"post_tag","embeddable":true,"href":"https:\/\/canal7slp.tv\/2020\/wp-json\/wp\/v2\/tags?post=159050"}],"curies":[{"name":"wp","href":"https:\/\/api.w.org\/{rel}","templated":true}]}}