{"id":9722,"date":"2019-06-09T11:11:34","date_gmt":"2019-06-09T16:11:34","guid":{"rendered":"https:\/\/canal7slp.tv\/2019\/?p=9722"},"modified":"2019-06-09T11:11:34","modified_gmt":"2019-06-09T16:11:34","slug":"cunado-de-lider-de-la-luz-del-mundo-impulso-reformas-contra-abuso-sexual","status":"publish","type":"post","link":"https:\/\/canal7slp.tv\/2019\/cunado-de-lider-de-la-luz-del-mundo-impulso-reformas-contra-abuso-sexual\/","title":{"rendered":"Cu\u00f1ado de l\u00edder de La Luz del Mundo impuls\u00f3 reformas contra abuso sexual"},"content":{"rendered":"<p style=\"text-align: justify\">M\u00e9xico.- El senador Israel Zamora Guzm\u00e1n es cu\u00f1ado del l\u00edder de la Iglesia de La Luz del Mundo: Naas\u00f3n Joaqu\u00edn Garc\u00eda, quien es acusado de diversos delitos sexuales contra menores y mujeres en California, y en d\u00edas pasados se hizo famoso por haber sido homenajeado en el Palacio de Bellas Artes, m\u00e1ximo recinto cultural del pa\u00eds.<\/p>\n<p style=\"text-align: justify\">Parad\u00f3jicamente, el legislador del Partido Verde Ecologista de M\u00e9xico (PVEM) en su carrera pol\u00edtica ha presentado y respaldado diversos puntos de acuerdo y reformas en contra de abusos contra las mujeres y ni\u00f1os, as\u00ed como en favor de la libertad religiosa en las escuelas.<\/p>\n<p style=\"text-align: justify\">Conocido como el organizador del tributo a Naas\u00f3n Joaqu\u00edn Garc\u00eda en Palacio de Bellas Artes el pasado 15 de mayo, Zamora Guzm\u00e1n es, adem\u00e1s de hermano de Alma Zamora, esposa del l\u00edder religioso, con quien procre\u00f3 tres hijos, integrante de las comisiones de Marina; Estudios Legislativos Primera, y de Asuntos Fronterizos y Migratorios.<\/p>\n<p style=\"text-align: justify\">En diciembre pasado, el oriundo de Jalisco present\u00f3 un punto de acuerdo para exhortar a la C\u00e1mara de Diputados a otorgar en el Presupuesto de Egresos 2019 fondos al Instituto Nacional de las Mujeres (Inmujeres) para implementar una estrategia nacional para la prevenci\u00f3n de la violencia en contra de las mujeres, ni\u00f1as y adolescentes.<\/p>\n<p style=\"text-align: justify\">Dicha propuesta, publicada en la Gaceta Parlamentaria del Senado, fue argumentada con datos del Instituto Nacional de Estad\u00edstica y Geograf\u00eda (INEGI), que se\u00f1alan que de los 46.5 millones de mujeres de 15 a\u00f1os y m\u00e1s que hay en el pa\u00eds, 66.1 por ciento, es decir 30.7 millones, ha enfrentado violencia de cualquier tipo y de cualquier agresor, alguna vez en su vida.<\/p>\n<p style=\"text-align: justify\">A\u00f1adi\u00f3 que 43.9 por ciento de las adolescentes, j\u00f3venes y mujeres han enfrentado agresiones del esposo o pareja actual o en la \u00faltima de sus relaciones y \u201c53.1 por ciento sufri\u00f3 violencia por parte de alg\u00fan agresor distinto a la pareja\u201d.<\/p>\n<p style=\"text-align: justify\">El pasado 26 de marzo, junto con senadores del PVEM y del Partido Acci\u00f3n Nacional (PAN), Zamora Guzm\u00e1n respald\u00f3 una iniciativa de reformas al C\u00f3digo Penal Federal para tipificar y sancionar \u201clas lesiones cometidas contra las mujeres en raz\u00f3n de su g\u00e9nero&#8221;.<\/p>\n<p style=\"text-align: justify\">\u201cSe adiciona el Art\u00edculo 301 bis, para sancionar con una pena de 10 a 15 a\u00f1os de prisi\u00f3n, cuando se haya infligido lesiones o mutilaciones infamantes o degradantes en contra de la mujer; asimismo cuando existan amenazas, acoso o violencia en contra de la v\u00edctima\u201d, destaca la iniciativa firmada por el senador del Verde Ecologista.<\/p>\n<p style=\"text-align: justify\">Asimismo, se propuso en la reforma plantear una pena de 15 a 20 a\u00f1os de prisi\u00f3n cuando entre el activo y la v\u00edctima existi\u00f3 una relaci\u00f3n sentimental, \u201cafectiva o de confianza; de parentesco, laboral, docente o cualquiera que implique subordinaci\u00f3n o superioridad, y se acredita que en virtud de esa relaci\u00f3n fueron infringidas las lesiones o mutilaciones infamantes o degradantes\u201d.<\/p>\n<p style=\"text-align: justify\">El senador tambi\u00e9n present\u00f3 una iniciativa para aumentar las penas impuestas en los delitos cometidos en contra estudiantes, para efecto de prevenir y sancionar severamente este tipo de conductas delictivas \u201cque han provocado una afectaci\u00f3n directa a este grupo tan vulnerable y que hoy en d\u00eda se ha convertido en una problem\u00e1tica social de inter\u00e9s nacional\u201d.<\/p>\n<p style=\"text-align: justify\">Entre los argumentos de esta reforma se encuentra la necesidad de garantizar a los menores y j\u00f3venes estudiantes \u201cla libertad personal, as\u00ed como la seguridad sexual, a la no discriminaci\u00f3n, como el normal desarrollo psicosexual y de personalidad, a la identidad y al patrimonio\u201d.<\/p>\n<p style=\"text-align: justify\">Otra acci\u00f3n pol\u00edtica de Zamora Guzm\u00e1n que llama la atenci\u00f3n, es que el 6 de noviembre, en la tribuna del Senado, present\u00f3 un punto de acuerdo a nombre del Partido Verde en materia de libertad religiosa en las escuelas del pa\u00eds del pa\u00eds.<\/p>\n<p style=\"text-align: justify\">En el documento propuso instrumentar acciones para que en los planteles escolares se respete la laicidad de la educaci\u00f3n; se informe a los padres de familia cu\u00e1les son los medios para denunciar el incumplimiento de la educaci\u00f3n laica y los derechos religiosos.<\/p>\n<p style=\"text-align: justify\">Adem\u00e1s, plante\u00f3 que se vigile que no se obligue a los estudiantes a participar contra su voluntad en celebraciones que atenten contra sus derechos y libertades religiosas.<\/p>\n<p style=\"text-align: justify\">Es de destacar que Zamora Guzm\u00e1n lleg\u00f3 a ese cargo como suplente del senador del Partido de la Revoluci\u00f3n Democr\u00e1tica (PRD), Juan Zepeda, por la v\u00eda plurinominal, tras un supuesto acuerdo del l\u00edder nacional de Alternativa Democr\u00e1tica Nacional (ADN), H\u00e9ctor Bautista, con Rogelio Zamora, padre del ahora representante popular.<\/p>\n<p style=\"text-align: justify\">De acuerdo con diarios de Jalisco ello se logr\u00f3 a cambio de votos de la iglesia de La Luz del Mundo en las elecciones del a\u00f1o pasado.<\/p>\n<p style=\"text-align: justify\">Naas\u00f3n Joaqu\u00edn Garc\u00eda est\u00e1 acusado de violaci\u00f3n de menores, explotaci\u00f3n sexual y pornograf\u00eda infantil. Hasta el momento las investigaciones se\u00f1alan que son cuatro v\u00edctimas; tres menores y una adulta.<\/p>\n","protected":false},"excerpt":{"rendered":"<p>M\u00e9xico.- El senador Israel Zamora Guzm\u00e1n es cu\u00f1ado del l\u00edder de la Iglesia de La Luz del Mundo: Naas\u00f3n Joaqu\u00edn Garc\u00eda, quien es acusado de diversos delitos sexuales contra menores y mujeres en California, y en d\u00edas pasados se hizo famoso por haber sido homenajeado en el Palacio de Bellas Artes, m\u00e1ximo recinto cultural del [&hellip;]<\/p>\n","protected":false},"author":2,"featured_media":9723,"comment_status":"open","ping_status":"closed","sticky":false,"template":"","format":"standard","meta":{"footnotes":""},"categories":[30],"tags":[],"class_list":["post-9722","post","type-post","status-publish","format-standard","has-post-thumbnail","hentry","category-nacional"],"yoast_head":"<!-- This site is optimized with the Yoast SEO plugin v27.4 - https:\/\/yoast.com\/product\/yoast-seo-wordpress\/ -->\n<title>Cu\u00f1ado de l\u00edder de La Luz del Mundo impuls\u00f3 reformas contra abuso sexual - Canal 7 SLP - 2019<\/title>\n<meta name=\"robots\" content=\"index, follow, max-snippet:-1, max-image-preview:large, max-video-preview:-1\" \/>\n<link rel=\"canonical\" href=\"https:\/\/canal7slp.tv\/2019\/cunado-de-lider-de-la-luz-del-mundo-impulso-reformas-contra-abuso-sexual\/\" \/>\n<meta property=\"og:locale\" content=\"es_ES\" \/>\n<meta property=\"og:type\" content=\"article\" \/>\n<meta property=\"og:title\" content=\"Cu\u00f1ado de l\u00edder de La Luz del Mundo impuls\u00f3 reformas contra abuso sexual - Canal 7 SLP - 2019\" \/>\n<meta property=\"og:description\" content=\"M\u00e9xico.- El senador Israel Zamora Guzm\u00e1n es cu\u00f1ado del l\u00edder de la Iglesia de La Luz del Mundo: Naas\u00f3n Joaqu\u00edn Garc\u00eda, quien es acusado de diversos delitos sexuales contra menores y mujeres en California, y en d\u00edas pasados se hizo famoso por haber sido homenajeado en el Palacio de Bellas Artes, m\u00e1ximo recinto cultural del [&hellip;]\" \/>\n<meta property=\"og:url\" content=\"https:\/\/canal7slp.tv\/2019\/cunado-de-lider-de-la-luz-del-mundo-impulso-reformas-contra-abuso-sexual\/\" \/>\n<meta property=\"og:site_name\" content=\"Canal 7 SLP - 2019\" \/>\n<meta property=\"article:publisher\" content=\"https:\/\/www.facebook.com\/CANAL7SLP\/\" \/>\n<meta property=\"article:published_time\" content=\"2019-06-09T16:11:34+00:00\" \/>\n<meta property=\"og:image\" content=\"https:\/\/canal7slp.tv\/2019\/wp-content\/uploads\/2019\/06\/1140-8.jpg\" \/>\n\t<meta property=\"og:image:width\" content=\"657\" \/>\n\t<meta property=\"og:image:height\" content=\"410\" \/>\n\t<meta property=\"og:image:type\" content=\"image\/jpeg\" \/>\n<meta name=\"author\" content=\"edicionweb\" \/>\n<meta name=\"twitter:card\" content=\"summary_large_image\" \/>\n<meta name=\"twitter:creator\" content=\"@canal7_slp\" \/>\n<meta name=\"twitter:site\" content=\"@canal7_slp\" \/>\n<meta name=\"twitter:label1\" content=\"Escrito por\" \/>\n\t<meta name=\"twitter:data1\" content=\"edicionweb\" \/>\n\t<meta name=\"twitter:label2\" content=\"Tiempo de lectura\" \/>\n\t<meta name=\"twitter:data2\" content=\"4 minutos\" \/>\n<script type=\"application\/ld+json\" class=\"yoast-schema-graph\">{\"@context\":\"https:\\\/\\\/schema.org\",\"@graph\":[{\"@type\":\"Article\",\"@id\":\"https:\\\/\\\/canal7slp.tv\\\/2019\\\/cunado-de-lider-de-la-luz-del-mundo-impulso-reformas-contra-abuso-sexual\\\/#article\",\"isPartOf\":{\"@id\":\"https:\\\/\\\/canal7slp.tv\\\/2019\\\/cunado-de-lider-de-la-luz-del-mundo-impulso-reformas-contra-abuso-sexual\\\/\"},\"author\":{\"name\":\"edicionweb\",\"@id\":\"https:\\\/\\\/canal7slp.tv\\\/2019\\\/#\\\/schema\\\/person\\\/11d941c1c6ca30ac0a46b95fa37aa2e3\"},\"headline\":\"Cu\u00f1ado de l\u00edder de La Luz del Mundo impuls\u00f3 reformas contra abuso sexual\",\"datePublished\":\"2019-06-09T16:11:34+00:00\",\"mainEntityOfPage\":{\"@id\":\"https:\\\/\\\/canal7slp.tv\\\/2019\\\/cunado-de-lider-de-la-luz-del-mundo-impulso-reformas-contra-abuso-sexual\\\/\"},\"wordCount\":865,\"commentCount\":0,\"publisher\":{\"@id\":\"https:\\\/\\\/canal7slp.tv\\\/2019\\\/#organization\"},\"image\":{\"@id\":\"https:\\\/\\\/canal7slp.tv\\\/2019\\\/cunado-de-lider-de-la-luz-del-mundo-impulso-reformas-contra-abuso-sexual\\\/#primaryimage\"},\"thumbnailUrl\":\"https:\\\/\\\/canal7slp.tv\\\/2019\\\/wp-content\\\/uploads\\\/2019\\\/06\\\/1140-8.jpg\",\"articleSection\":[\"NACIONAL\"],\"inLanguage\":\"es\",\"potentialAction\":[{\"@type\":\"CommentAction\",\"name\":\"Comment\",\"target\":[\"https:\\\/\\\/canal7slp.tv\\\/2019\\\/cunado-de-lider-de-la-luz-del-mundo-impulso-reformas-contra-abuso-sexual\\\/#respond\"]}]},{\"@type\":\"WebPage\",\"@id\":\"https:\\\/\\\/canal7slp.tv\\\/2019\\\/cunado-de-lider-de-la-luz-del-mundo-impulso-reformas-contra-abuso-sexual\\\/\",\"url\":\"https:\\\/\\\/canal7slp.tv\\\/2019\\\/cunado-de-lider-de-la-luz-del-mundo-impulso-reformas-contra-abuso-sexual\\\/\",\"name\":\"Cu\u00f1ado de l\u00edder de La Luz del Mundo impuls\u00f3 reformas contra abuso sexual - Canal 7 SLP - 2019\",\"isPartOf\":{\"@id\":\"https:\\\/\\\/canal7slp.tv\\\/2019\\\/#website\"},\"primaryImageOfPage\":{\"@id\":\"https:\\\/\\\/canal7slp.tv\\\/2019\\\/cunado-de-lider-de-la-luz-del-mundo-impulso-reformas-contra-abuso-sexual\\\/#primaryimage\"},\"image\":{\"@id\":\"https:\\\/\\\/canal7slp.tv\\\/2019\\\/cunado-de-lider-de-la-luz-del-mundo-impulso-reformas-contra-abuso-sexual\\\/#primaryimage\"},\"thumbnailUrl\":\"https:\\\/\\\/canal7slp.tv\\\/2019\\\/wp-content\\\/uploads\\\/2019\\\/06\\\/1140-8.jpg\",\"datePublished\":\"2019-06-09T16:11:34+00:00\",\"breadcrumb\":{\"@id\":\"https:\\\/\\\/canal7slp.tv\\\/2019\\\/cunado-de-lider-de-la-luz-del-mundo-impulso-reformas-contra-abuso-sexual\\\/#breadcrumb\"},\"inLanguage\":\"es\",\"potentialAction\":[{\"@type\":\"ReadAction\",\"target\":[\"https:\\\/\\\/canal7slp.tv\\\/2019\\\/cunado-de-lider-de-la-luz-del-mundo-impulso-reformas-contra-abuso-sexual\\\/\"]}]},{\"@type\":\"ImageObject\",\"inLanguage\":\"es\",\"@id\":\"https:\\\/\\\/canal7slp.tv\\\/2019\\\/cunado-de-lider-de-la-luz-del-mundo-impulso-reformas-contra-abuso-sexual\\\/#primaryimage\",\"url\":\"https:\\\/\\\/canal7slp.tv\\\/2019\\\/wp-content\\\/uploads\\\/2019\\\/06\\\/1140-8.jpg\",\"contentUrl\":\"https:\\\/\\\/canal7slp.tv\\\/2019\\\/wp-content\\\/uploads\\\/2019\\\/06\\\/1140-8.jpg\",\"width\":657,\"height\":410},{\"@type\":\"BreadcrumbList\",\"@id\":\"https:\\\/\\\/canal7slp.tv\\\/2019\\\/cunado-de-lider-de-la-luz-del-mundo-impulso-reformas-contra-abuso-sexual\\\/#breadcrumb\",\"itemListElement\":[{\"@type\":\"ListItem\",\"position\":1,\"name\":\"Home\",\"item\":\"https:\\\/\\\/canal7slp.tv\\\/2019\\\/\"},{\"@type\":\"ListItem\",\"position\":2,\"name\":\"Cu\u00f1ado de l\u00edder de La Luz del Mundo impuls\u00f3 reformas contra abuso sexual\"}]},{\"@type\":\"WebSite\",\"@id\":\"https:\\\/\\\/canal7slp.tv\\\/2019\\\/#website\",\"url\":\"https:\\\/\\\/canal7slp.tv\\\/2019\\\/\",\"name\":\"Canal 7 SLP - Somos TV\",\"description\":\"Somos un Canal de 10\",\"publisher\":{\"@id\":\"https:\\\/\\\/canal7slp.tv\\\/2019\\\/#organization\"},\"potentialAction\":[{\"@type\":\"SearchAction\",\"target\":{\"@type\":\"EntryPoint\",\"urlTemplate\":\"https:\\\/\\\/canal7slp.tv\\\/2019\\\/?s={search_term_string}\"},\"query-input\":{\"@type\":\"PropertyValueSpecification\",\"valueRequired\":true,\"valueName\":\"search_term_string\"}}],\"inLanguage\":\"es\"},{\"@type\":\"Organization\",\"@id\":\"https:\\\/\\\/canal7slp.tv\\\/2019\\\/#organization\",\"name\":\"Comunicaci\u00f3n 2000 S.A. de C.V.\",\"url\":\"https:\\\/\\\/canal7slp.tv\\\/2019\\\/\",\"logo\":{\"@type\":\"ImageObject\",\"inLanguage\":\"es\",\"@id\":\"https:\\\/\\\/canal7slp.tv\\\/2019\\\/#\\\/schema\\\/logo\\\/image\\\/\",\"url\":\"https:\\\/\\\/canal7slp.tv\\\/2019\\\/wp-content\\\/uploads\\\/2019\\\/07\\\/logo-c7.png\",\"contentUrl\":\"https:\\\/\\\/canal7slp.tv\\\/2019\\\/wp-content\\\/uploads\\\/2019\\\/07\\\/logo-c7.png\",\"width\":220,\"height\":60,\"caption\":\"Comunicaci\u00f3n 2000 S.A. de C.V.\"},\"image\":{\"@id\":\"https:\\\/\\\/canal7slp.tv\\\/2019\\\/#\\\/schema\\\/logo\\\/image\\\/\"},\"sameAs\":[\"https:\\\/\\\/www.facebook.com\\\/CANAL7SLP\\\/\",\"https:\\\/\\\/x.com\\\/canal7_slp\",\"https:\\\/\\\/www.instagram.com\\\/canal7_slp\",\"https:\\\/\\\/www.youtube.com\\\/user\\\/NOTICIEROSCANAL7SLP\\\/\"]},{\"@type\":\"Person\",\"@id\":\"https:\\\/\\\/canal7slp.tv\\\/2019\\\/#\\\/schema\\\/person\\\/11d941c1c6ca30ac0a46b95fa37aa2e3\",\"name\":\"edicionweb\",\"image\":{\"@type\":\"ImageObject\",\"inLanguage\":\"es\",\"@id\":\"https:\\\/\\\/secure.gravatar.com\\\/avatar\\\/eee448fc3f7164808013b816ba91ac7e43bbe82a70bebac296f8bc6f0addaa1a?s=96&d=mm&r=g\",\"url\":\"https:\\\/\\\/secure.gravatar.com\\\/avatar\\\/eee448fc3f7164808013b816ba91ac7e43bbe82a70bebac296f8bc6f0addaa1a?s=96&d=mm&r=g\",\"contentUrl\":\"https:\\\/\\\/secure.gravatar.com\\\/avatar\\\/eee448fc3f7164808013b816ba91ac7e43bbe82a70bebac296f8bc6f0addaa1a?s=96&d=mm&r=g\",\"caption\":\"edicionweb\"}}]}<\/script>\n<!-- \/ Yoast SEO plugin. -->","yoast_head_json":{"title":"Cu\u00f1ado de l\u00edder de La Luz del Mundo impuls\u00f3 reformas contra abuso sexual - Canal 7 SLP - 2019","robots":{"index":"index","follow":"follow","max-snippet":"max-snippet:-1","max-image-preview":"max-image-preview:large","max-video-preview":"max-video-preview:-1"},"canonical":"https:\/\/canal7slp.tv\/2019\/cunado-de-lider-de-la-luz-del-mundo-impulso-reformas-contra-abuso-sexual\/","og_locale":"es_ES","og_type":"article","og_title":"Cu\u00f1ado de l\u00edder de La Luz del Mundo impuls\u00f3 reformas contra abuso sexual - Canal 7 SLP - 2019","og_description":"M\u00e9xico.- El senador Israel Zamora Guzm\u00e1n es cu\u00f1ado del l\u00edder de la Iglesia de La Luz del Mundo: Naas\u00f3n Joaqu\u00edn Garc\u00eda, quien es acusado de diversos delitos sexuales contra menores y mujeres en California, y en d\u00edas pasados se hizo famoso por haber sido homenajeado en el Palacio de Bellas Artes, m\u00e1ximo recinto cultural del [&hellip;]","og_url":"https:\/\/canal7slp.tv\/2019\/cunado-de-lider-de-la-luz-del-mundo-impulso-reformas-contra-abuso-sexual\/","og_site_name":"Canal 7 SLP - 2019","article_publisher":"https:\/\/www.facebook.com\/CANAL7SLP\/","article_published_time":"2019-06-09T16:11:34+00:00","og_image":[{"width":657,"height":410,"url":"https:\/\/canal7slp.tv\/2019\/wp-content\/uploads\/2019\/06\/1140-8.jpg","type":"image\/jpeg"}],"author":"edicionweb","twitter_card":"summary_large_image","twitter_creator":"@canal7_slp","twitter_site":"@canal7_slp","twitter_misc":{"Escrito por":"edicionweb","Tiempo de lectura":"4 minutos"},"schema":{"@context":"https:\/\/schema.org","@graph":[{"@type":"Article","@id":"https:\/\/canal7slp.tv\/2019\/cunado-de-lider-de-la-luz-del-mundo-impulso-reformas-contra-abuso-sexual\/#article","isPartOf":{"@id":"https:\/\/canal7slp.tv\/2019\/cunado-de-lider-de-la-luz-del-mundo-impulso-reformas-contra-abuso-sexual\/"},"author":{"name":"edicionweb","@id":"https:\/\/canal7slp.tv\/2019\/#\/schema\/person\/11d941c1c6ca30ac0a46b95fa37aa2e3"},"headline":"Cu\u00f1ado de l\u00edder de La Luz del Mundo impuls\u00f3 reformas contra abuso sexual","datePublished":"2019-06-09T16:11:34+00:00","mainEntityOfPage":{"@id":"https:\/\/canal7slp.tv\/2019\/cunado-de-lider-de-la-luz-del-mundo-impulso-reformas-contra-abuso-sexual\/"},"wordCount":865,"commentCount":0,"publisher":{"@id":"https:\/\/canal7slp.tv\/2019\/#organization"},"image":{"@id":"https:\/\/canal7slp.tv\/2019\/cunado-de-lider-de-la-luz-del-mundo-impulso-reformas-contra-abuso-sexual\/#primaryimage"},"thumbnailUrl":"https:\/\/canal7slp.tv\/2019\/wp-content\/uploads\/2019\/06\/1140-8.jpg","articleSection":["NACIONAL"],"inLanguage":"es","potentialAction":[{"@type":"CommentAction","name":"Comment","target":["https:\/\/canal7slp.tv\/2019\/cunado-de-lider-de-la-luz-del-mundo-impulso-reformas-contra-abuso-sexual\/#respond"]}]},{"@type":"WebPage","@id":"https:\/\/canal7slp.tv\/2019\/cunado-de-lider-de-la-luz-del-mundo-impulso-reformas-contra-abuso-sexual\/","url":"https:\/\/canal7slp.tv\/2019\/cunado-de-lider-de-la-luz-del-mundo-impulso-reformas-contra-abuso-sexual\/","name":"Cu\u00f1ado de l\u00edder de La Luz del Mundo impuls\u00f3 reformas contra abuso sexual - Canal 7 SLP - 2019","isPartOf":{"@id":"https:\/\/canal7slp.tv\/2019\/#website"},"primaryImageOfPage":{"@id":"https:\/\/canal7slp.tv\/2019\/cunado-de-lider-de-la-luz-del-mundo-impulso-reformas-contra-abuso-sexual\/#primaryimage"},"image":{"@id":"https:\/\/canal7slp.tv\/2019\/cunado-de-lider-de-la-luz-del-mundo-impulso-reformas-contra-abuso-sexual\/#primaryimage"},"thumbnailUrl":"https:\/\/canal7slp.tv\/2019\/wp-content\/uploads\/2019\/06\/1140-8.jpg","datePublished":"2019-06-09T16:11:34+00:00","breadcrumb":{"@id":"https:\/\/canal7slp.tv\/2019\/cunado-de-lider-de-la-luz-del-mundo-impulso-reformas-contra-abuso-sexual\/#breadcrumb"},"inLanguage":"es","potentialAction":[{"@type":"ReadAction","target":["https:\/\/canal7slp.tv\/2019\/cunado-de-lider-de-la-luz-del-mundo-impulso-reformas-contra-abuso-sexual\/"]}]},{"@type":"ImageObject","inLanguage":"es","@id":"https:\/\/canal7slp.tv\/2019\/cunado-de-lider-de-la-luz-del-mundo-impulso-reformas-contra-abuso-sexual\/#primaryimage","url":"https:\/\/canal7slp.tv\/2019\/wp-content\/uploads\/2019\/06\/1140-8.jpg","contentUrl":"https:\/\/canal7slp.tv\/2019\/wp-content\/uploads\/2019\/06\/1140-8.jpg","width":657,"height":410},{"@type":"BreadcrumbList","@id":"https:\/\/canal7slp.tv\/2019\/cunado-de-lider-de-la-luz-del-mundo-impulso-reformas-contra-abuso-sexual\/#breadcrumb","itemListElement":[{"@type":"ListItem","position":1,"name":"Home","item":"https:\/\/canal7slp.tv\/2019\/"},{"@type":"ListItem","position":2,"name":"Cu\u00f1ado de l\u00edder de La Luz del Mundo impuls\u00f3 reformas contra abuso sexual"}]},{"@type":"WebSite","@id":"https:\/\/canal7slp.tv\/2019\/#website","url":"https:\/\/canal7slp.tv\/2019\/","name":"Canal 7 SLP - Somos TV","description":"Somos un Canal de 10","publisher":{"@id":"https:\/\/canal7slp.tv\/2019\/#organization"},"potentialAction":[{"@type":"SearchAction","target":{"@type":"EntryPoint","urlTemplate":"https:\/\/canal7slp.tv\/2019\/?s={search_term_string}"},"query-input":{"@type":"PropertyValueSpecification","valueRequired":true,"valueName":"search_term_string"}}],"inLanguage":"es"},{"@type":"Organization","@id":"https:\/\/canal7slp.tv\/2019\/#organization","name":"Comunicaci\u00f3n 2000 S.A. de C.V.","url":"https:\/\/canal7slp.tv\/2019\/","logo":{"@type":"ImageObject","inLanguage":"es","@id":"https:\/\/canal7slp.tv\/2019\/#\/schema\/logo\/image\/","url":"https:\/\/canal7slp.tv\/2019\/wp-content\/uploads\/2019\/07\/logo-c7.png","contentUrl":"https:\/\/canal7slp.tv\/2019\/wp-content\/uploads\/2019\/07\/logo-c7.png","width":220,"height":60,"caption":"Comunicaci\u00f3n 2000 S.A. de C.V."},"image":{"@id":"https:\/\/canal7slp.tv\/2019\/#\/schema\/logo\/image\/"},"sameAs":["https:\/\/www.facebook.com\/CANAL7SLP\/","https:\/\/x.com\/canal7_slp","https:\/\/www.instagram.com\/canal7_slp","https:\/\/www.youtube.com\/user\/NOTICIEROSCANAL7SLP\/"]},{"@type":"Person","@id":"https:\/\/canal7slp.tv\/2019\/#\/schema\/person\/11d941c1c6ca30ac0a46b95fa37aa2e3","name":"edicionweb","image":{"@type":"ImageObject","inLanguage":"es","@id":"https:\/\/secure.gravatar.com\/avatar\/eee448fc3f7164808013b816ba91ac7e43bbe82a70bebac296f8bc6f0addaa1a?s=96&d=mm&r=g","url":"https:\/\/secure.gravatar.com\/avatar\/eee448fc3f7164808013b816ba91ac7e43bbe82a70bebac296f8bc6f0addaa1a?s=96&d=mm&r=g","contentUrl":"https:\/\/secure.gravatar.com\/avatar\/eee448fc3f7164808013b816ba91ac7e43bbe82a70bebac296f8bc6f0addaa1a?s=96&d=mm&r=g","caption":"edicionweb"}}]}},"amp_enabled":true,"cmb2":{"video_ids_in_playlist":{"vid_p_videos":""},"video_ids_in_channel":{"vid_c_videos":""},"playlist_ids_in_channel":{"vid_c_playlists":""},"series_ids_in_channel":{"vid_c_series":""},"channel_images":{"vid_c_logo":"","vid_c_banner":""},"poster_feature_image":{"vid_m_poster_image":""},"gif_feature_image":{"vid_m_gif_image":""},"video_movie_settings":{"vid_m_director":"","vid_m_actor":"","vid_m_imdb_ratings":"","vid_m_amazon_associates":""},"vid_youtube_broadcasts_settings":{"vid_yb_broadcast_title":"","vid_yb_q":"","vid_yb_channelid":"","vid_yb_videocategoryid":"","vid_yb_maxresults":"","vid_yb_order":"","vid_yb_regioncode":"","vid_yb_videosyndicated":"","vid_yb_style":"","vid_yb_reload_first":""},"video_series_settings":{"vid_m_director":"","vid_m_actor":"","vid_m_imdb_ratings":"","video_series_group":""},"amazon_associates_settings":{"amazon_associates":"","amazon_native_ad":""},"vid_youtube_automatic_settings":{"vid_ya_youtube_source":"","vid_ya_update_every":"","vid_ya_update_unit":"","vid_ya_categories":"","vid_ya_published_after":"","vid_ya_published_before":"","vid_ya_playlists":"","vid_ya_channels":"","vid_ya_director":"","vid_ya_actor":"","vid_ya_author":"","vid_ya_import_post_date":"","vid_ya_status":"","vid_ya_sub_api_key":""},"vid_ads_m_videoads_settings_post":{"vid_ads_m_video_ads":"","vid_ads_m_video_ads_type":"","vid_ads_m_group_google_ima":"","vid_ads_m_group_image":"","vid_ads_m_group_html5_video":"","vid_ads_m_group_html":"","vid_ads_m_vast_preroll":"","vid_ads_m_vast_postroll":"","vid_ads_m_vast_pauseroll":"","vid_ads_m_vast_midroll":[{"vid_ads_m_vast_timer_seconds":"50"}],"vid_ads_m_time_to_show_ads":"","vid_ads_m_time_skip_ads":"","vid_ads_m_time_to_hide_ads":""},"page_slider_settings":{"display_slider_group":"","page_slider_group":""},"blog_page_settings":{"blog_page_title":"","blog_page_heading":"","blog_page_ic":"","blog_page_it":"","blog_page_ec":"","blog_page_ip":"","archive_loop_style":"","blog_image_ratio":"","blog_show_categories":"","blog_show_excerpt":"","blog_show_author":"","blog_show_date":"","blog_show_comment_count":"","blog_show_view_count":"","blog_show_like_count":"","blog_show_dislike_count":"","blog_items_per_page":"","blog_pag_type":""},"page_options":{"get_page_template":"","color_mode":"","main_layout":"","main_layout_full_with":"","main_logo":"","main_logo_retina":"","main_logo_mobile":"","main_logo_mobile_retina":"","sticky_logo":"","sticky_logo_retina":"","main_nav_layout":"","ajax_search":"","header_background":"","theme_sidebar":"","instagram_feed":"","instagram_feed_position":"","popular_videos":"","popular_videos_title_1":"","popular_videos_title_2":"","popular_videos_ic":"","popular_videos_it":"","theme_background":"","page_custom_css":""},"feature_image_settings":{"feature_image_position":""},"video_player_settings":{"single_video_style":"","video_player_position":"","vm_video_url":"","video_player_library":"","video_streaming":"","vm_media_sources":"","vid_auto_play":"","vm_video_shortcode":"","vid_p_sync_playlist":"","vid_c_sync_channel":"","get_post_format":"","multiple_links_structure":"default","multi_links_title":"","vm_video_multi_links":"","vm_duration":"","vid_social_locker":"off","vid_social_locker_id":"","vid_membership_action":"content-video","vm_video_trailer_url":"","vid_download_type":"free","vid_download_target":"download","vid_woo_product":"","vm_media_download":"","user_rating":"","user_rating_position":"","user_rating_mode":"","user_rating_multi_sets":""},"video_auto_fetch_settings":{"vm_video_fetch":"on"},"video_fake_views_likes":{"vm_fake_views":"","vm_fake_likes":"","vm_fake_dislikes":""},"gallery_settings":{"gallery_position":""},"quote_settings":{"quote_position":""},"post_options":{"main_layout":"","main_logo":"","main_logo_retina":"","main_logo_mobile":"","main_logo_mobile_retina":"","sticky_logo":"","sticky_logo_retina":"","main_nav_layout":"","header_background":"","theme_sidebar":"","single_post_comment_type":"","theme_background":""}},"_links":{"self":[{"href":"https:\/\/canal7slp.tv\/2019\/wp-json\/wp\/v2\/posts\/9722","targetHints":{"allow":["GET"]}}],"collection":[{"href":"https:\/\/canal7slp.tv\/2019\/wp-json\/wp\/v2\/posts"}],"about":[{"href":"https:\/\/canal7slp.tv\/2019\/wp-json\/wp\/v2\/types\/post"}],"author":[{"embeddable":true,"href":"https:\/\/canal7slp.tv\/2019\/wp-json\/wp\/v2\/users\/2"}],"replies":[{"embeddable":true,"href":"https:\/\/canal7slp.tv\/2019\/wp-json\/wp\/v2\/comments?post=9722"}],"version-history":[{"count":0,"href":"https:\/\/canal7slp.tv\/2019\/wp-json\/wp\/v2\/posts\/9722\/revisions"}],"wp:featuredmedia":[{"embeddable":true,"href":"https:\/\/canal7slp.tv\/2019\/wp-json\/wp\/v2\/media\/9723"}],"wp:attachment":[{"href":"https:\/\/canal7slp.tv\/2019\/wp-json\/wp\/v2\/media?parent=9722"}],"wp:term":[{"taxonomy":"category","embeddable":true,"href":"https:\/\/canal7slp.tv\/2019\/wp-json\/wp\/v2\/categories?post=9722"},{"taxonomy":"post_tag","embeddable":true,"href":"https:\/\/canal7slp.tv\/2019\/wp-json\/wp\/v2\/tags?post=9722"}],"curies":[{"name":"wp","href":"https:\/\/api.w.org\/{rel}","templated":true}]}}