{"id":9707,"date":"2019-06-09T10:39:03","date_gmt":"2019-06-09T15:39:03","guid":{"rendered":"https:\/\/canal7slp.tv\/2019\/?p=9707"},"modified":"2019-06-09T10:39:03","modified_gmt":"2019-06-09T15:39:03","slug":"pericos-de-puebla-se-queda-con-doble-cartelera-ante-bravos-de-leon","status":"publish","type":"post","link":"https:\/\/canal7slp.tv\/2019\/pericos-de-puebla-se-queda-con-doble-cartelera-ante-bravos-de-leon\/","title":{"rendered":"Pericos de Puebla se queda con doble cartelera ante Bravos de Le\u00f3n"},"content":{"rendered":"<p style=\"text-align: justify\">Puebla.- Pericos de Puebla se apunt\u00f3 la doble cartelera que jug\u00f3 ante Bravos de Le\u00f3n, tras ganar por pizarras de 8-0 y 3-2, en el estadio Hermanos Serd\u00e1n, dentro de la campa\u00f1a 2019 del beisbol mexicano.<\/p>\n<p style=\"text-align: justify\">En el segundo partido de este doble cartel, el &#8220;ave verde&#8221; volvi\u00f3 a imponer su ley, ahora por 3-2, ante una novena de Bravos muy t\u00edmida y corta al ataque, ya que s\u00f3lo pudo pegar cuatro hits por cinco de los &#8220;emplumados&#8221;.<\/p>\n<p style=\"text-align: justify\">El relevista Jos\u00e9 Manuel L\u00f3pez (2-2) se apunt\u00f3 la victoria, mientras que el estadounidense Ryan Kelly (4) lo apoy\u00f3 con el rescate del partido. Por Le\u00f3n, perdi\u00f3 el abridor Aldo Montes (3-5).<\/p>\n<p style=\"text-align: justify\">Anotaci\u00f3n por entradas:<\/p>\n<table width=\"231\">\n<tbody>\n<tr>\n<td><\/td>\n<td><strong>1<\/strong><\/td>\n<td><strong>2<\/strong><\/td>\n<td><strong>3<\/strong><\/td>\n<td><strong>4<\/strong><\/td>\n<td><strong>5<\/strong><\/td>\n<td><strong>6<\/strong><\/td>\n<td><strong>7<\/strong><\/td>\n<td><strong>C<\/strong><\/td>\n<td><strong>H<\/strong><\/td>\n<td><strong>E<\/strong><\/td>\n<\/tr>\n<tr>\n<td>Le\u00f3n<\/td>\n<td>0<\/td>\n<td>0<\/td>\n<td>0<\/td>\n<td>0<\/td>\n<td>0<\/td>\n<td>0<\/td>\n<td>2<\/td>\n<td>2<\/td>\n<td>4<\/td>\n<td>0<\/td>\n<\/tr>\n<tr>\n<td>Puebla<\/td>\n<td>2<\/td>\n<td>0<\/td>\n<td>0<\/td>\n<td>1<\/td>\n<td>0<\/td>\n<td>0<\/td>\n<td>x<\/td>\n<td>3<\/td>\n<td>5<\/td>\n<td>0<\/td>\n<\/tr>\n<\/tbody>\n<\/table>\n<p style=\"text-align: justify\">PG: Jos\u00e9 Manuel L\u00f3pez (2-2). PD: Aldo Montes (3-5). SV: Ryan Kelly (4). JRS: PUE: Nick Torres (18).<\/p>\n<p style=\"text-align: justify\">En el primer juego de esta doble cartelera en el Hermanos Serd\u00e1n, Puebla sali\u00f3 desatado a la ofensiva para blanquear por 8-0 a Bravos.<\/p>\n<p style=\"text-align: justify\">Mauricio Lara (3-6) se llev\u00f3 la victoria para Pericos, mientras que el lanzador japon\u00e9s Yasutomo Kubo (4-6) carg\u00f3 con el rev\u00e9s para los del Baj\u00edo.<\/p>\n<p style=\"text-align: justify\">En esta blanqueada de las &#8220;aves verdes&#8221; poblanas, los ca\u00f1oneros Danny Ortiz (23), Nick Torres (17) y Enrique Osorio (3) colaboraron en la victoria, al pegar sendos cuadrangulares.<\/p>\n<p>Anotaci\u00f3n por entradas:<\/p>\n<table width=\"232\">\n<tbody>\n<tr>\n<td><\/td>\n<td><strong>1<\/strong><\/td>\n<td><strong>2<\/strong><\/td>\n<td><strong>3<\/strong><\/td>\n<td><strong>4<\/strong><\/td>\n<td><strong>5<\/strong><\/td>\n<td><strong>6<\/strong><\/td>\n<td><strong>7<\/strong><\/td>\n<td><strong>C<\/strong><\/td>\n<td><strong>H<\/strong><\/td>\n<td><strong>E<\/strong><\/td>\n<\/tr>\n<tr>\n<td>Le\u00f3n<\/td>\n<td>0<\/td>\n<td>0<\/td>\n<td>0<\/td>\n<td>0<\/td>\n<td>0<\/td>\n<td>0<\/td>\n<td>0<\/td>\n<td>0<\/td>\n<td>2<\/td>\n<td>1<\/td>\n<\/tr>\n<tr>\n<td>Puebla<\/td>\n<td>3<\/td>\n<td>0<\/td>\n<td>2<\/td>\n<td>2<\/td>\n<td>0<\/td>\n<td>1<\/td>\n<td>x<\/td>\n<td>8<\/td>\n<td>12<\/td>\n<td>0<\/td>\n<\/tr>\n<\/tbody>\n<\/table>\n<p style=\"text-align: justify\">PG: Mauricio Lara (3-6). PD: Yasutomo Kubo (4-6). SV: No hubo. Jrs: PUE: Danny Ortiz (23), Nick Torres (17), Enrique Osorio (3).<\/p>\n<p style=\"text-align: justify\">Con este par de triunfos, Puebla seguir\u00e1 en el tercer pelda\u00f1o de la Zona Sur, con una marca de 32-24, mientras que la &#8220;fiera&#8221; leonesa se qued\u00f3 con palmar\u00e9s de 25-30, en el cuarto sitio de este mismo grupo.<\/p>\n<p style=\"text-align: justify\">Este domingo concluir\u00e1 la serie en este mismo parque de pelota del Hermanos Serd\u00e1n, con Pericos en pos de la barrida.<\/p>\n","protected":false},"excerpt":{"rendered":"<p>Puebla.- Pericos de Puebla se apunt\u00f3 la doble cartelera que jug\u00f3 ante Bravos de Le\u00f3n, tras ganar por pizarras de 8-0 y 3-2, en el estadio Hermanos Serd\u00e1n, dentro de la campa\u00f1a 2019 del beisbol mexicano. En el segundo partido de este doble cartel, el &#8220;ave verde&#8221; volvi\u00f3 a imponer su ley, ahora por 3-2, [&hellip;]<\/p>\n","protected":false},"author":2,"featured_media":9708,"comment_status":"open","ping_status":"closed","sticky":false,"template":"","format":"standard","meta":{"footnotes":""},"categories":[96],"tags":[],"class_list":["post-9707","post","type-post","status-publish","format-standard","has-post-thumbnail","hentry","category-deportes"],"yoast_head":"<!-- This site is optimized with the Yoast SEO plugin v27.4 - https:\/\/yoast.com\/product\/yoast-seo-wordpress\/ -->\n<title>Pericos de Puebla se queda con doble cartelera ante Bravos de Le\u00f3n - Canal 7 SLP - 2019<\/title>\n<meta name=\"robots\" content=\"index, follow, max-snippet:-1, max-image-preview:large, max-video-preview:-1\" \/>\n<link rel=\"canonical\" href=\"https:\/\/canal7slp.tv\/2019\/pericos-de-puebla-se-queda-con-doble-cartelera-ante-bravos-de-leon\/\" \/>\n<meta property=\"og:locale\" content=\"es_ES\" \/>\n<meta property=\"og:type\" content=\"article\" \/>\n<meta property=\"og:title\" content=\"Pericos de Puebla se queda con doble cartelera ante Bravos de Le\u00f3n - Canal 7 SLP - 2019\" \/>\n<meta property=\"og:description\" content=\"Puebla.- Pericos de Puebla se apunt\u00f3 la doble cartelera que jug\u00f3 ante Bravos de Le\u00f3n, tras ganar por pizarras de 8-0 y 3-2, en el estadio Hermanos Serd\u00e1n, dentro de la campa\u00f1a 2019 del beisbol mexicano. En el segundo partido de este doble cartel, el &#8220;ave verde&#8221; volvi\u00f3 a imponer su ley, ahora por 3-2, [&hellip;]\" \/>\n<meta property=\"og:url\" content=\"https:\/\/canal7slp.tv\/2019\/pericos-de-puebla-se-queda-con-doble-cartelera-ante-bravos-de-leon\/\" \/>\n<meta property=\"og:site_name\" content=\"Canal 7 SLP - 2019\" \/>\n<meta property=\"article:publisher\" content=\"https:\/\/www.facebook.com\/CANAL7SLP\/\" \/>\n<meta property=\"article:published_time\" content=\"2019-06-09T15:39:03+00:00\" \/>\n<meta property=\"og:image\" content=\"https:\/\/canal7slp.tv\/2019\/wp-content\/uploads\/2019\/06\/1050-5.jpg\" \/>\n\t<meta property=\"og:image:width\" content=\"728\" \/>\n\t<meta property=\"og:image:height\" content=\"410\" \/>\n\t<meta property=\"og:image:type\" content=\"image\/jpeg\" \/>\n<meta name=\"author\" content=\"edicionweb\" \/>\n<meta name=\"twitter:card\" content=\"summary_large_image\" \/>\n<meta name=\"twitter:creator\" content=\"@canal7_slp\" \/>\n<meta name=\"twitter:site\" content=\"@canal7_slp\" \/>\n<meta name=\"twitter:label1\" content=\"Escrito por\" \/>\n\t<meta name=\"twitter:data1\" content=\"edicionweb\" \/>\n\t<meta name=\"twitter:label2\" content=\"Tiempo de lectura\" \/>\n\t<meta name=\"twitter:data2\" content=\"2 minutos\" \/>\n<script type=\"application\/ld+json\" class=\"yoast-schema-graph\">{\"@context\":\"https:\\\/\\\/schema.org\",\"@graph\":[{\"@type\":\"Article\",\"@id\":\"https:\\\/\\\/canal7slp.tv\\\/2019\\\/pericos-de-puebla-se-queda-con-doble-cartelera-ante-bravos-de-leon\\\/#article\",\"isPartOf\":{\"@id\":\"https:\\\/\\\/canal7slp.tv\\\/2019\\\/pericos-de-puebla-se-queda-con-doble-cartelera-ante-bravos-de-leon\\\/\"},\"author\":{\"name\":\"edicionweb\",\"@id\":\"https:\\\/\\\/canal7slp.tv\\\/2019\\\/#\\\/schema\\\/person\\\/11d941c1c6ca30ac0a46b95fa37aa2e3\"},\"headline\":\"Pericos de Puebla se queda con doble cartelera ante Bravos de Le\u00f3n\",\"datePublished\":\"2019-06-09T15:39:03+00:00\",\"mainEntityOfPage\":{\"@id\":\"https:\\\/\\\/canal7slp.tv\\\/2019\\\/pericos-de-puebla-se-queda-con-doble-cartelera-ante-bravos-de-leon\\\/\"},\"wordCount\":329,\"commentCount\":0,\"publisher\":{\"@id\":\"https:\\\/\\\/canal7slp.tv\\\/2019\\\/#organization\"},\"image\":{\"@id\":\"https:\\\/\\\/canal7slp.tv\\\/2019\\\/pericos-de-puebla-se-queda-con-doble-cartelera-ante-bravos-de-leon\\\/#primaryimage\"},\"thumbnailUrl\":\"https:\\\/\\\/canal7slp.tv\\\/2019\\\/wp-content\\\/uploads\\\/2019\\\/06\\\/1050-5.jpg\",\"articleSection\":[\"DEPORTES\"],\"inLanguage\":\"es\",\"potentialAction\":[{\"@type\":\"CommentAction\",\"name\":\"Comment\",\"target\":[\"https:\\\/\\\/canal7slp.tv\\\/2019\\\/pericos-de-puebla-se-queda-con-doble-cartelera-ante-bravos-de-leon\\\/#respond\"]}]},{\"@type\":\"WebPage\",\"@id\":\"https:\\\/\\\/canal7slp.tv\\\/2019\\\/pericos-de-puebla-se-queda-con-doble-cartelera-ante-bravos-de-leon\\\/\",\"url\":\"https:\\\/\\\/canal7slp.tv\\\/2019\\\/pericos-de-puebla-se-queda-con-doble-cartelera-ante-bravos-de-leon\\\/\",\"name\":\"Pericos de Puebla se queda con doble cartelera ante Bravos de Le\u00f3n - Canal 7 SLP - 2019\",\"isPartOf\":{\"@id\":\"https:\\\/\\\/canal7slp.tv\\\/2019\\\/#website\"},\"primaryImageOfPage\":{\"@id\":\"https:\\\/\\\/canal7slp.tv\\\/2019\\\/pericos-de-puebla-se-queda-con-doble-cartelera-ante-bravos-de-leon\\\/#primaryimage\"},\"image\":{\"@id\":\"https:\\\/\\\/canal7slp.tv\\\/2019\\\/pericos-de-puebla-se-queda-con-doble-cartelera-ante-bravos-de-leon\\\/#primaryimage\"},\"thumbnailUrl\":\"https:\\\/\\\/canal7slp.tv\\\/2019\\\/wp-content\\\/uploads\\\/2019\\\/06\\\/1050-5.jpg\",\"datePublished\":\"2019-06-09T15:39:03+00:00\",\"breadcrumb\":{\"@id\":\"https:\\\/\\\/canal7slp.tv\\\/2019\\\/pericos-de-puebla-se-queda-con-doble-cartelera-ante-bravos-de-leon\\\/#breadcrumb\"},\"inLanguage\":\"es\",\"potentialAction\":[{\"@type\":\"ReadAction\",\"target\":[\"https:\\\/\\\/canal7slp.tv\\\/2019\\\/pericos-de-puebla-se-queda-con-doble-cartelera-ante-bravos-de-leon\\\/\"]}]},{\"@type\":\"ImageObject\",\"inLanguage\":\"es\",\"@id\":\"https:\\\/\\\/canal7slp.tv\\\/2019\\\/pericos-de-puebla-se-queda-con-doble-cartelera-ante-bravos-de-leon\\\/#primaryimage\",\"url\":\"https:\\\/\\\/canal7slp.tv\\\/2019\\\/wp-content\\\/uploads\\\/2019\\\/06\\\/1050-5.jpg\",\"contentUrl\":\"https:\\\/\\\/canal7slp.tv\\\/2019\\\/wp-content\\\/uploads\\\/2019\\\/06\\\/1050-5.jpg\",\"width\":728,\"height\":410},{\"@type\":\"BreadcrumbList\",\"@id\":\"https:\\\/\\\/canal7slp.tv\\\/2019\\\/pericos-de-puebla-se-queda-con-doble-cartelera-ante-bravos-de-leon\\\/#breadcrumb\",\"itemListElement\":[{\"@type\":\"ListItem\",\"position\":1,\"name\":\"Home\",\"item\":\"https:\\\/\\\/canal7slp.tv\\\/2019\\\/\"},{\"@type\":\"ListItem\",\"position\":2,\"name\":\"Pericos de Puebla se queda con doble cartelera ante Bravos de Le\u00f3n\"}]},{\"@type\":\"WebSite\",\"@id\":\"https:\\\/\\\/canal7slp.tv\\\/2019\\\/#website\",\"url\":\"https:\\\/\\\/canal7slp.tv\\\/2019\\\/\",\"name\":\"Canal 7 SLP - Somos TV\",\"description\":\"Somos un Canal de 10\",\"publisher\":{\"@id\":\"https:\\\/\\\/canal7slp.tv\\\/2019\\\/#organization\"},\"potentialAction\":[{\"@type\":\"SearchAction\",\"target\":{\"@type\":\"EntryPoint\",\"urlTemplate\":\"https:\\\/\\\/canal7slp.tv\\\/2019\\\/?s={search_term_string}\"},\"query-input\":{\"@type\":\"PropertyValueSpecification\",\"valueRequired\":true,\"valueName\":\"search_term_string\"}}],\"inLanguage\":\"es\"},{\"@type\":\"Organization\",\"@id\":\"https:\\\/\\\/canal7slp.tv\\\/2019\\\/#organization\",\"name\":\"Comunicaci\u00f3n 2000 S.A. de C.V.\",\"url\":\"https:\\\/\\\/canal7slp.tv\\\/2019\\\/\",\"logo\":{\"@type\":\"ImageObject\",\"inLanguage\":\"es\",\"@id\":\"https:\\\/\\\/canal7slp.tv\\\/2019\\\/#\\\/schema\\\/logo\\\/image\\\/\",\"url\":\"https:\\\/\\\/canal7slp.tv\\\/2019\\\/wp-content\\\/uploads\\\/2019\\\/07\\\/logo-c7.png\",\"contentUrl\":\"https:\\\/\\\/canal7slp.tv\\\/2019\\\/wp-content\\\/uploads\\\/2019\\\/07\\\/logo-c7.png\",\"width\":220,\"height\":60,\"caption\":\"Comunicaci\u00f3n 2000 S.A. de C.V.\"},\"image\":{\"@id\":\"https:\\\/\\\/canal7slp.tv\\\/2019\\\/#\\\/schema\\\/logo\\\/image\\\/\"},\"sameAs\":[\"https:\\\/\\\/www.facebook.com\\\/CANAL7SLP\\\/\",\"https:\\\/\\\/x.com\\\/canal7_slp\",\"https:\\\/\\\/www.instagram.com\\\/canal7_slp\",\"https:\\\/\\\/www.youtube.com\\\/user\\\/NOTICIEROSCANAL7SLP\\\/\"]},{\"@type\":\"Person\",\"@id\":\"https:\\\/\\\/canal7slp.tv\\\/2019\\\/#\\\/schema\\\/person\\\/11d941c1c6ca30ac0a46b95fa37aa2e3\",\"name\":\"edicionweb\",\"image\":{\"@type\":\"ImageObject\",\"inLanguage\":\"es\",\"@id\":\"https:\\\/\\\/secure.gravatar.com\\\/avatar\\\/eee448fc3f7164808013b816ba91ac7e43bbe82a70bebac296f8bc6f0addaa1a?s=96&d=mm&r=g\",\"url\":\"https:\\\/\\\/secure.gravatar.com\\\/avatar\\\/eee448fc3f7164808013b816ba91ac7e43bbe82a70bebac296f8bc6f0addaa1a?s=96&d=mm&r=g\",\"contentUrl\":\"https:\\\/\\\/secure.gravatar.com\\\/avatar\\\/eee448fc3f7164808013b816ba91ac7e43bbe82a70bebac296f8bc6f0addaa1a?s=96&d=mm&r=g\",\"caption\":\"edicionweb\"}}]}<\/script>\n<!-- \/ Yoast SEO plugin. -->","yoast_head_json":{"title":"Pericos de Puebla se queda con doble cartelera ante Bravos de Le\u00f3n - Canal 7 SLP - 2019","robots":{"index":"index","follow":"follow","max-snippet":"max-snippet:-1","max-image-preview":"max-image-preview:large","max-video-preview":"max-video-preview:-1"},"canonical":"https:\/\/canal7slp.tv\/2019\/pericos-de-puebla-se-queda-con-doble-cartelera-ante-bravos-de-leon\/","og_locale":"es_ES","og_type":"article","og_title":"Pericos de Puebla se queda con doble cartelera ante Bravos de Le\u00f3n - Canal 7 SLP - 2019","og_description":"Puebla.- Pericos de Puebla se apunt\u00f3 la doble cartelera que jug\u00f3 ante Bravos de Le\u00f3n, tras ganar por pizarras de 8-0 y 3-2, en el estadio Hermanos Serd\u00e1n, dentro de la campa\u00f1a 2019 del beisbol mexicano. En el segundo partido de este doble cartel, el &#8220;ave verde&#8221; volvi\u00f3 a imponer su ley, ahora por 3-2, [&hellip;]","og_url":"https:\/\/canal7slp.tv\/2019\/pericos-de-puebla-se-queda-con-doble-cartelera-ante-bravos-de-leon\/","og_site_name":"Canal 7 SLP - 2019","article_publisher":"https:\/\/www.facebook.com\/CANAL7SLP\/","article_published_time":"2019-06-09T15:39:03+00:00","og_image":[{"width":728,"height":410,"url":"https:\/\/canal7slp.tv\/2019\/wp-content\/uploads\/2019\/06\/1050-5.jpg","type":"image\/jpeg"}],"author":"edicionweb","twitter_card":"summary_large_image","twitter_creator":"@canal7_slp","twitter_site":"@canal7_slp","twitter_misc":{"Escrito por":"edicionweb","Tiempo de lectura":"2 minutos"},"schema":{"@context":"https:\/\/schema.org","@graph":[{"@type":"Article","@id":"https:\/\/canal7slp.tv\/2019\/pericos-de-puebla-se-queda-con-doble-cartelera-ante-bravos-de-leon\/#article","isPartOf":{"@id":"https:\/\/canal7slp.tv\/2019\/pericos-de-puebla-se-queda-con-doble-cartelera-ante-bravos-de-leon\/"},"author":{"name":"edicionweb","@id":"https:\/\/canal7slp.tv\/2019\/#\/schema\/person\/11d941c1c6ca30ac0a46b95fa37aa2e3"},"headline":"Pericos de Puebla se queda con doble cartelera ante Bravos de Le\u00f3n","datePublished":"2019-06-09T15:39:03+00:00","mainEntityOfPage":{"@id":"https:\/\/canal7slp.tv\/2019\/pericos-de-puebla-se-queda-con-doble-cartelera-ante-bravos-de-leon\/"},"wordCount":329,"commentCount":0,"publisher":{"@id":"https:\/\/canal7slp.tv\/2019\/#organization"},"image":{"@id":"https:\/\/canal7slp.tv\/2019\/pericos-de-puebla-se-queda-con-doble-cartelera-ante-bravos-de-leon\/#primaryimage"},"thumbnailUrl":"https:\/\/canal7slp.tv\/2019\/wp-content\/uploads\/2019\/06\/1050-5.jpg","articleSection":["DEPORTES"],"inLanguage":"es","potentialAction":[{"@type":"CommentAction","name":"Comment","target":["https:\/\/canal7slp.tv\/2019\/pericos-de-puebla-se-queda-con-doble-cartelera-ante-bravos-de-leon\/#respond"]}]},{"@type":"WebPage","@id":"https:\/\/canal7slp.tv\/2019\/pericos-de-puebla-se-queda-con-doble-cartelera-ante-bravos-de-leon\/","url":"https:\/\/canal7slp.tv\/2019\/pericos-de-puebla-se-queda-con-doble-cartelera-ante-bravos-de-leon\/","name":"Pericos de Puebla se queda con doble cartelera ante Bravos de Le\u00f3n - Canal 7 SLP - 2019","isPartOf":{"@id":"https:\/\/canal7slp.tv\/2019\/#website"},"primaryImageOfPage":{"@id":"https:\/\/canal7slp.tv\/2019\/pericos-de-puebla-se-queda-con-doble-cartelera-ante-bravos-de-leon\/#primaryimage"},"image":{"@id":"https:\/\/canal7slp.tv\/2019\/pericos-de-puebla-se-queda-con-doble-cartelera-ante-bravos-de-leon\/#primaryimage"},"thumbnailUrl":"https:\/\/canal7slp.tv\/2019\/wp-content\/uploads\/2019\/06\/1050-5.jpg","datePublished":"2019-06-09T15:39:03+00:00","breadcrumb":{"@id":"https:\/\/canal7slp.tv\/2019\/pericos-de-puebla-se-queda-con-doble-cartelera-ante-bravos-de-leon\/#breadcrumb"},"inLanguage":"es","potentialAction":[{"@type":"ReadAction","target":["https:\/\/canal7slp.tv\/2019\/pericos-de-puebla-se-queda-con-doble-cartelera-ante-bravos-de-leon\/"]}]},{"@type":"ImageObject","inLanguage":"es","@id":"https:\/\/canal7slp.tv\/2019\/pericos-de-puebla-se-queda-con-doble-cartelera-ante-bravos-de-leon\/#primaryimage","url":"https:\/\/canal7slp.tv\/2019\/wp-content\/uploads\/2019\/06\/1050-5.jpg","contentUrl":"https:\/\/canal7slp.tv\/2019\/wp-content\/uploads\/2019\/06\/1050-5.jpg","width":728,"height":410},{"@type":"BreadcrumbList","@id":"https:\/\/canal7slp.tv\/2019\/pericos-de-puebla-se-queda-con-doble-cartelera-ante-bravos-de-leon\/#breadcrumb","itemListElement":[{"@type":"ListItem","position":1,"name":"Home","item":"https:\/\/canal7slp.tv\/2019\/"},{"@type":"ListItem","position":2,"name":"Pericos de Puebla se queda con doble cartelera ante Bravos de Le\u00f3n"}]},{"@type":"WebSite","@id":"https:\/\/canal7slp.tv\/2019\/#website","url":"https:\/\/canal7slp.tv\/2019\/","name":"Canal 7 SLP - Somos TV","description":"Somos un Canal de 10","publisher":{"@id":"https:\/\/canal7slp.tv\/2019\/#organization"},"potentialAction":[{"@type":"SearchAction","target":{"@type":"EntryPoint","urlTemplate":"https:\/\/canal7slp.tv\/2019\/?s={search_term_string}"},"query-input":{"@type":"PropertyValueSpecification","valueRequired":true,"valueName":"search_term_string"}}],"inLanguage":"es"},{"@type":"Organization","@id":"https:\/\/canal7slp.tv\/2019\/#organization","name":"Comunicaci\u00f3n 2000 S.A. de C.V.","url":"https:\/\/canal7slp.tv\/2019\/","logo":{"@type":"ImageObject","inLanguage":"es","@id":"https:\/\/canal7slp.tv\/2019\/#\/schema\/logo\/image\/","url":"https:\/\/canal7slp.tv\/2019\/wp-content\/uploads\/2019\/07\/logo-c7.png","contentUrl":"https:\/\/canal7slp.tv\/2019\/wp-content\/uploads\/2019\/07\/logo-c7.png","width":220,"height":60,"caption":"Comunicaci\u00f3n 2000 S.A. de C.V."},"image":{"@id":"https:\/\/canal7slp.tv\/2019\/#\/schema\/logo\/image\/"},"sameAs":["https:\/\/www.facebook.com\/CANAL7SLP\/","https:\/\/x.com\/canal7_slp","https:\/\/www.instagram.com\/canal7_slp","https:\/\/www.youtube.com\/user\/NOTICIEROSCANAL7SLP\/"]},{"@type":"Person","@id":"https:\/\/canal7slp.tv\/2019\/#\/schema\/person\/11d941c1c6ca30ac0a46b95fa37aa2e3","name":"edicionweb","image":{"@type":"ImageObject","inLanguage":"es","@id":"https:\/\/secure.gravatar.com\/avatar\/eee448fc3f7164808013b816ba91ac7e43bbe82a70bebac296f8bc6f0addaa1a?s=96&d=mm&r=g","url":"https:\/\/secure.gravatar.com\/avatar\/eee448fc3f7164808013b816ba91ac7e43bbe82a70bebac296f8bc6f0addaa1a?s=96&d=mm&r=g","contentUrl":"https:\/\/secure.gravatar.com\/avatar\/eee448fc3f7164808013b816ba91ac7e43bbe82a70bebac296f8bc6f0addaa1a?s=96&d=mm&r=g","caption":"edicionweb"}}]}},"amp_enabled":true,"cmb2":{"video_ids_in_playlist":{"vid_p_videos":""},"video_ids_in_channel":{"vid_c_videos":""},"playlist_ids_in_channel":{"vid_c_playlists":""},"series_ids_in_channel":{"vid_c_series":""},"channel_images":{"vid_c_logo":"","vid_c_banner":""},"poster_feature_image":{"vid_m_poster_image":""},"gif_feature_image":{"vid_m_gif_image":""},"video_movie_settings":{"vid_m_director":"","vid_m_actor":"","vid_m_imdb_ratings":"","vid_m_amazon_associates":""},"vid_youtube_broadcasts_settings":{"vid_yb_broadcast_title":"","vid_yb_q":"","vid_yb_channelid":"","vid_yb_videocategoryid":"","vid_yb_maxresults":"","vid_yb_order":"","vid_yb_regioncode":"","vid_yb_videosyndicated":"","vid_yb_style":"","vid_yb_reload_first":""},"video_series_settings":{"vid_m_director":"","vid_m_actor":"","vid_m_imdb_ratings":"","video_series_group":""},"amazon_associates_settings":{"amazon_associates":"","amazon_native_ad":""},"vid_youtube_automatic_settings":{"vid_ya_youtube_source":"","vid_ya_update_every":"","vid_ya_update_unit":"","vid_ya_categories":"","vid_ya_published_after":"","vid_ya_published_before":"","vid_ya_playlists":"","vid_ya_channels":"","vid_ya_director":"","vid_ya_actor":"","vid_ya_author":"","vid_ya_import_post_date":"","vid_ya_status":"","vid_ya_sub_api_key":""},"vid_ads_m_videoads_settings_post":{"vid_ads_m_video_ads":"","vid_ads_m_video_ads_type":"","vid_ads_m_group_google_ima":"","vid_ads_m_group_image":"","vid_ads_m_group_html5_video":"","vid_ads_m_group_html":"","vid_ads_m_vast_preroll":"","vid_ads_m_vast_postroll":"","vid_ads_m_vast_pauseroll":"","vid_ads_m_vast_midroll":[{"vid_ads_m_vast_timer_seconds":"50"}],"vid_ads_m_time_to_show_ads":"","vid_ads_m_time_skip_ads":"","vid_ads_m_time_to_hide_ads":""},"page_slider_settings":{"display_slider_group":"","page_slider_group":""},"blog_page_settings":{"blog_page_title":"","blog_page_heading":"","blog_page_ic":"","blog_page_it":"","blog_page_ec":"","blog_page_ip":"","archive_loop_style":"","blog_image_ratio":"","blog_show_categories":"","blog_show_excerpt":"","blog_show_author":"","blog_show_date":"","blog_show_comment_count":"","blog_show_view_count":"","blog_show_like_count":"","blog_show_dislike_count":"","blog_items_per_page":"","blog_pag_type":""},"page_options":{"get_page_template":"","color_mode":"","main_layout":"","main_layout_full_with":"","main_logo":"","main_logo_retina":"","main_logo_mobile":"","main_logo_mobile_retina":"","sticky_logo":"","sticky_logo_retina":"","main_nav_layout":"","ajax_search":"","header_background":"","theme_sidebar":"","instagram_feed":"","instagram_feed_position":"","popular_videos":"","popular_videos_title_1":"","popular_videos_title_2":"","popular_videos_ic":"","popular_videos_it":"","theme_background":"","page_custom_css":""},"feature_image_settings":{"feature_image_position":""},"video_player_settings":{"single_video_style":"","video_player_position":"","vm_video_url":"","video_player_library":"","video_streaming":"","vm_media_sources":"","vid_auto_play":"","vm_video_shortcode":"","vid_p_sync_playlist":"","vid_c_sync_channel":"","get_post_format":"","multiple_links_structure":"default","multi_links_title":"","vm_video_multi_links":"","vm_duration":"","vid_social_locker":"off","vid_social_locker_id":"","vid_membership_action":"content-video","vm_video_trailer_url":"","vid_download_type":"free","vid_download_target":"download","vid_woo_product":"","vm_media_download":"","user_rating":"","user_rating_position":"","user_rating_mode":"","user_rating_multi_sets":""},"video_auto_fetch_settings":{"vm_video_fetch":"on"},"video_fake_views_likes":{"vm_fake_views":"","vm_fake_likes":"","vm_fake_dislikes":""},"gallery_settings":{"gallery_position":""},"quote_settings":{"quote_position":""},"post_options":{"main_layout":"","main_logo":"","main_logo_retina":"","main_logo_mobile":"","main_logo_mobile_retina":"","sticky_logo":"","sticky_logo_retina":"","main_nav_layout":"","header_background":"","theme_sidebar":"","single_post_comment_type":"","theme_background":""}},"_links":{"self":[{"href":"https:\/\/canal7slp.tv\/2019\/wp-json\/wp\/v2\/posts\/9707","targetHints":{"allow":["GET"]}}],"collection":[{"href":"https:\/\/canal7slp.tv\/2019\/wp-json\/wp\/v2\/posts"}],"about":[{"href":"https:\/\/canal7slp.tv\/2019\/wp-json\/wp\/v2\/types\/post"}],"author":[{"embeddable":true,"href":"https:\/\/canal7slp.tv\/2019\/wp-json\/wp\/v2\/users\/2"}],"replies":[{"embeddable":true,"href":"https:\/\/canal7slp.tv\/2019\/wp-json\/wp\/v2\/comments?post=9707"}],"version-history":[{"count":0,"href":"https:\/\/canal7slp.tv\/2019\/wp-json\/wp\/v2\/posts\/9707\/revisions"}],"wp:featuredmedia":[{"embeddable":true,"href":"https:\/\/canal7slp.tv\/2019\/wp-json\/wp\/v2\/media\/9708"}],"wp:attachment":[{"href":"https:\/\/canal7slp.tv\/2019\/wp-json\/wp\/v2\/media?parent=9707"}],"wp:term":[{"taxonomy":"category","embeddable":true,"href":"https:\/\/canal7slp.tv\/2019\/wp-json\/wp\/v2\/categories?post=9707"},{"taxonomy":"post_tag","embeddable":true,"href":"https:\/\/canal7slp.tv\/2019\/wp-json\/wp\/v2\/tags?post=9707"}],"curies":[{"name":"wp","href":"https:\/\/api.w.org\/{rel}","templated":true}]}}